{"id":11281,"date":"2015-12-11T12:21:06","date_gmt":"2015-12-11T11:21:06","guid":{"rendered":"http:\/\/www.robertosedda.it\/?p=11281"},"modified":"2015-12-17T18:45:45","modified_gmt":"2015-12-17T17:45:45","slug":"slittamenti-di-senso","status":"publish","type":"post","link":"http:\/\/www.robertosedda.it\/?p=11281","title":{"rendered":"Slittamenti di senso"},"content":{"rendered":"<p>Ieri ho avuto un breve scambio su\u00a0<em>Facebook\u00a0<\/em> con un amico.<\/p>\n<p>Lo riporto qui per due motivi. Uno \u00e8 che il\u00a0<em>blog<\/em> serve esattamente a questo: a riportare tutto a casa di quel che spargo sulla rete. La seconda \u00e8 che il breve dialogo svela alcuni, come dire?, <em>impoverimenti<\/em> del ragionamento politico che giungono spesso da provenienze inaspettate. Non commento il dialogo, ma sarei lieto di sentire pareri, per vedere se quella sensazione di <em>dissonanza<\/em> \u00e8 percepita anche da altri o sono io che mi sbaglio.<\/p>\n<p>I vari partecipanti alla discussione, a parte me, sono indicati con le iniziali, posto che il livello di\u00a0<em>privacy<\/em> garantito da\u00a0<em>Facebook<\/em> non mi \u00e8 chiarissimo. Ho tolto anche tutti i vari &#8220;mi piace&#8221;, &#8220;19 ore fa&#8221; e\u00a0altri dati inutili.<\/p>\n<blockquote>\n<h4 class=\"_6a _6b\"><span class=\"fwb\">D.<\/span>\u00a0ha condiviso il <a href=\"https:\/\/www.facebook.com\/ilpost\/posts\/1067197489979371\">post<\/a> di <a class=\"profileLink\" href=\"https:\/\/www.facebook.com\/ilpost\/\" data-ft=\"{&quot;tn&quot;:&quot;k&quot;}\" data-hovercard=\"\/ajax\/hovercard\/page.php?id=111587468873716\">il Post<\/a>.<\/h4>\n<p>I casi giudiziari si chiudono, a volte con i processi, a volte senza.<br \/>\nMa, nel frattempo, che danni hanno fatto le campagne di stampa, le catene su FB, le generalizzazioni, i luoghi comuni (&#8220;tutti ladri&#8221;) sulla fiducia generalizzata, sulla formazione delle nostre opinioni, sulle decisioni pubbliche?<br \/>\n<img decoding=\"async\" class=\"_s0 _5xib _44ma img alignleft\" src=\"https:\/\/scontent.xx.fbcdn.net\/hprofile-xlf1\/v\/t1.0-1\/p32x32\/10635758_865878223444633_3282484460986323002_n.png?oh=ed98158cb7c873004474455276a7e861&amp;oe=56E2875E\" alt=\"\" \/><\/p>\n<p><a href=\"https:\/\/www.facebook.com\/ilpost\/posts\/1067197489979371?fref=nf\">il Post<\/a><\/p>\n<h6 class=\"_5pcp\"><em>Le vecchie prime pagine sull&#8217;inchiesta &#8220;sistema Sesto&#8221;, da riguardare ora che Penati e gli altri sono stati assolti<\/em><\/h6>\n<figure style=\"width: 487px\" class=\"wp-caption alignnone\"><img decoding=\"async\" loading=\"lazy\" class=\"scaledImageFitWidth img\" src=\"https:\/\/external.xx.fbcdn.net\/safe_image.php?d=AQDHnfuSv7NvIG7Y&amp;w=487&amp;h=255&amp;url=http%3A%2F%2Fwww.ilpost.it%2Fwp-content%2Fuploads%2F2015%2F12%2FLibero10.png&amp;cfs=1&amp;upscale=1&amp;sx=0&amp;sy=147&amp;sw=470&amp;sh=246\" alt=\"\" width=\"487\" height=\"255\" \/><figcaption class=\"wp-caption-text\"><a href=\"http:\/\/bit.ly\/1U7oqCC\">Tutti assolti per il &#8220;sistema Sesto&#8221; &#8211; Il Post<\/a><\/figcaption><\/figure>\n<p><strong>G.:<\/strong> il problema \u00e8 che dell&#8217;assoluzione se ne parler\u00e0 per un giorno, in un articolo posto a pagina 16-17&#8230;. e giusto perch\u00e9 si tratta di un politico davvero importante&#8230; altrimenti neppure quello.<\/p>\n<p><strong>D.:<\/strong>\u00a0S\u00ec, G.. Ma intanto quanta gente ha smesso di votare un partito e ha iniziato a votarne altri perch\u00e8 &#8220;sono tutti ladri&#8221;? \u00c8\u00a0una gigantesca distorsione della democrazia.<\/p>\n<p><strong>D.:<\/strong>\u00a0Oppure: quanti non vanno pi\u00f9 a votare, per lo stesso motivo?<\/p>\n<p><strong>G.:\u00a0<\/strong>certo, il problema media-magistratura ha delle conseguenze pazzesche anche sulla qualit\u00e0 della democrazia&#8230; purtroppo non vedo rimedio nel breve termine&#8230; quando si \u00e8 provato a fare qualcosina il baccano \u00e8 stato tale da avviare la marcia indietro<\/p>\n<p><strong>Roberto Sedda:<\/strong> Leggo che il PM dichiara che la prescrizione ha &#8220;sfasciato l&#8217;indagine&#8221;, quindi forse le cose non sono cos\u00ec nette&#8230;<\/p>\n<p><strong>D.:<\/strong> Infatti Roberto, invece le prime pagine, i blog politici e i talk show da anni spacciano cose &#8220;non cos\u00ec nette&#8221; per &#8220;rubano tutti&#8221;. Il problema della corruzione \u00e8 mediaticamente sovradimensionato. E questo riduce nelle persone la capacit\u00e0 di discernere, facendogli credere che il casellario giudiziario sia l&#8217;unico criterio per scegliere un rappresentante. Mi piacerebbe fare un esperimento: sono sicuro che un politico potrebbe esercitare il proprio mandato in modo odioso, arrogante, moralmente riprovevole e inefficiente senza infrangere nemmeno una legge o un regolamento<\/p>\n<p><strong>Roberto Sedda:<\/strong> Si possono avere tante opinioni, ma il problema della corruzione non potr\u00e0 mai essere &#8220;mediaticamente sovradimensionato&#8221; perch\u00e9 \u00e8 IL problema dell&#8217;Italia (o uno dei primi tre). E con tutto il rispetto e da ex elettore democratico, pensare che il PD ancora possa godere del primato morale del vecchio PCI \u00e8 mistificazione: il che non vuol dire che non ci siano persone oneste nel PD, per carit\u00e0, ma pensare che sia &#8220;fuori&#8221; o &#8220;meglio&#8221; degli altri partiti \u00e8 davvero ingannevole.<\/p>\n<p><strong>D.:<\/strong> Infatti non lo penso. Non voto un partito per la presunta concentrazione di santi nelle liste. Preferisco guardare alla cultura istituzionale, alle modalit\u00e0 di selezione dei rappresentanti, alla capacit\u00e0 di interazione con il territorio, alla qualit\u00e0 delle regole di partecipazione. Semplicemente, l&#8217;onest\u00e0 non \u00e8 una categoria politica<\/p>\n<p><strong>Roberto Sedda:\u00a0<\/strong>Dillo a Palermo&#8230;<\/p><\/blockquote>\n<p>Qui intendevo dire: ci sono posti, come i territori ad alta concentrazione di criminalit\u00e0 organizzata, in cui l&#8217;onest\u00e0 \u00e8 senza dubbio una categoria politica &#8211; l&#8217;antimafia \u00e8 stata una categoria politica, e anche necessaria. Ma non mi volevo addentrare e c&#8217;era un altro esempio molto pi\u00f9 vicino.<\/p>\n<blockquote><p><strong>Roberto Sedda:\u00a0<\/strong>Ma banalmente, secondo te la legalit\u00e0 non \u00e8 stato un elemento chiave nell&#8217;orientare la vittoria di Zedda a Cagliari alle scorse elezioni?<\/p>\n<p><strong>D.:<\/strong> Boh, dici? Perch\u00e9 i concorrenti avevano grane giudiziarie? Non mi ricordo. Sicuramente ricordo che Zedda era meno &#8220;solita faccia&#8221; tra tante &#8220;solite facce&#8221;. Anzi non lo era proprio<\/p>\n<p><strong>Roberto Sedda:\u00a0<\/strong>Ma no, ma perch\u00e9 fra le due alternative una pareva certamente molto meno portata alla politica come prosecuzione dell&#8217;economia con altri mezzi. Ti farei sommessamente notare che la &#8220;cultura istituzionale&#8221; senza onest\u00e0 non saprei dire che sia, e che l&#8217;onest\u00e0 non implica la concentrazione di &#8220;santi&#8221; nelle liste, ma di persone teoricamente &#8220;normali&#8221;. Scusa se insisto, ma noto in tutto questo discorso pericolosi scivolamenti di significati&#8230;<\/p>\n<p><strong>D.:\u00a0<\/strong>Forse soffro di una visione antropologica pessimistica che mi impedisce di attribuire automaticamente all&#8217;essere persone &#8220;normali&#8221; un significato positivo. Tanto pi\u00f9 nel coprire cariche pubbliche<\/p><\/blockquote>\n<p>E qui ho capito che finivo a dover spiegare di non essere grillino e mi sono arreso.<\/p>\n","protected":false},"excerpt":{"rendered":"<p>Ieri ho avuto un breve scambio su\u00a0Facebook\u00a0 con un amico. Lo riporto qui per due motivi. Uno \u00e8 che il\u00a0blog<\/p>\n","protected":false},"author":1,"featured_media":11286,"comment_status":"open","ping_status":"open","sticky":false,"template":"","format":"standard","meta":{"_mi_skip_tracking":false,"_monsterinsights_sitenote_active":false,"_monsterinsights_sitenote_note":"","_monsterinsights_sitenote_category":0,"jetpack_post_was_ever_published":false,"_jetpack_newsletter_access":"","jetpack_publicize_message":"","jetpack_is_tweetstorm":false,"jetpack_publicize_feature_enabled":true,"jetpack_social_post_already_shared":true,"jetpack_social_options":{"image_generator_settings":{"template":"highway","enabled":false}}},"categories":[52,57,17,59,16],"tags":[],"jetpack_publicize_connections":[],"jetpack_featured_media_url":"https:\/\/i0.wp.com\/www.robertosedda.it\/wp-content\/uploads\/2015\/12\/fb_icon_325x325.png?fit=325%2C325","jetpack_sharing_enabled":true,"jetpack_shortlink":"https:\/\/wp.me\/p4jV2T-2VX","jetpack_likes_enabled":true,"jetpack-related-posts":[{"id":571,"url":"http:\/\/www.robertosedda.it\/?p=571","url_meta":{"origin":11281,"position":0},"title":"Una filippica","author":"Rufus","date":"22\/08\/2012","format":false,"excerpt":"Oggi come oggi probabilmente l\u2019espressione mediazione culturale non dice molto, ma per i soci di Azione Cattolica della mia generazione e di quelle immediatamente precedenti si trattava di uno dei concetti cardine della formazione e del modo di guardare alla propria testimonianza. Chiariamo subito che il termine non ha nulla\u2026","rel":"","context":"In &quot;Coordinate&quot;","block_context":{"text":"Coordinate","link":"http:\/\/www.robertosedda.it\/?cat=52"},"img":{"alt_text":"","src":"","width":0,"height":0},"classes":[]},{"id":15289,"url":"http:\/\/www.robertosedda.it\/?p=15289","url_meta":{"origin":11281,"position":1},"title":"Datevi al baseball. O alla politica","author":"Rufus","date":"29\/05\/2018","format":false,"excerpt":"Citazioni (non) intramontabili Una delle mie citazioni preferite di Brecht fa, pi\u00f9 o meno, Quali tempi son questi, quando un dialogo sugli alberi\u00a0\u00e8 quasi un delitto perch\u00e9 su troppe stragi comporta il silenzio! Nel caso specifico il dialogo sugli alberi era un genere di poesia bucolica, e il combattivo Bertolt\u2026","rel":"","context":"In &quot;Coordinate&quot;","block_context":{"text":"Coordinate","link":"http:\/\/www.robertosedda.it\/?cat=52"},"img":{"alt_text":"","src":"https:\/\/i0.wp.com\/www.robertosedda.it\/wp-content\/uploads\/2018\/05\/Sono-vietate-le-discussioni-politiche.jpg?fit=966%2C212&resize=350%2C200","width":350,"height":200,"srcset":"https:\/\/i0.wp.com\/www.robertosedda.it\/wp-content\/uploads\/2018\/05\/Sono-vietate-le-discussioni-politiche.jpg?fit=966%2C212&resize=350%2C200 1x, https:\/\/i0.wp.com\/www.robertosedda.it\/wp-content\/uploads\/2018\/05\/Sono-vietate-le-discussioni-politiche.jpg?fit=966%2C212&resize=700%2C400 2x"},"classes":[]},{"id":16188,"url":"http:\/\/www.robertosedda.it\/?p=16188","url_meta":{"origin":11281,"position":2},"title":"Di buona politica","author":"Rufus","date":"28\/01\/2019","format":false,"excerpt":"Mi \u00e8 arrivato il numero di gennaio di Mosaico di pace, tutto dedicato alla buona politica. Mi sembra molto interessante e ci sono un sacco di articoli davvero buoni che legger\u00f2 con interesse Poi, probabilmente meno buono, ce n'\u00e8 uno mio che parla di La Pira, che avevo preannunciato tempo\u2026","rel":"","context":"In &quot;Coordinate&quot;","block_context":{"text":"Coordinate","link":"http:\/\/www.robertosedda.it\/?cat=52"},"img":{"alt_text":"","src":"https:\/\/i0.wp.com\/www.robertosedda.it\/wp-content\/uploads\/2019\/01\/Mosaico-di-pace-politica.png?fit=560%2C281&resize=350%2C200","width":350,"height":200},"classes":[]},{"id":15472,"url":"http:\/\/www.robertosedda.it\/?p=15472","url_meta":{"origin":11281,"position":3},"title":"Gli articoli su La Pira del Portico","author":"Rufus","date":"16\/07\/2018","format":false,"excerpt":"Come ho raccontato l'altro giorno ho scritto un articolo per Il Portico, il settimanale diocesano, sull'impegno per la pace di Giorgio La Pira. Lo riporto qui sotto, segnalandovi che sul giornale trovate anche un\u00a0 articolo sul gruppo diocesano Giorgio La Pira, ne quale mi onoro di militare, e un editoriale\u2026","rel":"","context":"In &quot;Coordinate&quot;","block_context":{"text":"Coordinate","link":"http:\/\/www.robertosedda.it\/?cat=52"},"img":{"alt_text":"","src":"https:\/\/i0.wp.com\/www.robertosedda.it\/wp-content\/uploads\/2018\/07\/giorgio-la-pira-uomo-di-pace-dialogo.jpg?resize=350%2C200","width":350,"height":200,"srcset":"https:\/\/i0.wp.com\/www.robertosedda.it\/wp-content\/uploads\/2018\/07\/giorgio-la-pira-uomo-di-pace-dialogo.jpg?resize=350%2C200 1x, https:\/\/i0.wp.com\/www.robertosedda.it\/wp-content\/uploads\/2018\/07\/giorgio-la-pira-uomo-di-pace-dialogo.jpg?resize=700%2C400 2x"},"classes":[]},{"id":14108,"url":"http:\/\/www.robertosedda.it\/?p=14108","url_meta":{"origin":11281,"position":4},"title":"I fantasmi di Gramsci","author":"Rufus","date":"05\/09\/2017","format":"video","excerpt":"https:\/\/www.youtube.com\/watch?v=1950jqyfK6I Visto ieri\u00a0Nel mondo grande e terribile, piccolo e interessante film su Gramsci, che copre sostanzialmente il periodo della detenzione nel carcere di Turi di Bari. Non sono abbastanza esperto di Gramsci per giudicare della resa delle sue idee, che mi \u00e8 parsa a un tempo interessante e zoppicante: marginalmente\u2026","rel":"","context":"In &quot;Biografie&quot;","block_context":{"text":"Biografie","link":"http:\/\/www.robertosedda.it\/?cat=83"},"img":{"alt_text":"","src":"https:\/\/i0.wp.com\/www.robertosedda.it\/wp-content\/uploads\/2017\/09\/Gramsci.jpg?fit=1200%2C646&resize=350%2C200","width":350,"height":200,"srcset":"https:\/\/i0.wp.com\/www.robertosedda.it\/wp-content\/uploads\/2017\/09\/Gramsci.jpg?fit=1200%2C646&resize=350%2C200 1x, https:\/\/i0.wp.com\/www.robertosedda.it\/wp-content\/uploads\/2017\/09\/Gramsci.jpg?fit=1200%2C646&resize=700%2C400 2x, https:\/\/i0.wp.com\/www.robertosedda.it\/wp-content\/uploads\/2017\/09\/Gramsci.jpg?fit=1200%2C646&resize=1050%2C600 3x"},"classes":[]},{"id":16367,"url":"http:\/\/www.robertosedda.it\/?p=16367","url_meta":{"origin":11281,"position":5},"title":"Tempi e segnali","author":"Rufus","date":"19\/03\/2019","format":false,"excerpt":"Vedo che la strage di Christchurch ha fatto aguzzare le orecchie a chi fa parte, in un modo o nell'altro, dell'ambiente ludico, e non avrebbe potuto essere altrimenti. Tutte le stragi fanno impressione a chi abbia un minimo di umanit\u00e0, ma qui erano evidenti tutta una serie di simbolismi che\u2026","rel":"","context":"In &quot;Coordinate&quot;","block_context":{"text":"Coordinate","link":"http:\/\/www.robertosedda.it\/?cat=52"},"img":{"alt_text":"","src":"https:\/\/i0.wp.com\/www.robertosedda.it\/wp-content\/uploads\/2019\/03\/Mantellini.jpg?fit=1176%2C338&resize=350%2C200","width":350,"height":200,"srcset":"https:\/\/i0.wp.com\/www.robertosedda.it\/wp-content\/uploads\/2019\/03\/Mantellini.jpg?fit=1176%2C338&resize=350%2C200 1x, https:\/\/i0.wp.com\/www.robertosedda.it\/wp-content\/uploads\/2019\/03\/Mantellini.jpg?fit=1176%2C338&resize=700%2C400 2x, https:\/\/i0.wp.com\/www.robertosedda.it\/wp-content\/uploads\/2019\/03\/Mantellini.jpg?fit=1176%2C338&resize=1050%2C600 3x"},"classes":[]}],"_links":{"self":[{"href":"http:\/\/www.robertosedda.it\/index.php?rest_route=\/wp\/v2\/posts\/11281"}],"collection":[{"href":"http:\/\/www.robertosedda.it\/index.php?rest_route=\/wp\/v2\/posts"}],"about":[{"href":"http:\/\/www.robertosedda.it\/index.php?rest_route=\/wp\/v2\/types\/post"}],"author":[{"embeddable":true,"href":"http:\/\/www.robertosedda.it\/index.php?rest_route=\/wp\/v2\/users\/1"}],"replies":[{"embeddable":true,"href":"http:\/\/www.robertosedda.it\/index.php?rest_route=%2Fwp%2Fv2%2Fcomments&post=11281"}],"version-history":[{"count":7,"href":"http:\/\/www.robertosedda.it\/index.php?rest_route=\/wp\/v2\/posts\/11281\/revisions"}],"predecessor-version":[{"id":11293,"href":"http:\/\/www.robertosedda.it\/index.php?rest_route=\/wp\/v2\/posts\/11281\/revisions\/11293"}],"wp:featuredmedia":[{"embeddable":true,"href":"http:\/\/www.robertosedda.it\/index.php?rest_route=\/wp\/v2\/media\/11286"}],"wp:attachment":[{"href":"http:\/\/www.robertosedda.it\/index.php?rest_route=%2Fwp%2Fv2%2Fmedia&parent=11281"}],"wp:term":[{"taxonomy":"category","embeddable":true,"href":"http:\/\/www.robertosedda.it\/index.php?rest_route=%2Fwp%2Fv2%2Fcategories&post=11281"},{"taxonomy":"post_tag","embeddable":true,"href":"http:\/\/www.robertosedda.it\/index.php?rest_route=%2Fwp%2Fv2%2Ftags&post=11281"}],"curies":[{"name":"wp","href":"https:\/\/api.w.org\/{rel}","templated":true}]}}