{"id":11252,"date":"2015-12-04T15:50:31","date_gmt":"2015-12-04T14:50:31","guid":{"rendered":"http:\/\/www.robertosedda.it\/?p=11252"},"modified":"2015-12-14T19:02:00","modified_gmt":"2015-12-14T18:02:00","slug":"cambiamenti-climatici-e-clima-della-finanza","status":"publish","type":"post","link":"http:\/\/www.robertosedda.it\/?p=11252","title":{"rendered":"Cambiamenti climatici e clima della finanza"},"content":{"rendered":"<p>Ripropongo anche su questo\u00a0<em>blog<\/em> la posizione di Banca Etica sulla conferenza sul clima in svolgimento in questi giorni a Parigi.<\/p>\n<p>Lo sapete vero che Cagliari \u00e8 fra le citt\u00e0 che si pensa possano scomparire sotto l&#8217;acqua fra poche decine d&#8217;anni?<\/p>\n<p>Ma l&#8217;articolo mi sembra interessante perch\u00e9 lega, come dice nelle prime righe, clima e finanza. Contiene anche parecchi <em>link<\/em> che vi invito a esplorare.<\/p>\n<h2><a href=\"https:\/\/i0.wp.com\/www.robertosedda.it\/wp-content\/uploads\/2015\/12\/marcia_per_il_clima.jpg\"><img data-attachment-id=\"11255\" data-permalink=\"http:\/\/www.robertosedda.it\/?attachment_id=11255\" data-orig-file=\"https:\/\/i0.wp.com\/www.robertosedda.it\/wp-content\/uploads\/2015\/12\/marcia_per_il_clima.jpg?fit=540%2C189\" data-orig-size=\"540,189\" data-comments-opened=\"1\" data-image-meta=\"{&quot;aperture&quot;:&quot;0&quot;,&quot;credit&quot;:&quot;&quot;,&quot;camera&quot;:&quot;&quot;,&quot;caption&quot;:&quot;&quot;,&quot;created_timestamp&quot;:&quot;0&quot;,&quot;copyright&quot;:&quot;&quot;,&quot;focal_length&quot;:&quot;0&quot;,&quot;iso&quot;:&quot;0&quot;,&quot;shutter_speed&quot;:&quot;0&quot;,&quot;title&quot;:&quot;&quot;,&quot;orientation&quot;:&quot;0&quot;}\" data-image-title=\"marcia_per_il_clima\" data-image-description=\"\" data-image-caption=\"\" data-medium-file=\"https:\/\/i0.wp.com\/www.robertosedda.it\/wp-content\/uploads\/2015\/12\/marcia_per_il_clima.jpg?fit=300%2C105\" data-large-file=\"https:\/\/i0.wp.com\/www.robertosedda.it\/wp-content\/uploads\/2015\/12\/marcia_per_il_clima.jpg?fit=510%2C179\" decoding=\"async\" loading=\"lazy\" class=\"aligncenter size-full wp-image-11255\" src=\"https:\/\/i0.wp.com\/www.robertosedda.it\/wp-content\/uploads\/2015\/12\/marcia_per_il_clima.jpg?resize=540%2C189\" alt=\"marcia_per_il_clima\" width=\"540\" height=\"189\" srcset=\"https:\/\/i0.wp.com\/www.robertosedda.it\/wp-content\/uploads\/2015\/12\/marcia_per_il_clima.jpg?w=540 540w, https:\/\/i0.wp.com\/www.robertosedda.it\/wp-content\/uploads\/2015\/12\/marcia_per_il_clima.jpg?resize=150%2C53 150w, https:\/\/i0.wp.com\/www.robertosedda.it\/wp-content\/uploads\/2015\/12\/marcia_per_il_clima.jpg?resize=300%2C105 300w, https:\/\/i0.wp.com\/www.robertosedda.it\/wp-content\/uploads\/2015\/12\/marcia_per_il_clima.jpg?resize=510%2C179 510w\" sizes=\"(max-width: 540px) 100vw, 540px\" data-recalc-dims=\"1\" \/><\/a>La COP 21 e l&#8217;importanza di attivarsi per cambiare clima nella finanza. La posizione della Rete di Banca Etica<\/h2>\n<h3>di <em>Banca popolare Etica<\/em><\/h3>\n<p>La COP &#8211; La ventunesima <a href=\"http:\/\/www.cop21.gouv.fr\/en\" target=\"_blank\">Conferenza delle Parti o COP21<\/a> \u00e8 in corso di svolgimento a Parigi. L&#8217;obiettivo \u00e8 raggiungere un accordo internazionale e legalmente vincolante sul clima, per mantenere il riscaldamento globale sotto la soglia dei 2\u00b0C.<\/p>\n<p>Come Rete di Banca Etica (Banca Popolare Etica, Etica SGR, Fondazione Culturale Responsabilit\u00e0 Etica) abbiamo predisposto questa riflessione, che lega la finanza e i cambiamenti climatici, per offrire alle persone uno scenario chiaro delle conseguenze, spesso involontarie, delle nostre scelte finanziarie.<\/p>\n<h3>Gli impatti<\/h3>\n<p>Nelle questioni climatiche e ambientali, le responsabilit\u00e0 del sistema finanziario sono determinanti. Enormi finanziamenti sono destinati ai combustibili fossili, a settori quali quello estrattivo e minerario, all&#8217;agricoltura intensiva, alle grandi dighe e ad altri ancora con impatti estremamente negativi sull&#8217;ambiente. Grandi progetti infrastrutturali, nei quali il ruolo delle grandi banche e dei finanziatori \u00e8 essenziale.<\/p>\n<h3>La finanziarizzazione<\/h3>\n<p>Al di l\u00e0 dei finanziamenti a progetti con impatti negativi, \u00e8 probabilmente ancora pi\u00f9 dannoso e preoccupante l&#8217;approccio generale e il ruolo che ha oggi la finanza nella societ\u00e0. La cosiddetta finanziarizzazione dell&#8217;economia spinge alla continua ricerca del massimo profitto nel minore tempo possibile in ogni attivit\u00e0. Capitali giganteschi si spostano in millesimi di secondo, generando instabilit\u00e0 e continue crisi e piegando le regole e i tempi dell&#8217;economia a questa esasperata ricerca di profitto. Non c&#8217;\u00e8 spazio per considerazioni ambientali se l&#8217;unico obiettivo delle imprese diventa quello di massimizzare il valore delle proprie azioni nel brevissimo termine, non di uno sviluppo armonico e compatibile con l&#8217;insieme della societ\u00e0. Se l&#8217;unico obiettivo \u00e8 il profitto e i danni ambientali sono delle \u201cesternalit\u00e0\u201d.<\/p>\n<h3>Le soluzioni di mercato<\/h3>\n<p>La questione del peso della finanza si riscontra anche nelle soluzioni oggi proposte per contrastare i cambiamenti climatici, e che si fondano quasi esclusivamente su meccanismi di mercato quali la compravendita delle emissioni (Emission Trade). Se c&#8217;\u00e8 chi difende l&#8217;efficienza di un tale approccio, il rischio \u00e8 quello di passare dal principio secondo cui &#8220;chi inquina paga&#8221; a quello per cui &#8220;chi paga pu\u00f2 inquinare&#8221;, degradando le questioni ambientali a meri calcoli economici. Pi\u00f9 in generale, l&#8217;accusa \u00e8 di delegare \u2013 se non svendere \u2013 ai privati un bene pubblico globale come il clima, su cui \u00e8 necessario un impegno chiaro di governi e istituzioni.<\/p>\n<h3>Una finanza che non funziona<\/h3>\n<p>Al culmine del paradosso, una finanza che sempre pi\u00f9 spesso fissa le regole del gioco, che esaspera l&#8217;instabilit\u00e0 e crea continue crisi, che ha un continuo bisogno di capitali pubblici (dai piani di salvataggio in poi) per non collassare, non riesce nemmeno a fare ci\u00f2 che dovrebbe fare. Mentre somme enormi ruotano vorticosamente in attivit\u00e0 speculative, mentre Stati e banche centrali continuano a fornire liquidit\u00e0 al sistema finanziario, dall&#8217;altro investimenti che sarebbero tanto essenziali quanto urgenti non trovano i capitali necessari. Parlando di clima, pensiamo a un piano per la riconversione ecologica dell&#8217;economia, la mobilit\u00e0 sostenibile, la ristrutturazione edilizia, la ricerca e la formazione.<\/p>\n<h3>Tempi e obiettivi<\/h3>\n<p>Interventi che necessiterebbero risorse finanziarie e investimenti con un&#8217;ottica di lungo periodo, per i quali servirebbero \u201ccapitali pazienti\u201d. Chi potrebbe fornirli? Difficile pensare alla finanza pubblica, se austerit\u00e0 e tagli sono l&#8217;unica strada imposta. Altrettanto difficile pensare a una finanza privata che ragiona in millesimi di secondo e che ha mostrato di essere assolutamente incapace di operare nell&#8217;interesse generale. Occorre riportare i tempi della finanza a quelli della natura e della societ\u00e0. Occorre reindirizzare gli sterminati capitali oggi impiegati in attivit\u00e0 speculative o nocive verso progetti con ricadute positive sull&#8217;ambiente e il clima.<\/p>\n<h3>Cambiare le regole<\/h3>\n<p>Realizzare tale spostamento significa agire lungo diverse direttrici. La prima \u00e8 l&#8217;introduzione di regole e controlli per chiudere l&#8217;attuale casin\u00f2 e riportare la finanza privata a essere uno strumento al servizio della societ\u00e0, non un fine in s\u00e9 stesso che impone la propria visione. Le misure da adottare sono note da tempo, non \u00e8 una questione di difficolt\u00e0 tecnica, ma di volont\u00e0 politica: una tassa sulle transazioni finanziarie, la separazione tra banche commerciali e di investimento, limiti all&#8217;utilizzo dei derivati e altro ancora.<\/p>\n<h3>Con i nostri soldi<\/h3>\n<p>Accanto a interventi normativi \u201cdall&#8217;alto\u201d, \u00e8 per\u00f2 forse ancora pi\u00f9 importante agire \u201cdal basso\u201d, con una riflessione sull&#8217;uso che viene fatto del nostro denaro. Come viene impiegato, una volta depositato in banca o affidato a un intermediario? Orientando i nostri risparmi, da un lato possiamo sottrarli alle logiche speculative e a progetti nocivi, dall&#8217;altro affidarli invece a chi opera in piena trasparenza, valutando le ricadute non economiche dell&#8217;agire economico e finanziando progetti con ricadute positive sull&#8217;ambiente e la societ\u00e0. Decine di migliaia di persone che hanno scelto la finanza etica, mostrano concretamente che la finanza pu\u00f2 e deve essere una parte della soluzione e non, come avviene oggi, uno se non il principale problema.<\/p>\n<h2>La nostra visione<\/h2>\n<p>Come Rete di Banca Etica, siamo convinti che la finanza possa e debba giocare un ruolo di grande importanza. Il punto di partenza \u00e8 il riconoscere che la finanza deve essere uno strumento per facilitare il raggiungimento di obiettivi economici, sociali, ambientali. Non deve quindi dettare tempi, regole e modalit\u00e0 dell&#8217;economia, ma al contrario mettersi al servizio di tali obiettivi.<\/p>\n<h3>Trasparenza<\/h3>\n<p>Per questo nel nostro agire quotidiano prendiamo in considerazione le ricadute non economiche dell&#8217;agire economico, tramite un&#8217;analisi degli impatti ambientali di ogni finanziamento, per la Banca, e di ogni societ\u00e0 e Stato in cui si investe, per Etica Sgr. Analogamente, lavoriamo per un monitoraggio e una rendicontazione delle emissioni di CO2 legate alla nostra attivit\u00e0. La rendicontazione \u00e8 sia quella delle emissioni dirette, ovvero legate al funzionamento della struttura, sia soprattutto progressivamente di quelle indirette, cercando di valutare e ridurre le emissioni legate al proprio portafogli di realt\u00e0 finanziate e di investimento. Nei nostri bilanci pubblichiamo tutti questi dati con la massima trasparenza. Etica Sgr \u00e8 al momento l&#8217;unica societ\u00e0 di gestione del risparmio italiana ad avere sottoscritto il Montreal Carbon Pledge, promosso dal PRI dell&#8217;ONU e che impegna i firmatari a misurare e pubblicare l&#8217;impronta di carbonio dei propri investimenti, con l&#8217;obiettivo di utilizzare tali informazioni anche per porsi degli obiettivi di riduzione di questa impronta.<\/p>\n<h3>Formazione e informazione<\/h3>\n<p>Al di l\u00e0 delle attivit\u00e0 finanziarie, cerchiamo di promuovere iniziative di formazione e informazione. Tra le pi\u00f9 recenti, la partecipazione al <a href=\"http:\/\/www.bancaetica.it\/blog\/manifesto-terra-viva-nuova-democrazia-quella-della-terra\">Manifesto Terra Viva<\/a>, le <a href=\"http:\/\/www.fcre.it\/attivita\/informazione\/capire-la-finanza-schede\" target=\"_blank\">Schede capire la finanza della Fondazione Culturale<\/a> anche su temi ambientali (dal clima al cibo ad altre), gli articoli e gli speciali del mensile <a href=\"http:\/\/www.valori.it\" target=\"_blank\">Valori<\/a>, gli approfondimenti su <a href=\"http:\/\/www.nonconimieisoldi.org\">Non Con I Miei Soldi<\/a>. Lavoriamo in rete con realt\u00e0 della finanza etica e alternativa su scala europea e internazionale (GABV, Institute for Social Banking). Partecipiamo a campagne e iniziative della societ\u00e0 civile, tra le quali l&#8217;adesione alla <a href=\"http:\/\/www.coalizioneclima.it\" target=\"_blank\">Coalizione per il Clima<\/a>, o <a href=\"http:\/\/www.finance-watch.org\" target=\"_blank\">Finance Watch<\/a>. Promuoviamo l&#8217;<a href=\"https:\/\/www.eticasgr.it\/il-nostro-investimento-responsabile\/engagement-e-azionariato-attivo\/\" target=\"_blank\">azionariato attivo in Etica Sgr<\/a> e l&#8217;azionariato critico con la Fondazione Culturale, tramite i quali apriamo un dialogo e un confronto con alcune grandi imprese, cercando di spingere per una maggiore responsabilit\u00e0 anche in campo ambientale.<\/p>\n<h3>Attivarsi e partecipare<\/h3>\n<p>In questo percorso, tanto finanziario quanto culturale, \u00e8 determinante il riconoscere il ruolo che pu\u00f2 e deve giocare ogni singolo cittadino, informandosi sull&#8217;uso che viene fatto del proprio denaro, una volta depositato in banca o affidato a un intermediario finanziario. <strong>Domandiamo qual \u00e8 il \u201cclima\u201d che si respira nella nostra banca<\/strong>. Attiviamoci nelle campagne di pressione e di informazione. Partecipiamo direttamente, per fare sentire la nostra voce e per avviare dal basso una completa trasformazione della finanza. Anche parlando di ambiente e clima, una trasformazione che porti la finanza a essere parte della soluzione, e non del problema.<\/p>\n","protected":false},"excerpt":{"rendered":"<p>Ripropongo anche su questo\u00a0blog la posizione di Banca Etica sulla conferenza sul clima in svolgimento in questi giorni a Parigi.<\/p>\n","protected":false},"author":1,"featured_media":11255,"comment_status":"open","ping_status":"open","sticky":false,"template":"","format":"standard","meta":{"_mi_skip_tracking":false,"_monsterinsights_sitenote_active":false,"_monsterinsights_sitenote_note":"","_monsterinsights_sitenote_category":0,"jetpack_post_was_ever_published":false,"_jetpack_newsletter_access":"","jetpack_publicize_message":"","jetpack_is_tweetstorm":false,"jetpack_publicize_feature_enabled":true,"jetpack_social_post_already_shared":true,"jetpack_social_options":{"image_generator_settings":{"template":"highway","enabled":false}}},"categories":[72,52,55,17,16],"tags":[],"jetpack_publicize_connections":[],"jetpack_featured_media_url":"https:\/\/i0.wp.com\/www.robertosedda.it\/wp-content\/uploads\/2015\/12\/marcia_per_il_clima.jpg?fit=540%2C189","jetpack_sharing_enabled":true,"jetpack_shortlink":"https:\/\/wp.me\/p4jV2T-2Vu","jetpack_likes_enabled":true,"jetpack-related-posts":[{"id":4744,"url":"http:\/\/www.robertosedda.it\/?p=4744","url_meta":{"origin":11252,"position":0},"title":"Sabato la finanza etica era a Olbia","author":"Rufus","date":"21\/10\/2013","format":"video","excerpt":"Il 19 ottobre sono intervenuto con Carlo Usai al convegno La finanza etica ti toglie un peso. C'era anche Gaetano Lauta, responsabile dei soci di Banca Etica di Cagliari, e sia gli organizzatori che il pubblico erano largamente presenti persone legate al Movimento Cinque Stelle. \u00c8 stato un dibattito molto\u2026","rel":"","context":"In &quot;Banche e finanza&quot;","block_context":{"text":"Banche e finanza","link":"http:\/\/www.robertosedda.it\/?cat=72"},"img":{"alt_text":"","src":"https:\/\/i0.wp.com\/www.robertosedda.it\/wp-content\/uploads\/2013\/10\/Finanza-etica-Olbia-219x300.jpeg?resize=350%2C200","width":350,"height":200},"classes":[]},{"id":18376,"url":"http:\/\/www.robertosedda.it\/?p=18376","url_meta":{"origin":11252,"position":1},"title":"E fra poco va in onda la Filiale","author":"Rufus","date":"02\/12\/2020","format":false,"excerpt":"Alle 17,30 vado in onda a reti unificate (cio\u00e8: su Facebook e YouTube) per la festa on line di inugurazione della nuova Filiale di Banca Etica di Sassari, l'agognata filiale regionale della Sardegna. In realt\u00e0 la festa sarebbe pi\u00f9 una festa di compleanno, dato che la Filiale ha aperto praticamente\u2026","rel":"","context":"In &quot;Banche e finanza&quot;","block_context":{"text":"Banche e finanza","link":"http:\/\/www.robertosedda.it\/?cat=72"},"img":{"alt_text":"","src":"https:\/\/i0.wp.com\/www.robertosedda.it\/wp-content\/uploads\/2020\/12\/126126054_3693012367416326_3145716816525082391_o.jpg?fit=1200%2C801&resize=350%2C200","width":350,"height":200,"srcset":"https:\/\/i0.wp.com\/www.robertosedda.it\/wp-content\/uploads\/2020\/12\/126126054_3693012367416326_3145716816525082391_o.jpg?fit=1200%2C801&resize=350%2C200 1x, https:\/\/i0.wp.com\/www.robertosedda.it\/wp-content\/uploads\/2020\/12\/126126054_3693012367416326_3145716816525082391_o.jpg?fit=1200%2C801&resize=700%2C400 2x, https:\/\/i0.wp.com\/www.robertosedda.it\/wp-content\/uploads\/2020\/12\/126126054_3693012367416326_3145716816525082391_o.jpg?fit=1200%2C801&resize=1050%2C600 3x"},"classes":[]},{"id":14951,"url":"http:\/\/www.robertosedda.it\/?p=14951","url_meta":{"origin":11252,"position":2},"title":"Fatevi la vostra finanza etica: quel che ho detto alla Bottega &#8220;Oscar Romero&#8221;","author":"Rufus","date":"05\/04\/2018","format":false,"excerpt":"Il 19 marzo sono andato alla Bottega del commercio equo Oscar Romero di Cagliari a parlare di finanza etica. Era l'incontro conclusivo di un corso per futuri operatori della Bottega e in generale per volontari che volessero dotarsi di strumenti pi\u00f9 approfonditi, quindi non mi sembrava il caso di andare\u2026","rel":"","context":"In &quot;Banche e finanza&quot;","block_context":{"text":"Banche e finanza","link":"http:\/\/www.robertosedda.it\/?cat=72"},"img":{"alt_text":"","src":"https:\/\/i0.wp.com\/www.robertosedda.it\/wp-content\/uploads\/2018\/04\/Relaxione-finazna-etica-Oscar-Romero.jpg?fit=1200%2C828&resize=350%2C200","width":350,"height":200,"srcset":"https:\/\/i0.wp.com\/www.robertosedda.it\/wp-content\/uploads\/2018\/04\/Relaxione-finazna-etica-Oscar-Romero.jpg?fit=1200%2C828&resize=350%2C200 1x, https:\/\/i0.wp.com\/www.robertosedda.it\/wp-content\/uploads\/2018\/04\/Relaxione-finazna-etica-Oscar-Romero.jpg?fit=1200%2C828&resize=700%2C400 2x, https:\/\/i0.wp.com\/www.robertosedda.it\/wp-content\/uploads\/2018\/04\/Relaxione-finazna-etica-Oscar-Romero.jpg?fit=1200%2C828&resize=1050%2C600 3x"},"classes":[]},{"id":11956,"url":"http:\/\/www.robertosedda.it\/?p=11956","url_meta":{"origin":11252,"position":3},"title":"Appello a un voto che non \u00e8 per me","author":"Rufus","date":"17\/05\/2016","format":false,"excerpt":"L'altro giorno ha suscitato panico l'idea, da me abilmente suggerita, che volessi candidarmi al Consiglio comunale.\u00a0Adesso passo direttamente all'appello al voto; ma \u00e8 per delle elezioni importanti, nelle quali per\u00f2\u00a0non sono candidato io (per fortuna di tutti). Per\u00f2 l'appello vale lo stesso e la lista, coi meccanismi partecipativi propri della\u2026","rel":"","context":"In &quot;Coordinate&quot;","block_context":{"text":"Coordinate","link":"http:\/\/www.robertosedda.it\/?cat=52"},"img":{"alt_text":"","src":"https:\/\/i0.wp.com\/www.robertosedda.it\/wp-content\/uploads\/2016\/05\/Dentico.jpg?fit=400%2C400&resize=350%2C200","width":350,"height":200},"classes":[]},{"id":6782,"url":"http:\/\/www.robertosedda.it\/?p=6782","url_meta":{"origin":11252,"position":4},"title":"Un piccolo gioco sulla finanza etica","author":"Rufus","date":"19\/03\/2014","format":false,"excerpt":"Ieri, alla festa per i quindici anni di Banca Etica a Cagliari, abbiamo giocato. Inizialmente avevamo pensato solo di giocare (da qui il titolo, La finanza non \u00e8 un gioco), poi gradualmente abbiamo cambiato idea e organizzato cose diverse. A proposito: \u00e8 andata benissimo, anche se si \u00e8 grattata appena\u2026","rel":"","context":"In &quot;Banche e finanza&quot;","block_context":{"text":"Banche e finanza","link":"http:\/\/www.robertosedda.it\/?cat=72"},"img":{"alt_text":"","src":"https:\/\/i0.wp.com\/www.robertosedda.it\/wp-content\/uploads\/2014\/03\/Gioco-dei-barattoli.jpg?fit=540%2C960&resize=350%2C200","width":350,"height":200},"classes":[]},{"id":10205,"url":"http:\/\/www.robertosedda.it\/?p=10205","url_meta":{"origin":11252,"position":5},"title":"Articoli dimenticati","author":"Rufus","date":"08\/05\/2015","format":false,"excerpt":"Mi sono accorto oggi che non avevo riportato sul\u00a0blog l'articolo che ho pubblicato sul supplemento diocesano di\u00a0Avvenire\u00a0del 19 aprile 2015, dedicato a Banca Etica. Lo riposto qui: \u00e8 un articolo brevissimo e anche piuttosto anonimo (me lo dico da solo...), nel senso che occorreva prima di tutto presentare la Banca\u2026","rel":"","context":"In &quot;Banche e finanza&quot;","block_context":{"text":"Banche e finanza","link":"http:\/\/www.robertosedda.it\/?cat=72"},"img":{"alt_text":"","src":"https:\/\/i0.wp.com\/www.robertosedda.it\/wp-content\/uploads\/2015\/05\/Avvenire-Cagliari-testata.jpg?fit=648%2C218&resize=350%2C200","width":350,"height":200},"classes":[]}],"_links":{"self":[{"href":"http:\/\/www.robertosedda.it\/index.php?rest_route=\/wp\/v2\/posts\/11252"}],"collection":[{"href":"http:\/\/www.robertosedda.it\/index.php?rest_route=\/wp\/v2\/posts"}],"about":[{"href":"http:\/\/www.robertosedda.it\/index.php?rest_route=\/wp\/v2\/types\/post"}],"author":[{"embeddable":true,"href":"http:\/\/www.robertosedda.it\/index.php?rest_route=\/wp\/v2\/users\/1"}],"replies":[{"embeddable":true,"href":"http:\/\/www.robertosedda.it\/index.php?rest_route=%2Fwp%2Fv2%2Fcomments&post=11252"}],"version-history":[{"count":3,"href":"http:\/\/www.robertosedda.it\/index.php?rest_route=\/wp\/v2\/posts\/11252\/revisions"}],"predecessor-version":[{"id":11256,"href":"http:\/\/www.robertosedda.it\/index.php?rest_route=\/wp\/v2\/posts\/11252\/revisions\/11256"}],"wp:featuredmedia":[{"embeddable":true,"href":"http:\/\/www.robertosedda.it\/index.php?rest_route=\/wp\/v2\/media\/11255"}],"wp:attachment":[{"href":"http:\/\/www.robertosedda.it\/index.php?rest_route=%2Fwp%2Fv2%2Fmedia&parent=11252"}],"wp:term":[{"taxonomy":"category","embeddable":true,"href":"http:\/\/www.robertosedda.it\/index.php?rest_route=%2Fwp%2Fv2%2Fcategories&post=11252"},{"taxonomy":"post_tag","embeddable":true,"href":"http:\/\/www.robertosedda.it\/index.php?rest_route=%2Fwp%2Fv2%2Ftags&post=11252"}],"curies":[{"name":"wp","href":"https:\/\/api.w.org\/{rel}","templated":true}]}}