{"id":11242,"date":"2015-12-03T15:47:49","date_gmt":"2015-12-03T14:47:49","guid":{"rendered":"http:\/\/www.robertosedda.it\/?p=11242"},"modified":"2015-12-10T11:23:47","modified_gmt":"2015-12-10T10:23:47","slug":"cittadini-normali","status":"publish","type":"post","link":"http:\/\/www.robertosedda.it\/?p=11242","title":{"rendered":"Cittadini normali"},"content":{"rendered":"<p>Ieri di mattina abbastanza presto ero sul trenino che porta da Fiumicino a Termini. Mi ero alzato alle quattro e quindi mi\u00a0ero\u00a0appisolato: mi ha svegliato\u00a0l&#8217;arrivo\u00a0del controllore (una ragazza) che entrava nel vagone.<\/p>\n<p>Solo che poi non arrivava mai.<\/p>\n<p><a href=\"https:\/\/i0.wp.com\/www.robertosedda.it\/wp-content\/uploads\/2015\/12\/Leonardo-Express.gif\"><img data-attachment-id=\"11243\" data-permalink=\"http:\/\/www.robertosedda.it\/?attachment_id=11243\" data-orig-file=\"https:\/\/i0.wp.com\/www.robertosedda.it\/wp-content\/uploads\/2015\/12\/Leonardo-Express.gif?fit=640%2C427\" data-orig-size=\"640,427\" data-comments-opened=\"1\" data-image-meta=\"{&quot;aperture&quot;:&quot;0&quot;,&quot;credit&quot;:&quot;&quot;,&quot;camera&quot;:&quot;&quot;,&quot;caption&quot;:&quot;&quot;,&quot;created_timestamp&quot;:&quot;0&quot;,&quot;copyright&quot;:&quot;&quot;,&quot;focal_length&quot;:&quot;0&quot;,&quot;iso&quot;:&quot;0&quot;,&quot;shutter_speed&quot;:&quot;0&quot;,&quot;title&quot;:&quot;&quot;,&quot;orientation&quot;:&quot;0&quot;}\" data-image-title=\"Leonardo Express\" data-image-description=\"\" data-image-caption=\"\" data-medium-file=\"https:\/\/i0.wp.com\/www.robertosedda.it\/wp-content\/uploads\/2015\/12\/Leonardo-Express.gif?fit=300%2C200\" data-large-file=\"https:\/\/i0.wp.com\/www.robertosedda.it\/wp-content\/uploads\/2015\/12\/Leonardo-Express.gif?fit=510%2C340\" decoding=\"async\" loading=\"lazy\" class=\"aligncenter size-full wp-image-11243\" src=\"https:\/\/i0.wp.com\/www.robertosedda.it\/wp-content\/uploads\/2015\/12\/Leonardo-Express.gif?resize=640%2C427\" alt=\"Leonardo Express\" width=\"640\" height=\"427\" data-recalc-dims=\"1\" \/><\/a>Mi devo essere riappisolato di nuovo perch\u00e9 solo dopo un attimo ho realizzato\u00a0di avere il biglietto ancora inutilmente in mano: la ragazza si era fermata a discutere con due uomini, un paio di sedili pi\u00f9 avanti.<\/p>\n<p>\u00ab&#8230; e lei capisce che non posso fare favoritismi, mi devo comportare con tutti allo stesso modo\u00bb.<\/p>\n<p>Allora i due, uno giovane, vestito molto sportivo, jeans, scarpe da ginnastica,\u00a0<em>bomber<\/em>, l&#8217;altro pi\u00f9 anziano, corpulento, con l&#8217;abito e il cappotto, devono avere proposto di scendere alla prima fermata, perch\u00e9 lei ha replicato che, purtroppo, il treno faceva un&#8217;unica tratta\u00a0<em>no stop<\/em> fino alla stazione.<\/p>\n<p>I due hanno molto insistito, dicendo in breve\u00a0di essere poliziotti e di essere stati autorizzati dai colleghi ferrovieri\u00a0a terra a salire sul treno senza biglietto &#8211; in realt\u00e0 uno solo,\u00a0quello corpulento e ben vestito. Si sono anche spinti a lamentarsi della disorganizzazione di \u00abvoi ferrovieri\u00bb finch\u00e9 quella, pressata, ha accettato di chiamare il suo superiore.<\/p>\n<p>Io ero sveglio, a quel punto, col mio bravo biglietto in mano. \u00abSe non fosse una donna?\u00bb, mi chiedevo. \u00abSe capitasse a me, allo sportello?\u00bb.<\/p>\n<p>Il superiore in cinque secondi netti le ha detto di fare la sanzione. Poi deve averle chiesto qualcos&#8217;altro perch\u00e9 lei ha detto: \u00abNo, non sono della <em>PolFer<\/em>\u00bb.<\/p>\n<p>Allora lei gli ha ripetuto il suo\u00a0<em>mi dispiace<\/em>, <em>ma sono obbligata&#8230;<\/em> di prima e mentre il pi\u00f9 giovane attaccava di nuovo il proprio\u00a0<em>i suoi colleghi<\/em>&#8230; l&#8217;altro ha alzato un pollice, imperioso, indicando il retro dello scompartimento. Il pi\u00f9 giovane si \u00e8 alzato, deferente, e lui ha chiesto alla capotreno di poter parlare lui direttamente col suo superiore, dietro, con un&#8217;altra telefonata dalla pensilina centrale.<\/p>\n<p>Mentre mi passavano a fianco io gli ho detto: \u00ab<em>Mappperfavore<\/em>, a un cittadino normale tutto questo non viene concesso, insomma!\u00bb, col mio biglietto in mano e il mio sonno che attendeva.<\/p>\n<p>Che mi sono fatto paura, ascoltandomi, che mi sono sembrato mia madre, l&#8217;Inossidabile. Cinque secondi di grillismo, mi sono partiti.<\/p>\n<p>La \u00a0conversazione fra il poliziotto distinto e l&#8217;ufficio centrale non si \u00e8\u00a0sentita, ma l&#8217;esito era facile da capire, dopo, dal tono della ragazza finalmente aggressivo: \u00abE per\u00f2, se lei non me lo dice che \u00e8 della\u00a0<em>PolFer<\/em>, io che devo fare?! Io non lo so, scusi, me lo poteva pure dire: \u00e8 evidente che se non me lo dice io mi devo comportare in altro modo\u00bb.<\/p>\n<p>A occhio in tutta la vicenda non \u00e8 mai saltato fuori un tesserino.<\/p>\n<p>Il tizio si \u00e8 rimesso al posto, la\u00a0capotreno mi ha timbrato finalmente il biglietto. Due sedili pi\u00f9 avanti sentivo quello che brontolava col collega: \u00abUn cittadino normale&#8230; un cittadino normale&#8230;\u00bb.<\/p>\n<p>Mah, mi sono detto. Se sei l\u00e0 per cause di servizio puoi anche farti mettere la sanzione, e poi te la fai togliere quando lo dimostri con calma all&#8217;ufficio centrale. E che cause di servizio ci possono essere per viaggiare da Fiumicino a Termini e non esserti preorganizzato? E se sono cause di servizio come mai eri disposto a scendere a una fermata intermedia?<\/p>\n<p>\u00abUn cittadino normale&#8230; un cittadino normale&#8230;\u00bb, continuava.<\/p>\n<p>Potevo dirgli tutte &#8216;ste cose. Invece: \u00abCi manca solo che adesso mi rompano le palle\u00bb, ho pensato.<\/p>\n<p>Eravamo quasi a Roma. Mi sono alzato, sono andato nella carrozza di punta e sono sceso subito.<\/p>\n<p>Meglio non dare l&#8217;occasione.<\/p>\n<p>Dopotutto sono solo un cittadino normale.<\/p>\n","protected":false},"excerpt":{"rendered":"<p>Ieri di mattina abbastanza presto ero sul trenino che porta da Fiumicino a Termini. Mi ero alzato alle quattro e<\/p>\n","protected":false},"author":1,"featured_media":11243,"comment_status":"open","ping_status":"open","sticky":false,"template":"","format":"standard","meta":{"_mi_skip_tracking":false,"_monsterinsights_sitenote_active":false,"_monsterinsights_sitenote_note":"","_monsterinsights_sitenote_category":0,"jetpack_post_was_ever_published":false,"_jetpack_newsletter_access":"","jetpack_publicize_message":"","jetpack_is_tweetstorm":false,"jetpack_publicize_feature_enabled":true,"jetpack_social_post_already_shared":true,"jetpack_social_options":{"image_generator_settings":{"template":"highway","enabled":false}}},"categories":[52,56,82,18,16],"tags":[],"jetpack_publicize_connections":[],"jetpack_featured_media_url":"https:\/\/i0.wp.com\/www.robertosedda.it\/wp-content\/uploads\/2015\/12\/Leonardo-Express.gif?fit=640%2C427","jetpack_sharing_enabled":true,"jetpack_shortlink":"https:\/\/wp.me\/p4jV2T-2Vk","jetpack_likes_enabled":true,"jetpack-related-posts":[{"id":15533,"url":"http:\/\/www.robertosedda.it\/?p=15533","url_meta":{"origin":11242,"position":0},"title":"Carico di vita notturna","author":"Rufus","date":"31\/07\/2018","format":false,"excerpt":"L'altra sera io e Bonaria siamo andati a passeggiare e poi a mangiarci una pizza veloce. Tornando siamo passati da piazza Repubblica, per prenderci un autobus. Erano pi\u00f9 o meno le dieci e all'angolo della piazza con via Grazia Deledda c'era una ragazza con un trolley piccolissimo e un cellulare\u2026","rel":"","context":"In &quot;Coordinate&quot;","block_context":{"text":"Coordinate","link":"http:\/\/www.robertosedda.it\/?cat=52"},"img":{"alt_text":"","src":"https:\/\/i0.wp.com\/www.robertosedda.it\/wp-content\/uploads\/2018\/07\/NIght-bus.jpg?fit=640%2C394&resize=350%2C200","width":350,"height":200},"classes":[]},{"id":16637,"url":"http:\/\/www.robertosedda.it\/?p=16637","url_meta":{"origin":11242,"position":1},"title":"Di recente sul CTM","author":"Rufus","date":"30\/04\/2019","format":false,"excerpt":"Sordit\u00e0 L'altro giorno sull'autobus mi sono seduto sul primo posto che si trova appena saliti, dall'altro lato dell'autista, una specie di nicchia che considero confortevolissima e perfino dotata di una specie di piano laterale nel quale si pu\u00f2 poggiare la borsa. Quando sono salito l'autobus era mezzo vuoto ma subito\u2026","rel":"","context":"In &quot;Coordinate&quot;","block_context":{"text":"Coordinate","link":"http:\/\/www.robertosedda.it\/?cat=52"},"img":{"alt_text":"","src":"https:\/\/i0.wp.com\/www.robertosedda.it\/wp-content\/uploads\/2019\/04\/Bus-CTM.jpg?fit=1200%2C674&resize=350%2C200","width":350,"height":200,"srcset":"https:\/\/i0.wp.com\/www.robertosedda.it\/wp-content\/uploads\/2019\/04\/Bus-CTM.jpg?fit=1200%2C674&resize=350%2C200 1x, https:\/\/i0.wp.com\/www.robertosedda.it\/wp-content\/uploads\/2019\/04\/Bus-CTM.jpg?fit=1200%2C674&resize=700%2C400 2x, https:\/\/i0.wp.com\/www.robertosedda.it\/wp-content\/uploads\/2019\/04\/Bus-CTM.jpg?fit=1200%2C674&resize=1050%2C600 3x"},"classes":[]},{"id":971,"url":"http:\/\/www.robertosedda.it\/?p=971","url_meta":{"origin":11242,"position":2},"title":"Prendi il CTM, conoscerai il mondo","author":"Rufus","date":"05\/10\/2012","format":false,"excerpt":"Due o tre casi capitati questa estate, fra il 6 e le varie linee che portano al Poetto. Homo virgini lupus, soprattutto se lo zio Una\u00a0signora anziana arringa una ragazzina\u00a0che porta una\u00a0enorme borsa della spesa sul 6: devi fare cos\u00ec, devi fare cos\u00e0, e quando sei in giro m\u00ec di\u2026","rel":"","context":"In &quot;Coordinate&quot;","block_context":{"text":"Coordinate","link":"http:\/\/www.robertosedda.it\/?cat=52"},"img":{"alt_text":"","src":"","width":0,"height":0},"classes":[]},{"id":2294,"url":"http:\/\/www.robertosedda.it\/?p=2294","url_meta":{"origin":11242,"position":3},"title":"Io non voto (storia triste)","author":"Rufus","date":"21\/02\/2013","format":false,"excerpt":"L'altro giorno ero alla fermata dell'autobus. Seduti sulla panchina, due signori anziani discutevano. Cio\u00e8: uno parlava, l'altro ascoltava. In sardo, ma ve lo traduco (anche perch\u00e9 non sono sicuro dell'ortografia). \u00abIo non voto. Tutti ladroni, devo votare a loro? Ladroni. Mia moglie \u00e8 morta un anno fa\u00bb. Effettivamente non colgo\u2026","rel":"","context":"In &quot;Coordinate&quot;","block_context":{"text":"Coordinate","link":"http:\/\/www.robertosedda.it\/?cat=52"},"img":{"alt_text":"","src":"","width":0,"height":0},"classes":[]},{"id":1162,"url":"http:\/\/www.robertosedda.it\/?p=1162","url_meta":{"origin":11242,"position":4},"title":"Bastasci casteddai","author":"Rufus","date":"26\/10\/2012","format":false,"excerpt":"Avevo promesso che avrei smesso di raccogliere storie sull'autobus: ma sono loro che vengono da me... \u00abDeu seu sardu\u00bb Alla fermata dell'8 un vecchietto attacca bottone con un signore senegalese. Ha studiato il francese all'Universit\u00e0, \u00abJ'aime votre Pr\u00e9sident, Senghor\u00bb. Quello gli risponde in sardo; il vecchietto \u00e8 stupito. \u00abSeu innoi\u2026","rel":"","context":"In &quot;Coordinate&quot;","block_context":{"text":"Coordinate","link":"http:\/\/www.robertosedda.it\/?cat=52"},"img":{"alt_text":"","src":"","width":0,"height":0},"classes":[]},{"id":16820,"url":"http:\/\/www.robertosedda.it\/?p=16820","url_meta":{"origin":11242,"position":5},"title":"C&#8217;era gi\u00e0","author":"Rufus","date":"12\/06\/2019","format":false,"excerpt":"L'olivastro millenario di Sant'Antonio di Luras Mi sono dimenticato di raccontare che durante una recente gita familiare in Gallura (dalla parte interna, verso il lago Liscia) siamo andati a vedere il gruppo degli olivastri millenari di Sant'Antonio di Luras. Che a dirlo cos\u00ec mi sembrava una cosa abbastanza normale: degli\u2026","rel":"","context":"In &quot;Coordinate&quot;","block_context":{"text":"Coordinate","link":"http:\/\/www.robertosedda.it\/?cat=52"},"img":{"alt_text":"","src":"https:\/\/i0.wp.com\/www.robertosedda.it\/wp-content\/uploads\/2019\/06\/Olivastro.jpg?fit=1200%2C900&resize=350%2C200","width":350,"height":200,"srcset":"https:\/\/i0.wp.com\/www.robertosedda.it\/wp-content\/uploads\/2019\/06\/Olivastro.jpg?fit=1200%2C900&resize=350%2C200 1x, https:\/\/i0.wp.com\/www.robertosedda.it\/wp-content\/uploads\/2019\/06\/Olivastro.jpg?fit=1200%2C900&resize=700%2C400 2x, https:\/\/i0.wp.com\/www.robertosedda.it\/wp-content\/uploads\/2019\/06\/Olivastro.jpg?fit=1200%2C900&resize=1050%2C600 3x"},"classes":[]}],"_links":{"self":[{"href":"http:\/\/www.robertosedda.it\/index.php?rest_route=\/wp\/v2\/posts\/11242"}],"collection":[{"href":"http:\/\/www.robertosedda.it\/index.php?rest_route=\/wp\/v2\/posts"}],"about":[{"href":"http:\/\/www.robertosedda.it\/index.php?rest_route=\/wp\/v2\/types\/post"}],"author":[{"embeddable":true,"href":"http:\/\/www.robertosedda.it\/index.php?rest_route=\/wp\/v2\/users\/1"}],"replies":[{"embeddable":true,"href":"http:\/\/www.robertosedda.it\/index.php?rest_route=%2Fwp%2Fv2%2Fcomments&post=11242"}],"version-history":[{"count":6,"href":"http:\/\/www.robertosedda.it\/index.php?rest_route=\/wp\/v2\/posts\/11242\/revisions"}],"predecessor-version":[{"id":11251,"href":"http:\/\/www.robertosedda.it\/index.php?rest_route=\/wp\/v2\/posts\/11242\/revisions\/11251"}],"wp:featuredmedia":[{"embeddable":true,"href":"http:\/\/www.robertosedda.it\/index.php?rest_route=\/wp\/v2\/media\/11243"}],"wp:attachment":[{"href":"http:\/\/www.robertosedda.it\/index.php?rest_route=%2Fwp%2Fv2%2Fmedia&parent=11242"}],"wp:term":[{"taxonomy":"category","embeddable":true,"href":"http:\/\/www.robertosedda.it\/index.php?rest_route=%2Fwp%2Fv2%2Fcategories&post=11242"},{"taxonomy":"post_tag","embeddable":true,"href":"http:\/\/www.robertosedda.it\/index.php?rest_route=%2Fwp%2Fv2%2Ftags&post=11242"}],"curies":[{"name":"wp","href":"https:\/\/api.w.org\/{rel}","templated":true}]}}