{"id":11220,"date":"2015-11-25T14:24:28","date_gmt":"2015-11-25T13:24:28","guid":{"rendered":"http:\/\/www.robertosedda.it\/?p=11220"},"modified":"2021-12-02T13:42:23","modified_gmt":"2021-12-02T12:42:23","slug":"gemelli-terribili","status":"publish","type":"post","link":"http:\/\/www.robertosedda.it\/?p=11220","title":{"rendered":"Gemelli terribili"},"content":{"rendered":"<p><a href=\"https:\/\/i0.wp.com\/www.robertosedda.it\/wp-content\/uploads\/2015\/11\/Gemelli-Kray.jpg\"><img data-attachment-id=\"11221\" data-permalink=\"http:\/\/www.robertosedda.it\/?attachment_id=11221\" data-orig-file=\"https:\/\/i0.wp.com\/www.robertosedda.it\/wp-content\/uploads\/2015\/11\/Gemelli-Kray.jpg?fit=188%2C268\" data-orig-size=\"188,268\" data-comments-opened=\"1\" data-image-meta=\"{&quot;aperture&quot;:&quot;0&quot;,&quot;credit&quot;:&quot;&quot;,&quot;camera&quot;:&quot;&quot;,&quot;caption&quot;:&quot;&quot;,&quot;created_timestamp&quot;:&quot;0&quot;,&quot;copyright&quot;:&quot;&quot;,&quot;focal_length&quot;:&quot;0&quot;,&quot;iso&quot;:&quot;0&quot;,&quot;shutter_speed&quot;:&quot;0&quot;,&quot;title&quot;:&quot;&quot;,&quot;orientation&quot;:&quot;0&quot;}\" data-image-title=\"Gemelli Kray\" data-image-description=\"\" data-image-caption=\"\" data-medium-file=\"https:\/\/i0.wp.com\/www.robertosedda.it\/wp-content\/uploads\/2015\/11\/Gemelli-Kray.jpg?fit=188%2C268\" data-large-file=\"https:\/\/i0.wp.com\/www.robertosedda.it\/wp-content\/uploads\/2015\/11\/Gemelli-Kray.jpg?fit=188%2C268\" decoding=\"async\" loading=\"lazy\" class=\"alignleft size-full wp-image-11221\" src=\"https:\/\/i0.wp.com\/www.robertosedda.it\/wp-content\/uploads\/2015\/11\/Gemelli-Kray.jpg?resize=188%2C268\" alt=\"Gemelli Kray\" width=\"188\" height=\"268\" srcset=\"https:\/\/i0.wp.com\/www.robertosedda.it\/wp-content\/uploads\/2015\/11\/Gemelli-Kray.jpg?w=188 188w, https:\/\/i0.wp.com\/www.robertosedda.it\/wp-content\/uploads\/2015\/11\/Gemelli-Kray.jpg?resize=105%2C150 105w\" sizes=\"(max-width: 188px) 100vw, 188px\" data-recalc-dims=\"1\" \/><\/a>Ho finito da poco di leggere\u00a0<em>The profession of violence<\/em>, un libro di John Pearson sui gemelli Ronnie e Reggie\u00a0Kray, una coppia di criminali degli anni &#8217;50 e &#8217;60 notissima in Inghilterra e credo quasi ignota da noi, nonostante siano stati oggetto di una serie di trasposizioni cinematografiche.<\/p>\n<p>Il libro \u00e8 per molti aspetti sorprendente e, direi, una lettura obbligata per cultori della materia, giocatori di ruolo, fumettisti e altra gente del genere.<\/p>\n<p>In tre\u00a0parole: altro che romanzo.<\/p>\n<p>Lo sfondo \u00e8 quello dell&#8217;<em>East End<\/em> londinese, che gi\u00e0 \u00e8\u00a0pittoresco e leggendario di suo. Su questo sfondo c&#8217;\u00e8 la storia di una coppia di gemelli omozigoti, indistinguibili fra loro, che da adolescenti intraprendono la carriera di pugili, sotto le armi scelgono scientemente la vita criminale e imboccano la strada di un&#8217;avventura da fuorilegge\u00a0che li porter\u00e0 a un passo dalla costruzione di un vero e proprio impero finch\u00e9 la reazione della legge non li abbatter\u00e0 infine senza piet\u00e0. Non basta: uno dei due (Ronnie) \u00e8 psicotico e si crede una via di mezzo fra Al Capone e il Napoleone del crimine. Ma ha un carisma irresistibile. L&#8217;altro \u00e8 metodico, paziente, un grande organizzatore, ma \u00e8 succube: sognerebbe una vita normale ma la malattia del fratello \u00e8 un guinzaglio al quale non pu\u00f2 sfuggire. Costui a un certo punto si sposa con una ragazza bellissima<\/p>\n<p><a href=\"https:\/\/i0.wp.com\/www.robertosedda.it\/wp-content\/uploads\/2015\/11\/Kray-gemelli-e-Frances.jpg\"><img data-attachment-id=\"11222\" data-permalink=\"http:\/\/www.robertosedda.it\/?attachment_id=11222\" data-orig-file=\"https:\/\/i0.wp.com\/www.robertosedda.it\/wp-content\/uploads\/2015\/11\/Kray-gemelli-e-Frances.jpg?fit=634%2C630\" data-orig-size=\"634,630\" data-comments-opened=\"1\" data-image-meta=\"{&quot;aperture&quot;:&quot;0&quot;,&quot;credit&quot;:&quot;\\u00a9 Getty Images&quot;,&quot;camera&quot;:&quot;&quot;,&quot;caption&quot;:&quot;&quot;,&quot;created_timestamp&quot;:&quot;0&quot;,&quot;copyright&quot;:&quot;&quot;,&quot;focal_length&quot;:&quot;0&quot;,&quot;iso&quot;:&quot;0&quot;,&quot;shutter_speed&quot;:&quot;0&quot;,&quot;title&quot;:&quot;&quot;,&quot;orientation&quot;:&quot;0&quot;}\" data-image-title=\"Kray gemelli e Frances\" data-image-description=\"\" data-image-caption=\"\" data-medium-file=\"https:\/\/i0.wp.com\/www.robertosedda.it\/wp-content\/uploads\/2015\/11\/Kray-gemelli-e-Frances.jpg?fit=300%2C298\" data-large-file=\"https:\/\/i0.wp.com\/www.robertosedda.it\/wp-content\/uploads\/2015\/11\/Kray-gemelli-e-Frances.jpg?fit=510%2C507\" decoding=\"async\" loading=\"lazy\" class=\"aligncenter size-full wp-image-11222\" src=\"https:\/\/i0.wp.com\/www.robertosedda.it\/wp-content\/uploads\/2015\/11\/Kray-gemelli-e-Frances.jpg?resize=634%2C630\" alt=\"Kray gemelli e Frances\" width=\"634\" height=\"630\" srcset=\"https:\/\/i0.wp.com\/www.robertosedda.it\/wp-content\/uploads\/2015\/11\/Kray-gemelli-e-Frances.jpg?w=634 634w, https:\/\/i0.wp.com\/www.robertosedda.it\/wp-content\/uploads\/2015\/11\/Kray-gemelli-e-Frances.jpg?resize=150%2C150 150w, https:\/\/i0.wp.com\/www.robertosedda.it\/wp-content\/uploads\/2015\/11\/Kray-gemelli-e-Frances.jpg?resize=300%2C298 300w, https:\/\/i0.wp.com\/www.robertosedda.it\/wp-content\/uploads\/2015\/11\/Kray-gemelli-e-Frances.jpg?resize=510%2C507 510w, https:\/\/i0.wp.com\/www.robertosedda.it\/wp-content\/uploads\/2015\/11\/Kray-gemelli-e-Frances.jpg?resize=100%2C100 100w\" sizes=\"(max-width: 634px) 100vw, 634px\" data-recalc-dims=\"1\" \/><\/a>ma il matrimonio dura appena sei settimane, poi lei scappa coi nervi definitivamente scossi e in capo a due anni sar\u00e0 morta, suicida. E c&#8217;\u00e8 la\u00a0<em>swinging\u00a0<\/em><em>London<\/em>\u00a0dei locali notturni, ci sono i giri di ragazzini che Ronnie Kray condivide con alti prelati della Chiesa d&#8217;Inghilterra e un paio di membri della Camera dei Lord, c&#8217;\u00e8 uno dei pi\u00f9 grossi scandali mai occultato\u00a0nella storia inglese, cospirazioni politiche, la mafia, agenti segreti: tutto e molto di pi\u00f9. C&#8217;\u00e8 l&#8217;amico del cuore di Ronnie &#8211; un criminale ritardato &#8211; che viene fatto evadere salvo, dopo averlo liberato, rendersi conto che fuori galera \u00e8 molto meno simpatico e perfino incontrollabile: \u00e8 una storia che finir\u00e0 malissimo. Perfino le pennellate occasionali sono sorprendenti, come la storia del padre dei gemelli, un venditore ambulante disertore durante la guerra, che per molti anni sar\u00e0 una sorta di fantasma inafferrabile sia per la famiglia che per la polizia.<\/p>\n<p>E il <em>libro<\/em> in s\u00e9, nel senso della sua genesi e della scrittura, \u00e8 romanzesco: dal primo incontro fra Pearson e i Kray &#8211; degno di James Bond &#8211; fino alle pressioni per non farlo pubblicare, in quanto implicava pubblicamente una serie di uomini politici nella vicenda dei gemelli.<\/p>\n<p>Perci\u00f2: un libro sorprendente e pieno di storie indimenticabili. Tuttavia al lettore italiano rimane un curioso senso di incompletezza, accentuato maggiormente dall&#8217;enfasi con la quale Pearson racconta la sua storia pigiando con forza sul pedale del &#8220;per un pelo&#8221;. La sua teoria \u00e8 che solo la mancanza di prudenza legata alle psicosi di Ronnie abbia impedito ai Kray di fare il passaggio definitivo come uomini d&#8217;affari rispettabili che hanno legalizzato parte delle loro imprese criminali, un passaggio che li avrebbe resi inattaccabili e avrebbe anticipato di vent&#8217;anni la nascita del crimine organizzato nel Regno Unito.<\/p>\n<p>Pu\u00f2 essere, naturalmente. Il lettore italiano un po&#8217; rimane scettico. Nonostante l&#8217;enfasi di Pearson, non si pu\u00f2 evitare la sensazione che si tratti, pur sempre, di due criminali di mezza tacca. Si vede che fanno spesso soldi, anche\u00a0<em>molti<\/em> soldi, ma \u00e8 anche vero che le loro imprese durano poco, si sfaldano, devono spesso riconfigurarsi e comunque raramente escono dal recinto di alcuni ambienti e quartieri londinesi. I <em>night<\/em> che gestiscono gli portano un sacco di amicizie di personaggi noti, ma nel gran corpo della societ\u00e0 inglese continuano ad apparire piuttosto isolati.\u00a0Poteva darsi che facessero\u00a0il grande salto, certo, ma \u00e8 anche vero che <em>non<\/em> l&#8217;hanno fatto: possono esservi cento o mille motivi specifici ma il lettore pu\u00f2 legittimamente pensare che non l&#8217;abbiano fatto non per un meccanismo casuale e imponderabile che li ha fermati all&#8217;ultimo momento ma perch\u00e9, semplicemente, non c&#8217;erano gli spazi. Potevano non essere matti, essere pi\u00f9 istruiti, pi\u00f9 capaci e allora ce l&#8217;avrebbero fatta? Pu\u00f2 essere, ma la storia non si fa con i\u00a0<em>se<\/em>. Del resto, probabilmente se fossero stati pi\u00f9 istruiti, pi\u00f9 capaci e meno matti magari non avrebbero fatto i criminali, o no? Magari si buttavano in politica.<\/p>\n<p>E questo \u00e8 l&#8217;altro elemento che il lettore italiano coglie e forse Pearson no: la scarsissima permeabilit\u00e0 della societ\u00e0 inglese dell&#8217;epoca al crimine organizzato, che \u00e8 forse il vero motivo per il quale i Kray il loro salto di qualit\u00e0 definitivo non l&#8217;hanno fatto. Le loro importanti amicizie altolocate li portano a cena in circoli esclusivi o alla Camera dei Lord, o posano con loro in foto e frequentano insieme il letto di qualche ragazzino, ma nessuno o quasi nessuno fa\u00a0<em>affari<\/em> con loro, perlomeno non in modo sistematico: ci\u00f2 che Pearson non capisce cio\u00e8 \u00e8 che i Kray sono\u00a0crimine organizzato nel senso folkloristico con il quale si pu\u00f2 credere che Peppino\u00a0<em>&#8216;u Catanese<\/em> sia la mafia; ma noi sappiamo che la vera mafia non \u00e8 la manovalanza e neppure probabilmente i padrini, ma sono quegli ampi settori della societ\u00e0, cavalieri del lavoro, banchieri, politici, i quali hanno usato il monopolio della violenza garantito dal crimine organizzato per\u00a0<em>governare<\/em> il territorio. All&#8217;epoca questo tipo di governo\u00a0alternativo, in Inghilterra, semplicemente non \u00e8 venuto in mente a nessuno (e, per converso, il paragone\u00a0non spiega solo perch\u00e9 questo non sia avvenuto\u00a0<em>l\u00e0<\/em>, ma anche perch\u00e9 sia invece avvenuto da noi).<\/p>\n","protected":false},"excerpt":{"rendered":"<p>Ho finito da poco di leggere\u00a0The profession of violence, un libro di John Pearson sui gemelli Ronnie e Reggie\u00a0Kray, una<\/p>\n","protected":false},"author":1,"featured_media":11222,"comment_status":"open","ping_status":"open","sticky":false,"template":"","format":"standard","meta":{"_mi_skip_tracking":false,"_monsterinsights_sitenote_active":false,"_monsterinsights_sitenote_note":"","_monsterinsights_sitenote_category":0,"jetpack_post_was_ever_published":false,"_jetpack_newsletter_access":"","jetpack_publicize_message":"","jetpack_is_tweetstorm":false,"jetpack_publicize_feature_enabled":true,"jetpack_social_post_already_shared":true,"jetpack_social_options":{"image_generator_settings":{"template":"highway","enabled":false}}},"categories":[70,52,56,13,12],"tags":[140],"jetpack_publicize_connections":[],"jetpack_featured_media_url":"https:\/\/i0.wp.com\/www.robertosedda.it\/wp-content\/uploads\/2015\/11\/Kray-gemelli-e-Frances.jpg?fit=634%2C630","jetpack_sharing_enabled":true,"jetpack_shortlink":"https:\/\/wp.me\/p4jV2T-2UY","jetpack_likes_enabled":true,"jetpack-related-posts":[{"id":59,"url":"http:\/\/www.robertosedda.it\/?p=59","url_meta":{"origin":11220,"position":0},"title":"Twilight","author":"Rufus","date":"27\/07\/2012","format":false,"excerpt":"Filmone. Davvero... Contemporaneamente, irritante, preoccupante, mediocre. Eppure, eppure... La cosa che mi ha colpito di pi\u00f9 di Twilight \u00e8 come sia un prodotto perfetto per diventare un cult fra gli adolescenti. Azzardo: come Il Corvo. Ha tutti gli elementi: attori bellocci in grado di fissare uno stile. Tutte le tematiche\u2026","rel":"","context":"In &quot;Film&quot;","block_context":{"text":"Film","link":"http:\/\/www.robertosedda.it\/?cat=14"},"img":{"alt_text":"","src":"https:\/\/i0.wp.com\/www.robertosedda.it\/wp-content\/uploads\/2012\/07\/28.jpg?fit=809%2C1200&resize=350%2C200","width":350,"height":200,"srcset":"https:\/\/i0.wp.com\/www.robertosedda.it\/wp-content\/uploads\/2012\/07\/28.jpg?fit=809%2C1200&resize=350%2C200 1x, https:\/\/i0.wp.com\/www.robertosedda.it\/wp-content\/uploads\/2012\/07\/28.jpg?fit=809%2C1200&resize=700%2C400 2x"},"classes":[]},{"id":6477,"url":"http:\/\/www.robertosedda.it\/?p=6477","url_meta":{"origin":11220,"position":1},"title":"Frankie Machine alla radio","author":"Rufus","date":"16\/02\/2014","format":"video","excerpt":"Di Frankie Machine ho gi\u00e0 parlato qui sul blog, quindi non mi pare il caso di presentare nuovamente il libro. Nella preparazione della puntata in realt\u00e0 avevo deciso di dilungarmi un po', oltre che sul romanzo, su quel sottogenere del noir americano dedicato all'intreccio fra poteri dello Stato, poteri forti\u2026","rel":"","context":"In &quot;Coordinate&quot;","block_context":{"text":"Coordinate","link":"http:\/\/www.robertosedda.it\/?cat=52"},"img":{"alt_text":"","src":"https:\/\/i0.wp.com\/www.robertosedda.it\/wp-content\/uploads\/2014\/02\/l-inverno-di-frankie-machine-don-winslow.jpg?fit=500%2C644&resize=350%2C200","width":350,"height":200},"classes":[]},{"id":12347,"url":"http:\/\/www.robertosedda.it\/?p=12347","url_meta":{"origin":11220,"position":2},"title":"SEGNALAZIONI: Recuperi estivi","author":"Rufus","date":"23\/08\/2016","format":false,"excerpt":"Vedo che oggi e dopodomani la benemerita\u00a0arena estiva di Villa Muscas ripropone due film che mi sono piaciuti molto e di cui ho parlato: non perdeteli! 23 agosto ERA D\u2019ESTATE di Fiorella Infascelli. Con Massimo Popolizio, Beppe Fiorello, Valeria Solarino, Dramm. 100\u2019 - Italia 2015 Estate 1985. Giovanni Falcone e\u2026","rel":"","context":"In &quot;Coordinate&quot;","block_context":{"text":"Coordinate","link":"http:\/\/www.robertosedda.it\/?cat=52"},"img":{"alt_text":"","src":"","width":0,"height":0},"classes":[]},{"id":11538,"url":"http:\/\/www.robertosedda.it\/?p=11538","url_meta":{"origin":11220,"position":3},"title":"E intanto la polizia brancola nel buio","author":"Rufus","date":"09\/02\/2016","format":false,"excerpt":"L'altro giorno entro in un bar a prendere un caff\u00e8. Il barista \u00e8 giovane, atletico, anzi muscoloso. Subito dopo di me entra una coppia, salutano calorosamente il barista, evidentemente si conoscono bene. Sento\u00a0distrattamente qualche battuta sul fatto che la coppia questa estate ha gestito un locale. Insieme con un tizio\u2026","rel":"","context":"In &quot;Coordinate&quot;","block_context":{"text":"Coordinate","link":"http:\/\/www.robertosedda.it\/?cat=52"},"img":{"alt_text":"","src":"https:\/\/i0.wp.com\/www.robertosedda.it\/wp-content\/uploads\/2016\/02\/crimine.jpg?fit=594%2C395&resize=350%2C200","width":350,"height":200},"classes":[]},{"id":20079,"url":"http:\/\/www.robertosedda.it\/?p=20079","url_meta":{"origin":11220,"position":4},"title":"Morte all&#8217;ipotenusa!","author":"Rufus","date":"03\/05\/2023","format":false,"excerpt":"Contrariamente a quel che pu\u00f2 sembrare dal titolo, questo articolo non parla di geometria. Inoltre, questo articolo contiene un numero esorbitante di spoiler relativi a opere narrative di decenni fa: siete avvertiti . La donna bruna deve morire Uno dei modi tipici coi quali inizio a proporre le idee dei\u2026","rel":"","context":"In &quot;Cappe e spade&quot;","block_context":{"text":"Cappe e spade","link":"http:\/\/www.robertosedda.it\/?cat=70"},"img":{"alt_text":"","src":"https:\/\/i0.wp.com\/www.robertosedda.it\/wp-content\/uploads\/2023\/05\/Katy-Jurado.jpg?fit=927%2C1200&resize=350%2C200","width":350,"height":200,"srcset":"https:\/\/i0.wp.com\/www.robertosedda.it\/wp-content\/uploads\/2023\/05\/Katy-Jurado.jpg?fit=927%2C1200&resize=350%2C200 1x, https:\/\/i0.wp.com\/www.robertosedda.it\/wp-content\/uploads\/2023\/05\/Katy-Jurado.jpg?fit=927%2C1200&resize=700%2C400 2x"},"classes":[]},{"id":5450,"url":"http:\/\/www.robertosedda.it\/?p=5450","url_meta":{"origin":11220,"position":5},"title":"&#8220;Lettera dal fronte n\u00b0 3&#8221; e la Rosa Bianca","author":"Rufus","date":"16\/12\/2013","format":false,"excerpt":"Sto leggendo con molto interesse un libro sulla battaglia di Stalingrado: Stalingrad, di Antony Beevor (il libro \u00e8 originariamente del 1998 ma la mia edizione\u00a0della Penguin \u00e8 stata pubblicata nel 2010 con una nuova introduzione, dunque immagino che sia abbastanza aggiornato). Trovo che il libro sia molto interessante: si concentra\u2026","rel":"","context":"In &quot;Coordinate&quot;","block_context":{"text":"Coordinate","link":"http:\/\/www.robertosedda.it\/?cat=52"},"img":{"alt_text":"","src":"https:\/\/i0.wp.com\/www.robertosedda.it\/wp-content\/uploads\/2013\/12\/Beevor-Stalingrad.jpg?fit=775%2C1200&resize=350%2C200","width":350,"height":200,"srcset":"https:\/\/i0.wp.com\/www.robertosedda.it\/wp-content\/uploads\/2013\/12\/Beevor-Stalingrad.jpg?fit=775%2C1200&resize=350%2C200 1x, https:\/\/i0.wp.com\/www.robertosedda.it\/wp-content\/uploads\/2013\/12\/Beevor-Stalingrad.jpg?fit=775%2C1200&resize=700%2C400 2x"},"classes":[]}],"_links":{"self":[{"href":"http:\/\/www.robertosedda.it\/index.php?rest_route=\/wp\/v2\/posts\/11220"}],"collection":[{"href":"http:\/\/www.robertosedda.it\/index.php?rest_route=\/wp\/v2\/posts"}],"about":[{"href":"http:\/\/www.robertosedda.it\/index.php?rest_route=\/wp\/v2\/types\/post"}],"author":[{"embeddable":true,"href":"http:\/\/www.robertosedda.it\/index.php?rest_route=\/wp\/v2\/users\/1"}],"replies":[{"embeddable":true,"href":"http:\/\/www.robertosedda.it\/index.php?rest_route=%2Fwp%2Fv2%2Fcomments&post=11220"}],"version-history":[{"count":4,"href":"http:\/\/www.robertosedda.it\/index.php?rest_route=\/wp\/v2\/posts\/11220\/revisions"}],"predecessor-version":[{"id":11654,"href":"http:\/\/www.robertosedda.it\/index.php?rest_route=\/wp\/v2\/posts\/11220\/revisions\/11654"}],"wp:featuredmedia":[{"embeddable":true,"href":"http:\/\/www.robertosedda.it\/index.php?rest_route=\/wp\/v2\/media\/11222"}],"wp:attachment":[{"href":"http:\/\/www.robertosedda.it\/index.php?rest_route=%2Fwp%2Fv2%2Fmedia&parent=11220"}],"wp:term":[{"taxonomy":"category","embeddable":true,"href":"http:\/\/www.robertosedda.it\/index.php?rest_route=%2Fwp%2Fv2%2Fcategories&post=11220"},{"taxonomy":"post_tag","embeddable":true,"href":"http:\/\/www.robertosedda.it\/index.php?rest_route=%2Fwp%2Fv2%2Ftags&post=11220"}],"curies":[{"name":"wp","href":"https:\/\/api.w.org\/{rel}","templated":true}]}}