{"id":11217,"date":"2015-11-24T17:05:52","date_gmt":"2015-11-24T16:05:52","guid":{"rendered":"http:\/\/www.robertosedda.it\/?p=11217"},"modified":"2021-11-25T17:37:12","modified_gmt":"2021-11-25T16:37:12","slug":"dieci-anni-non-sono-pochi","status":"publish","type":"post","link":"http:\/\/www.robertosedda.it\/?p=11217","title":{"rendered":"Dieci anni non sono pochi"},"content":{"rendered":"<p>Domani, con un piccolo rinfresco, il gruppo &#8220;La Pira&#8221; celebra dieci anni di vita. Pu\u00f2 non sembrare molto a confronto di molte venerande associazioni parrocchiali, la cui esistenza supera agevolmente il secolo, ma chi questa vita l&#8217;ha vissuta non pu\u00f2 che girarsi indietro e restare sbigottito: \u00ab<em>Gi\u00e0<\/em> dieci anni?\u00bb.<\/p>\n<p><a href=\"https:\/\/i0.wp.com\/www.robertosedda.it\/wp-content\/uploads\/2015\/11\/Gruppo-La-Pira-Pasquetta-2014.jpg\"><img data-attachment-id=\"11218\" data-permalink=\"http:\/\/www.robertosedda.it\/?attachment_id=11218\" data-orig-file=\"https:\/\/i0.wp.com\/www.robertosedda.it\/wp-content\/uploads\/2015\/11\/Gruppo-La-Pira-Pasquetta-2014.jpg?fit=1024%2C414\" data-orig-size=\"1024,414\" data-comments-opened=\"1\" data-image-meta=\"{&quot;aperture&quot;:&quot;0&quot;,&quot;credit&quot;:&quot;&quot;,&quot;camera&quot;:&quot;&quot;,&quot;caption&quot;:&quot;&quot;,&quot;created_timestamp&quot;:&quot;0&quot;,&quot;copyright&quot;:&quot;&quot;,&quot;focal_length&quot;:&quot;0&quot;,&quot;iso&quot;:&quot;0&quot;,&quot;shutter_speed&quot;:&quot;0&quot;,&quot;title&quot;:&quot;&quot;,&quot;orientation&quot;:&quot;0&quot;}\" data-image-title=\"Gruppo La Pira Pasquetta 2014\" data-image-description=\"\" data-image-caption=\"\" data-medium-file=\"https:\/\/i0.wp.com\/www.robertosedda.it\/wp-content\/uploads\/2015\/11\/Gruppo-La-Pira-Pasquetta-2014.jpg?fit=300%2C121\" data-large-file=\"https:\/\/i0.wp.com\/www.robertosedda.it\/wp-content\/uploads\/2015\/11\/Gruppo-La-Pira-Pasquetta-2014.jpg?fit=510%2C206\" decoding=\"async\" loading=\"lazy\" class=\"aligncenter wp-image-11218 size-full\" src=\"https:\/\/i0.wp.com\/www.robertosedda.it\/wp-content\/uploads\/2015\/11\/Gruppo-La-Pira-Pasquetta-2014.jpg?resize=800%2C323\" alt=\"Gruppo La Pira Pasquetta 2014\" width=\"800\" height=\"323\" srcset=\"https:\/\/i0.wp.com\/www.robertosedda.it\/wp-content\/uploads\/2015\/11\/Gruppo-La-Pira-Pasquetta-2014.jpg?w=1024 1024w, https:\/\/i0.wp.com\/www.robertosedda.it\/wp-content\/uploads\/2015\/11\/Gruppo-La-Pira-Pasquetta-2014.jpg?resize=150%2C61 150w, https:\/\/i0.wp.com\/www.robertosedda.it\/wp-content\/uploads\/2015\/11\/Gruppo-La-Pira-Pasquetta-2014.jpg?resize=300%2C121 300w, https:\/\/i0.wp.com\/www.robertosedda.it\/wp-content\/uploads\/2015\/11\/Gruppo-La-Pira-Pasquetta-2014.jpg?resize=510%2C206 510w, https:\/\/i0.wp.com\/www.robertosedda.it\/wp-content\/uploads\/2015\/11\/Gruppo-La-Pira-Pasquetta-2014.jpg?resize=700%2C283 700w\" sizes=\"(max-width: 800px) 100vw, 800px\" data-recalc-dims=\"1\" \/><\/a>La nostra data di fondazione in realt\u00e0 \u00e8 il 18 novembre del 2005 (la riunione che ricordiamo come del <em>sicuri sicuri?<\/em>), quindi il decennale \u00e8 stato la settimana scorsa. E in realt\u00e0 l&#8217;approvazione ufficiale dell&#8217;atto fondativo del gruppo da parte dell&#8217;Azione Cattolica cagliaritana risale alla primavera del 2006, ma insomma: sono dieci anni.<\/p>\n<p>Se riguardo indietro al me stesso di quell&#8217;epoca provo la curiosa scoperta di essere cambiato, rispetto al senso di serena continuit\u00e0 che <a href=\"http:\/\/www.robertosedda.it\/?p=2410\">altre volte ho provato ripensando alla mia vita<\/a>.<\/p>\n<p>Scusate, mi \u00e8 venuta una frase da vecchio bacucco, ma ci capiamo.<\/p>\n<p>Di dieci anni fa ricordo la rabbiosa volont\u00e0 di continuare a credere in un&#8217;Azione Cattolica che invece era ormai\u00a0avviata inesorabilmente verso il declino. Rileggo l&#8217;atto normativo del gruppo &#8220;La Pira&#8221; e ritrovo quella volont\u00e0, la disponibilit\u00e0 a mettersi al servizio di gruppi parrocchiali in cerca di strumenti migliori. Quei gruppi non si sono mai materializzati, abbiamo fatto altre cose.<\/p>\n<p>Rileggo ancora l&#8217;atto normativo e vedo l&#8217;enfasi dedicata alla spiritualit\u00e0 laicale: \u00e8 un po&#8217; datata, credo, e oggi fra Papa Francesco, la famiglia e tante altre cose ci sarebbe un gran bisogno di nuovi parametri su cosa voglia dire essere &#8220;religiosi&#8221; in un contesto come quello di questi giorni. Io tornerei a pi\u00f9 indietro della nostra fondazione, a quando anni prima l&#8217;AC usava un brano biblico come riferimento per tutto l&#8217;anno e un anno leggemmo con Franco Puddu la prima lettera ai Corinti, i cristiani nella postmodernit\u00e0, un percorso di ricerca che abbandonammo troppo presto.<\/p>\n<p>Ci\u00f2 che non \u00e8 cambiata \u00e8 la straordinaria figura di La Pira, devo dire, la sua figura che non si fa imprigionare, la straordinaria capacit\u00e0 profetica: \u00e8 facile in una giornata come questa sentirsi in sintonia con la sua visione del\u00a0<em>crinale apocalittico della storia<\/em>, con il grido\u00a0<em>le citt\u00e0 vogliono vivere<\/em><em>!<\/em>, ma ci\u00f2 che \u00e8 straordinario ancora oggi \u00e8 il\u00a0<em>metodo<\/em> di La Pira. Abbiamo riletto da poco il discorso che La Pira tenne a Cagliari, al convegno dell&#8217;<em>IPALMO<\/em>, ripercorrendo l&#8217;esperienza del suo gruppo e dei colloqui fiorentini: non \u00e8 solo che le tematiche sono di una straordinaria attualit\u00e0, \u00e8 il modo di lavorare, la lucidit\u00e0 di lettura della situazione e l&#8217;infallibilit\u00e0 del giudizio politico. Aggiungendoci una spiritualit\u00e0 straordinaria La Pira rimane davvero un riferimento imprescindibile e insomma, possiamo essere fieri di averlo scelto come fonte ispiratrice.<\/p>\n<p>P.S. L&#8217;AC quest&#8217;anno ci ha chiesto di curare delle di lavoro schede per i gruppi parrocchiali su Alberto Marvelli, altra bella figura di laico cattolico del dopoguerra.\u00a0Vedi alle volte, poi i\u00a0gruppi parrocchiali alla fine si materializzano. Dopotutto, declino o non declino, l&#8217;AC c&#8217;\u00e8 ancora. E anche noi.<\/p>\n","protected":false},"excerpt":{"rendered":"<p>Domani, con un piccolo rinfresco, il gruppo &#8220;La Pira&#8221; celebra dieci anni di vita. Pu\u00f2 non sembrare molto a confronto<\/p>\n","protected":false},"author":1,"featured_media":11218,"comment_status":"open","ping_status":"open","sticky":false,"template":"","format":"standard","meta":{"_mi_skip_tracking":false,"_monsterinsights_sitenote_active":false,"_monsterinsights_sitenote_note":"","_monsterinsights_sitenote_category":0,"jetpack_post_was_ever_published":false,"_jetpack_newsletter_access":"","jetpack_publicize_message":"","jetpack_is_tweetstorm":false,"jetpack_publicize_feature_enabled":true,"jetpack_social_post_already_shared":true,"jetpack_social_options":{"image_generator_settings":{"template":"highway","enabled":false}}},"categories":[76,52,54,17,16],"tags":[],"jetpack_publicize_connections":[],"jetpack_featured_media_url":"https:\/\/i0.wp.com\/www.robertosedda.it\/wp-content\/uploads\/2015\/11\/Gruppo-La-Pira-Pasquetta-2014.jpg?fit=1024%2C414","jetpack_sharing_enabled":true,"jetpack_shortlink":"https:\/\/wp.me\/p4jV2T-2UV","jetpack_likes_enabled":true,"jetpack-related-posts":[{"id":13242,"url":"http:\/\/www.robertosedda.it\/?p=13242","url_meta":{"origin":11217,"position":0},"title":"Normalizzare","author":"Rufus","date":"14\/02\/2017","format":false,"excerpt":"Molti anni fa, all'epoca nella quale ero Segretario diocesano dell'Azione Cattolica (credo cio\u00e8 intorno al 1990) fui mandato a normalizzare il Movimento Maestri. Ecco, lo dico subito: ero giovane. E in questa storia non ci faccio una gran figura, come avrete capito gi\u00e0 dai termini.\u00a0Normalizzare.\u00a0Pfui. Dunque, la storia era questa.\u2026","rel":"","context":"In &quot;Azione Cattolica&quot;","block_context":{"text":"Azione Cattolica","link":"http:\/\/www.robertosedda.it\/?cat=76"},"img":{"alt_text":"","src":"https:\/\/i0.wp.com\/www.robertosedda.it\/wp-content\/uploads\/2017\/02\/AC-1969.jpg?resize=350%2C200","width":350,"height":200},"classes":[]},{"id":14891,"url":"http:\/\/www.robertosedda.it\/?p=14891","url_meta":{"origin":11217,"position":1},"title":"Dieci dischi fondamentali&#8230; pi\u00f9 uno","author":"Rufus","date":"28\/03\/2018","format":"video","excerpt":"Nei giorni scorsi ho partecipato a una delle classiche catene su Facebook: si trattava di elencare in dieci giorni dieci dischi fondamentali della propria vita. La cosa si sommava a qualche discussione familiare successiva alla visione di una successione di puntate de\u00a0I miei vinili. E insomma, mi sono lasciato convincere\u2026","rel":"","context":"In &quot;Coordinate&quot;","block_context":{"text":"Coordinate","link":"http:\/\/www.robertosedda.it\/?cat=52"},"img":{"alt_text":"","src":"https:\/\/i0.wp.com\/www.robertosedda.it\/wp-content\/uploads\/2018\/03\/3.jpg?fit=498%2C500&resize=350%2C200","width":350,"height":200},"classes":[]},{"id":14116,"url":"http:\/\/www.robertosedda.it\/?p=14116","url_meta":{"origin":11217,"position":2},"title":"Cinque anni da festeggiare","author":"Rufus","date":"06\/09\/2017","format":false,"excerpt":"Ieri Facebook mi ha proposto un ricordo di cinque anni fa, che io ho prontamente ripostato: \u00c8, insomma, l'esordio ufficiale del nuovo\u00a0blog, che dopo essere rimasto fermo diversi anni ripartiva. In realt\u00e0 il primo articolo assoluto \u00e8 del 27 luglio 2012, poi per\u00f2 ho usato agosto per riportare qui cose\u2026","rel":"","context":"In &quot;Coordinate&quot;","block_context":{"text":"Coordinate","link":"http:\/\/www.robertosedda.it\/?cat=52"},"img":{"alt_text":"","src":"https:\/\/i0.wp.com\/www.robertosedda.it\/wp-content\/uploads\/2017\/09\/Statistiche-5-anni.jpg?fit=1159%2C706&resize=350%2C200","width":350,"height":200,"srcset":"https:\/\/i0.wp.com\/www.robertosedda.it\/wp-content\/uploads\/2017\/09\/Statistiche-5-anni.jpg?fit=1159%2C706&resize=350%2C200 1x, https:\/\/i0.wp.com\/www.robertosedda.it\/wp-content\/uploads\/2017\/09\/Statistiche-5-anni.jpg?fit=1159%2C706&resize=700%2C400 2x, https:\/\/i0.wp.com\/www.robertosedda.it\/wp-content\/uploads\/2017\/09\/Statistiche-5-anni.jpg?fit=1159%2C706&resize=1050%2C600 3x"},"classes":[]},{"id":4484,"url":"http:\/\/www.robertosedda.it\/?p=4484","url_meta":{"origin":11217,"position":3},"title":"Nel deserto o con Aggeo? Sassolini nelle scarpe","author":"Rufus","date":"20\/09\/2013","format":false,"excerpt":"Ieri sotto la doccia improvvisamente ho pensato al deserto. Non a un deserto specifico -\u00a0del resto non ne ho mai visitato nessuno - ma al deserto come concetto. Biblico. Era il 2001 e nell'Azione Cattolica ero in disgrazia, tanto per cambiare. La forma specifica della disgrazia era del tipo \"maneggiare\u2026","rel":"","context":"In &quot;Azione Cattolica&quot;","block_context":{"text":"Azione Cattolica","link":"http:\/\/www.robertosedda.it\/?cat=76"},"img":{"alt_text":"","src":"","width":0,"height":0},"classes":[]},{"id":2593,"url":"http:\/\/www.robertosedda.it\/?p=2593","url_meta":{"origin":11217,"position":4},"title":"Ceffoni, comunicazione e Rosi Bindi","author":"Rufus","date":"18\/03\/2013","format":false,"excerpt":"Della povera Rosi Bindi Raccontando dell'Argentina mi sono espresso con una certa freddezza su Rosi Bindi. Ohim\u00e9, detto fatto. Spero che il mio articolo non mi associ alla proterva altezzosit\u00e0 di Gessica Rostellato, deputata 5 Stelle (nomen omen). Ma lascio la parola al soggetto in questione, cos\u00ec come si \u00e8\u2026","rel":"","context":"In &quot;Coordinate&quot;","block_context":{"text":"Coordinate","link":"http:\/\/www.robertosedda.it\/?cat=52"},"img":{"alt_text":"","src":"https:\/\/i0.wp.com\/www.robertosedda.it\/wp-content\/uploads\/2013\/03\/gessica-rostellato.jpg?fit=816%2C238&resize=350%2C200","width":350,"height":200,"srcset":"https:\/\/i0.wp.com\/www.robertosedda.it\/wp-content\/uploads\/2013\/03\/gessica-rostellato.jpg?fit=816%2C238&resize=350%2C200 1x, https:\/\/i0.wp.com\/www.robertosedda.it\/wp-content\/uploads\/2013\/03\/gessica-rostellato.jpg?fit=816%2C238&resize=700%2C400 2x"},"classes":[]},{"id":602,"url":"http:\/\/www.robertosedda.it\/?p=602","url_meta":{"origin":11217,"position":5},"title":"Determinanti","author":"Rufus","date":"22\/08\/2012","format":false,"excerpt":"Secondo quanto riporta l\u2019agenzia di stampa ASCA, il Presidente dell\u2019Azione Cattolica, Franco Miano, commentando i risultati del referendum ha dichiarato che i cattolici sono stati determinanti. Ho l\u2019impressione che la frase, per quanto riportata con pi\u00f9 o meno\u00a0evidenza su tutti gli organi di stampa, non fosse particolarmente centrale nel ragionamento\u2026","rel":"","context":"In &quot;Coordinate&quot;","block_context":{"text":"Coordinate","link":"http:\/\/www.robertosedda.it\/?cat=52"},"img":{"alt_text":"","src":"","width":0,"height":0},"classes":[]}],"_links":{"self":[{"href":"http:\/\/www.robertosedda.it\/index.php?rest_route=\/wp\/v2\/posts\/11217"}],"collection":[{"href":"http:\/\/www.robertosedda.it\/index.php?rest_route=\/wp\/v2\/posts"}],"about":[{"href":"http:\/\/www.robertosedda.it\/index.php?rest_route=\/wp\/v2\/types\/post"}],"author":[{"embeddable":true,"href":"http:\/\/www.robertosedda.it\/index.php?rest_route=\/wp\/v2\/users\/1"}],"replies":[{"embeddable":true,"href":"http:\/\/www.robertosedda.it\/index.php?rest_route=%2Fwp%2Fv2%2Fcomments&post=11217"}],"version-history":[{"count":1,"href":"http:\/\/www.robertosedda.it\/index.php?rest_route=\/wp\/v2\/posts\/11217\/revisions"}],"predecessor-version":[{"id":11219,"href":"http:\/\/www.robertosedda.it\/index.php?rest_route=\/wp\/v2\/posts\/11217\/revisions\/11219"}],"wp:featuredmedia":[{"embeddable":true,"href":"http:\/\/www.robertosedda.it\/index.php?rest_route=\/wp\/v2\/media\/11218"}],"wp:attachment":[{"href":"http:\/\/www.robertosedda.it\/index.php?rest_route=%2Fwp%2Fv2%2Fmedia&parent=11217"}],"wp:term":[{"taxonomy":"category","embeddable":true,"href":"http:\/\/www.robertosedda.it\/index.php?rest_route=%2Fwp%2Fv2%2Fcategories&post=11217"},{"taxonomy":"post_tag","embeddable":true,"href":"http:\/\/www.robertosedda.it\/index.php?rest_route=%2Fwp%2Fv2%2Ftags&post=11217"}],"curies":[{"name":"wp","href":"https:\/\/api.w.org\/{rel}","templated":true}]}}