{"id":11208,"date":"2015-11-23T09:09:19","date_gmt":"2015-11-23T08:09:19","guid":{"rendered":"http:\/\/www.robertosedda.it\/?p=11208"},"modified":"2015-11-23T09:09:19","modified_gmt":"2015-11-23T08:09:19","slug":"reblog-dalembert-e-gli-antivaccinisti","status":"publish","type":"post","link":"http:\/\/www.robertosedda.it\/?p=11208","title":{"rendered":"REBLOG: D&#8217;Alembert e gli antivaccinisti"},"content":{"rendered":"<p><a href=\"http:\/\/www.indiscreto.org\/le-virtu-dellignoranza-e-le-ragioni-degli-antivaccinisti\/\">\u00c8 da un po&#8217; che vorrei scrivere\u00a0qualcosa di controcorrente sui vaccini,\u00a0o pi\u00f9 esattamente\u00a0sulle posizioni pro e contro\u00a0la vaccinazione, ma non trovo il tempo. Questo\u00a0articolo di Erik Boni mi toglie parzialmente dall&#8217;imbarazzo, dicendo in modo intelligente cose forse in controtendenza (parla anche della variolizzazione, sulla quale devo scrivere un gioco di comitato, quindi \u00e8 un articolo\u00a0<em>perfetto<\/em>).<\/a><\/p>\n","protected":false},"excerpt":{"rendered":"<p>\u00c8 da un po&#8217; che vorrei scrivere\u00a0qualcosa di controcorrente sui vaccini,\u00a0o pi\u00f9 esattamente\u00a0sulle posizioni pro e contro\u00a0la vaccinazione, ma non<\/p>\n","protected":false},"author":1,"featured_media":0,"comment_status":"open","ping_status":"open","sticky":false,"template":"","format":"link","meta":{"_mi_skip_tracking":false,"_monsterinsights_sitenote_active":false,"_monsterinsights_sitenote_note":"","_monsterinsights_sitenote_category":0,"jetpack_post_was_ever_published":false,"_jetpack_newsletter_access":"","jetpack_publicize_message":"REBLOG: D'Alembert e gli antivaccinisti \"Inoltre non possono essere messe sullo stesso piano, dal punto di vista della morale e delle preferenze individuali, le conseguenze dirette di una mia azione con l\u2019esito di una fatalit\u00e0 non dipendente da me. D\u2019Alembert tematizza e nobilita cio\u00e8 un aspetto del quale tutti gli inoculatori erano al corrente, ovvero il terrore da parte dei genitori di uccidere o danneggiare la loro prole, di esserne considerati direttamente responsabili. Terrore che secondo d\u2019Alembert non pu\u00f2 essere semplicemente ignorato o liquidato come puro moto irrazionale dell\u2019animo ma anzi deve entrare a far parte del calcolo utilitaristico degli ingegneri sociali\"","jetpack_is_tweetstorm":false,"jetpack_publicize_feature_enabled":true,"jetpack_social_post_already_shared":true,"jetpack_social_options":{"image_generator_settings":{"template":"highway","enabled":false}}},"categories":[95],"tags":[],"jetpack_publicize_connections":[],"jetpack_featured_media_url":"","jetpack_sharing_enabled":true,"jetpack_shortlink":"https:\/\/wp.me\/p4jV2T-2UM","jetpack_likes_enabled":true,"jetpack-related-posts":[{"id":2202,"url":"http:\/\/www.robertosedda.it\/?p=2202","url_meta":{"origin":11208,"position":0},"title":"Come scrivere una mail alla Segreteria studenti (o della pigrizia)","author":"Rufus","date":"18\/02\/2013","format":false,"excerpt":"Era da un po' che volevo scrivere un articolo intitolato \"Come scrivere una\u00a0mail alla Segreteria studenti\". Il motivo \u00e8 evidente per tutti quelli che hanno mai gestito contatti col pubblico: dall'uso sorprendente e creativo degli\u00a0user name\u00a0(arrogurottu, farfallinasvolazzina, gokuseiunapippa), alla straordinaria capacit\u00e0 di presupporre che il destinatario sia dotato della prescienza\u2026","rel":"","context":"In &quot;Coordinate&quot;","block_context":{"text":"Coordinate","link":"http:\/\/www.robertosedda.it\/?cat=52"},"img":{"alt_text":"","src":"https:\/\/i0.wp.com\/www.robertosedda.it\/wp-content\/uploads\/2013\/02\/icona-mail.png?fit=256%2C256&resize=350%2C200","width":350,"height":200},"classes":[]},{"id":15553,"url":"http:\/\/www.robertosedda.it\/?p=15553","url_meta":{"origin":11208,"position":1},"title":"Grazie a voi","author":"Rufus","date":"02\/08\/2018","format":false,"excerpt":"Con il 31 luglio si \u00e8 chiuso il sesto anno di vita del blog, ed \u00e8 nuovamente tempo di ringraziamenti! A me sembra tutto straordinario: cio\u00e8,\u00a0La casa di Roberto \u00e8 minuscola rispetto al vasto mondo del\u00a0web, per\u00f2 comunque 34 000 utenti mi sembrano moltissimi, e anche escludendo quelli che sono\u2026","rel":"","context":"In &quot;Coordinate&quot;","block_context":{"text":"Coordinate","link":"http:\/\/www.robertosedda.it\/?cat=52"},"img":{"alt_text":"","src":"https:\/\/i0.wp.com\/www.robertosedda.it\/wp-content\/uploads\/2018\/08\/Statistiche-totali.jpg?fit=1200%2C494&resize=350%2C200","width":350,"height":200,"srcset":"https:\/\/i0.wp.com\/www.robertosedda.it\/wp-content\/uploads\/2018\/08\/Statistiche-totali.jpg?fit=1200%2C494&resize=350%2C200 1x, https:\/\/i0.wp.com\/www.robertosedda.it\/wp-content\/uploads\/2018\/08\/Statistiche-totali.jpg?fit=1200%2C494&resize=700%2C400 2x, https:\/\/i0.wp.com\/www.robertosedda.it\/wp-content\/uploads\/2018\/08\/Statistiche-totali.jpg?fit=1200%2C494&resize=1050%2C600 3x"},"classes":[]},{"id":15755,"url":"http:\/\/www.robertosedda.it\/?p=15755","url_meta":{"origin":11208,"position":2},"title":"Il contrario della pagina bianca","author":"Rufus","date":"18\/10\/2018","format":false,"excerpt":"Credo che tutti conoscano il blocco dello scrittore, il complesso della pagina bianca. Ultimamente soffro del contrario: ho il complesso della pagina nera. Scrivo paginate su paginate di testo (per me non \u00e8 mai stato un problema essere prolisso, come sapete), arrivo alle ultime cinque righe e mi chiedo: \u00abMa\u2026","rel":"","context":"In &quot;Coordinate&quot;","block_context":{"text":"Coordinate","link":"http:\/\/www.robertosedda.it\/?cat=52"},"img":{"alt_text":"","src":"https:\/\/i0.wp.com\/www.robertosedda.it\/wp-content\/uploads\/2018\/10\/Blocco-scrittore.png?fit=400%2C346&resize=350%2C200","width":350,"height":200},"classes":[]},{"id":13853,"url":"http:\/\/www.robertosedda.it\/?p=13853","url_meta":{"origin":11208,"position":3},"title":"Scollegamenti","author":"Rufus","date":"16\/06\/2017","format":false,"excerpt":"Di solito cerco di scrivere qualcosa sul blog tutti i giorni, escluso il week-end, ma in questi ultimi mesi mi capita di non mantenere affatto questo ritmo: per restare a questa settimana, luned\u00ec e marted\u00ec non ho scritto niente e nemmeno ieri. Ora, non \u00e8 che tenga il blog per\u2026","rel":"","context":"In &quot;Coordinate&quot;","block_context":{"text":"Coordinate","link":"http:\/\/www.robertosedda.it\/?cat=52"},"img":{"alt_text":"","src":"https:\/\/i0.wp.com\/www.robertosedda.it\/wp-content\/uploads\/2017\/06\/Schermata-del-2017-06-16-16-07-30.png?fit=1161%2C462&resize=350%2C200","width":350,"height":200,"srcset":"https:\/\/i0.wp.com\/www.robertosedda.it\/wp-content\/uploads\/2017\/06\/Schermata-del-2017-06-16-16-07-30.png?fit=1161%2C462&resize=350%2C200 1x, https:\/\/i0.wp.com\/www.robertosedda.it\/wp-content\/uploads\/2017\/06\/Schermata-del-2017-06-16-16-07-30.png?fit=1161%2C462&resize=700%2C400 2x, https:\/\/i0.wp.com\/www.robertosedda.it\/wp-content\/uploads\/2017\/06\/Schermata-del-2017-06-16-16-07-30.png?fit=1161%2C462&resize=1050%2C600 3x"},"classes":[]},{"id":10799,"url":"http:\/\/www.robertosedda.it\/?p=10799","url_meta":{"origin":11208,"position":4},"title":"Ringraziamenti annuali (i soliti, ma sinceri)","author":"Rufus","date":"09\/09\/2015","format":false,"excerpt":"Come sempre fine agosto \u00e8 tempo di bilanci annuali per quanto riguarda le statistiche di frequenza del blog. Col fatto che siamo rimasti fermi quasi una settimana sono un po\u2019 in ritardo, ma ieri sono andato finalmente a guardarmele. Raccontava il compianto padre Acquaro di un suo confratello mercedario, afflitto\u2026","rel":"","context":"In &quot;Il web&quot;","block_context":{"text":"Il web","link":"http:\/\/www.robertosedda.it\/?cat=64"},"img":{"alt_text":"","src":"https:\/\/i0.wp.com\/www.robertosedda.it\/wp-content\/uploads\/2015\/09\/Stats-2014_15.jpg?fit=1187%2C581&resize=350%2C200","width":350,"height":200,"srcset":"https:\/\/i0.wp.com\/www.robertosedda.it\/wp-content\/uploads\/2015\/09\/Stats-2014_15.jpg?fit=1187%2C581&resize=350%2C200 1x, https:\/\/i0.wp.com\/www.robertosedda.it\/wp-content\/uploads\/2015\/09\/Stats-2014_15.jpg?fit=1187%2C581&resize=700%2C400 2x, https:\/\/i0.wp.com\/www.robertosedda.it\/wp-content\/uploads\/2015\/09\/Stats-2014_15.jpg?fit=1187%2C581&resize=1050%2C600 3x"},"classes":[]},{"id":11178,"url":"http:\/\/www.robertosedda.it\/?p=11178","url_meta":{"origin":11208,"position":5},"title":"Ma come mai&#8230;","author":"Rufus","date":"16\/11\/2015","format":false,"excerpt":"Mi dice l'altra sera a cena mia sorella: \u00abMa come mai sul\u00a0blog di queste esercitazioni NATO e di tutto il resto non hai parlato? Eppure sono argomenti che ti interessano...\u00bb e un po' il tono suggeriva, anche, che magari sono pure\u00a0un pochino pi\u00f9 importanti di\u00a0altre cose alle quali invece ho\u2026","rel":"","context":"In &quot;Coordinate&quot;","block_context":{"text":"Coordinate","link":"http:\/\/www.robertosedda.it\/?cat=52"},"img":{"alt_text":"","src":"https:\/\/i0.wp.com\/www.robertosedda.it\/wp-content\/uploads\/2014\/02\/Roberto-Sedda.jpg?fit=477%2C720&resize=350%2C200","width":350,"height":200},"classes":[]}],"_links":{"self":[{"href":"http:\/\/www.robertosedda.it\/index.php?rest_route=\/wp\/v2\/posts\/11208"}],"collection":[{"href":"http:\/\/www.robertosedda.it\/index.php?rest_route=\/wp\/v2\/posts"}],"about":[{"href":"http:\/\/www.robertosedda.it\/index.php?rest_route=\/wp\/v2\/types\/post"}],"author":[{"embeddable":true,"href":"http:\/\/www.robertosedda.it\/index.php?rest_route=\/wp\/v2\/users\/1"}],"replies":[{"embeddable":true,"href":"http:\/\/www.robertosedda.it\/index.php?rest_route=%2Fwp%2Fv2%2Fcomments&post=11208"}],"version-history":[{"count":3,"href":"http:\/\/www.robertosedda.it\/index.php?rest_route=\/wp\/v2\/posts\/11208\/revisions"}],"predecessor-version":[{"id":11215,"href":"http:\/\/www.robertosedda.it\/index.php?rest_route=\/wp\/v2\/posts\/11208\/revisions\/11215"}],"wp:attachment":[{"href":"http:\/\/www.robertosedda.it\/index.php?rest_route=%2Fwp%2Fv2%2Fmedia&parent=11208"}],"wp:term":[{"taxonomy":"category","embeddable":true,"href":"http:\/\/www.robertosedda.it\/index.php?rest_route=%2Fwp%2Fv2%2Fcategories&post=11208"},{"taxonomy":"post_tag","embeddable":true,"href":"http:\/\/www.robertosedda.it\/index.php?rest_route=%2Fwp%2Fv2%2Ftags&post=11208"}],"curies":[{"name":"wp","href":"https:\/\/api.w.org\/{rel}","templated":true}]}}