{"id":11184,"date":"2015-11-19T11:54:26","date_gmt":"2015-11-19T10:54:26","guid":{"rendered":"http:\/\/www.robertosedda.it\/?p=11184"},"modified":"2016-11-21T21:33:15","modified_gmt":"2016-11-21T20:33:15","slug":"fuenteovejuna","status":"publish","type":"post","link":"http:\/\/www.robertosedda.it\/?p=11184","title":{"rendered":"Fuenteovejuna"},"content":{"rendered":"<p>La prima volta che ho sentito parlare di <em>Fuenteovejuna<\/em> \u00e8 stato intorno ai tredici\u00a0anni, quando ho letto la\u00a0<em>Garzantina<\/em> sul teatro che stava a casa dei miei nonni e di Enrica. L&#8217;idea dei paesani che sotto tortura indicano tutti come colpevole il nome generico\u00a0<em>Fuenteovejuna<\/em> colp\u00ec molto la mia fantasia di adolescente romantico.\u00a0Poi ho avuto la fortuna di vedere\u00a0<em>Fuenteovejuna<\/em>\u00a0(con Elisabetta Arca, credo) in un bell&#8217;adattamento di una compagnia spagnola (in lingua originale, oltretutto)\u00a0al teatro romano di Nora: mi fece una grandissima impressione e da allora sono tornato pi\u00f9 volte sul testo.<\/p>\n<p><a href=\"https:\/\/i0.wp.com\/www.robertosedda.it\/wp-content\/uploads\/2015\/11\/Fuenteovejuna-2.jpg\"><img data-attachment-id=\"11189\" data-permalink=\"http:\/\/www.robertosedda.it\/?attachment_id=11189\" data-orig-file=\"https:\/\/i0.wp.com\/www.robertosedda.it\/wp-content\/uploads\/2015\/11\/Fuenteovejuna-2.jpg?fit=1280%2C720\" data-orig-size=\"1280,720\" data-comments-opened=\"1\" data-image-meta=\"{&quot;aperture&quot;:&quot;0&quot;,&quot;credit&quot;:&quot;&quot;,&quot;camera&quot;:&quot;&quot;,&quot;caption&quot;:&quot;&quot;,&quot;created_timestamp&quot;:&quot;0&quot;,&quot;copyright&quot;:&quot;&quot;,&quot;focal_length&quot;:&quot;0&quot;,&quot;iso&quot;:&quot;0&quot;,&quot;shutter_speed&quot;:&quot;0&quot;,&quot;title&quot;:&quot;&quot;,&quot;orientation&quot;:&quot;0&quot;}\" data-image-title=\"Fuenteovejuna 2\" data-image-description=\"\" data-image-caption=\"\" data-medium-file=\"https:\/\/i0.wp.com\/www.robertosedda.it\/wp-content\/uploads\/2015\/11\/Fuenteovejuna-2.jpg?fit=300%2C169\" data-large-file=\"https:\/\/i0.wp.com\/www.robertosedda.it\/wp-content\/uploads\/2015\/11\/Fuenteovejuna-2.jpg?fit=510%2C287\" decoding=\"async\" loading=\"lazy\" class=\"aligncenter size-full wp-image-11189\" src=\"https:\/\/i0.wp.com\/www.robertosedda.it\/wp-content\/uploads\/2015\/11\/Fuenteovejuna-2.jpg?resize=800%2C450\" alt=\"Fuenteovejuna 2\" width=\"800\" height=\"450\" srcset=\"https:\/\/i0.wp.com\/www.robertosedda.it\/wp-content\/uploads\/2015\/11\/Fuenteovejuna-2.jpg?w=1280 1280w, https:\/\/i0.wp.com\/www.robertosedda.it\/wp-content\/uploads\/2015\/11\/Fuenteovejuna-2.jpg?resize=150%2C84 150w, https:\/\/i0.wp.com\/www.robertosedda.it\/wp-content\/uploads\/2015\/11\/Fuenteovejuna-2.jpg?resize=300%2C169 300w, https:\/\/i0.wp.com\/www.robertosedda.it\/wp-content\/uploads\/2015\/11\/Fuenteovejuna-2.jpg?resize=510%2C287 510w, https:\/\/i0.wp.com\/www.robertosedda.it\/wp-content\/uploads\/2015\/11\/Fuenteovejuna-2.jpg?resize=700%2C394 700w\" sizes=\"(max-width: 800px) 100vw, 800px\" data-recalc-dims=\"1\" \/><\/a>Di tutta questa passione non credo di essere riuscito a trasfondere pi\u00f9 di tanto durante la puntata (e non ho accennato per nulla alla interessantissima vita\u00a0<em>personale<\/em> di Lope), anche se credo che la trasmissione sia riuscita decentemente &#8211; tocca comunque a voi dirlo.<\/p>\n<!--[if lt IE 9]><script>document.createElement('audio');<\/script><![endif]-->\n<audio class=\"wp-audio-shortcode\" id=\"audio-11184-1\" preload=\"none\" style=\"width: 100%;\" controls=\"controls\"><source type=\"audio\/mpeg\" src=\"http:\/\/www.radiokalaritana.it\/audio\/LIB-S04E09-Fuenteovejuna_di_Lope_De_Vega-20151112.mp3?_=1\" \/><a href=\"http:\/\/www.radiokalaritana.it\/audio\/LIB-S04E09-Fuenteovejuna_di_Lope_De_Vega-20151112.mp3\">http:\/\/www.radiokalaritana.it\/audio\/LIB-S04E09-Fuenteovejuna_di_Lope_De_Vega-20151112.mp3<\/a><\/audio>\n<h4><em>Fuenteovejuna<\/em> &#8211;\u00a0<b>F\u00e9lix Lope de Vega y Carpio<\/b><\/h4>\n<p>Per chi avesse dei dubbi: s\u00ec, volevo dare una lettura politica del dramma. E s\u00ec, avevo in mente la <em>TAV<\/em> e la terra dei fuochi.\u00a0Sto sfruttando qui il privilegio del critico dilettante, che pu\u00f2 dire quel che vuole: ma mi pare che in\u00a0<em>Fuenteovejuna<\/em> Lope esplori, con precisione chirurgica, i\u00a0confini e i punti forti dell&#8217;eterno conflitto fra potere centrale da una parte e tensioni comunitarie dall&#8217;altra; una esplorazione che diventa \u00a0lezione di realismo politico e che sarei\u00a0davvero curioso di capire come venisse accolta dal suo pubblico di cortigiani, di nobili e di uomini politici.\u00a0In questo senso c&#8217;\u00e8 una curiosa inversione di ruoli fra il Machiavelli della <a href=\"http:\/\/www.robertosedda.it\/?p=11174\"><em>Mandragola<\/em><\/a> della\u00a0puntata precedente e il\u00a0Lope di questa: come se lo scienziato politico e il teatrante si fossero momentaneamente scambiati i ruoli e, a parte la relativa vicinanza cronologica, \u00e8 anche per questo che ho voluto accostare queste due opere.<\/p>\n<p>Meno sicuro sono di quanto ho detto della volont\u00e0 di tradire sistematicamente le attese del pubblico posponendo continuamente l&#8217;atteso lieto fine e invece aggravando la tensione drammatica. \u00c8 un&#8217;operazione che Lope conduce con molta eleganza (da vero\u00a0<em>mostro di naturalezza<\/em>\u00a0come diceva Cervantes)\u00a0e che evidentemente lavora su archetipi narrativi fondamentali (la ragazza in pericolo, il giovane eroe, l&#8217;eroe che perdona il nemico, gli sgherri&#8230;) ma che probabilmente il lettore moderno riconosce con maggiore immediatezza perch\u00e9 cresciuto magari a pane e <em>telefilm<\/em>: nella Spagna barocca, come \u00e8 noto, i <em>serial<\/em>\u00a0non c&#8217;erano e anche il pane poteva riservare brutte sorprese.<\/p>\n","protected":false},"excerpt":{"rendered":"<p>La prima volta che ho sentito parlare di Fuenteovejuna \u00e8 stato intorno ai tredici\u00a0anni, quando ho letto la\u00a0Garzantina sul teatro<\/p>\n","protected":false},"author":1,"featured_media":11187,"comment_status":"open","ping_status":"open","sticky":false,"template":"","format":"standard","meta":{"_mi_skip_tracking":false,"_monsterinsights_sitenote_active":false,"_monsterinsights_sitenote_note":"","_monsterinsights_sitenote_category":0,"jetpack_post_was_ever_published":false,"_jetpack_newsletter_access":"","jetpack_publicize_message":"","jetpack_is_tweetstorm":false,"jetpack_publicize_feature_enabled":true,"jetpack_social_post_already_shared":true,"jetpack_social_options":{"image_generator_settings":{"template":"highway","enabled":false}}},"categories":[52,56,13,101,12],"tags":[],"jetpack_publicize_connections":[],"jetpack_featured_media_url":"https:\/\/i0.wp.com\/www.robertosedda.it\/wp-content\/uploads\/2015\/11\/Fuenteovejuna.jpg?fit=470%2C382","jetpack_sharing_enabled":true,"jetpack_shortlink":"https:\/\/wp.me\/p4jV2T-2Uo","jetpack_likes_enabled":true,"jetpack-related-posts":[{"id":15510,"url":"http:\/\/www.robertosedda.it\/?p=15510","url_meta":{"origin":11184,"position":0},"title":"Cose difficili e entusiasmanti","author":"Rufus","date":"20\/07\/2018","format":false,"excerpt":"Oggi abbiamo messo sulla pagina Facebook dei Fabbricastorie l'annuncio della nostra prossima iniziativa, quindi siamo formalmente di nuovo in ballo: a settembre facciamo Playrooms, forse la cosa pi\u00f9 difficile nella quale ci siamo mai imbarcati. In realt\u00e0 le cose dei\u00a0Fabbricastorie sono sempre prima volte: nessuno di noi aveva mai scritto\u2026","rel":"","context":"In &quot;Coordinate&quot;","block_context":{"text":"Coordinate","link":"http:\/\/www.robertosedda.it\/?cat=52"},"img":{"alt_text":"","src":"https:\/\/i0.wp.com\/www.robertosedda.it\/wp-content\/uploads\/2018\/07\/polayrooms-Facebook-Page-Cover.png?fit=1200%2C397&resize=350%2C200","width":350,"height":200,"srcset":"https:\/\/i0.wp.com\/www.robertosedda.it\/wp-content\/uploads\/2018\/07\/polayrooms-Facebook-Page-Cover.png?fit=1200%2C397&resize=350%2C200 1x, https:\/\/i0.wp.com\/www.robertosedda.it\/wp-content\/uploads\/2018\/07\/polayrooms-Facebook-Page-Cover.png?fit=1200%2C397&resize=700%2C400 2x, https:\/\/i0.wp.com\/www.robertosedda.it\/wp-content\/uploads\/2018\/07\/polayrooms-Facebook-Page-Cover.png?fit=1200%2C397&resize=1050%2C600 3x"},"classes":[]},{"id":12289,"url":"http:\/\/www.robertosedda.it\/?p=12289","url_meta":{"origin":11184,"position":1},"title":"Tutto Giacosa, ma proprio tutto","author":"Rufus","date":"27\/07\/2016","format":false,"excerpt":"http:\/\/www.radiokalaritana.it\/audio\/LIB-S04E31-Giuseppe_Giacosa_Le_opere-20160505.mp3 Drammi e commedie - Giuseppe Giacosa Come avrete sentito per preparare la puntata su Giacosa ho fatto una cosa che non avevo mai fatto per nessun altro autore: me lo sono letto tutto o quasi in un paio di giorni (con un po' di salti, ovviamente). \u00c8 stata una\u2026","rel":"","context":"In &quot;Coordinate&quot;","block_context":{"text":"Coordinate","link":"http:\/\/www.robertosedda.it\/?cat=52"},"img":{"alt_text":"","src":"https:\/\/i0.wp.com\/www.robertosedda.it\/wp-content\/uploads\/2016\/07\/Giacosa.jpg?fit=220%2C304&resize=350%2C200","width":350,"height":200},"classes":[]},{"id":11710,"url":"http:\/\/www.robertosedda.it\/?p=11710","url_meta":{"origin":11184,"position":2},"title":"Il Re Cervo a Oggi parliamo di libri","author":"Rufus","date":"22\/03\/2016","format":false,"excerpt":"La settimana scorsa ho pubblicato qui sul sito le puntate di\u00a0Oggi parliamo di libri dedicate a Corneille e Racine; la vicinanza cronologica di questi due autori con Moli\u00e8re deve avermi confuso, perch\u00e9 non mi sono accorto che facendoli succedere immediatamente al Tartufo\u00a0saltavo due puntate intermedie, quelle nelle quali avevo proseguito\u2026","rel":"","context":"In &quot;Coordinate&quot;","block_context":{"text":"Coordinate","link":"http:\/\/www.robertosedda.it\/?cat=52"},"img":{"alt_text":"","src":"https:\/\/i0.wp.com\/www.robertosedda.it\/wp-content\/uploads\/2016\/03\/Re-Cervo.jpg?fit=720%2C618&resize=350%2C200","width":350,"height":200,"srcset":"https:\/\/i0.wp.com\/www.robertosedda.it\/wp-content\/uploads\/2016\/03\/Re-Cervo.jpg?fit=720%2C618&resize=350%2C200 1x, https:\/\/i0.wp.com\/www.robertosedda.it\/wp-content\/uploads\/2016\/03\/Re-Cervo.jpg?fit=720%2C618&resize=700%2C400 2x"},"classes":[]},{"id":12100,"url":"http:\/\/www.robertosedda.it\/?p=12100","url_meta":{"origin":11184,"position":3},"title":"Mettersi con Goethe","author":"Rufus","date":"15\/06\/2016","format":false,"excerpt":"Non lo so perch\u00e9 ho tutto questo rispetto reverenziale nei confronti di Goethe, rispetto che non ho, poniamo, per l'amato Shakespeare o Anton \u010cechov o per altri autori che ho trattato in puntate precedenti o successive. Per\u00f2 per tutta la puntata ho avuto l'idea che fosse in qualche modo\u00a0sbagliato parlare\u2026","rel":"","context":"In &quot;Coordinate&quot;","block_context":{"text":"Coordinate","link":"http:\/\/www.robertosedda.it\/?cat=52"},"img":{"alt_text":"","src":"https:\/\/i0.wp.com\/www.robertosedda.it\/wp-content\/uploads\/2016\/06\/Faust.jpg?fit=1200%2C675&resize=350%2C200","width":350,"height":200,"srcset":"https:\/\/i0.wp.com\/www.robertosedda.it\/wp-content\/uploads\/2016\/06\/Faust.jpg?fit=1200%2C675&resize=350%2C200 1x, https:\/\/i0.wp.com\/www.robertosedda.it\/wp-content\/uploads\/2016\/06\/Faust.jpg?fit=1200%2C675&resize=700%2C400 2x, https:\/\/i0.wp.com\/www.robertosedda.it\/wp-content\/uploads\/2016\/06\/Faust.jpg?fit=1200%2C675&resize=1050%2C600 3x"},"classes":[]},{"id":11264,"url":"http:\/\/www.robertosedda.it\/?p=11264","url_meta":{"origin":11184,"position":4},"title":"Che furbastro, quel Volpone!","author":"Rufus","date":"09\/12\/2015","format":"video","excerpt":"La cosa che pi\u00f9 mi colpisce di questa stagione di Oggi parliamo di libri \u00e8 la quantit\u00e0 di scoperte che faccio. Queste scoperte continue sono il motivo per il quale, dopo avere molto esitato a riprendere la trasmissione, mi sto invece divertendo moltissimo: sarei contentissimo di sapere che questo mio\u2026","rel":"","context":"In &quot;Coordinate&quot;","block_context":{"text":"Coordinate","link":"http:\/\/www.robertosedda.it\/?cat=52"},"img":{"alt_text":"","src":"https:\/\/i0.wp.com\/img.youtube.com\/vi\/C5JoMYsYQr0\/0.jpg?resize=350%2C200","width":350,"height":200},"classes":[]},{"id":663,"url":"http:\/\/www.robertosedda.it\/?p=663","url_meta":{"origin":11184,"position":5},"title":"Tebe dalle sette porte","author":"Rufus","date":"23\/08\/2012","format":false,"excerpt":"Avete visto qualche volta nella mia firma la domanda \"Tebe dalle sette porte, chi la costrui?\". Siccome qui sulla lista mi avete scritto, per prendermi in giro, \u00abInsomma, chi la costru\u00ec?!\u00bb, do... la soluzione. Si tratta del primo verso di una poesia di Bertolt Brecht, poeta e drammaturgo tedesco della\u2026","rel":"","context":"In &quot;Coordinate&quot;","block_context":{"text":"Coordinate","link":"http:\/\/www.robertosedda.it\/?cat=52"},"img":{"alt_text":"","src":"","width":0,"height":0},"classes":[]}],"_links":{"self":[{"href":"http:\/\/www.robertosedda.it\/index.php?rest_route=\/wp\/v2\/posts\/11184"}],"collection":[{"href":"http:\/\/www.robertosedda.it\/index.php?rest_route=\/wp\/v2\/posts"}],"about":[{"href":"http:\/\/www.robertosedda.it\/index.php?rest_route=\/wp\/v2\/types\/post"}],"author":[{"embeddable":true,"href":"http:\/\/www.robertosedda.it\/index.php?rest_route=\/wp\/v2\/users\/1"}],"replies":[{"embeddable":true,"href":"http:\/\/www.robertosedda.it\/index.php?rest_route=%2Fwp%2Fv2%2Fcomments&post=11184"}],"version-history":[{"count":6,"href":"http:\/\/www.robertosedda.it\/index.php?rest_route=\/wp\/v2\/posts\/11184\/revisions"}],"predecessor-version":[{"id":12884,"href":"http:\/\/www.robertosedda.it\/index.php?rest_route=\/wp\/v2\/posts\/11184\/revisions\/12884"}],"wp:featuredmedia":[{"embeddable":true,"href":"http:\/\/www.robertosedda.it\/index.php?rest_route=\/wp\/v2\/media\/11187"}],"wp:attachment":[{"href":"http:\/\/www.robertosedda.it\/index.php?rest_route=%2Fwp%2Fv2%2Fmedia&parent=11184"}],"wp:term":[{"taxonomy":"category","embeddable":true,"href":"http:\/\/www.robertosedda.it\/index.php?rest_route=%2Fwp%2Fv2%2Fcategories&post=11184"},{"taxonomy":"post_tag","embeddable":true,"href":"http:\/\/www.robertosedda.it\/index.php?rest_route=%2Fwp%2Fv2%2Ftags&post=11184"}],"curies":[{"name":"wp","href":"https:\/\/api.w.org\/{rel}","templated":true}]}}