{"id":11180,"date":"2015-11-17T17:00:28","date_gmt":"2015-11-17T16:00:28","guid":{"rendered":"http:\/\/www.robertosedda.it\/?p=11180"},"modified":"2015-11-30T16:34:38","modified_gmt":"2015-11-30T15:34:38","slug":"strane-cose-a-nantucket","status":"publish","type":"post","link":"http:\/\/www.robertosedda.it\/?p=11180","title":{"rendered":"Strane cose a Nantucket"},"content":{"rendered":"<p><a href=\"https:\/\/i0.wp.com\/www.robertosedda.it\/wp-content\/uploads\/2015\/11\/Cape-Cod.jpg\"><img data-attachment-id=\"11181\" data-permalink=\"http:\/\/www.robertosedda.it\/?attachment_id=11181\" data-orig-file=\"https:\/\/i0.wp.com\/www.robertosedda.it\/wp-content\/uploads\/2015\/11\/Cape-Cod.jpg?fit=340%2C270\" data-orig-size=\"340,270\" data-comments-opened=\"1\" data-image-meta=\"{&quot;aperture&quot;:&quot;0&quot;,&quot;credit&quot;:&quot;&quot;,&quot;camera&quot;:&quot;&quot;,&quot;caption&quot;:&quot;&quot;,&quot;created_timestamp&quot;:&quot;0&quot;,&quot;copyright&quot;:&quot;&quot;,&quot;focal_length&quot;:&quot;0&quot;,&quot;iso&quot;:&quot;0&quot;,&quot;shutter_speed&quot;:&quot;0&quot;,&quot;title&quot;:&quot;&quot;,&quot;orientation&quot;:&quot;0&quot;}\" data-image-title=\"Cape Cod\" data-image-description=\"\" data-image-caption=\"\" data-medium-file=\"https:\/\/i0.wp.com\/www.robertosedda.it\/wp-content\/uploads\/2015\/11\/Cape-Cod.jpg?fit=300%2C238\" data-large-file=\"https:\/\/i0.wp.com\/www.robertosedda.it\/wp-content\/uploads\/2015\/11\/Cape-Cod.jpg?fit=340%2C270\" decoding=\"async\" loading=\"lazy\" class=\"alignleft size-full wp-image-11181\" src=\"https:\/\/i0.wp.com\/www.robertosedda.it\/wp-content\/uploads\/2015\/11\/Cape-Cod.jpg?resize=340%2C270\" alt=\"Cape Cod\" width=\"340\" height=\"270\" srcset=\"https:\/\/i0.wp.com\/www.robertosedda.it\/wp-content\/uploads\/2015\/11\/Cape-Cod.jpg?w=340 340w, https:\/\/i0.wp.com\/www.robertosedda.it\/wp-content\/uploads\/2015\/11\/Cape-Cod.jpg?resize=150%2C119 150w, https:\/\/i0.wp.com\/www.robertosedda.it\/wp-content\/uploads\/2015\/11\/Cape-Cod.jpg?resize=300%2C238 300w\" sizes=\"(max-width: 340px) 100vw, 340px\" data-recalc-dims=\"1\" \/><\/a>Ho letto da poco su\u00a0<em><a href=\"http:\/\/lithub.com\">LitHub<\/a>\u00a0<\/em>un bellissimo articolo che mette insieme il ricordo un po&#8217; sognante e un po&#8217; nostalgico\u00a0della cultura dei balenieri di Nantucket (quella di\u00a0<em>Moby Dick<\/em>, per capirci), la ricostruzione formale dell&#8217;invenzione di una tradizione &#8211; spesso sappiamo che una tradizione \u00e8 stata inventata, ma non \u00e8 facile ricostruire <em>come<\/em> &#8211; e soprattutto lo strano destino di un oggetto specifico, del diciannovesimo secolo, con una finalit\u00e0 particolare.<\/p>\n<p>Non dico di pi\u00f9 perch\u00e9 questo \u00e8 un\u00a0<em>blog<\/em> per famiglie: ma l&#8217;articolo \u00e8 delizioso. <a href=\"http:\/\/lithub.com\/there-once-was-a-dildo-in-nantucket\/\">Leggetelo<\/a>.<\/p>\n","protected":false},"excerpt":{"rendered":"<p>Ho letto da poco su\u00a0LitHub\u00a0un bellissimo articolo che mette insieme il ricordo un po&#8217; sognante e un po&#8217; nostalgico\u00a0della cultura<\/p>\n","protected":false},"author":1,"featured_media":11181,"comment_status":"open","ping_status":"open","sticky":false,"template":"","format":"standard","meta":{"_mi_skip_tracking":false,"_monsterinsights_sitenote_active":false,"_monsterinsights_sitenote_note":"","_monsterinsights_sitenote_category":0,"jetpack_post_was_ever_published":false,"_jetpack_newsletter_access":"","jetpack_publicize_message":"","jetpack_is_tweetstorm":false,"jetpack_publicize_feature_enabled":true,"jetpack_social_post_already_shared":true,"jetpack_social_options":{"image_generator_settings":{"template":"highway","enabled":false}}},"categories":[52,95,58,16],"tags":[],"jetpack_publicize_connections":[],"jetpack_featured_media_url":"https:\/\/i0.wp.com\/www.robertosedda.it\/wp-content\/uploads\/2015\/11\/Cape-Cod.jpg?fit=340%2C270","jetpack_sharing_enabled":true,"jetpack_shortlink":"https:\/\/wp.me\/p4jV2T-2Uk","jetpack_likes_enabled":true,"jetpack-related-posts":[{"id":9225,"url":"http:\/\/www.robertosedda.it\/?p=9225","url_meta":{"origin":11180,"position":0},"title":"Quegli strani commenti che appaiono sul sito","author":"Rufus","date":"28\/12\/2014","format":"aside","excerpt":"Non ho capito bene perch\u00e9, ma dopo averli bloccati per molto tempo il sito permette di nuovo i pingback. Trattasi di quelle segnalazioni che appaiono sotto gli articoli, in forma di commenti, per segnalare che quel post \u00e8 stato citato da qualche altra parte (di solito in un mio articolo\u2026","rel":"","context":"Articolo simile","block_context":{"text":"Articolo simile","link":""},"img":{"alt_text":"","src":"","width":0,"height":0},"classes":[]},{"id":13853,"url":"http:\/\/www.robertosedda.it\/?p=13853","url_meta":{"origin":11180,"position":1},"title":"Scollegamenti","author":"Rufus","date":"16\/06\/2017","format":false,"excerpt":"Di solito cerco di scrivere qualcosa sul blog tutti i giorni, escluso il week-end, ma in questi ultimi mesi mi capita di non mantenere affatto questo ritmo: per restare a questa settimana, luned\u00ec e marted\u00ec non ho scritto niente e nemmeno ieri. Ora, non \u00e8 che tenga il blog per\u2026","rel":"","context":"In &quot;Coordinate&quot;","block_context":{"text":"Coordinate","link":"http:\/\/www.robertosedda.it\/?cat=52"},"img":{"alt_text":"","src":"https:\/\/i0.wp.com\/www.robertosedda.it\/wp-content\/uploads\/2017\/06\/Schermata-del-2017-06-16-16-07-30.png?fit=1161%2C462&resize=350%2C200","width":350,"height":200,"srcset":"https:\/\/i0.wp.com\/www.robertosedda.it\/wp-content\/uploads\/2017\/06\/Schermata-del-2017-06-16-16-07-30.png?fit=1161%2C462&resize=350%2C200 1x, https:\/\/i0.wp.com\/www.robertosedda.it\/wp-content\/uploads\/2017\/06\/Schermata-del-2017-06-16-16-07-30.png?fit=1161%2C462&resize=700%2C400 2x, https:\/\/i0.wp.com\/www.robertosedda.it\/wp-content\/uploads\/2017\/06\/Schermata-del-2017-06-16-16-07-30.png?fit=1161%2C462&resize=1050%2C600 3x"},"classes":[]},{"id":14686,"url":"http:\/\/www.robertosedda.it\/?p=14686","url_meta":{"origin":11180,"position":2},"title":"Come lacrime nella pioggia&#8230; (fate girare!!)","author":"Rufus","date":"15\/02\/2018","format":false,"excerpt":"Quella sera ero solo. Di solito a teatro andavo con il mio amico Alberto, a quell'epoca, ma quella sera, non so perch\u00e9, ero solo. Cio\u00e8, teatro. La cosa strana \u00e8 che al Bastione, dove era annunciato lo spettacolo, non c'era palco.\u00a0Nemmeno sedie, per la verit\u00e0, e quindi ero abbastanza perplesso.\u2026","rel":"","context":"In &quot;Famiglia&quot;","block_context":{"text":"Famiglia","link":"http:\/\/www.robertosedda.it\/?cat=86"},"img":{"alt_text":"","src":"https:\/\/i0.wp.com\/www.robertosedda.it\/wp-content\/uploads\/2018\/02\/Dimonis.jpg?fit=1024%2C659&resize=350%2C200","width":350,"height":200,"srcset":"https:\/\/i0.wp.com\/www.robertosedda.it\/wp-content\/uploads\/2018\/02\/Dimonis.jpg?fit=1024%2C659&resize=350%2C200 1x, https:\/\/i0.wp.com\/www.robertosedda.it\/wp-content\/uploads\/2018\/02\/Dimonis.jpg?fit=1024%2C659&resize=700%2C400 2x"},"classes":[]},{"id":13946,"url":"http:\/\/www.robertosedda.it\/?p=13946","url_meta":{"origin":11180,"position":3},"title":"L&#8217;ecumenismo dell&#8217;odio","author":"Rufus","date":"17\/07\/2017","format":false,"excerpt":"Civilt\u00e0 Cattolica ha pubblicato nel suo ultimo numero un articolo a firma congiunta di Padre Spadaro, direttore della testata, e del pastore protestante e collaboratore della rivista Marcelo Figueroa, dal titolo\u00a0Fondamentalismo evangelicale e integralismo cattolico. Un sorprendente ecumenismo. Ok, lo dico subito: la mia prima reazione \u00e8 stata di pensare,\u2026","rel":"","context":"In &quot;Coordinate&quot;","block_context":{"text":"Coordinate","link":"http:\/\/www.robertosedda.it\/?cat=52"},"img":{"alt_text":"","src":"https:\/\/i0.wp.com\/www.robertosedda.it\/wp-content\/uploads\/2017\/07\/Civilt\u00e0-Cattolica.jpg?fit=1200%2C612&resize=350%2C200","width":350,"height":200,"srcset":"https:\/\/i0.wp.com\/www.robertosedda.it\/wp-content\/uploads\/2017\/07\/Civilt\u00e0-Cattolica.jpg?fit=1200%2C612&resize=350%2C200 1x, https:\/\/i0.wp.com\/www.robertosedda.it\/wp-content\/uploads\/2017\/07\/Civilt\u00e0-Cattolica.jpg?fit=1200%2C612&resize=700%2C400 2x, https:\/\/i0.wp.com\/www.robertosedda.it\/wp-content\/uploads\/2017\/07\/Civilt\u00e0-Cattolica.jpg?fit=1200%2C612&resize=1050%2C600 3x"},"classes":[]},{"id":4958,"url":"http:\/\/www.robertosedda.it\/?p=4958","url_meta":{"origin":11180,"position":4},"title":"Gente che dovrebbe partecipare a Scirarindi","author":"Rufus","date":"07\/11\/2013","format":false,"excerpt":"I prossimi 30 novembre e 1 dicembre ci sar\u00e0 a Cagliari\u00a0la terza edizione del festival di Scirarindi, la pi\u00f9 importante rassegna, fiera, momento culturale sulla sostenibilit\u00e0 (e sul benessere olistico) che ci sia in Sardegna, con migliaia di ingressi e centinaia di espositori. Forse prima dell'estate il tentativo di esportare\u2026","rel":"","context":"In &quot;Coordinate&quot;","block_context":{"text":"Coordinate","link":"http:\/\/www.robertosedda.it\/?cat=52"},"img":{"alt_text":"","src":"https:\/\/i0.wp.com\/www.robertosedda.it\/wp-content\/uploads\/2013\/11\/LOCANDINAweb_2013_preview.jpg?fit=320%2C454&resize=350%2C200","width":350,"height":200},"classes":[]},{"id":6454,"url":"http:\/\/www.robertosedda.it\/?p=6454","url_meta":{"origin":11180,"position":5},"title":"Le cronache di fratello Cadfael","author":"Rufus","date":"14\/02\/2014","format":"video","excerpt":"Una divagazione epic metal Allora: cominciamo con la gaffe stratosferica della puntata, che forse qualcuno di voi ha colto anche in questo formato\u00a0in cui\u00a0l'intermezzo musicale \u00e8 omesso. Sarebbe stato ovvio\u00a0usare come pausa una qualche forma di riproposizione di musica medievale o le solite ballate di sapore celtico che\u00a0vanno in questi\u2026","rel":"","context":"In &quot;Coordinate&quot;","block_context":{"text":"Coordinate","link":"http:\/\/www.robertosedda.it\/?cat=52"},"img":{"alt_text":"","src":"https:\/\/i0.wp.com\/img.youtube.com\/vi\/7V9vuYcncH8\/0.jpg?resize=350%2C200","width":350,"height":200},"classes":[]}],"_links":{"self":[{"href":"http:\/\/www.robertosedda.it\/index.php?rest_route=\/wp\/v2\/posts\/11180"}],"collection":[{"href":"http:\/\/www.robertosedda.it\/index.php?rest_route=\/wp\/v2\/posts"}],"about":[{"href":"http:\/\/www.robertosedda.it\/index.php?rest_route=\/wp\/v2\/types\/post"}],"author":[{"embeddable":true,"href":"http:\/\/www.robertosedda.it\/index.php?rest_route=\/wp\/v2\/users\/1"}],"replies":[{"embeddable":true,"href":"http:\/\/www.robertosedda.it\/index.php?rest_route=%2Fwp%2Fv2%2Fcomments&post=11180"}],"version-history":[{"count":1,"href":"http:\/\/www.robertosedda.it\/index.php?rest_route=\/wp\/v2\/posts\/11180\/revisions"}],"predecessor-version":[{"id":11182,"href":"http:\/\/www.robertosedda.it\/index.php?rest_route=\/wp\/v2\/posts\/11180\/revisions\/11182"}],"wp:featuredmedia":[{"embeddable":true,"href":"http:\/\/www.robertosedda.it\/index.php?rest_route=\/wp\/v2\/media\/11181"}],"wp:attachment":[{"href":"http:\/\/www.robertosedda.it\/index.php?rest_route=%2Fwp%2Fv2%2Fmedia&parent=11180"}],"wp:term":[{"taxonomy":"category","embeddable":true,"href":"http:\/\/www.robertosedda.it\/index.php?rest_route=%2Fwp%2Fv2%2Fcategories&post=11180"},{"taxonomy":"post_tag","embeddable":true,"href":"http:\/\/www.robertosedda.it\/index.php?rest_route=%2Fwp%2Fv2%2Ftags&post=11180"}],"curies":[{"name":"wp","href":"https:\/\/api.w.org\/{rel}","templated":true}]}}