{"id":11144,"date":"2015-11-09T16:36:44","date_gmt":"2015-11-09T15:36:44","guid":{"rendered":"http:\/\/www.robertosedda.it\/?p=11144"},"modified":"2023-12-06T09:19:59","modified_gmt":"2023-12-06T08:19:59","slug":"un-bilancio-onesto-cercasi-e-partecipato","status":"publish","type":"post","link":"http:\/\/www.robertosedda.it\/?p=11144","title":{"rendered":"Un bilancio onesto cercasi. E partecipato"},"content":{"rendered":"<p><a href=\"https:\/\/i0.wp.com\/www.robertosedda.it\/wp-content\/uploads\/2015\/11\/Davide-Carta.jpg\"><img data-attachment-id=\"11145\" data-permalink=\"http:\/\/www.robertosedda.it\/?attachment_id=11145\" data-orig-file=\"https:\/\/i0.wp.com\/www.robertosedda.it\/wp-content\/uploads\/2015\/11\/Davide-Carta.jpg?fit=480%2C723\" data-orig-size=\"480,723\" data-comments-opened=\"1\" data-image-meta=\"{&quot;aperture&quot;:&quot;0&quot;,&quot;credit&quot;:&quot;&quot;,&quot;camera&quot;:&quot;&quot;,&quot;caption&quot;:&quot;&quot;,&quot;created_timestamp&quot;:&quot;0&quot;,&quot;copyright&quot;:&quot;&quot;,&quot;focal_length&quot;:&quot;0&quot;,&quot;iso&quot;:&quot;0&quot;,&quot;shutter_speed&quot;:&quot;0&quot;,&quot;title&quot;:&quot;&quot;,&quot;orientation&quot;:&quot;0&quot;}\" data-image-title=\"Davide Carta\" data-image-description=\"\" data-image-caption=\"\" data-medium-file=\"https:\/\/i0.wp.com\/www.robertosedda.it\/wp-content\/uploads\/2015\/11\/Davide-Carta.jpg?fit=199%2C300\" data-large-file=\"https:\/\/i0.wp.com\/www.robertosedda.it\/wp-content\/uploads\/2015\/11\/Davide-Carta.jpg?fit=480%2C723\" decoding=\"async\" loading=\"lazy\" class=\"size-medium wp-image-11145 alignright\" src=\"https:\/\/i0.wp.com\/www.robertosedda.it\/wp-content\/uploads\/2015\/11\/Davide-Carta.jpg?resize=199%2C300\" alt=\"Davide Carta\" width=\"199\" height=\"300\" srcset=\"https:\/\/i0.wp.com\/www.robertosedda.it\/wp-content\/uploads\/2015\/11\/Davide-Carta.jpg?resize=199%2C300 199w, https:\/\/i0.wp.com\/www.robertosedda.it\/wp-content\/uploads\/2015\/11\/Davide-Carta.jpg?resize=100%2C150 100w, https:\/\/i0.wp.com\/www.robertosedda.it\/wp-content\/uploads\/2015\/11\/Davide-Carta.jpg?w=480 480w\" sizes=\"(max-width: 199px) 100vw, 199px\" data-recalc-dims=\"1\" \/><\/a>Venerd\u00ec scorso Davide Carta, un consigliere comunale del <em>PD<\/em> che conosco da una vita e che stimo, ha pubblicato su <em>Facebook<\/em> <a href=\"https:\/\/www.facebook.com\/davicarta\/posts\/10207493941407912\">una anticipazione del suo intervento alla direzione cittadina del PD<\/a>, nella quale intendeva sostenere l&#8217;appoggio alla ricandidatura a sindaco di Massimo Zedda.<\/p>\n<p>Sono rimasto molto colpito dai commenti sotto la nota di Davide. Fatta la tara ai giornalisti di parte avversa, ai tifosi delle opposte fazioni e ai\u00a0<em>fake<\/em> di professione &#8211; tutte cose che \u00e8 lecito aspettarsi &#8211; rimaneva infatti una dose significativa di perplessit\u00e0 da parte di\u00a0persone che, cinque anni fa, erano certamente parte della maggioranza che ha vinto le elezioni: anzi, la cosa interessante \u00e8 che alcuni formalmente fanno <em>ancora<\/em> parte della maggioranza eppure erano evidentemente in disaccordo con Davide.<\/p>\n<p>Ora: non credo che sia un mistero per nessuno che quella maggioranza, o almeno le motivazioni politiche che l&#8217;avevano creata, di fatto non esiste pi\u00f9.\u00a0Il motivo va ovviamente ricercato a\u00a0livello nazionale ed \u00e8 tutto interno al\u00a0<em>PD<\/em>: il partito di Renzi non \u00e8 il partito di Bersani, c&#8217;\u00e8 una mutazione genetica in atto e il progetto politico che port\u00f2 a eleggere Zedda, Pisapia o De Magistris non \u00e8 pi\u00f9 nelle cose. Pisapia non si ricandida, Zedda s\u00ec e questo pone <em>SEL<\/em> nella curiosa situazione di esultare per la costituzione, l&#8217;altro ieri, di un nuovo soggetto politico <em>alternativo<\/em> al <em>PD<\/em> ma di predisporsi a farci alleanze\u00a0al livello locale.<\/p>\n<p>Dice: ma il livello amministrativo non \u00e8 quello nazionale. Vero. Ma sarebbe da ingenui o da malfidati non sapere che il voto di un capoluogo di regione come Cagliari ha un valore che \u00e8 squisitamente politico: non stiamo parlando delle liste civiche di un comune di meno di cinquecento abitanti. E politicamente oggi il\u00a0<em>PD<\/em>\u00a0\u00e8 per molti indigeribile, al di l\u00e0 della stima che si pu\u00f2 tributare a singoli suoi esponenti. <a href=\"http:\/\/www.robertosedda.it\/?p=10479\">Perdiana, ma l&#8217;avete letta\u00a0l<em>&#8216;Unit\u00e0<\/em>?<\/a> E davvero pensate che si possa\u00a0votare a cuor leggero un partito che ha un organo di stampa del genere?<\/p>\n<p>No, davvero: non c&#8217;\u00e8 bisogno di scomodare la riforma costituzionale o la buona scuola. Basta il <a href=\"http:\/\/www.robertosedda.it\/?p=8816\">ritornello sui gufi<\/a>.<\/p>\n<p>Peraltro: Davide \u00e8 un bravo capogruppo con molto senso politico e capacit\u00e0 di unire, ma il caso di Quartu dovrebbe suggerire che anche sul livello locale a proposito del\u00a0<em>PD<\/em> \u00e8 lecito avere molte perplessit\u00e0. Per non parlare del fatto che, come diversi hanno fatto notare a Davide, esiste sul sindaco un punto\u00a0di tipo giudiziario che obiettivamente non si pu\u00f2 negare e che \u00e8 significativo in s\u00e9, indipendentemente dalle valutazioni di tipo nazionale.<\/p>\n<p>E quindi la divisione della vecchia maggioranza di centro-sinistra del Comune di Cagliari in una componente di sinistra e una di centro mi pare nelle cose, non ci trovo niente di cui stupirsi.<\/p>\n<p>Ah gi\u00e0.\u00a0Dice anche: finirete per far vincere la destra. Oppure: le solite scissioni suicide a sinistra.<\/p>\n<p>Allora: trovo probabile che\u00a0il gruppo o i gruppi che stanno cercando di creare nuovi spazi a sinistra non vinceranno le prossime elezioni. Mi spiace dirlo perch\u00e9 ci si stanno impegnando amici carissimi, ma \u00e8 obiettivamente probabile. Ed \u00e8 anche possibile che se <a href=\"http:\/\/www.robertosedda.it\/?p=5937\">Renzi \u00e8 il maestro del nuovo trasformismo<\/a>\u00a0Fassina e Vendola possano ambire al massimo al ruolo che all&#8217;epoca ricoprirono i <a href=\"https:\/\/it.wikipedia.org\/wiki\/Pentarchia_(politica)\">&#8220;cinque Pentarchi&#8221;<\/a>\u00a0e non \u00e8 proprio un paragone lusinghiero (studiatela, la storia, ch\u00e9 serve&#8230;).<\/p>\n<p>Ma il punto non \u00e8 questo: \u00e8 che la mozione a unirsi turandosi il naso per sconfiggere le destre l&#8217;ha resa definitivamente impraticabile D&#8217;Alema con Berlusconi, dimostrando che \u00e8 un rimedio peggiore del male. E quindi non la si pu\u00f2 proporre senza fare ridere\u00a0e meglio \u00e8 per il bene comune che la gente si opponga ma almeno partecipi piuttosto che astenersi. E se un partito \u00e8 indigeribile o impresentabile non lo si pu\u00f2 votare, punto. Dopo Massidda magari si far\u00e0 altro: e se vince Massidda vuol dire che il progetto politico che gli si \u00e8 opposto non era abbastanza forte, non \u00e8 mica colpa di chi non si \u00e8 fatto convincere.\u00a0E anche se si perde, pazienza: non \u00e8 che gli archi politici devono durare al massimo fino alla prossima elezione; si possono anche concepire progetti pi\u00f9 ambiziosi.<\/p>\n<p>Ecco, casomai questa pu\u00f2 essere la perplessit\u00e0 sui progetti politici che nascono a sinistra in questi giorni a Cagliari: che sarebbe il caso che avessero un orizzonte dichiaratamente pi\u00f9 vasto delle prossime elezioni. Mi pare che Ingroia sia bastato.<\/p>\n<p>Ma non \u00e8 di questo che voglio parlare.<\/p>\n<p>Il futuro, ragazzi, \u00e8 nella mente di Dio. Ognuno far\u00e0 le sue scelte e sar\u00e0 quel che sar\u00e0.<\/p>\n<p>Ma il passato \u00e8 nostro. O vostro, non saprei. In senso collettivo: \u00e8 di quelli che quella maggioranza l&#8217;hanno fatta. Qualunque percorso differente si prenda, soprattutto se la divisione ha un elemento di innesco sostanzialmente\u00a0fuori del livello\u00a0locale, niente pu\u00f2 negare il fatto che coloro che domani saranno divisi sono stati <em>insieme<\/em>\u00a0nella stessa maggioranza per quattro anni.<\/p>\n<p>Orpo: probabilmente staranno insieme fino quasi alle prossime elezioni.<\/p>\n<p>E quindi io credo che i cittadini che sono stati elettori di Massimo Zedda, quattro anni fa, abbiano diritto a un bilancio collettivo della maggioranza su ci\u00f2 che \u00e8 stato fatto, ci\u00f2 che non \u00e8 stato fatto, com&#8217;\u00e8 andata e insomma quali conclusioni si possono trarre da questa azione amministrativa (e politica, vivaddio).<\/p>\n<p>E il momento per farlo \u00e8 questo: non si pu\u00f2 mica fare sotto elezioni, quando la presenza di due o pi\u00f9 gruppi originati dall&#8217;attuale maggioranza in competizione porter\u00e0 per forza ad accollarsi reciprocamente\u00a0errori e fallimenti, a sminuire i risultati o a ingigantirli: \u00e8 nelle cose della propaganda elettorale.<\/p>\n<p>Adesso \u00e8 gi\u00e0 quasi troppo tardi, ma forse si pu\u00f2 ancora fare e secondo me sarebbe necessario.<\/p>\n<p>Non uso mail\u00a0<em>blog<\/em> per farmi gli affari degli altri.<\/p>\n<p>Cio\u00e8:\u00a0<em>quasi<\/em> mai.<\/p>\n<p>Va bene,\u00a0<em>mai<\/em>.<\/p>\n<p>Comunque.<\/p>\n<p>Se posso ambire al ruolo di intellettuale per quanto minore di questa citt\u00e0 mi permetto di dirlo: servirebbe una verifica condivisa dell&#8217;esperienza della prima amministrazione Zedda.<\/p>\n<p>Sarebbe, questo s\u00ec, un segnale politico interessante. Per mille motivi: non ultimo per un mutuo riconoscimento politico. E perch\u00e9 permetterebbe a ciascuno di decidere in maniera pi\u00f9 consapevole da quale delle due, tre parti stare, nel futuro.<\/p>\n<p>Sarebbe un esercizio di buona politica, secondo me.<\/p>\n<p>Oltretutto non capita mica spesso che a Cagliari ci sia una maggioranza come questa. Che la prossima volta magari capita fra un po&#8217; e sapere cosa \u00e8 successo questa volta potrebbe essere utile.<\/p>\n<p>Pacatamente, serenamente&#8230; ma non in maniera banale. Si pu\u00f2 anche riconoscere che su questo o quello sono emerse nel tempo idee e valutazioni differenti. Nei commenti alla nota di Davide emergono differenze di valutazione su cosa voglia dire citt\u00e0 solidale, sui modelli di assistenza, sui trasporti, sul concetto di\u00a0<em>smart city<\/em>. C&#8217;\u00e8 tutto il tema dei rifiuti e quello connesso dei tributi. C&#8217;\u00e8 una polemica feroce da anni sul tema della cultura. C&#8217;\u00e8 la questione del Teatro Lirico. Ce n&#8217;\u00e8 di roba.<\/p>\n<p><a href=\"https:\/\/i0.wp.com\/www.robertosedda.it\/wp-content\/uploads\/2015\/11\/Enrico-Lobina-2.jpg\"><img data-attachment-id=\"11147\" data-permalink=\"http:\/\/www.robertosedda.it\/?attachment_id=11147\" data-orig-file=\"https:\/\/i0.wp.com\/www.robertosedda.it\/wp-content\/uploads\/2015\/11\/Enrico-Lobina-2.jpg?fit=720%2C479\" data-orig-size=\"720,479\" data-comments-opened=\"1\" data-image-meta=\"{&quot;aperture&quot;:&quot;0&quot;,&quot;credit&quot;:&quot;&quot;,&quot;camera&quot;:&quot;&quot;,&quot;caption&quot;:&quot;&quot;,&quot;created_timestamp&quot;:&quot;0&quot;,&quot;copyright&quot;:&quot;&quot;,&quot;focal_length&quot;:&quot;0&quot;,&quot;iso&quot;:&quot;0&quot;,&quot;shutter_speed&quot;:&quot;0&quot;,&quot;title&quot;:&quot;&quot;,&quot;orientation&quot;:&quot;0&quot;}\" data-image-title=\"Enrico Lobina 2\" data-image-description=\"\" data-image-caption=\"\" data-medium-file=\"https:\/\/i0.wp.com\/www.robertosedda.it\/wp-content\/uploads\/2015\/11\/Enrico-Lobina-2.jpg?fit=300%2C200\" data-large-file=\"https:\/\/i0.wp.com\/www.robertosedda.it\/wp-content\/uploads\/2015\/11\/Enrico-Lobina-2.jpg?fit=510%2C339\" decoding=\"async\" loading=\"lazy\" class=\"alignleft size-medium wp-image-11147\" src=\"https:\/\/i0.wp.com\/www.robertosedda.it\/wp-content\/uploads\/2015\/11\/Enrico-Lobina-2.jpg?resize=300%2C200\" alt=\"Enrico Lobina 2\" width=\"300\" height=\"200\" srcset=\"https:\/\/i0.wp.com\/www.robertosedda.it\/wp-content\/uploads\/2015\/11\/Enrico-Lobina-2.jpg?resize=300%2C200 300w, https:\/\/i0.wp.com\/www.robertosedda.it\/wp-content\/uploads\/2015\/11\/Enrico-Lobina-2.jpg?resize=150%2C100 150w, https:\/\/i0.wp.com\/www.robertosedda.it\/wp-content\/uploads\/2015\/11\/Enrico-Lobina-2.jpg?resize=510%2C339 510w, https:\/\/i0.wp.com\/www.robertosedda.it\/wp-content\/uploads\/2015\/11\/Enrico-Lobina-2.jpg?resize=700%2C466 700w, https:\/\/i0.wp.com\/www.robertosedda.it\/wp-content\/uploads\/2015\/11\/Enrico-Lobina-2.jpg?w=720 720w\" sizes=\"(max-width: 300px) 100vw, 300px\" data-recalc-dims=\"1\" \/><\/a>E ci saranno anche divergenze di taglio non amministrativo ma politico.\u00a0Ce ne devono essere,\u00a0altrimenti Enrico Lobina non avrebbe, da poco, <a href=\"http:\/\/www.enricolobina.org\/wp\/2015\/09\/12\/la-a-democrazia-ed-il-suo-contrario-due-assessori-comunali-di-sinistra\/\">segnalato una cos\u00ec vasta differenza di sensibilit\u00e0 fra s\u00e9 e alcuni assessori<\/a>.<\/p>\n<p>E se l&#8217;indigeribilit\u00e0 del\u00a0<em>PD<\/em> pesa cos\u00ec tanto da non permettere nemmeno alleanze tattiche pu\u00f2 anche dipendere da una carenza della capacit\u00e0 di guida della maggioranza da parte del sindaco, e questa \u00e8 una valutazione squisitamente politica, cos\u00ec come il giudizio che si pu\u00f2 dare sulla qualit\u00e0 espressa dagli assessori: che la loro nomina e la loro continuata esistenza o meno sia dipesa dai partiti o dal sindaco, si tratta sempre di un piano di ragionamento tutto politico.<\/p>\n<p>Mi ricordo che tempo fa feci <a href=\"http:\/\/www.robertosedda.it\/?p=5043\">un articolo in cui chiedevo di capirci qualcosa di pi\u00f9 delle questioni in ballo in citt\u00e0<\/a>. C&#8217;erano delle domande interessanti, credo: non so se possono essere utili ma, ehm, le metto a disposizione. O almeno le segnalo per chiarire cosa intendo per verifica.<\/p>\n<p>Sempre per quella storia dell&#8217;intellettuale minore, minorissimo. Ma un po&#8217; rompicoglioni.<\/p>\n<p>Fatela, &#8216;sta verifica.<\/p>\n<p>Ah, dimenticavo.<\/p>\n<p>Il\u00a0<em>blog<\/em> \u00e8 a disposizione, per quel che vale. E naturalmente mi fa piacere avere risposte e commenti, anche magari su\u00a0<em>Facebook<\/em>. Perfino inviti a bere una birra o un <em>mojito\u00a0<\/em>(peraltro io sono un fan di\u00a0<em>Mister No<\/em>, quindi preferisco la\u00a0<em>caipirinha<\/em>). Per\u00f2 per favore non rispondetemi dicendo:\u00a0<em>caro Roberto,\u00a0ho gi\u00e0 spiegato le mie posizioni sul tale <\/em>blog<em> o sul tale sito o nel tale intervento pubblico<\/em> o quel che \u00e8.<\/p>\n<p>Non ditemelo. Condivisa, &#8216;sta verifica.<\/p>\n<p>Che le elezioni incombono e poi \u00e8 troppo tardi.<\/p>\n","protected":false},"excerpt":{"rendered":"<p>Venerd\u00ec scorso Davide Carta, un consigliere comunale del PD che conosco da una vita e che stimo, ha pubblicato su<\/p>\n","protected":false},"author":1,"featured_media":11145,"comment_status":"open","ping_status":"open","sticky":false,"template":"","format":"standard","meta":{"_mi_skip_tracking":false,"_monsterinsights_sitenote_active":false,"_monsterinsights_sitenote_note":"","_monsterinsights_sitenote_category":0,"jetpack_post_was_ever_published":false,"_jetpack_newsletter_access":"","jetpack_publicize_message":"","jetpack_is_tweetstorm":false,"jetpack_publicize_feature_enabled":true,"jetpack_social_post_already_shared":true,"jetpack_social_options":{"image_generator_settings":{"template":"highway","enabled":false}}},"categories":[52,57,17,59,16],"tags":[],"jetpack_publicize_connections":[],"jetpack_featured_media_url":"https:\/\/i0.wp.com\/www.robertosedda.it\/wp-content\/uploads\/2015\/11\/Davide-Carta.jpg?fit=480%2C723","jetpack_sharing_enabled":true,"jetpack_shortlink":"https:\/\/wp.me\/p4jV2T-2TK","jetpack_likes_enabled":true,"jetpack-related-posts":[{"id":7524,"url":"http:\/\/www.robertosedda.it\/?p=7524","url_meta":{"origin":11144,"position":0},"title":"Consigli non richiesti dopo le elezioni europee","author":"Rufus","date":"26\/05\/2014","format":false,"excerpt":"Ci sarebbero molte cose da dire su queste elezioni europee, ma mi ha colpito un aspetto probabilmente minore. Tempo fa girava in Italia questa barzelletta: Si racconta che quando Dio cre\u00f2 il mondo affinch\u00e9 gli uomini vi prosperassero decise di concedere loro due virt\u00f9. E cos\u00ec fece. Gli svizzeri li\u2026","rel":"","context":"In &quot;Coordinate&quot;","block_context":{"text":"Coordinate","link":"http:\/\/www.robertosedda.it\/?cat=52"},"img":{"alt_text":"","src":"https:\/\/i0.wp.com\/www.robertosedda.it\/wp-content\/uploads\/2014\/05\/Feudalesimo-e-libert\u00e0-6.jpg?fit=960%2C706&resize=350%2C200","width":350,"height":200,"srcset":"https:\/\/i0.wp.com\/www.robertosedda.it\/wp-content\/uploads\/2014\/05\/Feudalesimo-e-libert\u00e0-6.jpg?fit=960%2C706&resize=350%2C200 1x, https:\/\/i0.wp.com\/www.robertosedda.it\/wp-content\/uploads\/2014\/05\/Feudalesimo-e-libert\u00e0-6.jpg?fit=960%2C706&resize=700%2C400 2x"},"classes":[]},{"id":13316,"url":"http:\/\/www.robertosedda.it\/?p=13316","url_meta":{"origin":11144,"position":1},"title":"Quattro lezioni dalla scissione del PD per le organizzazioni a movente ideale","author":"Rufus","date":"01\/03\/2017","format":false,"excerpt":"Tessera si, tessera no Leggevo ieri su Facebook l'ennesima dichiarazione di un conoscente, una persona per quanto ne so buona e onesta, che dichiarava che non avrebbe rinnovato la tessera del PD. Lo so: in parte \u00e8 un tormentone, compreso tutto il codazzo di commenti sul genere:\u00a0no dai, proviamoci ancora\u2026","rel":"","context":"In &quot;Coordinate&quot;","block_context":{"text":"Coordinate","link":"http:\/\/www.robertosedda.it\/?cat=52"},"img":{"alt_text":"","src":"https:\/\/i0.wp.com\/www.robertosedda.it\/wp-content\/uploads\/2017\/02\/So-di-non-sapere-Biani.png?fit=600%2C763&resize=350%2C200","width":350,"height":200},"classes":[]},{"id":6491,"url":"http:\/\/www.robertosedda.it\/?p=6491","url_meta":{"origin":11144,"position":2},"title":"Mi espongo alla berlina: elezioni regionali","author":"Rufus","date":"18\/02\/2014","format":false,"excerpt":"Ai bei vecchi tempi di it.arti.cinema si usava il tag \"miespongoallaberlina\" per introdurre post in cui si lodavano film universalmente considerati brutti o si facevano altre cose estremamente imprudenti. Lo metto come titolo a questo articolo perch\u00e9 sto per fare una cosa che davvero non si dovrebbe fare: commentare i\u2026","rel":"","context":"In &quot;Coordinate&quot;","block_context":{"text":"Coordinate","link":"http:\/\/www.robertosedda.it\/?cat=52"},"img":{"alt_text":"","src":"https:\/\/i0.wp.com\/www.robertosedda.it\/wp-content\/uploads\/2014\/02\/Vittoria-Pigliaru.jpg?fit=960%2C637&resize=350%2C200","width":350,"height":200,"srcset":"https:\/\/i0.wp.com\/www.robertosedda.it\/wp-content\/uploads\/2014\/02\/Vittoria-Pigliaru.jpg?fit=960%2C637&resize=350%2C200 1x, https:\/\/i0.wp.com\/www.robertosedda.it\/wp-content\/uploads\/2014\/02\/Vittoria-Pigliaru.jpg?fit=960%2C637&resize=700%2C400 2x"},"classes":[]},{"id":10479,"url":"http:\/\/www.robertosedda.it\/?p=10479","url_meta":{"origin":11144,"position":3},"title":"Io non la compro","author":"Rufus","date":"01\/07\/2015","format":false,"excerpt":"Ricorderete che al momento dell'ultima chiusura ho raccontato del rapporto di affetto che mi ha legato per tanto tempo a\u00a0L'Unit\u00e0. Il giornale \u00e8 rientrato in edicola in questi giorni. Leggo che Renzi ha dichiarato: \u00abHo chiesto che l'Unit\u00e0 sia uno spazio di libert\u00e0, di confronto, di discussione\u00bb (l'enfasi \u00e8 mia).\u2026","rel":"","context":"In &quot;Coordinate&quot;","block_context":{"text":"Coordinate","link":"http:\/\/www.robertosedda.it\/?cat=52"},"img":{"alt_text":"","src":"https:\/\/i0.wp.com\/www.robertosedda.it\/wp-content\/uploads\/2015\/07\/Renzi-a-Berlino.jpg?fit=679%2C464&resize=350%2C200","width":350,"height":200},"classes":[]},{"id":10186,"url":"http:\/\/www.robertosedda.it\/?p=10186","url_meta":{"origin":11144,"position":4},"title":"Il tiepido e il vomito","author":"Rufus","date":"06\/05\/2015","format":false,"excerpt":"Mentre oggi di buon mattino seguivo una discussione su\u00a0Facebook\u00a0fra un noto scrittore, un deputato del PD e un segretario territoriale dello stesso partito, discussione che brillava per inconcludenza, per usare un eufemismo, riflettevo su tutta quella vasta area di opposizione interna al PD (\"interna\", e quindi salviamo lo scrittore) che\u2026","rel":"","context":"In &quot;Il pensiero&quot;","block_context":{"text":"Il pensiero","link":"http:\/\/www.robertosedda.it\/?cat=57"},"img":{"alt_text":"","src":"https:\/\/i0.wp.com\/www.robertosedda.it\/wp-content\/uploads\/2015\/05\/Laodicea.jpg?fit=640%2C360&resize=350%2C200","width":350,"height":200},"classes":[]},{"id":2986,"url":"http:\/\/www.robertosedda.it\/?p=2986","url_meta":{"origin":11144,"position":5},"title":"Il mio 25 aprile","author":"Rufus","date":"25\/04\/2013","format":"gallery","excerpt":"Oggi sono andato alla manifestazione: c'era un po' di gente, ma non tantissima, e oltretutto il corteo era diviso nettamente in due parti, una quella regular fit (cio\u00e8 il comitato organizzatore storico e gli enti pubblici) e l'altra quella straight line (cio\u00e8 il Coordinamento Antifascista) che a un certo punto\u2026","rel":"","context":"In &quot;Coordinate&quot;","block_context":{"text":"Coordinate","link":"http:\/\/www.robertosedda.it\/?cat=52"},"img":{"alt_text":"","src":"https:\/\/i0.wp.com\/www.robertosedda.it\/wp-content\/uploads\/2013\/04\/2013-04-25-10.05.31.jpg?resize=350%2C200","width":350,"height":200},"classes":[]}],"_links":{"self":[{"href":"http:\/\/www.robertosedda.it\/index.php?rest_route=\/wp\/v2\/posts\/11144"}],"collection":[{"href":"http:\/\/www.robertosedda.it\/index.php?rest_route=\/wp\/v2\/posts"}],"about":[{"href":"http:\/\/www.robertosedda.it\/index.php?rest_route=\/wp\/v2\/types\/post"}],"author":[{"embeddable":true,"href":"http:\/\/www.robertosedda.it\/index.php?rest_route=\/wp\/v2\/users\/1"}],"replies":[{"embeddable":true,"href":"http:\/\/www.robertosedda.it\/index.php?rest_route=%2Fwp%2Fv2%2Fcomments&post=11144"}],"version-history":[{"count":4,"href":"http:\/\/www.robertosedda.it\/index.php?rest_route=\/wp\/v2\/posts\/11144\/revisions"}],"predecessor-version":[{"id":11151,"href":"http:\/\/www.robertosedda.it\/index.php?rest_route=\/wp\/v2\/posts\/11144\/revisions\/11151"}],"wp:featuredmedia":[{"embeddable":true,"href":"http:\/\/www.robertosedda.it\/index.php?rest_route=\/wp\/v2\/media\/11145"}],"wp:attachment":[{"href":"http:\/\/www.robertosedda.it\/index.php?rest_route=%2Fwp%2Fv2%2Fmedia&parent=11144"}],"wp:term":[{"taxonomy":"category","embeddable":true,"href":"http:\/\/www.robertosedda.it\/index.php?rest_route=%2Fwp%2Fv2%2Fcategories&post=11144"},{"taxonomy":"post_tag","embeddable":true,"href":"http:\/\/www.robertosedda.it\/index.php?rest_route=%2Fwp%2Fv2%2Ftags&post=11144"}],"curies":[{"name":"wp","href":"https:\/\/api.w.org\/{rel}","templated":true}]}}