{"id":11134,"date":"2015-11-06T13:26:57","date_gmt":"2015-11-06T12:26:57","guid":{"rendered":"http:\/\/www.robertosedda.it\/?p=11134"},"modified":"2015-11-24T17:06:38","modified_gmt":"2015-11-24T16:06:38","slug":"cose-da-nulla-che-si-dimenticano-tipo-la-vita-eterna","status":"publish","type":"post","link":"http:\/\/www.robertosedda.it\/?p=11134","title":{"rendered":"Cose da nulla che si dimenticano, tipo la vita eterna"},"content":{"rendered":"<p>Ieri mentre uscivo di casa e andavo al lavoro mi \u00e8 venuto un pensiero, suggerito da qualche cronaca recente riguardante corvi e cornacchie che si aggirano intorno a San Pietro.<\/p>\n<p>Il pensiero era: \u00abMa questi, alla vita eterna, non ci credono?\u00bb.<\/p>\n<p>Dove <em>questi<\/em> erano le figure delle quali\u00a0di volta in volta, in questi scandali vaticani, si deve supporre l&#8217;esistenza. Se dei documenti vengono trafugati qualcuno l&#8217;avr\u00e0 pur fatto.\u00a0<em>Chi<\/em> l&#8217;abbia fatto lo appurer\u00e0 la giustizia: io pensavo ad altro.<\/p>\n<p>Alla vita eterna.<\/p>\n<p><a href=\"https:\/\/i0.wp.com\/www.robertosedda.it\/wp-content\/uploads\/2015\/11\/Maest\u00e0-di-Duccio.jpg\"><img data-attachment-id=\"11135\" data-permalink=\"http:\/\/www.robertosedda.it\/?attachment_id=11135\" data-orig-file=\"https:\/\/i0.wp.com\/www.robertosedda.it\/wp-content\/uploads\/2015\/11\/Maest\u00e0-di-Duccio.jpg?fit=1041%2C1000\" data-orig-size=\"1041,1000\" data-comments-opened=\"1\" data-image-meta=\"{&quot;aperture&quot;:&quot;0&quot;,&quot;credit&quot;:&quot;&quot;,&quot;camera&quot;:&quot;&quot;,&quot;caption&quot;:&quot;&quot;,&quot;created_timestamp&quot;:&quot;0&quot;,&quot;copyright&quot;:&quot;&quot;,&quot;focal_length&quot;:&quot;0&quot;,&quot;iso&quot;:&quot;0&quot;,&quot;shutter_speed&quot;:&quot;0&quot;,&quot;title&quot;:&quot;&quot;,&quot;orientation&quot;:&quot;0&quot;}\" data-image-title=\"Maest\u00e0 di Duccio\" data-image-description=\"\" data-image-caption=\"\" data-medium-file=\"https:\/\/i0.wp.com\/www.robertosedda.it\/wp-content\/uploads\/2015\/11\/Maest\u00e0-di-Duccio.jpg?fit=300%2C288\" data-large-file=\"https:\/\/i0.wp.com\/www.robertosedda.it\/wp-content\/uploads\/2015\/11\/Maest\u00e0-di-Duccio.jpg?fit=510%2C490\" decoding=\"async\" loading=\"lazy\" class=\"aligncenter size-full wp-image-11135\" src=\"https:\/\/i0.wp.com\/www.robertosedda.it\/wp-content\/uploads\/2015\/11\/Maest\u00e0-di-Duccio.jpg?resize=800%2C768\" alt=\"Maest\u00e0 di Duccio\" width=\"800\" height=\"768\" srcset=\"https:\/\/i0.wp.com\/www.robertosedda.it\/wp-content\/uploads\/2015\/11\/Maest\u00e0-di-Duccio.jpg?w=1041 1041w, https:\/\/i0.wp.com\/www.robertosedda.it\/wp-content\/uploads\/2015\/11\/Maest\u00e0-di-Duccio.jpg?resize=150%2C144 150w, https:\/\/i0.wp.com\/www.robertosedda.it\/wp-content\/uploads\/2015\/11\/Maest\u00e0-di-Duccio.jpg?resize=300%2C288 300w, https:\/\/i0.wp.com\/www.robertosedda.it\/wp-content\/uploads\/2015\/11\/Maest\u00e0-di-Duccio.jpg?resize=510%2C490 510w, https:\/\/i0.wp.com\/www.robertosedda.it\/wp-content\/uploads\/2015\/11\/Maest\u00e0-di-Duccio.jpg?resize=700%2C672 700w\" sizes=\"(max-width: 800px) 100vw, 800px\" data-recalc-dims=\"1\" \/><\/a>Lo so che la nostra non \u00e8 proprio l&#8217;epoca nella quale la vita eterna (o, pi\u00f9 propriamente, la salvezza dell&#8217;anima immortale) sia argomento del quale si parli a ogni pie&#8217; sospinto, per\u00f2 mi sembra il tema pi\u00f9 rilevante di tutta la questione.<\/p>\n<p>Voglio dire:\u00a0si parla di prelati, giusto? O di laici impegnati, che vivono gomito a gomito con le pi\u00f9 alte gerarchie ecclesiastiche.<\/p>\n<p>La maggior parte delle persone che frequento apparentemente alla vita eterna non ci pensa mai. Un po&#8217; la cosa mi turba ma penso: supplir\u00e0 la misericordia di Dio.<\/p>\n<p>Ma chi fa ruotare la sua vita attorno alla fede, alla vita eterna dovrebbe pensarci, no?<\/p>\n<p>Vedo gi\u00e0 teste che si scuotono con compatimento, come a dire:\u00a0<em>seeeee<\/em>, figurati se <i>ci credono.<\/i><\/p>\n<p>Mi sembrerebbe un\u00a0pensiero\u00a0superficiale. Io penso che ci credano. O meglio: \u00e8 chiaro che \u00e8 ben nota sin\u00a0fino dai cronisti medievali la figura della crassa empiet\u00e0 &#8211; ieri a <em>Oggi parliamo di libri<\/em><i>\u00a0ho evocato il frate Timoteo de\u00a0<\/i><em>La mandragola<\/em> &#8211; ma \u00e8 una spiegazione un po&#8217; troppo comoda, un po&#8217; troppo caricaturale.<\/p>\n<p>Io credo\u00a0che la maggior parte ci creda. O che ci credesse: se ha smesso il discorso non cambia, almeno non tanto.\u00a0Si pu\u00f2 discutere se un certo tipo di appartenenze o di ruoli ecclesiali induca a pensare sempre meno alla vita eterna e pi\u00f9 a quel che un tempo si sarebbero definiti beni terreni, il potere, la ricchezza, il far parte di cerchie esclusive, ma insomma: io penso che, se anche la copscienza\u00a0si \u00e8 affievolita, tutti ci credano.<\/p>\n<p>E quindi \u00e8 qui la mia perplessit\u00e0. Voglio dire: prima di preoccuparmi di tradire la fiducia del Papa io mi preoccuperei di tradire la fiducia di Dio, o no? Alla fin fine il Papa cosa pu\u00f2 farmi? Dio, invece, prima o poi lo si incontra faccia a faccia. E, come diceva il cantante, non conosciamo affatto\u00a0la statura di Dio, quindi il pensiero\u00a0dovrebbe sempre indurre a una certa esitazione.<\/p>\n<p>Non capisco. Davvero non riesco a capire.<\/p>\n","protected":false},"excerpt":{"rendered":"<p>Ieri mentre uscivo di casa e andavo al lavoro mi \u00e8 venuto un pensiero, suggerito da qualche cronaca recente riguardante<\/p>\n","protected":false},"author":1,"featured_media":11135,"comment_status":"open","ping_status":"open","sticky":false,"template":"","format":"standard","meta":{"_mi_skip_tracking":false,"_monsterinsights_sitenote_active":false,"_monsterinsights_sitenote_note":"","_monsterinsights_sitenote_category":0,"jetpack_post_was_ever_published":false,"_jetpack_newsletter_access":"","jetpack_publicize_message":"","jetpack_is_tweetstorm":false,"jetpack_publicize_feature_enabled":true,"jetpack_social_post_already_shared":true,"jetpack_social_options":{"image_generator_settings":{"template":"highway","enabled":false}}},"categories":[52,54,17,62,16],"tags":[],"jetpack_publicize_connections":[],"jetpack_featured_media_url":"https:\/\/i0.wp.com\/www.robertosedda.it\/wp-content\/uploads\/2015\/11\/Maest\u00e0-di-Duccio.jpg?fit=1041%2C1000","jetpack_sharing_enabled":true,"jetpack_shortlink":"https:\/\/wp.me\/p4jV2T-2TA","jetpack_likes_enabled":true,"jetpack-related-posts":[{"id":14374,"url":"http:\/\/www.robertosedda.it\/?p=14374","url_meta":{"origin":11134,"position":0},"title":"Mendicare (e la Chiesa)","author":"Rufus","date":"28\/11\/2017","format":false,"excerpt":"Questa estate in Alto Adige sono andato in chiesa (a Malles) e ho trovato questo: Era la copertina di un volantino stampato dai Gesuiti di Innsbruck e poi fatto proprio dalla diocesi: una breve lettura molto interessante che raccomando (non vi preoccupate per il tedesco: \u00e8 bilingue). Dice cose tipo:\u2026","rel":"","context":"In &quot;Coordinate&quot;","block_context":{"text":"Coordinate","link":"http:\/\/www.robertosedda.it\/?cat=52"},"img":{"alt_text":"","src":"https:\/\/i0.wp.com\/www.robertosedda.it\/wp-content\/uploads\/2017\/11\/Noi-e-i-mendicanti.jpg?fit=1000%2C565&resize=350%2C200","width":350,"height":200,"srcset":"https:\/\/i0.wp.com\/www.robertosedda.it\/wp-content\/uploads\/2017\/11\/Noi-e-i-mendicanti.jpg?fit=1000%2C565&resize=350%2C200 1x, https:\/\/i0.wp.com\/www.robertosedda.it\/wp-content\/uploads\/2017\/11\/Noi-e-i-mendicanti.jpg?fit=1000%2C565&resize=700%2C400 2x"},"classes":[]},{"id":12747,"url":"http:\/\/www.robertosedda.it\/?p=12747","url_meta":{"origin":11134,"position":1},"title":"Sadducei adolescenti","author":"Rufus","date":"08\/11\/2016","format":false,"excerpt":"Domenica a Messa\u00a0la liturgia della Parola\u00a0proponeva con forza il tema della vita eterna.\u00a0Era gi\u00e0 evidente nella prima lettura, presa dai Maccabei, e nella fede nella resurrezione dei pii ebrei martirizzati da Antioco,\u00a0e trovava il suo compimento nel Vangelo (Mt 22,23-32). In quello stesso giorno vennero a lui dei sadducei, i\u2026","rel":"","context":"In &quot;Coordinate&quot;","block_context":{"text":"Coordinate","link":"http:\/\/www.robertosedda.it\/?cat=52"},"img":{"alt_text":"","src":"https:\/\/i0.wp.com\/www.robertosedda.it\/wp-content\/uploads\/2016\/11\/Meme-scemi.jpg?fit=550%2C545&resize=350%2C200","width":350,"height":200},"classes":[]},{"id":10956,"url":"http:\/\/www.robertosedda.it\/?p=10956","url_meta":{"origin":11134,"position":2},"title":"Esegesi estemporanea della contabilit\u00e0","author":"Rufus","date":"06\/10\/2015","format":false,"excerpt":"Il fatto che in un municipio che fu a suo tempo dedicato a Ges\u00f9 Cristo Re venga esaltato chi ha fatto pratica costante di ateismo ed \u00e8 stato sepolto senza rito religioso, ci sembra una grave contraddizione e un pessimo esempio, esaltando la figura di un nemico di Cristo che,\u2026","rel":"","context":"In &quot;Coordinate&quot;","block_context":{"text":"Coordinate","link":"http:\/\/www.robertosedda.it\/?cat=52"},"img":{"alt_text":"","src":"https:\/\/i0.wp.com\/www.robertosedda.it\/wp-content\/uploads\/2015\/10\/Luigi_Gedda.jpg?resize=350%2C200","width":350,"height":200},"classes":[]},{"id":17965,"url":"http:\/\/www.robertosedda.it\/?p=17965","url_meta":{"origin":11134,"position":3},"title":"Strumenti per la lectio del 15 marzo","author":"Rufus","date":"15\/03\/2020","format":false,"excerpt":"La settimana scorsa ho scritto che pubblicavo materiali per la lectio al tempo del metro di distanza. Manco a farlo apposta, il giorno dopo siamo passati dal metro di distanza alla quarantena in casa. Nel frattempo vedo che c'\u00e8 tutto un fiorire di iniziative on line, sicuramente molto migliori del\u2026","rel":"","context":"In &quot;Coordinate&quot;","block_context":{"text":"Coordinate","link":"http:\/\/www.robertosedda.it\/?cat=52"},"img":{"alt_text":"","src":"https:\/\/i0.wp.com\/www.robertosedda.it\/wp-content\/uploads\/2018\/11\/Samaritana-Rupnik.jpg?fit=640%2C546&resize=350%2C200","width":350,"height":200},"classes":[]},{"id":18083,"url":"http:\/\/www.robertosedda.it\/?p=18083","url_meta":{"origin":11134,"position":4},"title":"Lectio di Pasqua","author":"Rufus","date":"11\/04\/2020","format":false,"excerpt":"Trovate qui di seguito, come ogni sabato, i materiali per una lectio sul Vangelo della domenica, da fare da soli o in comunit\u00e0 (telematica, in questo periodo). Come al solito ricordo che lo schema generale della lectio e il modo di farla del gruppo La Pira sono spiegati in questo\u2026","rel":"","context":"In &quot;Coordinate&quot;","block_context":{"text":"Coordinate","link":"http:\/\/www.robertosedda.it\/?cat=52"},"img":{"alt_text":"","src":"https:\/\/i0.wp.com\/www.robertosedda.it\/wp-content\/uploads\/2020\/04\/Rupnik-Pasqua.jpg?fit=822%2C1024&resize=350%2C200","width":350,"height":200,"srcset":"https:\/\/i0.wp.com\/www.robertosedda.it\/wp-content\/uploads\/2020\/04\/Rupnik-Pasqua.jpg?fit=822%2C1024&resize=350%2C200 1x, https:\/\/i0.wp.com\/www.robertosedda.it\/wp-content\/uploads\/2020\/04\/Rupnik-Pasqua.jpg?fit=822%2C1024&resize=700%2C400 2x"},"classes":[]},{"id":2357,"url":"http:\/\/www.robertosedda.it\/?p=2357","url_meta":{"origin":11134,"position":5},"title":"Giorno di festa","author":"Rufus","date":"26\/02\/2013","format":false,"excerpt":"Oggi \u00e8 giorno di festa, perch\u00e9 ho finalmente ritrovato la poesia di Nazim Hikmet citata nelle Fate ignoranti di Ozpetek. Hikmet \u00e8 pochi gradini sotto Brecht nella graduatoria dei miei poeti preferiti. Ora che ci penso: un altro poeta comunista della mia adolescenza (e no, mia mamma non mi leggeva\u2026","rel":"","context":"In &quot;Coordinate&quot;","block_context":{"text":"Coordinate","link":"http:\/\/www.robertosedda.it\/?cat=52"},"img":{"alt_text":"","src":"https:\/\/i0.wp.com\/www.robertosedda.it\/wp-content\/uploads\/2013\/02\/Nazim_Hikmet.jpg?fit=240%2C268&resize=350%2C200","width":350,"height":200},"classes":[]}],"_links":{"self":[{"href":"http:\/\/www.robertosedda.it\/index.php?rest_route=\/wp\/v2\/posts\/11134"}],"collection":[{"href":"http:\/\/www.robertosedda.it\/index.php?rest_route=\/wp\/v2\/posts"}],"about":[{"href":"http:\/\/www.robertosedda.it\/index.php?rest_route=\/wp\/v2\/types\/post"}],"author":[{"embeddable":true,"href":"http:\/\/www.robertosedda.it\/index.php?rest_route=\/wp\/v2\/users\/1"}],"replies":[{"embeddable":true,"href":"http:\/\/www.robertosedda.it\/index.php?rest_route=%2Fwp%2Fv2%2Fcomments&post=11134"}],"version-history":[{"count":1,"href":"http:\/\/www.robertosedda.it\/index.php?rest_route=\/wp\/v2\/posts\/11134\/revisions"}],"predecessor-version":[{"id":11136,"href":"http:\/\/www.robertosedda.it\/index.php?rest_route=\/wp\/v2\/posts\/11134\/revisions\/11136"}],"wp:featuredmedia":[{"embeddable":true,"href":"http:\/\/www.robertosedda.it\/index.php?rest_route=\/wp\/v2\/media\/11135"}],"wp:attachment":[{"href":"http:\/\/www.robertosedda.it\/index.php?rest_route=%2Fwp%2Fv2%2Fmedia&parent=11134"}],"wp:term":[{"taxonomy":"category","embeddable":true,"href":"http:\/\/www.robertosedda.it\/index.php?rest_route=%2Fwp%2Fv2%2Fcategories&post=11134"},{"taxonomy":"post_tag","embeddable":true,"href":"http:\/\/www.robertosedda.it\/index.php?rest_route=%2Fwp%2Fv2%2Ftags&post=11134"}],"curies":[{"name":"wp","href":"https:\/\/api.w.org\/{rel}","templated":true}]}}