{"id":11122,"date":"2015-11-05T10:09:08","date_gmt":"2015-11-05T09:09:08","guid":{"rendered":"http:\/\/www.robertosedda.it\/?p=11122"},"modified":"2017-11-23T18:53:37","modified_gmt":"2017-11-23T17:53:37","slug":"reblog-i-morti-per-strada-in-italia","status":"publish","type":"post","link":"http:\/\/www.robertosedda.it\/?p=11122","title":{"rendered":"REBLOG: I morti per strada in Italia"},"content":{"rendered":"<p><a href=\"http:\/\/www.fiab-onlus.it\/bici\/notizie\/notizie-varie\/news-varie\/item\/1304-aci-istat-2014.html\">Un articolo interessantissimo sui numeri e i meccanismi per i quali si muore per incidente stradale, in\u00a0Italia.<\/a><a href=\"https:\/\/i0.wp.com\/www.robertosedda.it\/wp-content\/uploads\/2015\/11\/Statistiche-incidenti-2014.jpg\"><img data-attachment-id=\"11123\" data-permalink=\"http:\/\/www.robertosedda.it\/?attachment_id=11123\" data-orig-file=\"https:\/\/i0.wp.com\/www.robertosedda.it\/wp-content\/uploads\/2015\/11\/Statistiche-incidenti-2014.jpg?fit=900%2C636\" data-orig-size=\"900,636\" data-comments-opened=\"1\" data-image-meta=\"{&quot;aperture&quot;:&quot;0&quot;,&quot;credit&quot;:&quot;&quot;,&quot;camera&quot;:&quot;&quot;,&quot;caption&quot;:&quot;&quot;,&quot;created_timestamp&quot;:&quot;0&quot;,&quot;copyright&quot;:&quot;&quot;,&quot;focal_length&quot;:&quot;0&quot;,&quot;iso&quot;:&quot;0&quot;,&quot;shutter_speed&quot;:&quot;0&quot;,&quot;title&quot;:&quot;&quot;,&quot;orientation&quot;:&quot;0&quot;}\" data-image-title=\"Statistiche incidenti 2014\" data-image-description=\"\" data-image-caption=\"\" data-medium-file=\"https:\/\/i0.wp.com\/www.robertosedda.it\/wp-content\/uploads\/2015\/11\/Statistiche-incidenti-2014.jpg?fit=300%2C212\" data-large-file=\"https:\/\/i0.wp.com\/www.robertosedda.it\/wp-content\/uploads\/2015\/11\/Statistiche-incidenti-2014.jpg?fit=510%2C360\" decoding=\"async\" loading=\"lazy\" class=\"aligncenter size-full wp-image-11123\" src=\"https:\/\/i0.wp.com\/www.robertosedda.it\/wp-content\/uploads\/2015\/11\/Statistiche-incidenti-2014.jpg?resize=800%2C565\" alt=\"Statistiche incidenti 2014\" width=\"800\" height=\"565\" srcset=\"https:\/\/i0.wp.com\/www.robertosedda.it\/wp-content\/uploads\/2015\/11\/Statistiche-incidenti-2014.jpg?w=900 900w, https:\/\/i0.wp.com\/www.robertosedda.it\/wp-content\/uploads\/2015\/11\/Statistiche-incidenti-2014.jpg?resize=150%2C106 150w, https:\/\/i0.wp.com\/www.robertosedda.it\/wp-content\/uploads\/2015\/11\/Statistiche-incidenti-2014.jpg?resize=300%2C212 300w, https:\/\/i0.wp.com\/www.robertosedda.it\/wp-content\/uploads\/2015\/11\/Statistiche-incidenti-2014.jpg?resize=510%2C360 510w, https:\/\/i0.wp.com\/www.robertosedda.it\/wp-content\/uploads\/2015\/11\/Statistiche-incidenti-2014.jpg?resize=700%2C495 700w\" sizes=\"(max-width: 800px) 100vw, 800px\" data-recalc-dims=\"1\" \/><\/a><\/p>\n","protected":false},"excerpt":{"rendered":"<p>Un articolo interessantissimo sui numeri e i meccanismi per i quali si muore per incidente stradale, in\u00a0Italia.<\/p>\n","protected":false},"author":1,"featured_media":11123,"comment_status":"open","ping_status":"open","sticky":false,"template":"","format":"standard","meta":{"_mi_skip_tracking":false,"_monsterinsights_sitenote_active":false,"_monsterinsights_sitenote_note":"","_monsterinsights_sitenote_category":0,"jetpack_post_was_ever_published":false,"_jetpack_newsletter_access":"","jetpack_publicize_message":"","jetpack_is_tweetstorm":false,"jetpack_publicize_feature_enabled":true,"jetpack_social_post_already_shared":true,"jetpack_social_options":{"image_generator_settings":{"template":"highway","enabled":false}}},"categories":[1],"tags":[],"jetpack_publicize_connections":[],"jetpack_featured_media_url":"https:\/\/i0.wp.com\/www.robertosedda.it\/wp-content\/uploads\/2015\/11\/Statistiche-incidenti-2014.jpg?fit=900%2C636","jetpack_sharing_enabled":true,"jetpack_shortlink":"https:\/\/wp.me\/p4jV2T-2To","jetpack_likes_enabled":true,"jetpack-related-posts":[{"id":4827,"url":"http:\/\/www.robertosedda.it\/?p=4827","url_meta":{"origin":11122,"position":0},"title":"Articoli depressivi","author":"Rufus","date":"29\/10\/2013","format":false,"excerpt":"L'altro giorno il mio amico Andrea Assorgia ha letto un articolo sull'economia italiana che io avevo promosso su Facebook, scritto da un altro amico, Vittorio Pelligra, e mi ha detto: \u00abL'ho letto e mi sono depresso\u00bb. Andrea ha una figlia piccola, che incidentalmente \u00e8 anche mia figlioccia, quindi la sua\u2026","rel":"","context":"In &quot;Coordinate&quot;","block_context":{"text":"Coordinate","link":"http:\/\/www.robertosedda.it\/?cat=52"},"img":{"alt_text":"","src":"https:\/\/i0.wp.com\/www.robertosedda.it\/wp-content\/uploads\/2013\/10\/Tassi-disoccupazione-Europa.jpg?resize=350%2C200","width":350,"height":200,"srcset":"https:\/\/i0.wp.com\/www.robertosedda.it\/wp-content\/uploads\/2013\/10\/Tassi-disoccupazione-Europa.jpg?resize=350%2C200 1x, https:\/\/i0.wp.com\/www.robertosedda.it\/wp-content\/uploads\/2013\/10\/Tassi-disoccupazione-Europa.jpg?resize=700%2C400 2x"},"classes":[]},{"id":7524,"url":"http:\/\/www.robertosedda.it\/?p=7524","url_meta":{"origin":11122,"position":1},"title":"Consigli non richiesti dopo le elezioni europee","author":"Rufus","date":"26\/05\/2014","format":false,"excerpt":"Ci sarebbero molte cose da dire su queste elezioni europee, ma mi ha colpito un aspetto probabilmente minore. Tempo fa girava in Italia questa barzelletta: Si racconta che quando Dio cre\u00f2 il mondo affinch\u00e9 gli uomini vi prosperassero decise di concedere loro due virt\u00f9. E cos\u00ec fece. Gli svizzeri li\u2026","rel":"","context":"In &quot;Coordinate&quot;","block_context":{"text":"Coordinate","link":"http:\/\/www.robertosedda.it\/?cat=52"},"img":{"alt_text":"","src":"https:\/\/i0.wp.com\/www.robertosedda.it\/wp-content\/uploads\/2014\/05\/Feudalesimo-e-libert\u00e0-6.jpg?fit=960%2C706&resize=350%2C200","width":350,"height":200,"srcset":"https:\/\/i0.wp.com\/www.robertosedda.it\/wp-content\/uploads\/2014\/05\/Feudalesimo-e-libert\u00e0-6.jpg?fit=960%2C706&resize=350%2C200 1x, https:\/\/i0.wp.com\/www.robertosedda.it\/wp-content\/uploads\/2014\/05\/Feudalesimo-e-libert\u00e0-6.jpg?fit=960%2C706&resize=700%2C400 2x"},"classes":[]},{"id":2327,"url":"http:\/\/www.robertosedda.it\/?p=2327","url_meta":{"origin":11122,"position":2},"title":"Girlfriend in a coma","author":"Rufus","date":"25\/02\/2013","format":"video","excerpt":"Ho visto sabato, con il gruppo La Pira, Girlfriend in a coma di Annalisa Piras, un film interpretato da Bill Emmott, ex direttore dell'Economist e basato su un suo libro dedicato all'Italia, Good Italy, bad Italy. Il titolo \u00e8 un omaggio a una bella canzone degli Smiths https:\/\/www.youtube.com\/watch?v=3GhoWZ5qTwI (casualmente uno\u2026","rel":"","context":"In &quot;Coordinate&quot;","block_context":{"text":"Coordinate","link":"http:\/\/www.robertosedda.it\/?cat=52"},"img":{"alt_text":"","src":"https:\/\/i0.wp.com\/img.youtube.com\/vi\/3GhoWZ5qTwI\/0.jpg?resize=350%2C200","width":350,"height":200},"classes":[]},{"id":4426,"url":"http:\/\/www.robertosedda.it\/?p=4426","url_meta":{"origin":11122,"position":3},"title":"L&#8217;intrepido","author":"Rufus","date":"11\/09\/2013","format":"video","excerpt":"Ho visto ieri, in buona compagnia, L'intrepido di Gianni Amelio, con Antonio Albanese, un film difficilmente definibile\u00a0con precisione ma comunque\u00a0una commedia amara, amarissima. \u00c8 difficile raccontarne la trama, non solo perch\u00e9 vorrei evitare anticipazioni, ma anche perch\u00e9 in realt\u00e0 rischia di essere fuorviante: immagino che molti abbiano letto o sentito\u2026","rel":"","context":"In &quot;Coordinate&quot;","block_context":{"text":"Coordinate","link":"http:\/\/www.robertosedda.it\/?cat=52"},"img":{"alt_text":"","src":"https:\/\/i0.wp.com\/img.youtube.com\/vi\/gfUrMY6id1o\/0.jpg?resize=350%2C200","width":350,"height":200},"classes":[]},{"id":5517,"url":"http:\/\/www.robertosedda.it\/?p=5517","url_meta":{"origin":11122,"position":4},"title":"Il sogno italiano","author":"Rufus","date":"19\/12\/2013","format":false,"excerpt":"L'articolo che segue \u00e8 molto tenero e un po', lo confesso, mi ha commosso (voglio dire, c'\u00e8 perfino la storia d'amore!). Riguarda la capacit\u00e0 che questo nostro sventurato paese ha ancora di rappresentare un sogno,\u00a0o addirittura\u00a0un mito, per tante persone dappertutto nel mondo. Ci sono arrivato girando un po' per\u2026","rel":"","context":"In &quot;Biografie&quot;","block_context":{"text":"Biografie","link":"http:\/\/www.robertosedda.it\/?cat=83"},"img":{"alt_text":"","src":"https:\/\/i0.wp.com\/www.robertosedda.it\/wp-content\/uploads\/2013\/12\/Annie-Ojile-2.jpg?fit=640%2C640&resize=350%2C200","width":350,"height":200},"classes":[]},{"id":10412,"url":"http:\/\/www.robertosedda.it\/?p=10412","url_meta":{"origin":11122,"position":5},"title":"L&#8217;agosto nero del commissario Trotti","author":"Rufus","date":"18\/06\/2015","format":false,"excerpt":"Sto leggendo Black August di Timothy Williams, un\u00a0giallo che ho comprato\u00a0un po' (poco) perch\u00e9\u00a0segnalato dalla\u00a0Crime Writers' Association ma soprattutto perch\u00e9 \u00e8 un curioso caso di romanzo scritto da un autore inglese ma ambientato in Italia. In realt\u00e0 nel grande supermercato globale della letteratura d'intrattenimento \u00e8 possibile ormai trovare gialli ambientati\u2026","rel":"","context":"In &quot;Coordinate&quot;","block_context":{"text":"Coordinate","link":"http:\/\/www.robertosedda.it\/?cat=52"},"img":{"alt_text":"","src":"https:\/\/i0.wp.com\/www.robertosedda.it\/wp-content\/uploads\/2015\/06\/Black-August-Timothy-Williams.jpg?fit=231%2C346&resize=350%2C200","width":350,"height":200},"classes":[]}],"_links":{"self":[{"href":"http:\/\/www.robertosedda.it\/index.php?rest_route=\/wp\/v2\/posts\/11122"}],"collection":[{"href":"http:\/\/www.robertosedda.it\/index.php?rest_route=\/wp\/v2\/posts"}],"about":[{"href":"http:\/\/www.robertosedda.it\/index.php?rest_route=\/wp\/v2\/types\/post"}],"author":[{"embeddable":true,"href":"http:\/\/www.robertosedda.it\/index.php?rest_route=\/wp\/v2\/users\/1"}],"replies":[{"embeddable":true,"href":"http:\/\/www.robertosedda.it\/index.php?rest_route=%2Fwp%2Fv2%2Fcomments&post=11122"}],"version-history":[{"count":1,"href":"http:\/\/www.robertosedda.it\/index.php?rest_route=\/wp\/v2\/posts\/11122\/revisions"}],"predecessor-version":[{"id":11124,"href":"http:\/\/www.robertosedda.it\/index.php?rest_route=\/wp\/v2\/posts\/11122\/revisions\/11124"}],"wp:featuredmedia":[{"embeddable":true,"href":"http:\/\/www.robertosedda.it\/index.php?rest_route=\/wp\/v2\/media\/11123"}],"wp:attachment":[{"href":"http:\/\/www.robertosedda.it\/index.php?rest_route=%2Fwp%2Fv2%2Fmedia&parent=11122"}],"wp:term":[{"taxonomy":"category","embeddable":true,"href":"http:\/\/www.robertosedda.it\/index.php?rest_route=%2Fwp%2Fv2%2Fcategories&post=11122"},{"taxonomy":"post_tag","embeddable":true,"href":"http:\/\/www.robertosedda.it\/index.php?rest_route=%2Fwp%2Fv2%2Ftags&post=11122"}],"curies":[{"name":"wp","href":"https:\/\/api.w.org\/{rel}","templated":true}]}}