{"id":11104,"date":"2015-11-03T10:12:47","date_gmt":"2015-11-03T09:12:47","guid":{"rendered":"http:\/\/www.robertosedda.it\/?p=11104"},"modified":"2015-12-09T12:21:09","modified_gmt":"2015-12-09T11:21:09","slug":"teatro-nonviolento-con-the-andric","status":"publish","type":"post","link":"http:\/\/www.robertosedda.it\/?p=11104","title":{"rendered":"Teatro nonviolento con <em>The Andric<\/em>"},"content":{"rendered":"<p><a href=\"https:\/\/i0.wp.com\/www.robertosedda.it\/wp-content\/uploads\/2015\/11\/The-Andric.jpg\"><img data-attachment-id=\"11105\" data-permalink=\"http:\/\/www.robertosedda.it\/?attachment_id=11105\" data-orig-file=\"https:\/\/i0.wp.com\/www.robertosedda.it\/wp-content\/uploads\/2015\/11\/The-Andric.jpg?fit=1146%2C629\" data-orig-size=\"1146,629\" data-comments-opened=\"1\" data-image-meta=\"{&quot;aperture&quot;:&quot;0&quot;,&quot;credit&quot;:&quot;Roberto Sedda&quot;,&quot;camera&quot;:&quot;&quot;,&quot;caption&quot;:&quot;&quot;,&quot;created_timestamp&quot;:&quot;1446545258&quot;,&quot;copyright&quot;:&quot;&quot;,&quot;focal_length&quot;:&quot;0&quot;,&quot;iso&quot;:&quot;0&quot;,&quot;shutter_speed&quot;:&quot;0&quot;,&quot;title&quot;:&quot;&quot;,&quot;orientation&quot;:&quot;0&quot;}\" data-image-title=\"The Andric\" data-image-description=\"\" data-image-caption=\"\" data-medium-file=\"https:\/\/i0.wp.com\/www.robertosedda.it\/wp-content\/uploads\/2015\/11\/The-Andric.jpg?fit=300%2C165\" data-large-file=\"https:\/\/i0.wp.com\/www.robertosedda.it\/wp-content\/uploads\/2015\/11\/The-Andric.jpg?fit=510%2C280\" decoding=\"async\" loading=\"lazy\" class=\"aligncenter size-full wp-image-11105\" src=\"https:\/\/i0.wp.com\/www.robertosedda.it\/wp-content\/uploads\/2015\/11\/The-Andric.jpg?resize=800%2C439\" alt=\"The Andric\" width=\"800\" height=\"439\" srcset=\"https:\/\/i0.wp.com\/www.robertosedda.it\/wp-content\/uploads\/2015\/11\/The-Andric.jpg?w=1146 1146w, https:\/\/i0.wp.com\/www.robertosedda.it\/wp-content\/uploads\/2015\/11\/The-Andric.jpg?resize=150%2C82 150w, https:\/\/i0.wp.com\/www.robertosedda.it\/wp-content\/uploads\/2015\/11\/The-Andric.jpg?resize=300%2C165 300w, https:\/\/i0.wp.com\/www.robertosedda.it\/wp-content\/uploads\/2015\/11\/The-Andric.jpg?resize=510%2C280 510w, https:\/\/i0.wp.com\/www.robertosedda.it\/wp-content\/uploads\/2015\/11\/The-Andric.jpg?resize=700%2C384 700w\" sizes=\"(max-width: 800px) 100vw, 800px\" data-recalc-dims=\"1\" \/><\/a>Mi sembra una cosa interessante: io ci vado anche perch\u00e9 con i soci di Banca Etica venerd\u00ec allestiremo un banchetto informativo, ma in generale come si pu\u00f2 resistere a un teatro\u00a0<em>nonviolento<\/em>?<\/p>\n","protected":false},"excerpt":{"rendered":"<p>Mi sembra una cosa interessante: io ci vado anche perch\u00e9 con i soci di Banca Etica venerd\u00ec allestiremo un banchetto<\/p>\n","protected":false},"author":1,"featured_media":11105,"comment_status":"open","ping_status":"open","sticky":false,"template":"","format":"standard","meta":{"_mi_skip_tracking":false,"_monsterinsights_sitenote_active":false,"_monsterinsights_sitenote_note":"","_monsterinsights_sitenote_category":0,"jetpack_post_was_ever_published":false,"_jetpack_newsletter_access":"","jetpack_publicize_message":"","jetpack_is_tweetstorm":false,"jetpack_publicize_feature_enabled":true,"jetpack_social_post_already_shared":true,"jetpack_social_options":{"image_generator_settings":{"template":"highway","enabled":false}}},"categories":[52,56,101,95,16],"tags":[],"jetpack_publicize_connections":[],"jetpack_featured_media_url":"https:\/\/i0.wp.com\/www.robertosedda.it\/wp-content\/uploads\/2015\/11\/The-Andric.jpg?fit=1146%2C629","jetpack_sharing_enabled":true,"jetpack_shortlink":"https:\/\/wp.me\/p4jV2T-2T6","jetpack_likes_enabled":true,"jetpack-related-posts":[{"id":11936,"url":"http:\/\/www.robertosedda.it\/?p=11936","url_meta":{"origin":11104,"position":0},"title":"Sono in giro da un po&#8217;","author":"Rufus","date":"10\/05\/2016","format":false,"excerpt":"Gi\u00e0. E oggi fanno 52. Dicevo ieri, all'aperitivo di benvenuto alla nuova banchiera ambulante di Cagliari di Banca Etica, che Enrico Euli e gli altri di\u00a0Passaparola furono quelli che introdussero a Cagliari la pratica dei\u00a0training\u00a0 nonviolenti e, per estensione, fecero da punto di riferimento per tutti quelli che, anche in\u2026","rel":"","context":"In &quot;Coordinate&quot;","block_context":{"text":"Coordinate","link":"http:\/\/www.robertosedda.it\/?cat=52"},"img":{"alt_text":"","src":"https:\/\/i0.wp.com\/www.robertosedda.it\/wp-content\/uploads\/2014\/05\/Centro-diocesano.jpg?fit=789%2C1200&resize=350%2C200","width":350,"height":200,"srcset":"https:\/\/i0.wp.com\/www.robertosedda.it\/wp-content\/uploads\/2014\/05\/Centro-diocesano.jpg?fit=789%2C1200&resize=350%2C200 1x, https:\/\/i0.wp.com\/www.robertosedda.it\/wp-content\/uploads\/2014\/05\/Centro-diocesano.jpg?fit=789%2C1200&resize=700%2C400 2x"},"classes":[]},{"id":6715,"url":"http:\/\/www.robertosedda.it\/?p=6715","url_meta":{"origin":11104,"position":1},"title":"Cosa c&#8217;entra la noviolenza col Museo Nivola di Orani?","author":"Rufus","date":"17\/03\/2014","format":false,"excerpt":"Un'ascendenza fortemente sentita Non so se ho mai raccontato qui sul blog di essere mezzo oranese - Delitala da parte di madre, e fierissimo di questa ascendenza - e quindi dotato di solidissime radici barbaricine. Se Cagliari \u00e8 la mia citt\u00e0 del cuore, senza merito perch\u00e9 vi sono nato e\u2026","rel":"","context":"In &quot;Coordinate&quot;","block_context":{"text":"Coordinate","link":"http:\/\/www.robertosedda.it\/?cat=52"},"img":{"alt_text":"","src":"https:\/\/i0.wp.com\/www.robertosedda.it\/wp-content\/uploads\/2014\/03\/Davanti-Sa-Itria-a-Orani.jpg?fit=960%2C720&resize=350%2C200","width":350,"height":200,"srcset":"https:\/\/i0.wp.com\/www.robertosedda.it\/wp-content\/uploads\/2014\/03\/Davanti-Sa-Itria-a-Orani.jpg?fit=960%2C720&resize=350%2C200 1x, https:\/\/i0.wp.com\/www.robertosedda.it\/wp-content\/uploads\/2014\/03\/Davanti-Sa-Itria-a-Orani.jpg?fit=960%2C720&resize=700%2C400 2x"},"classes":[]},{"id":13203,"url":"http:\/\/www.robertosedda.it\/?p=13203","url_meta":{"origin":11104,"position":2},"title":"La dea del Tantra e i manuali della nonviolenza passata","author":"Rufus","date":"02\/02\/2017","format":false,"excerpt":"Uno dei libri che sto consultando spesso, in questo periodo, \u00e8 il mio primo e pi\u00f9 fidato manuale di animazione dei gruppi,\u00a0Tecniche di animazione per la coesione del gruppo e un'azione sociale nonviolenta, un testo che per moltissimi della mia generazione \u00e8 stato la porta d'ingresso verso il mondo dell'animazione\u2026","rel":"","context":"In &quot;Coordinate&quot;","block_context":{"text":"Coordinate","link":"http:\/\/www.robertosedda.it\/?cat=52"},"img":{"alt_text":"","src":"https:\/\/i0.wp.com\/www.robertosedda.it\/wp-content\/uploads\/2017\/02\/Katz.jpg?fit=1200%2C675&resize=350%2C200","width":350,"height":200,"srcset":"https:\/\/i0.wp.com\/www.robertosedda.it\/wp-content\/uploads\/2017\/02\/Katz.jpg?fit=1200%2C675&resize=350%2C200 1x, https:\/\/i0.wp.com\/www.robertosedda.it\/wp-content\/uploads\/2017\/02\/Katz.jpg?fit=1200%2C675&resize=700%2C400 2x, https:\/\/i0.wp.com\/www.robertosedda.it\/wp-content\/uploads\/2017\/02\/Katz.jpg?fit=1200%2C675&resize=1050%2C600 3x"},"classes":[]},{"id":1805,"url":"http:\/\/www.robertosedda.it\/?p=1805","url_meta":{"origin":11104,"position":3},"title":"Due o tre cose che so sull&#8217;obiezione di coscienza","author":"Rufus","date":"04\/02\/2013","format":false,"excerpt":"Il post dell'altro giorno su Montecitorio e l'obiezione di coscienza \u00e8 legato al fatto che a fine dicembre \u00e8 stata esposta a Cagliari la Madonna di Nagasaki: in quell'occasione la Caritas ha organizzato un convegno per ricordare il trentennale della legge istitutiva del servizio civile. ll convegno \u00e8 stato un\u2026","rel":"","context":"In &quot;Biografie&quot;","block_context":{"text":"Biografie","link":"http:\/\/www.robertosedda.it\/?cat=83"},"img":{"alt_text":"","src":"https:\/\/i0.wp.com\/www.robertosedda.it\/wp-content\/uploads\/2013\/02\/189095_1008070813927_9322_n.jpg?fit=604%2C453&resize=350%2C200","width":350,"height":200},"classes":[]},{"id":19606,"url":"http:\/\/www.robertosedda.it\/?p=19606","url_meta":{"origin":11104,"position":4},"title":"Diari di progettazione: le cose che mi sono portato dietro per parlare di conflitto","author":"Rufus","date":"11\/05\/2022","format":false,"excerpt":"Il 30 aprile i soci di Banca Etica hanno fatto una giornata di formazione, nella sempre accogliente Domu de sa Contissa di Selegas, sul tema del conflitto. Non era, nelle intenzioni, un incontro di formazione sulla gestione del conflitto, tanto meno sulla gestione nonviolenta dei conflitti, per quanto quello fosse\u2026","rel":"","context":"In &quot;Coordinate&quot;","block_context":{"text":"Coordinate","link":"http:\/\/www.robertosedda.it\/?cat=52"},"img":{"alt_text":"","src":"https:\/\/i0.wp.com\/www.robertosedda.it\/wp-content\/uploads\/2022\/05\/Training-2.jpg?fit=400%2C552&resize=350%2C200","width":350,"height":200},"classes":[]},{"id":2410,"url":"http:\/\/www.robertosedda.it\/?p=2410","url_meta":{"origin":11104,"position":5},"title":"La vita cambia","author":"Rufus","date":"04\/03\/2013","format":false,"excerpt":"Quando ho compiuto i quarantacinque anni ho fatto, con una certa sorpresa, la riflessione di non essere poi cambiato cos\u00ec tanto rispetto ai vent'anni. A vent'anni stavo in Azione Cattolica: oggi - come quando ho compiuto i quarantacinque - ne faccio ancora parte, occupa ancora tanto dei miei pensieri e\u2026","rel":"","context":"In &quot;Coordinate&quot;","block_context":{"text":"Coordinate","link":"http:\/\/www.robertosedda.it\/?cat=52"},"img":{"alt_text":"","src":"https:\/\/i0.wp.com\/www.robertosedda.it\/wp-content\/uploads\/2013\/03\/ALIM2711.jpg?fit=1200%2C900&resize=350%2C200","width":350,"height":200,"srcset":"https:\/\/i0.wp.com\/www.robertosedda.it\/wp-content\/uploads\/2013\/03\/ALIM2711.jpg?fit=1200%2C900&resize=350%2C200 1x, https:\/\/i0.wp.com\/www.robertosedda.it\/wp-content\/uploads\/2013\/03\/ALIM2711.jpg?fit=1200%2C900&resize=700%2C400 2x, https:\/\/i0.wp.com\/www.robertosedda.it\/wp-content\/uploads\/2013\/03\/ALIM2711.jpg?fit=1200%2C900&resize=1050%2C600 3x"},"classes":[]}],"_links":{"self":[{"href":"http:\/\/www.robertosedda.it\/index.php?rest_route=\/wp\/v2\/posts\/11104"}],"collection":[{"href":"http:\/\/www.robertosedda.it\/index.php?rest_route=\/wp\/v2\/posts"}],"about":[{"href":"http:\/\/www.robertosedda.it\/index.php?rest_route=\/wp\/v2\/types\/post"}],"author":[{"embeddable":true,"href":"http:\/\/www.robertosedda.it\/index.php?rest_route=\/wp\/v2\/users\/1"}],"replies":[{"embeddable":true,"href":"http:\/\/www.robertosedda.it\/index.php?rest_route=%2Fwp%2Fv2%2Fcomments&post=11104"}],"version-history":[{"count":2,"href":"http:\/\/www.robertosedda.it\/index.php?rest_route=\/wp\/v2\/posts\/11104\/revisions"}],"predecessor-version":[{"id":11258,"href":"http:\/\/www.robertosedda.it\/index.php?rest_route=\/wp\/v2\/posts\/11104\/revisions\/11258"}],"wp:featuredmedia":[{"embeddable":true,"href":"http:\/\/www.robertosedda.it\/index.php?rest_route=\/wp\/v2\/media\/11105"}],"wp:attachment":[{"href":"http:\/\/www.robertosedda.it\/index.php?rest_route=%2Fwp%2Fv2%2Fmedia&parent=11104"}],"wp:term":[{"taxonomy":"category","embeddable":true,"href":"http:\/\/www.robertosedda.it\/index.php?rest_route=%2Fwp%2Fv2%2Fcategories&post=11104"},{"taxonomy":"post_tag","embeddable":true,"href":"http:\/\/www.robertosedda.it\/index.php?rest_route=%2Fwp%2Fv2%2Ftags&post=11104"}],"curies":[{"name":"wp","href":"https:\/\/api.w.org\/{rel}","templated":true}]}}