{"id":11061,"date":"2015-10-21T15:54:51","date_gmt":"2015-10-21T13:54:51","guid":{"rendered":"http:\/\/www.robertosedda.it\/?p=11061"},"modified":"2017-11-23T18:50:08","modified_gmt":"2017-11-23T17:50:08","slug":"finanza-for-dummies","status":"publish","type":"post","link":"http:\/\/www.robertosedda.it\/?p=11061","title":{"rendered":"Finanza for dummies"},"content":{"rendered":"<p>Mi ero sempre dimenticato di segnalare che \u00e8 disponibile l&#8217;intera registrazione di\u00a0<em>Finanza for dummies<\/em>, uno degli eventi dell&#8217;ultimo\u00a0festival di\u00a0<em>Internazionale<\/em> a Ferrara, condotto da Serena Dandini, Andrea Baranes e Emanuele Campiglio.<\/p>\n<p>\u00c8 divertente, \u00e8 istruttivo, \u00e8 coinvolgente: che volete di pi\u00f9?<\/p>\n<div class=\"jetpack-video-wrapper\"><span class=\"embed-youtube\" style=\"text-align:center; display: block;\"><iframe class=\"youtube-player\" width=\"800\" height=\"450\" src=\"https:\/\/www.youtube.com\/embed\/jSJPqZq_Y7Y?version=3&#038;rel=1&#038;showsearch=0&#038;showinfo=1&#038;iv_load_policy=1&#038;fs=1&#038;hl=it-IT&#038;autohide=2&#038;wmode=transparent\" allowfullscreen=\"true\" style=\"border:0;\" sandbox=\"allow-scripts allow-same-origin allow-popups allow-presentation\"><\/iframe><\/span><\/div>\n","protected":false},"excerpt":{"rendered":"<p>Mi ero sempre dimenticato di segnalare che \u00e8 disponibile l&#8217;intera registrazione di\u00a0Finanza for dummies, uno degli eventi dell&#8217;ultimo\u00a0festival di\u00a0Internazionale a<\/p>\n","protected":false},"author":1,"featured_media":0,"comment_status":"open","ping_status":"open","sticky":false,"template":"","format":"video","meta":{"_mi_skip_tracking":false,"_monsterinsights_sitenote_active":false,"_monsterinsights_sitenote_note":"","_monsterinsights_sitenote_category":0,"jetpack_post_was_ever_published":false,"_jetpack_newsletter_access":"","jetpack_publicize_message":"","jetpack_is_tweetstorm":false,"jetpack_publicize_feature_enabled":true,"jetpack_social_post_already_shared":true,"jetpack_social_options":{"image_generator_settings":{"template":"highway","enabled":false}}},"categories":[72,52,55,95,16],"tags":[],"jetpack_publicize_connections":[],"jetpack_featured_media_url":"","jetpack_sharing_enabled":true,"jetpack_shortlink":"https:\/\/wp.me\/p4jV2T-2Sp","jetpack_likes_enabled":true,"jetpack-related-posts":[{"id":11252,"url":"http:\/\/www.robertosedda.it\/?p=11252","url_meta":{"origin":11061,"position":0},"title":"Cambiamenti climatici e clima della finanza","author":"Rufus","date":"04\/12\/2015","format":false,"excerpt":"Ripropongo anche su questo\u00a0blog la posizione di Banca Etica sulla conferenza sul clima in svolgimento in questi giorni a Parigi. Lo sapete vero che Cagliari \u00e8 fra le citt\u00e0 che si pensa possano scomparire sotto l'acqua fra poche decine d'anni? Ma l'articolo mi sembra interessante perch\u00e9 lega, come dice nelle\u2026","rel":"","context":"In &quot;Banche e finanza&quot;","block_context":{"text":"Banche e finanza","link":"http:\/\/www.robertosedda.it\/?cat=72"},"img":{"alt_text":"","src":"","width":0,"height":0},"classes":[]},{"id":5896,"url":"http:\/\/www.robertosedda.it\/?p=5896","url_meta":{"origin":11061,"position":1},"title":"Campagna elettorale for dummies","author":"Rufus","date":"23\/01\/2014","format":false,"excerpt":"In epoca di elezioni diventa pi\u00f9 difficile scrivere di politica per chi, come me, si \u00e8 sempre ripromesso di non dire mai per chi vota. Il che un po' in questi giorni mi pesa, perch\u00e9 ho delle cose \"di politica\" da dire e non \u00e8 facile destreggiarsi. Ci provo. Una\u2026","rel":"","context":"In &quot;Coordinate&quot;","block_context":{"text":"Coordinate","link":"http:\/\/www.robertosedda.it\/?cat=52"},"img":{"alt_text":"","src":"https:\/\/i0.wp.com\/www.robertosedda.it\/wp-content\/uploads\/2014\/01\/Elezioni-per-dummies.jpg?fit=319%2C400&resize=350%2C200","width":350,"height":200},"classes":[]},{"id":14951,"url":"http:\/\/www.robertosedda.it\/?p=14951","url_meta":{"origin":11061,"position":2},"title":"Fatevi la vostra finanza etica: quel che ho detto alla Bottega &#8220;Oscar Romero&#8221;","author":"Rufus","date":"05\/04\/2018","format":false,"excerpt":"Il 19 marzo sono andato alla Bottega del commercio equo Oscar Romero di Cagliari a parlare di finanza etica. Era l'incontro conclusivo di un corso per futuri operatori della Bottega e in generale per volontari che volessero dotarsi di strumenti pi\u00f9 approfonditi, quindi non mi sembrava il caso di andare\u2026","rel":"","context":"In &quot;Banche e finanza&quot;","block_context":{"text":"Banche e finanza","link":"http:\/\/www.robertosedda.it\/?cat=72"},"img":{"alt_text":"","src":"https:\/\/i0.wp.com\/www.robertosedda.it\/wp-content\/uploads\/2018\/04\/Relaxione-finazna-etica-Oscar-Romero.jpg?fit=1200%2C828&resize=350%2C200","width":350,"height":200,"srcset":"https:\/\/i0.wp.com\/www.robertosedda.it\/wp-content\/uploads\/2018\/04\/Relaxione-finazna-etica-Oscar-Romero.jpg?fit=1200%2C828&resize=350%2C200 1x, https:\/\/i0.wp.com\/www.robertosedda.it\/wp-content\/uploads\/2018\/04\/Relaxione-finazna-etica-Oscar-Romero.jpg?fit=1200%2C828&resize=700%2C400 2x, https:\/\/i0.wp.com\/www.robertosedda.it\/wp-content\/uploads\/2018\/04\/Relaxione-finazna-etica-Oscar-Romero.jpg?fit=1200%2C828&resize=1050%2C600 3x"},"classes":[]},{"id":7459,"url":"http:\/\/www.robertosedda.it\/?p=7459","url_meta":{"origin":11061,"position":3},"title":"Il banchiere dei poveri a &#8220;Oggi parliamo di libri&#8221;","author":"Rufus","date":"17\/05\/2014","format":"video","excerpt":"Il 13 marzo, in piena festa della finanza etica sono andato in onda su Oggi parliamo di libri e ho aggiunto il mio piccolo contributo ai festeggiamenti presentando Il banchiere dei poveri di Muhammad Yunus, il fondatore della Grameen Bank del Bangladesh, considerato l'inventore del moderno microcredito. La puntata \u00e8\u2026","rel":"","context":"In &quot;Biografie&quot;","block_context":{"text":"Biografie","link":"http:\/\/www.robertosedda.it\/?cat=83"},"img":{"alt_text":"","src":"https:\/\/i0.wp.com\/www.robertosedda.it\/wp-content\/uploads\/2014\/05\/Finanza-per-indignati.jpg?fit=282%2C420&resize=350%2C200","width":350,"height":200},"classes":[]},{"id":14873,"url":"http:\/\/www.robertosedda.it\/?p=14873","url_meta":{"origin":11061,"position":4},"title":"Per definire la finanza etica","author":"Rufus","date":"19\/03\/2018","format":false,"excerpt":"Stasera devo tenere una relazione al corso per futuri volontari della Bottega del Commercio Equo di\u00a0Oscar Romero\u00a0per spiegare cosa \u00e8 la finanza etica (punto centrale della relazione: una definizione comunemente accettata non c'\u00e8, facciamocene una ragione e costruiamoci la nostra). Mentre mi preparavo mi sono accorto che non esiste in\u2026","rel":"","context":"In &quot;Coordinate&quot;","block_context":{"text":"Coordinate","link":"http:\/\/www.robertosedda.it\/?cat=52"},"img":{"alt_text":"","src":"https:\/\/i0.wp.com\/www.robertosedda.it\/wp-content\/uploads\/2018\/03\/GABV-1.jpg?fit=1000%2C811&resize=350%2C200","width":350,"height":200,"srcset":"https:\/\/i0.wp.com\/www.robertosedda.it\/wp-content\/uploads\/2018\/03\/GABV-1.jpg?fit=1000%2C811&resize=350%2C200 1x, https:\/\/i0.wp.com\/www.robertosedda.it\/wp-content\/uploads\/2018\/03\/GABV-1.jpg?fit=1000%2C811&resize=700%2C400 2x"},"classes":[]},{"id":6777,"url":"http:\/\/www.robertosedda.it\/?p=6777","url_meta":{"origin":11061,"position":5},"title":"\u00abFai un intervento politico&#8230;\u00bb","author":"Rufus","date":"18\/03\/2014","format":false,"excerpt":"\u00abFai un intervento politico...\u00bb \u00e8 la raccomandazione che sto facendo a tutti quelli che mi chiedono: \u00abChe devo dire?\u00bb. Stasera modero il dibattito (che spero succoso, interessante e partecipato) durante La finanza non \u00e8 un gioco, l'appuntamento cagliaritano della festa della finanza etica\u00a0che in tutta Italia\u00a0celebra i quindici anni di\u2026","rel":"","context":"In &quot;Banche e finanza&quot;","block_context":{"text":"Banche e finanza","link":"http:\/\/www.robertosedda.it\/?cat=72"},"img":{"alt_text":"","src":"https:\/\/i0.wp.com\/www.robertosedda.it\/wp-content\/uploads\/2014\/03\/Locandina.jpg?fit=664%2C960&resize=350%2C200","width":350,"height":200},"classes":[]}],"_links":{"self":[{"href":"http:\/\/www.robertosedda.it\/index.php?rest_route=\/wp\/v2\/posts\/11061"}],"collection":[{"href":"http:\/\/www.robertosedda.it\/index.php?rest_route=\/wp\/v2\/posts"}],"about":[{"href":"http:\/\/www.robertosedda.it\/index.php?rest_route=\/wp\/v2\/types\/post"}],"author":[{"embeddable":true,"href":"http:\/\/www.robertosedda.it\/index.php?rest_route=\/wp\/v2\/users\/1"}],"replies":[{"embeddable":true,"href":"http:\/\/www.robertosedda.it\/index.php?rest_route=%2Fwp%2Fv2%2Fcomments&post=11061"}],"version-history":[{"count":2,"href":"http:\/\/www.robertosedda.it\/index.php?rest_route=\/wp\/v2\/posts\/11061\/revisions"}],"predecessor-version":[{"id":14367,"href":"http:\/\/www.robertosedda.it\/index.php?rest_route=\/wp\/v2\/posts\/11061\/revisions\/14367"}],"wp:attachment":[{"href":"http:\/\/www.robertosedda.it\/index.php?rest_route=%2Fwp%2Fv2%2Fmedia&parent=11061"}],"wp:term":[{"taxonomy":"category","embeddable":true,"href":"http:\/\/www.robertosedda.it\/index.php?rest_route=%2Fwp%2Fv2%2Fcategories&post=11061"},{"taxonomy":"post_tag","embeddable":true,"href":"http:\/\/www.robertosedda.it\/index.php?rest_route=%2Fwp%2Fv2%2Ftags&post=11061"}],"curies":[{"name":"wp","href":"https:\/\/api.w.org\/{rel}","templated":true}]}}