{"id":11014,"date":"2015-10-14T16:58:27","date_gmt":"2015-10-14T14:58:27","guid":{"rendered":"http:\/\/www.robertosedda.it\/?p=11014"},"modified":"2015-10-17T15:11:24","modified_gmt":"2015-10-17T13:11:24","slug":"vediamoci-a-iglesias","status":"publish","type":"post","link":"http:\/\/www.robertosedda.it\/?p=11014","title":{"rendered":"Vediamoci a Iglesias"},"content":{"rendered":"<p>Sabato sono a Iglesias per prendere parte a una tavola rotonda, come vedete qui sotto.<\/p>\n<p><a href=\"https:\/\/i0.wp.com\/www.robertosedda.it\/wp-content\/uploads\/2015\/10\/Carovana-dignit\u00e0-lavoro.jpg\"><img data-attachment-id=\"11015\" data-permalink=\"http:\/\/www.robertosedda.it\/?attachment_id=11015\" data-orig-file=\"https:\/\/i0.wp.com\/www.robertosedda.it\/wp-content\/uploads\/2015\/10\/Carovana-dignit\u00e0-lavoro.jpg?fit=678%2C960\" data-orig-size=\"678,960\" data-comments-opened=\"1\" data-image-meta=\"{&quot;aperture&quot;:&quot;0&quot;,&quot;credit&quot;:&quot;&quot;,&quot;camera&quot;:&quot;&quot;,&quot;caption&quot;:&quot;&quot;,&quot;created_timestamp&quot;:&quot;0&quot;,&quot;copyright&quot;:&quot;&quot;,&quot;focal_length&quot;:&quot;0&quot;,&quot;iso&quot;:&quot;0&quot;,&quot;shutter_speed&quot;:&quot;0&quot;,&quot;title&quot;:&quot;&quot;,&quot;orientation&quot;:&quot;0&quot;}\" data-image-title=\"Carovana dignit\u00e0 lavoro\" data-image-description=\"\" data-image-caption=\"\" data-medium-file=\"https:\/\/i0.wp.com\/www.robertosedda.it\/wp-content\/uploads\/2015\/10\/Carovana-dignit\u00e0-lavoro.jpg?fit=212%2C300\" data-large-file=\"https:\/\/i0.wp.com\/www.robertosedda.it\/wp-content\/uploads\/2015\/10\/Carovana-dignit\u00e0-lavoro.jpg?fit=510%2C722\" decoding=\"async\" loading=\"lazy\" class=\"aligncenter size-full wp-image-11015\" src=\"https:\/\/i0.wp.com\/www.robertosedda.it\/wp-content\/uploads\/2015\/10\/Carovana-dignit\u00e0-lavoro.jpg?resize=678%2C960\" alt=\"Carovana dignit\u00e0 lavoro\" width=\"678\" height=\"960\" srcset=\"https:\/\/i0.wp.com\/www.robertosedda.it\/wp-content\/uploads\/2015\/10\/Carovana-dignit\u00e0-lavoro.jpg?w=678 678w, https:\/\/i0.wp.com\/www.robertosedda.it\/wp-content\/uploads\/2015\/10\/Carovana-dignit\u00e0-lavoro.jpg?resize=106%2C150 106w, https:\/\/i0.wp.com\/www.robertosedda.it\/wp-content\/uploads\/2015\/10\/Carovana-dignit\u00e0-lavoro.jpg?resize=212%2C300 212w, https:\/\/i0.wp.com\/www.robertosedda.it\/wp-content\/uploads\/2015\/10\/Carovana-dignit\u00e0-lavoro.jpg?resize=510%2C722 510w\" sizes=\"(max-width: 678px) 100vw, 678px\" data-recalc-dims=\"1\" \/><\/a>Non so bene quanti dei miei contatti o lettori siano della zona del Sulcis-Iglesiente, ma se qualcuno volesse\u00a0venire a sentire e a discutere ne sar\u00f2 molto contento.<\/p>\n","protected":false},"excerpt":{"rendered":"<p>Sabato sono a Iglesias per prendere parte a una tavola rotonda, come vedete qui sotto. Non so bene quanti dei<\/p>\n","protected":false},"author":1,"featured_media":11015,"comment_status":"open","ping_status":"open","sticky":false,"template":"","format":"image","meta":{"_mi_skip_tracking":false,"_monsterinsights_sitenote_active":false,"_monsterinsights_sitenote_note":"","_monsterinsights_sitenote_category":0,"jetpack_post_was_ever_published":false,"_jetpack_newsletter_access":"","jetpack_publicize_message":"","jetpack_is_tweetstorm":false,"jetpack_publicize_feature_enabled":true,"jetpack_social_post_already_shared":true,"jetpack_social_options":{"image_generator_settings":{"template":"highway","enabled":false}}},"categories":[72,52,55,17,16],"tags":[],"jetpack_publicize_connections":[],"jetpack_featured_media_url":"https:\/\/i0.wp.com\/www.robertosedda.it\/wp-content\/uploads\/2015\/10\/Carovana-dignit\u00e0-lavoro.jpg?fit=678%2C960","jetpack_sharing_enabled":true,"jetpack_shortlink":"https:\/\/wp.me\/p4jV2T-2RE","jetpack_likes_enabled":true,"jetpack-related-posts":[{"id":13637,"url":"http:\/\/www.robertosedda.it\/?p=13637","url_meta":{"origin":11014,"position":0},"title":"A Iglesias. Per la pace","author":"Rufus","date":"03\/05\/2017","format":false,"excerpt":"Domenica vado con altri soci di Banca Etica ad Iglesias. Per la pace. O forse, meglio, contro il commercio di armi.L'iniziativa \u00e8 dello stesso filone di altre iniziative di cui ho gi\u00e0 parlato. La riflessione che faccio, casomai, \u00e8 sulla ricorsivit\u00e0 di certe situazioni: negli ultimi anni il tema delle\u2026","rel":"","context":"In &quot;Coordinate&quot;","block_context":{"text":"Coordinate","link":"http:\/\/www.robertosedda.it\/?cat=52"},"img":{"alt_text":"","src":"https:\/\/i0.wp.com\/www.robertosedda.it\/wp-content\/uploads\/2017\/05\/runforunityiglesias.jpg?fit=856%2C1200&resize=350%2C200","width":350,"height":200,"srcset":"https:\/\/i0.wp.com\/www.robertosedda.it\/wp-content\/uploads\/2017\/05\/runforunityiglesias.jpg?fit=856%2C1200&resize=350%2C200 1x, https:\/\/i0.wp.com\/www.robertosedda.it\/wp-content\/uploads\/2017\/05\/runforunityiglesias.jpg?fit=856%2C1200&resize=700%2C400 2x"},"classes":[]},{"id":17462,"url":"http:\/\/www.robertosedda.it\/?p=17462","url_meta":{"origin":11014,"position":1},"title":"Piccola storia significativa","author":"Rufus","date":"21\/10\/2019","format":false,"excerpt":"Dunque, la storia \u00e8 questa. Sabato io e Maria Bonaria, con alcuni altri soci del GIT, siamo andati a Iglesias per il convegno Totus impari: pace utopia o speranza del mondo?, organizzato dalla comunit\u00e0 battista del Sulcis-Iglesiente. Un po' siamo andati per amicizia nei confronti della pastora Elizabeth Green, che\u2026","rel":"","context":"In &quot;Coordinate&quot;","block_context":{"text":"Coordinate","link":"http:\/\/www.robertosedda.it\/?cat=52"},"img":{"alt_text":"","src":"https:\/\/i0.wp.com\/www.robertosedda.it\/wp-content\/uploads\/2019\/10\/io-e-bonnie-grande.gif?fit=900%2C1200&resize=350%2C200","width":350,"height":200,"srcset":"https:\/\/i0.wp.com\/www.robertosedda.it\/wp-content\/uploads\/2019\/10\/io-e-bonnie-grande.gif?fit=900%2C1200&resize=350%2C200 1x, https:\/\/i0.wp.com\/www.robertosedda.it\/wp-content\/uploads\/2019\/10\/io-e-bonnie-grande.gif?fit=900%2C1200&resize=700%2C400 2x"},"classes":[]},{"id":14308,"url":"http:\/\/www.robertosedda.it\/?p=14308","url_meta":{"origin":11014,"position":2},"title":"Pace &#8211; lavoro &#8211; sviluppo","author":"Rufus","date":"20\/11\/2017","format":false,"excerpt":"Il 3 dicembre prossimo a Iglesias si terr\u00e0 un convegno importantissimo. Se date un'occhiata sono sicuro che lo penserete anche voi. E no, non \u00e8 importane perch\u00e9 ci sono anche io, ma nemmeno perch\u00e9 ci sono fior di relatori di grande valore: \u00e8 importante perch\u00e9 \u00e8 uno sforzo cosciente per\u2026","rel":"","context":"In &quot;Coordinate&quot;","block_context":{"text":"Coordinate","link":"http:\/\/www.robertosedda.it\/?cat=52"},"img":{"alt_text":"","src":"https:\/\/i0.wp.com\/www.robertosedda.it\/wp-content\/uploads\/2017\/11\/Locandina_evento-3-dicembre_DEF2-001.jpg?fit=848%2C1200&resize=350%2C200","width":350,"height":200,"srcset":"https:\/\/i0.wp.com\/www.robertosedda.it\/wp-content\/uploads\/2017\/11\/Locandina_evento-3-dicembre_DEF2-001.jpg?fit=848%2C1200&resize=350%2C200 1x, https:\/\/i0.wp.com\/www.robertosedda.it\/wp-content\/uploads\/2017\/11\/Locandina_evento-3-dicembre_DEF2-001.jpg?fit=848%2C1200&resize=700%2C400 2x"},"classes":[]},{"id":17656,"url":"http:\/\/www.robertosedda.it\/?p=17656","url_meta":{"origin":11014,"position":3},"title":"Ma esattamente, cosa state facendo?","author":"Rufus","date":"10\/01\/2020","format":false,"excerpt":"Stasera inizia un trittico di iniziative del gruppo locale dei soci di Banca Etica che si snoder\u00e0 fra Cagliari e Iglesias e per il quale lavoriamo da mesi, con grandi fatiche. Parentesi, assolutamente fuori tema: tutte le volte che si parla di fatiche, mi viene in mente un brano bellissimo\u2026","rel":"","context":"In &quot;Banche e finanza&quot;","block_context":{"text":"Banche e finanza","link":"http:\/\/www.robertosedda.it\/?cat=72"},"img":{"alt_text":"","src":"https:\/\/i0.wp.com\/www.robertosedda.it\/wp-content\/uploads\/2020\/01\/Locandina-generale.jpg?fit=848%2C1200&resize=350%2C200","width":350,"height":200,"srcset":"https:\/\/i0.wp.com\/www.robertosedda.it\/wp-content\/uploads\/2020\/01\/Locandina-generale.jpg?fit=848%2C1200&resize=350%2C200 1x, https:\/\/i0.wp.com\/www.robertosedda.it\/wp-content\/uploads\/2020\/01\/Locandina-generale.jpg?fit=848%2C1200&resize=700%2C400 2x"},"classes":[]},{"id":16742,"url":"http:\/\/www.robertosedda.it\/?p=16742","url_meta":{"origin":11014,"position":4},"title":"Non dimenticate lo Yemen!","author":"Rufus","date":"29\/05\/2019","format":false,"excerpt":"Credo sappiate che sia come socio di Banca Etica che a livello personale sono impegnato sulla questione delle bombe fabbricate in Sardegna e vendute all'Arabia Saudita, che poi le usa per bombardare lo Yemen. Vi segnalo perci\u00f2 una serie di eventi di sensibilizzazione sull'argomento. Apre domani a Iglesias (chiostro di\u2026","rel":"","context":"In &quot;Coordinate&quot;","block_context":{"text":"Coordinate","link":"http:\/\/www.robertosedda.it\/?cat=52"},"img":{"alt_text":"","src":"https:\/\/i0.wp.com\/www.robertosedda.it\/wp-content\/uploads\/2019\/05\/4a8054d1-7790-46b5-9e58-60d5992a7396.jpg?fit=1200%2C675&resize=350%2C200","width":350,"height":200,"srcset":"https:\/\/i0.wp.com\/www.robertosedda.it\/wp-content\/uploads\/2019\/05\/4a8054d1-7790-46b5-9e58-60d5992a7396.jpg?fit=1200%2C675&resize=350%2C200 1x, https:\/\/i0.wp.com\/www.robertosedda.it\/wp-content\/uploads\/2019\/05\/4a8054d1-7790-46b5-9e58-60d5992a7396.jpg?fit=1200%2C675&resize=700%2C400 2x, https:\/\/i0.wp.com\/www.robertosedda.it\/wp-content\/uploads\/2019\/05\/4a8054d1-7790-46b5-9e58-60d5992a7396.jpg?fit=1200%2C675&resize=1050%2C600 3x"},"classes":[]},{"id":2663,"url":"http:\/\/www.robertosedda.it\/?p=2663","url_meta":{"origin":11014,"position":5},"title":"Videogame?","author":"Rufus","date":"26\/03\/2013","format":false,"excerpt":"L'altra sera, preparandomi per l'incontro di Iglesias su Impariamo a stare in rete (sugli stessi temi di un altro gi\u00e0 fatto a Cagliari), mi sono imbattuto in questo sito: Ha una grafica fantastica. Sembra un videogame. In realt\u00e0 \u00e8 il sito ufficiale del Dipartimento di polizia di Milwaukee (visitatelo, \u00e8\u2026","rel":"","context":"In &quot;Coordinate&quot;","block_context":{"text":"Coordinate","link":"http:\/\/www.robertosedda.it\/?cat=52"},"img":{"alt_text":"","src":"https:\/\/i0.wp.com\/www.robertosedda.it\/wp-content\/uploads\/2013\/03\/Schermata-1.png?fit=1200%2C595&resize=350%2C200","width":350,"height":200,"srcset":"https:\/\/i0.wp.com\/www.robertosedda.it\/wp-content\/uploads\/2013\/03\/Schermata-1.png?fit=1200%2C595&resize=350%2C200 1x, https:\/\/i0.wp.com\/www.robertosedda.it\/wp-content\/uploads\/2013\/03\/Schermata-1.png?fit=1200%2C595&resize=700%2C400 2x, https:\/\/i0.wp.com\/www.robertosedda.it\/wp-content\/uploads\/2013\/03\/Schermata-1.png?fit=1200%2C595&resize=1050%2C600 3x"},"classes":[]}],"_links":{"self":[{"href":"http:\/\/www.robertosedda.it\/index.php?rest_route=\/wp\/v2\/posts\/11014"}],"collection":[{"href":"http:\/\/www.robertosedda.it\/index.php?rest_route=\/wp\/v2\/posts"}],"about":[{"href":"http:\/\/www.robertosedda.it\/index.php?rest_route=\/wp\/v2\/types\/post"}],"author":[{"embeddable":true,"href":"http:\/\/www.robertosedda.it\/index.php?rest_route=\/wp\/v2\/users\/1"}],"replies":[{"embeddable":true,"href":"http:\/\/www.robertosedda.it\/index.php?rest_route=%2Fwp%2Fv2%2Fcomments&post=11014"}],"version-history":[{"count":1,"href":"http:\/\/www.robertosedda.it\/index.php?rest_route=\/wp\/v2\/posts\/11014\/revisions"}],"predecessor-version":[{"id":11016,"href":"http:\/\/www.robertosedda.it\/index.php?rest_route=\/wp\/v2\/posts\/11014\/revisions\/11016"}],"wp:featuredmedia":[{"embeddable":true,"href":"http:\/\/www.robertosedda.it\/index.php?rest_route=\/wp\/v2\/media\/11015"}],"wp:attachment":[{"href":"http:\/\/www.robertosedda.it\/index.php?rest_route=%2Fwp%2Fv2%2Fmedia&parent=11014"}],"wp:term":[{"taxonomy":"category","embeddable":true,"href":"http:\/\/www.robertosedda.it\/index.php?rest_route=%2Fwp%2Fv2%2Fcategories&post=11014"},{"taxonomy":"post_tag","embeddable":true,"href":"http:\/\/www.robertosedda.it\/index.php?rest_route=%2Fwp%2Fv2%2Ftags&post=11014"}],"curies":[{"name":"wp","href":"https:\/\/api.w.org\/{rel}","templated":true}]}}