{"id":10961,"date":"2015-10-07T10:13:09","date_gmt":"2015-10-07T08:13:09","guid":{"rendered":"http:\/\/www.robertosedda.it\/?p=10961"},"modified":"2015-10-07T10:13:09","modified_gmt":"2015-10-07T08:13:09","slug":"reblog-le-bombe-su-kunduz","status":"publish","type":"post","link":"http:\/\/www.robertosedda.it\/?p=10961","title":{"rendered":"REBLOG: Le bombe su Kunduz"},"content":{"rendered":"<blockquote><p><a href=\"http:\/\/www.bancaetica.it\/blog\/solidarieta-medici-senza-frontiere-dopo-bombardamento-nato-dellospedale-kunduz\"><strong>Con questo attacco mirato ad MSF<\/strong>, quasi prima ancora che ai presunti terroristi, <strong>si \u00e8 riusciti a spingere il limite della barbarie un po\u2019 pi\u00f9 in l\u00e0<\/strong>. Il clamore \u2013 lo sanno bene gli autori di questo crimine &#8211; si esaurir\u00e0 nel fuoco di paglia dell\u2019insipienza della comunit\u00e0 internazionale. D\u2019altra parte le indagini \u2013 pur necessarie &#8211; non hanno mai scalfito nessuno.\u00a0 Lo sa bene Israele, la cui impunit\u00e0 resta indenne dopo le ripetute autorevoli prese di posizione sui raid sulle scuole delle Nazioni Unite a Gaza nell\u2019estate del 2014.\u00a0 La Nato \u00e8 consapevole di poter contare sulla stessa esenzione.<\/a><\/p><\/blockquote>\n<p><a href=\"http:\/\/www.bancaetica.it\/blog\/solidarieta-medici-senza-frontiere-dopo-bombardamento-nato-dellospedale-kunduz\">Nicoletta Dentico sul bombardamento dell&#8217;ospedale di Kunduz: un articolo duro e doloroso sul sito di <em>Banca Etica<\/em>.<\/a><\/p>\n","protected":false},"excerpt":{"rendered":"<p>Con questo attacco mirato ad MSF, quasi prima ancora che ai presunti terroristi, si \u00e8 riusciti a spingere il limite<\/p>\n","protected":false},"author":1,"featured_media":0,"comment_status":"open","ping_status":"open","sticky":false,"template":"","format":"link","meta":{"_mi_skip_tracking":false,"_monsterinsights_sitenote_active":false,"_monsterinsights_sitenote_note":"","_monsterinsights_sitenote_category":0,"jetpack_post_was_ever_published":false,"_jetpack_newsletter_access":"","jetpack_publicize_message":"REBLOG: Le bombe su Kunduz","jetpack_is_tweetstorm":false,"jetpack_publicize_feature_enabled":true,"jetpack_social_post_already_shared":true,"jetpack_social_options":{"image_generator_settings":{"template":"highway","enabled":false}}},"categories":[95,16],"tags":[],"jetpack_publicize_connections":[],"jetpack_featured_media_url":"","jetpack_sharing_enabled":true,"jetpack_shortlink":"https:\/\/wp.me\/p4jV2T-2QN","jetpack_likes_enabled":true,"jetpack-related-posts":[{"id":10103,"url":"http:\/\/www.robertosedda.it\/?p=10103","url_meta":{"origin":10961,"position":0},"title":"Posti dove vado a mangiare e bere","author":"Rufus","date":"24\/04\/2015","format":false,"excerpt":"Dopo la volta della degustazione dei vini mi \u00e8 capitato di tornare da Cucina.eat per una degustazione di birre della Barley. Stasera ci torno per un'altra degustazione. Siccome sono fermamente intenzionato a non permettere che questo blog diventi un ricettacolo di recensioni e ricette e descrizioni di eventi, ma d'altra\u2026","rel":"","context":"In &quot;Cibo e cucine&quot;","block_context":{"text":"Cibo e cucine","link":"http:\/\/www.robertosedda.it\/?cat=71"},"img":{"alt_text":"","src":"https:\/\/i0.wp.com\/www.robertosedda.it\/wp-content\/uploads\/2013\/08\/ALIM3009.jpg?fit=1200%2C900&resize=350%2C200","width":350,"height":200,"srcset":"https:\/\/i0.wp.com\/www.robertosedda.it\/wp-content\/uploads\/2013\/08\/ALIM3009.jpg?fit=1200%2C900&resize=350%2C200 1x, https:\/\/i0.wp.com\/www.robertosedda.it\/wp-content\/uploads\/2013\/08\/ALIM3009.jpg?fit=1200%2C900&resize=700%2C400 2x, https:\/\/i0.wp.com\/www.robertosedda.it\/wp-content\/uploads\/2013\/08\/ALIM3009.jpg?fit=1200%2C900&resize=1050%2C600 3x"},"classes":[]},{"id":17362,"url":"http:\/\/www.robertosedda.it\/?p=17362","url_meta":{"origin":10961,"position":1},"title":"Bene mortu","author":"Rufus","date":"26\/09\/2019","format":false,"excerpt":"In paese una volta avvisarono il tale che era stato ucciso uno, che era suo rivale. E lui, imperturbabile, rispose: \u00abBene mortu, bene mortu!\u00bb. E precis\u00f2: \u00abFio po l'occhider deo, una de custas dies\u00bb. Lo stavo per uccidere io, uno di questi giorni. Poi, come a compensare, aggiunse: \u00abComunque sono\u2026","rel":"","context":"In &quot;Biografie&quot;","block_context":{"text":"Biografie","link":"http:\/\/www.robertosedda.it\/?cat=83"},"img":{"alt_text":"","src":"https:\/\/i0.wp.com\/www.robertosedda.it\/wp-content\/uploads\/2019\/09\/Banditi-a-Orgosolo-2.jpg?fit=640%2C480&resize=350%2C200","width":350,"height":200},"classes":[]},{"id":3277,"url":"http:\/\/www.robertosedda.it\/?p=3277","url_meta":{"origin":10961,"position":2},"title":"\u00c8 andata proprio bene","author":"Rufus","date":"28\/05\/2013","format":"gallery","excerpt":"Ieri i Fabbricastorie hanno ricominciato a fare incontri pubblici a Cagliari con il seminario su \u00abFabbricar Storie...\u00a0 inventare racconti e improvvisare storie\u00bb di cui vi avevo gi\u00e0 parlato. \u00c8 andata molto bene, come potete vedere da un certo punto in poi: stanno tutti ridendo. E perci\u00f2 replicheremo, probabilmente entro giugno.","rel":"","context":"In &quot;Coordinate&quot;","block_context":{"text":"Coordinate","link":"http:\/\/www.robertosedda.it\/?cat=52"},"img":{"alt_text":"","src":"https:\/\/i0.wp.com\/www.robertosedda.it\/wp-content\/uploads\/2013\/05\/2013-05-27-18.50.48.jpg?fit=1200%2C900&resize=350%2C200","width":350,"height":200,"srcset":"https:\/\/i0.wp.com\/www.robertosedda.it\/wp-content\/uploads\/2013\/05\/2013-05-27-18.50.48.jpg?fit=1200%2C900&resize=350%2C200 1x, https:\/\/i0.wp.com\/www.robertosedda.it\/wp-content\/uploads\/2013\/05\/2013-05-27-18.50.48.jpg?fit=1200%2C900&resize=700%2C400 2x, https:\/\/i0.wp.com\/www.robertosedda.it\/wp-content\/uploads\/2013\/05\/2013-05-27-18.50.48.jpg?fit=1200%2C900&resize=1050%2C600 3x"},"classes":[]},{"id":7308,"url":"http:\/\/www.robertosedda.it\/?p=7308","url_meta":{"origin":10961,"position":3},"title":"E sono cinquanta!!!","author":"Rufus","date":"13\/05\/2014","format":"gallery","excerpt":"Come molti sanno, il 10 maggio \u00e8 il mio compleanno e sabato ho compiuto cinquant'anni, cifra tonda. Devo dire che mi ritrovo molto in quello che ha scritto Marcello Sovjet Cadeddu, mio collega di universit\u00e0 e quasi coetaneo, che qualche giorno fa per i suoi cinquanta ha pubblicato su\u00a0Facebook\u00a0questa riflessione:\u2026","rel":"","context":"In &quot;Coordinate&quot;","block_context":{"text":"Coordinate","link":"http:\/\/www.robertosedda.it\/?cat=52"},"img":{"alt_text":"","src":"https:\/\/i0.wp.com\/www.robertosedda.it\/wp-content\/uploads\/2014\/05\/Rufus.jpg?fit=794%2C1200&resize=350%2C200","width":350,"height":200,"srcset":"https:\/\/i0.wp.com\/www.robertosedda.it\/wp-content\/uploads\/2014\/05\/Rufus.jpg?fit=794%2C1200&resize=350%2C200 1x, https:\/\/i0.wp.com\/www.robertosedda.it\/wp-content\/uploads\/2014\/05\/Rufus.jpg?fit=794%2C1200&resize=700%2C400 2x"},"classes":[]},{"id":3936,"url":"http:\/\/www.robertosedda.it\/?p=3936","url_meta":{"origin":10961,"position":4},"title":"Consigli importanti","author":"Rufus","date":"12\/07\/2013","format":false,"excerpt":"Ieri in casa abbiamo lavato un piumino. Un oggetto un po' ingombrante, un lavaggio un po' fastidioso, insomma. Stamattina, al\u00a0 momento di stenderlo, il dubbio: sar\u00e0 meglio metterlo lontano dal sole, giusto? Per fortuna ci sono le istruzioni, guardiamo l'etichetta. Le istruzioni dicono: \u00abStendere bene\u00bb. Stendere bene?! No, perch\u00e9 io\u2026","rel":"","context":"In &quot;Coordinate&quot;","block_context":{"text":"Coordinate","link":"http:\/\/www.robertosedda.it\/?cat=52"},"img":{"alt_text":"","src":"","width":0,"height":0},"classes":[]},{"id":5070,"url":"http:\/\/www.robertosedda.it\/?p=5070","url_meta":{"origin":10961,"position":5},"title":"Nervi saldi","author":"Rufus","date":"21\/11\/2013","format":false,"excerpt":"Io in questi giorni non avrei molta voglia di scrivere, o vorrei parlare di Shakespeare, Pennac o regate al cinema con la mente sgombra. Siccome non ho la mente sgombra, non scrivo. Sono anche irritato dalla retorica patriottarda, ma diversamente da questa estate non mi sembra il caso di discuterne\u2026","rel":"","context":"In &quot;Coordinate&quot;","block_context":{"text":"Coordinate","link":"http:\/\/www.robertosedda.it\/?cat=52"},"img":{"alt_text":"","src":"https:\/\/i0.wp.com\/www.robertosedda.it\/wp-content\/uploads\/2013\/11\/lara-comi.jpg?fit=586%2C314&resize=350%2C200","width":350,"height":200},"classes":[]}],"_links":{"self":[{"href":"http:\/\/www.robertosedda.it\/index.php?rest_route=\/wp\/v2\/posts\/10961"}],"collection":[{"href":"http:\/\/www.robertosedda.it\/index.php?rest_route=\/wp\/v2\/posts"}],"about":[{"href":"http:\/\/www.robertosedda.it\/index.php?rest_route=\/wp\/v2\/types\/post"}],"author":[{"embeddable":true,"href":"http:\/\/www.robertosedda.it\/index.php?rest_route=\/wp\/v2\/users\/1"}],"replies":[{"embeddable":true,"href":"http:\/\/www.robertosedda.it\/index.php?rest_route=%2Fwp%2Fv2%2Fcomments&post=10961"}],"version-history":[{"count":1,"href":"http:\/\/www.robertosedda.it\/index.php?rest_route=\/wp\/v2\/posts\/10961\/revisions"}],"predecessor-version":[{"id":10962,"href":"http:\/\/www.robertosedda.it\/index.php?rest_route=\/wp\/v2\/posts\/10961\/revisions\/10962"}],"wp:attachment":[{"href":"http:\/\/www.robertosedda.it\/index.php?rest_route=%2Fwp%2Fv2%2Fmedia&parent=10961"}],"wp:term":[{"taxonomy":"category","embeddable":true,"href":"http:\/\/www.robertosedda.it\/index.php?rest_route=%2Fwp%2Fv2%2Fcategories&post=10961"},{"taxonomy":"post_tag","embeddable":true,"href":"http:\/\/www.robertosedda.it\/index.php?rest_route=%2Fwp%2Fv2%2Ftags&post=10961"}],"curies":[{"name":"wp","href":"https:\/\/api.w.org\/{rel}","templated":true}]}}