{"id":10956,"date":"2015-10-06T12:46:29","date_gmt":"2015-10-06T10:46:29","guid":{"rendered":"http:\/\/www.robertosedda.it\/?p=10956"},"modified":"2017-11-23T18:42:30","modified_gmt":"2017-11-23T17:42:30","slug":"esegesi-estemporanea-della-contabilita","status":"publish","type":"post","link":"http:\/\/www.robertosedda.it\/?p=10956","title":{"rendered":"Esegesi estemporanea della contabilit\u00e0"},"content":{"rendered":"<blockquote><p>Il fatto che in un municipio che fu a suo tempo dedicato a Ges\u00f9 Cristo Re venga esaltato chi ha fatto pratica costante di ateismo ed \u00e8 stato sepolto senza rito religioso, ci sembra una grave contraddizione e un pessimo esempio, esaltando la figura di un nemico di Cristo che, per ci\u00f2 stesso, non pu\u00f2 in nessun modo rappresentare un messaggio universale di giustizia.<\/p><\/blockquote>\n<p>Chi scrive queste righe, nel 1957, \u00e8 Luigi Gedda, allora potentissimo Presidente dell&#8217;Azione Cattolica, insieme con l&#8217;Assistente Ecclesiastico, mons. Castellano.<\/p>\n<figure id=\"attachment_10958\" aria-describedby=\"caption-attachment-10958\" style=\"width: 221px\" class=\"wp-caption alignright\"><a href=\"https:\/\/i0.wp.com\/www.robertosedda.it\/wp-content\/uploads\/2015\/10\/Luigi_Gedda.jpg\"><img data-attachment-id=\"10958\" data-permalink=\"http:\/\/www.robertosedda.it\/?attachment_id=10958\" data-orig-file=\"https:\/\/i0.wp.com\/www.robertosedda.it\/wp-content\/uploads\/2015\/10\/Luigi_Gedda.jpg?fit=221%2C299\" data-orig-size=\"221,299\" data-comments-opened=\"1\" data-image-meta=\"{&quot;aperture&quot;:&quot;0&quot;,&quot;credit&quot;:&quot;&quot;,&quot;camera&quot;:&quot;&quot;,&quot;caption&quot;:&quot;&quot;,&quot;created_timestamp&quot;:&quot;0&quot;,&quot;copyright&quot;:&quot;&quot;,&quot;focal_length&quot;:&quot;0&quot;,&quot;iso&quot;:&quot;0&quot;,&quot;shutter_speed&quot;:&quot;0&quot;,&quot;title&quot;:&quot;&quot;,&quot;orientation&quot;:&quot;0&quot;}\" data-image-title=\"Luigi Gedda\" data-image-description=\"\" data-image-caption=\"&lt;p&gt;&#8220;Luigi Gedda&#8221;. Con licenza Pubblico dominio tramite Wikipedia &#8211; https:\/\/it.wikipedia.org\/wiki\/File:Luigi_Gedda.jpg#\/media\/File:Luigi_Gedda.jpg&lt;\/p&gt;\n\" data-medium-file=\"https:\/\/i0.wp.com\/www.robertosedda.it\/wp-content\/uploads\/2015\/10\/Luigi_Gedda.jpg?fit=221%2C299\" data-large-file=\"https:\/\/i0.wp.com\/www.robertosedda.it\/wp-content\/uploads\/2015\/10\/Luigi_Gedda.jpg?fit=221%2C299\" decoding=\"async\" loading=\"lazy\" class=\"size-full wp-image-10958\" src=\"https:\/\/i0.wp.com\/www.robertosedda.it\/wp-content\/uploads\/2015\/10\/Luigi_Gedda.jpg?resize=221%2C299\" alt=\"&quot;Luigi Gedda&quot;. Con licenza Pubblico dominio tramite Wikipedia - https:\/\/it.wikipedia.org\/wiki\/File:Luigi_Gedda.jpg#\/media\/File:Luigi_Gedda.jpg\" width=\"221\" height=\"299\" srcset=\"https:\/\/i0.wp.com\/www.robertosedda.it\/wp-content\/uploads\/2015\/10\/Luigi_Gedda.jpg?w=221 221w, https:\/\/i0.wp.com\/www.robertosedda.it\/wp-content\/uploads\/2015\/10\/Luigi_Gedda.jpg?resize=111%2C150 111w\" sizes=\"(max-width: 221px) 100vw, 221px\" data-recalc-dims=\"1\" \/><\/a><figcaption id=\"caption-attachment-10958\" class=\"wp-caption-text\">Luigi Gedda. <a href=\"https:\/\/it.wikipedia.org\/wiki\/File:Luigi_Gedda.jpg#\/media\/File:Luigi_Gedda.jpg\">Con licenza Pubblico dominio tramite Wikipedia<\/a><\/figcaption><\/figure>\n<p>Destinatario della lettera \u00e8 Giorgio La Pira, sindaco di Firenze. L&#8217;occasione \u00e8 data dal fatto che in Palazzo Vecchio \u00e8 stato commemorato solennemente Piero Calamandrei, morto pochi mesi prima. Calamandrei \u00e8 stato, anche se brevemente, sindaco di Firenze, ed \u00e8 stato importante esponente della Resistenza e dell&#8217;Assemblea\u00a0Costituente: che venga commemorato nella &#8220;sua&#8221; casa comunale pu\u00f2 apparire\u00a0<em>normale<\/em>, ma Gedda e Castellano, impegnati in una crociata per la riconquista cristiana della societ\u00e0 italiana e in un confronto frontale con qualunque opzione culturale diversa, non possono accettarlo.<\/p>\n<p>E poi, probabilmente, l&#8217;occasione per colpire La Pira, esponente di una visione di cattolicesimo radicalmente diversa, \u00e8 fin troppo ghiotta.<\/p>\n<p>Parentesi: in tanti anni che milito in Azione Cattolica mai una volta, mai e poi mai, ho inteso parlar bene di Gedda, che pure fu grandissimo organizzatore e presidente per trent&#8217;anni. Nessuno dei\u00a0pi\u00f9 anziani, che aveva conosciuto l&#8217;epoca, neppure fra coloro che potevano ritenersi vicini a lui politicamente, ne rimpiangeva i tempi. In molti casi c&#8217;era una vera e propria acrimonia,\u00a0negli altri casi almeno il ricordo di una sorta di cappa di piombo su una vita associativa magari per altri versi vivace e anche molto &#8220;libera&#8221;: e il tema non era soltanto la forte pressione di conformit\u00e0 che era tipica dell&#8217;epoca, il risentimento riguardava proprio la figura spigolosa e spietata di Gedda in persona.<\/p>\n<p>Episodi come quello che racconto spiegano il perch\u00e9, credo.<\/p>\n<figure id=\"attachment_10957\" aria-describedby=\"caption-attachment-10957\" style=\"width: 193px\" class=\"wp-caption alignleft\"><a href=\"https:\/\/i0.wp.com\/www.robertosedda.it\/wp-content\/uploads\/2015\/10\/Lapira.jpg\"><img data-attachment-id=\"10957\" data-permalink=\"http:\/\/www.robertosedda.it\/?attachment_id=10957\" data-orig-file=\"https:\/\/i0.wp.com\/www.robertosedda.it\/wp-content\/uploads\/2015\/10\/Lapira.jpg?fit=193%2C275\" data-orig-size=\"193,275\" data-comments-opened=\"1\" data-image-meta=\"{&quot;aperture&quot;:&quot;0&quot;,&quot;credit&quot;:&quot;&quot;,&quot;camera&quot;:&quot;&quot;,&quot;caption&quot;:&quot;&quot;,&quot;created_timestamp&quot;:&quot;0&quot;,&quot;copyright&quot;:&quot;&quot;,&quot;focal_length&quot;:&quot;0&quot;,&quot;iso&quot;:&quot;0&quot;,&quot;shutter_speed&quot;:&quot;0&quot;,&quot;title&quot;:&quot;&quot;,&quot;orientation&quot;:&quot;0&quot;}\" data-image-title=\"Lapira\" data-image-description=\"\" data-image-caption=\"&lt;p&gt;&#8220;Lapira&#8221;. Con licenza Pubblico dominio tramite Wikipedia &#8211; https:\/\/it.wikipedia.org\/wiki\/File:Lapira.jpg#\/media\/File:Lapira.jpg&lt;\/p&gt;\n\" data-medium-file=\"https:\/\/i0.wp.com\/www.robertosedda.it\/wp-content\/uploads\/2015\/10\/Lapira.jpg?fit=193%2C275\" data-large-file=\"https:\/\/i0.wp.com\/www.robertosedda.it\/wp-content\/uploads\/2015\/10\/Lapira.jpg?fit=193%2C275\" decoding=\"async\" loading=\"lazy\" class=\"size-full wp-image-10957\" src=\"https:\/\/i0.wp.com\/www.robertosedda.it\/wp-content\/uploads\/2015\/10\/Lapira.jpg?resize=193%2C275\" alt=\"&quot;Lapira&quot;. Con licenza Pubblico dominio tramite Wikipedia - https:\/\/it.wikipedia.org\/wiki\/File:Lapira.jpg#\/media\/File:Lapira.jpg\" width=\"193\" height=\"275\" srcset=\"https:\/\/i0.wp.com\/www.robertosedda.it\/wp-content\/uploads\/2015\/10\/Lapira.jpg?w=193 193w, https:\/\/i0.wp.com\/www.robertosedda.it\/wp-content\/uploads\/2015\/10\/Lapira.jpg?resize=105%2C150 105w\" sizes=\"(max-width: 193px) 100vw, 193px\" data-recalc-dims=\"1\" \/><\/a><figcaption id=\"caption-attachment-10957\" class=\"wp-caption-text\">Giorgio La Pira. <a href=\"https:\/\/it.wikipedia.org\/wiki\/File:Lapira.jpg#\/media\/File:Lapira.jpg\">Con licenza Pubblico dominio tramite Wikipedia<\/a><\/figcaption><\/figure>\n<p>Comunque La Pira, come era suo stile, rispose. Indirettamente scrivendo e riscrivendo a una serie di figure chiave in\u00a0Vaticano, per contrastare la corrisponderete offensiva epistolare di Gedda (nel caso specifico, probabilmente fu Gedda che alla fine segn\u00f2 il punto). E direttamente, con molta durezza, allo stesso Castellano. Puntigliosamente elenc\u00f2 i meriti culturali e scientifici di Calamandrei, la sua dirittura morale e il rilievo intellettuale. E poi, con uno stile che va al concreto e che \u00e8 caratteristico di La Pira, aggiunse che\u00a0<em>nell&#8217;anno tale Calamandrei mi ha dato tot\u00a0lire per la <a href=\"http:\/\/www.giorgiolapira.org\/?q=it\/content\/la-pira-parla-di-san-procolo-0\">messa di San Procolo<\/a><\/em>, <em>e nell&#8217;altro tal anno me ne ha dato un altro tot<\/em>, e cos\u00ec via. La Pira faceva tante cose ma alla fine la radice della sua azione era nella &#8220;sua&#8221; messa dei poveri, ai quali rimase sempre fedele, e tutto veniva alla fine misurato su ci\u00f2 che veniva loro dato &#8211; o veniva tolto. Una contabilit\u00e0 della grazia che, vista a distanza, \u00e8 esattamente opposta alla occhiuta contabilit\u00e0 del peccato di Gedda&#8230; e tanto pi\u00f9 liberante.<\/p>\n<p>L&#8217;episodio \u00e8 stato ricordato brevemente nel corso del recente incontro\u00a0<em>Spes contra spem<\/em>, che ha riunito a Firenze tutti i vari gruppi e associazioni intitolati a Giorgio La Pira. Mentre ascoltavo fra il pubblico mi veniva in mente che nell&#8217;occasione era certo pi\u00f9 aderente al Vangelo La Pira, non in senso generico, ma proprio testuale: basta chiedersi, nel brano sul giudizio esposto dallo stesso Ges\u00f9, in quale gruppo entrerebbe Calamandrei:<\/p>\n<blockquote><p>\u00abQuando il Figlio dell&#8217;uomo verr\u00e0 nella sua gloria con tutti gli angeli, prender\u00e0 posto sul suo trono glorioso. E tutte le genti saranno riunite davanti a lui ed egli separer\u00e0 gli uni dagli altri, come il pastore separa le pecore dai capri; e metter\u00e0 le pecore alla sua destra e i capri alla sinistra. Allora il re dir\u00e0 a quelli della sua destra: &#8220;Venite, voi, i benedetti del Padre mio; ereditate il regno che v&#8217;\u00e8 stato preparato fin dalla fondazione del mondo. Perch\u00e9 ebbi fame e mi deste da mangiare; ebbi sete e mi deste da bere; fui straniero e mi accoglieste;\u00a0fui nudo e mi vestiste; fui ammalato e mi visitaste; fui in prigione e veniste a trovarmi&#8221;.\u00a0Allora i giusti gli risponderanno: &#8220;Signore, quando mai ti abbiamo visto affamato e ti abbiamo dato da mangiare? O assetato e ti abbiamo dato da bere? Quando mai ti abbiamo visto straniero e ti abbiamo accolto? O nudo e ti abbiamo vestito? Quando mai ti abbiamo visto ammalato o in prigione e siamo venuti a trovarti?&#8221; E il re risponder\u00e0 loro: &#8220;In verit\u00e0 vi dico che in quanto lo avete fatto a uno di questi miei minimi fratelli, l&#8217;avete fatto a me&#8221;.\u00a0Allora dir\u00e0 anche a quelli della sua sinistra: &#8220;Andate via da me, maledetti, nel fuoco eterno, preparato per il diavolo e per i suoi angeli!\u00a0Perch\u00e9 ebbi fame e non mi deste da mangiare; ebbi sete e non mi deste da bere;\u00a0fui straniero e non m&#8217;accoglieste; nudo e non mi vestiste; malato e in prigione, e non mi visitaste&#8221;. Allora anche questi gli risponderanno, dicendo: &#8220;Signore, quando ti abbiamo visto aver fame, o sete, o essere straniero, o nudo, o ammalato, o in prigione, e non ti abbiamo assistito?&#8221; Allora risponder\u00e0 loro: &#8220;In verit\u00e0 vi dico che in quanto non l&#8217;avete fatto a uno di questi minimi, non l&#8217;avete fatto neppure a me&#8221;. Questi se ne andranno a punizione eterna; ma i giusti a vita eterna\u00bb (Mt 25,31-46).<\/p><\/blockquote>\n","protected":false},"excerpt":{"rendered":"<p>Il fatto che in un municipio che fu a suo tempo dedicato a Ges\u00f9 Cristo Re venga esaltato chi ha<\/p>\n","protected":false},"author":1,"featured_media":10957,"comment_status":"open","ping_status":"open","sticky":false,"template":"","format":"standard","meta":{"_mi_skip_tracking":false,"_monsterinsights_sitenote_active":false,"_monsterinsights_sitenote_note":"","_monsterinsights_sitenote_category":0,"jetpack_post_was_ever_published":false,"_jetpack_newsletter_access":"","jetpack_publicize_message":"","jetpack_is_tweetstorm":false,"jetpack_publicize_feature_enabled":true,"jetpack_social_post_already_shared":true,"jetpack_social_options":{"image_generator_settings":{"template":"highway","enabled":false}}},"categories":[52,73,54,17,16],"tags":[],"jetpack_publicize_connections":[],"jetpack_featured_media_url":"https:\/\/i0.wp.com\/www.robertosedda.it\/wp-content\/uploads\/2015\/10\/Lapira.jpg?fit=193%2C275","jetpack_sharing_enabled":true,"jetpack_shortlink":"https:\/\/wp.me\/p4jV2T-2QI","jetpack_likes_enabled":true,"jetpack-related-posts":[{"id":17754,"url":"http:\/\/www.robertosedda.it\/?p=17754","url_meta":{"origin":10956,"position":0},"title":"Studiando per preparare la lectio","author":"Rufus","date":"25\/01\/2020","format":false,"excerpt":"Vladimir Sergeevi\u010d Solov\u2019\u00ebv di Ivan Nikolaevi\u010d Kramskoj - Pubblico dominio \u00abColoro che pensano poter ottenere, personalmente o senza intermediari, la piena e definitiva rivelazione di Cristo, non sono maturi per questa rivelazione: prendono per il Cristo i fantasmi della loro immaginazione. Dobbiamo cercare la pienezza di Cristo non nella nostra\u2026","rel":"","context":"In &quot;Coordinate&quot;","block_context":{"text":"Coordinate","link":"http:\/\/www.robertosedda.it\/?cat=52"},"img":{"alt_text":"","src":"https:\/\/i0.wp.com\/www.robertosedda.it\/wp-content\/uploads\/2020\/01\/Vladimir-Solovyov.jpg?fit=1006%2C1200&resize=350%2C200","width":350,"height":200,"srcset":"https:\/\/i0.wp.com\/www.robertosedda.it\/wp-content\/uploads\/2020\/01\/Vladimir-Solovyov.jpg?fit=1006%2C1200&resize=350%2C200 1x, https:\/\/i0.wp.com\/www.robertosedda.it\/wp-content\/uploads\/2020\/01\/Vladimir-Solovyov.jpg?fit=1006%2C1200&resize=700%2C400 2x"},"classes":[]},{"id":17868,"url":"http:\/\/www.robertosedda.it\/?p=17868","url_meta":{"origin":10956,"position":1},"title":"Nuova lectio","author":"Rufus","date":"25\/02\/2020","format":false,"excerpt":"Domenica 1\u00b0 marzo, che \u00e8 anche la prima domenica di Quaresima, il gruppo La Pira rifar\u00e0 la sua lectio abituale. Se volete sapere di che si tratta e scoprire come si pu\u00f2 gestire uno studio biblico in autonomia, senza esperti ed espertoni, potete consultare un articolo di un mesetto fa\u2026","rel":"","context":"In &quot;Coordinate&quot;","block_context":{"text":"Coordinate","link":"http:\/\/www.robertosedda.it\/?cat=52"},"img":{"alt_text":"","src":"https:\/\/i0.wp.com\/www.robertosedda.it\/wp-content\/uploads\/2020\/02\/Rupnik-deserto.jpg?fit=800%2C600&resize=350%2C200","width":350,"height":200,"srcset":"https:\/\/i0.wp.com\/www.robertosedda.it\/wp-content\/uploads\/2020\/02\/Rupnik-deserto.jpg?fit=800%2C600&resize=350%2C200 1x, https:\/\/i0.wp.com\/www.robertosedda.it\/wp-content\/uploads\/2020\/02\/Rupnik-deserto.jpg?fit=800%2C600&resize=700%2C400 2x"},"classes":[]},{"id":18097,"url":"http:\/\/www.robertosedda.it\/?p=18097","url_meta":{"origin":10956,"position":2},"title":"Lectio in albis","author":"Rufus","date":"18\/04\/2020","format":false,"excerpt":"Domani il gruppo La Pira fa la sua lectio periodica. I materiali che utilizzeremo sono quelli che trovate qui sotto, e possono essere utili anche ad altri che vogliono fare una esperienza simile. Il metodo \u00e8 spiegato in questo vecchio articolo; anche quando il gruppo non si riunisce (virtualmente, in\u2026","rel":"","context":"In &quot;Coordinate&quot;","block_context":{"text":"Coordinate","link":"http:\/\/www.robertosedda.it\/?cat=52"},"img":{"alt_text":"","src":"https:\/\/i0.wp.com\/www.robertosedda.it\/wp-content\/uploads\/2020\/04\/Pentecoste-Rupnik.jpg?fit=430%2C540&resize=350%2C200","width":350,"height":200},"classes":[]},{"id":18083,"url":"http:\/\/www.robertosedda.it\/?p=18083","url_meta":{"origin":10956,"position":3},"title":"Lectio di Pasqua","author":"Rufus","date":"11\/04\/2020","format":false,"excerpt":"Trovate qui di seguito, come ogni sabato, i materiali per una lectio sul Vangelo della domenica, da fare da soli o in comunit\u00e0 (telematica, in questo periodo). Come al solito ricordo che lo schema generale della lectio e il modo di farla del gruppo La Pira sono spiegati in questo\u2026","rel":"","context":"In &quot;Coordinate&quot;","block_context":{"text":"Coordinate","link":"http:\/\/www.robertosedda.it\/?cat=52"},"img":{"alt_text":"","src":"https:\/\/i0.wp.com\/www.robertosedda.it\/wp-content\/uploads\/2020\/04\/Rupnik-Pasqua.jpg?fit=822%2C1024&resize=350%2C200","width":350,"height":200,"srcset":"https:\/\/i0.wp.com\/www.robertosedda.it\/wp-content\/uploads\/2020\/04\/Rupnik-Pasqua.jpg?fit=822%2C1024&resize=350%2C200 1x, https:\/\/i0.wp.com\/www.robertosedda.it\/wp-content\/uploads\/2020\/04\/Rupnik-Pasqua.jpg?fit=822%2C1024&resize=700%2C400 2x"},"classes":[]},{"id":18024,"url":"http:\/\/www.robertosedda.it\/?p=18024","url_meta":{"origin":10956,"position":4},"title":"La lectio della gioiosa domenica","author":"Rufus","date":"21\/03\/2020","format":false,"excerpt":"Come tutti i sabati pubblico dei materiali utili per chi vuole fare lectio sul Vangelo della domenica seguente. Questa settimana il gruppo La Pira la celebrer\u00e0 insieme, su Zoom (segno dei tempi), ma i materiali possono essere utili anche a chi \u00e8 costretto a lavorare da solo. Come al solito\u2026","rel":"","context":"In &quot;Coordinate&quot;","block_context":{"text":"Coordinate","link":"http:\/\/www.robertosedda.it\/?cat=52"},"img":{"alt_text":"","src":"https:\/\/i0.wp.com\/www.robertosedda.it\/wp-content\/uploads\/2020\/03\/Ceco-nato-Rupnik.jpg?fit=818%2C555&resize=350%2C200","width":350,"height":200,"srcset":"https:\/\/i0.wp.com\/www.robertosedda.it\/wp-content\/uploads\/2020\/03\/Ceco-nato-Rupnik.jpg?fit=818%2C555&resize=350%2C200 1x, https:\/\/i0.wp.com\/www.robertosedda.it\/wp-content\/uploads\/2020\/03\/Ceco-nato-Rupnik.jpg?fit=818%2C555&resize=700%2C400 2x"},"classes":[]},{"id":9894,"url":"http:\/\/www.robertosedda.it\/?p=9894","url_meta":{"origin":10956,"position":5},"title":"Auguri!","author":"Rufus","date":"04\/04\/2015","format":false,"excerpt":"Morte e vita si sono affrontate in un prodigioso duello. Il Signore della vita era morto; ma ora, vivo, trionfa.","rel":"","context":"In &quot;Coordinate&quot;","block_context":{"text":"Coordinate","link":"http:\/\/www.robertosedda.it\/?cat=52"},"img":{"alt_text":"","src":"https:\/\/i0.wp.com\/www.robertosedda.it\/wp-content\/uploads\/2015\/04\/Foiso-Fois.jpg?fit=350%2C452&resize=350%2C200","width":350,"height":200},"classes":[]}],"_links":{"self":[{"href":"http:\/\/www.robertosedda.it\/index.php?rest_route=\/wp\/v2\/posts\/10956"}],"collection":[{"href":"http:\/\/www.robertosedda.it\/index.php?rest_route=\/wp\/v2\/posts"}],"about":[{"href":"http:\/\/www.robertosedda.it\/index.php?rest_route=\/wp\/v2\/types\/post"}],"author":[{"embeddable":true,"href":"http:\/\/www.robertosedda.it\/index.php?rest_route=\/wp\/v2\/users\/1"}],"replies":[{"embeddable":true,"href":"http:\/\/www.robertosedda.it\/index.php?rest_route=%2Fwp%2Fv2%2Fcomments&post=10956"}],"version-history":[{"count":3,"href":"http:\/\/www.robertosedda.it\/index.php?rest_route=\/wp\/v2\/posts\/10956\/revisions"}],"predecessor-version":[{"id":14366,"href":"http:\/\/www.robertosedda.it\/index.php?rest_route=\/wp\/v2\/posts\/10956\/revisions\/14366"}],"wp:featuredmedia":[{"embeddable":true,"href":"http:\/\/www.robertosedda.it\/index.php?rest_route=\/wp\/v2\/media\/10957"}],"wp:attachment":[{"href":"http:\/\/www.robertosedda.it\/index.php?rest_route=%2Fwp%2Fv2%2Fmedia&parent=10956"}],"wp:term":[{"taxonomy":"category","embeddable":true,"href":"http:\/\/www.robertosedda.it\/index.php?rest_route=%2Fwp%2Fv2%2Fcategories&post=10956"},{"taxonomy":"post_tag","embeddable":true,"href":"http:\/\/www.robertosedda.it\/index.php?rest_route=%2Fwp%2Fv2%2Ftags&post=10956"}],"curies":[{"name":"wp","href":"https:\/\/api.w.org\/{rel}","templated":true}]}}