{"id":10953,"date":"2015-10-01T19:33:35","date_gmt":"2015-10-01T17:33:35","guid":{"rendered":"http:\/\/www.robertosedda.it\/?p=10953"},"modified":"2015-10-14T12:26:32","modified_gmt":"2015-10-14T10:26:32","slug":"non-ve-lo-perdete","status":"publish","type":"post","link":"http:\/\/www.robertosedda.it\/?p=10953","title":{"rendered":"Non ve lo perdete"},"content":{"rendered":"<p>Da domani \u00e8 a Cagliari\u00a0<em>Mirafiori Lunapark<\/em>, un film che diversi amici in giro per tutta Italia, soprattutto soci di Banca Etica, mi consigliano caldamente. Sar\u00e0 proiettato\u00a0al <em>Teatro Alkestis<\/em>\u00a0 dal 2 al 7 ottobre. Il regista Stefano Di Polito sar\u00e0 presente in sala venerd\u00ec 2 e sabato 3 ottobre alle ore 21.30 per affrontare i temi del film calati nella realt\u00e0 cagliaritana: so che di solito le presentazioni e proiezioni coinvolgono le realt\u00e0 sociali delle varie citt\u00e0 attraversate, m non so a Cagliari chi sia stato coinvolto (quindi c&#8217;\u00e8 anche la <em>suspence<\/em>!).<\/p>\n<div class=\"jetpack-video-wrapper\"><span class=\"embed-youtube\" style=\"text-align:center; display: block;\"><iframe class=\"youtube-player\" width=\"800\" height=\"450\" src=\"https:\/\/www.youtube.com\/embed\/FyGwkc1SrYM?version=3&#038;rel=1&#038;showsearch=0&#038;showinfo=1&#038;iv_load_policy=1&#038;fs=1&#038;hl=it-IT&#038;autohide=2&#038;wmode=transparent\" allowfullscreen=\"true\" style=\"border:0;\" sandbox=\"allow-scripts allow-same-origin allow-popups allow-presentation\"><\/iframe><\/span><\/div>\n","protected":false},"excerpt":{"rendered":"<p>Da domani \u00e8 a Cagliari\u00a0Mirafiori Lunapark, un film che diversi amici in giro per tutta Italia, soprattutto soci di Banca<\/p>\n","protected":false},"author":1,"featured_media":0,"comment_status":"open","ping_status":"open","sticky":false,"template":"","format":"video","meta":{"_mi_skip_tracking":false,"_monsterinsights_sitenote_active":false,"_monsterinsights_sitenote_note":"","_monsterinsights_sitenote_category":0,"jetpack_post_was_ever_published":false,"_jetpack_newsletter_access":"","jetpack_publicize_message":"C'\u00e8 questo bel film che arriva a Cagliari: mi date una mano a farlo sapere in giro? E soprattutto, ci andate?","jetpack_is_tweetstorm":false,"jetpack_publicize_feature_enabled":true,"jetpack_social_post_already_shared":true,"jetpack_social_options":{"image_generator_settings":{"template":"highway","enabled":false}}},"categories":[52,56,61,95,16],"tags":[],"jetpack_publicize_connections":[],"jetpack_featured_media_url":"","jetpack_sharing_enabled":true,"jetpack_shortlink":"https:\/\/wp.me\/p4jV2T-2QF","jetpack_likes_enabled":true,"jetpack-related-posts":[{"id":5799,"url":"http:\/\/www.robertosedda.it\/?p=5799","url_meta":{"origin":10953,"position":0},"title":"Intervista a Petter Skafle Henriksen","author":"Rufus","date":"17\/01\/2014","format":false,"excerpt":"Giorni fa ho segnalato due cortometraggi casualmente girati a Cagliari nello stesso periodo da due registi diversi... molto diversi. La cosa mi ha un po' incuriosito e mi \u00e8 venuta voglia di approfondire, cos\u00ec ho proposto a entrambi un'intervista, con le stesse domande, su cosa voglia dire girare a Cagliari,\u2026","rel":"","context":"In &quot;Coordinate&quot;","block_context":{"text":"Coordinate","link":"http:\/\/www.robertosedda.it\/?cat=52"},"img":{"alt_text":"","src":"https:\/\/i0.wp.com\/www.robertosedda.it\/wp-content\/uploads\/2014\/01\/Petter_Skafle_Henriksen-e-Tarjei_Westby.jpg?fit=1200%2C800&resize=350%2C200","width":350,"height":200,"srcset":"https:\/\/i0.wp.com\/www.robertosedda.it\/wp-content\/uploads\/2014\/01\/Petter_Skafle_Henriksen-e-Tarjei_Westby.jpg?fit=1200%2C800&resize=350%2C200 1x, https:\/\/i0.wp.com\/www.robertosedda.it\/wp-content\/uploads\/2014\/01\/Petter_Skafle_Henriksen-e-Tarjei_Westby.jpg?fit=1200%2C800&resize=700%2C400 2x, https:\/\/i0.wp.com\/www.robertosedda.it\/wp-content\/uploads\/2014\/01\/Petter_Skafle_Henriksen-e-Tarjei_Westby.jpg?fit=1200%2C800&resize=1050%2C600 3x"},"classes":[]},{"id":6672,"url":"http:\/\/www.robertosedda.it\/?p=6672","url_meta":{"origin":10953,"position":1},"title":"Una mattina di sabato, sotto un magnifico retablo, a discutere di Cagliari","author":"Rufus","date":"10\/03\/2014","format":false,"excerpt":"Domande di politica e quel gruppo a cui non viene mai detto di no Non so se ricordate un articolo di un po' di tempo fa in cui mi facevo, e facevo a tutti, delle domande su Cagliari. Erano domande politiche, ma nella discussione successiva, sia sulla rete che di\u2026","rel":"","context":"In &quot;Coordinate&quot;","block_context":{"text":"Coordinate","link":"http:\/\/www.robertosedda.it\/?cat=52"},"img":{"alt_text":"","src":"https:\/\/i0.wp.com\/www.robertosedda.it\/wp-content\/uploads\/2013\/11\/SantEfisio.jpg?fit=640%2C428&resize=350%2C200","width":350,"height":200},"classes":[]},{"id":14058,"url":"http:\/\/www.robertosedda.it\/?p=14058","url_meta":{"origin":10953,"position":2},"title":"Si riprende!","author":"Rufus","date":"21\/08\/2017","format":false,"excerpt":"Vedo che l'ultimo articolo su questo blog l'ho scritto il 3 agosto. Il 6 sono andato in vacanza e non ho pi\u00f9 scritto: rispetto agli anni scorsi la vacanza era pi\u00f9 intensa, il tempo minore, la connessione wi-fi dell'albergo meno efficiente, e insomma non ho scritto. Facebook era molto preoccupato.\u2026","rel":"","context":"In &quot;Coordinate&quot;","block_context":{"text":"Coordinate","link":"http:\/\/www.robertosedda.it\/?cat=52"},"img":{"alt_text":"","src":"https:\/\/i0.wp.com\/www.robertosedda.it\/wp-content\/uploads\/2017\/08\/ALIM4919.jpg?fit=1200%2C900&resize=350%2C200","width":350,"height":200,"srcset":"https:\/\/i0.wp.com\/www.robertosedda.it\/wp-content\/uploads\/2017\/08\/ALIM4919.jpg?fit=1200%2C900&resize=350%2C200 1x, https:\/\/i0.wp.com\/www.robertosedda.it\/wp-content\/uploads\/2017\/08\/ALIM4919.jpg?fit=1200%2C900&resize=700%2C400 2x, https:\/\/i0.wp.com\/www.robertosedda.it\/wp-content\/uploads\/2017\/08\/ALIM4919.jpg?fit=1200%2C900&resize=1050%2C600 3x"},"classes":[]},{"id":14970,"url":"http:\/\/www.robertosedda.it\/?p=14970","url_meta":{"origin":10953,"position":3},"title":"La mattina, quando mi alzo&#8230;","author":"Rufus","date":"06\/04\/2018","format":false,"excerpt":"Cagliari Inedei \u00e8 un programma su\u00a0Radio X\u00a0inventato e curato da Cristina Marras che cerca di raccontare la nostra citt\u00e0 e la sua vita attraverso delle piccolissime pillole di racconti della giornata tipo dei suoi abitanti, fatti dalla loro stessa voce raccolta in maniera molto spontanea. Cos'\u00e8 una citt\u00e0 se non\u2026","rel":"","context":"In &quot;Coordinate&quot;","block_context":{"text":"Coordinate","link":"http:\/\/www.robertosedda.it\/?cat=52"},"img":{"alt_text":"","src":"https:\/\/i0.wp.com\/www.robertosedda.it\/wp-content\/uploads\/2018\/04\/cagliari-inedeilogo-620x350.jpg?fit=620%2C350&resize=350%2C200","width":350,"height":200},"classes":[]},{"id":800,"url":"http:\/\/www.robertosedda.it\/?p=800","url_meta":{"origin":10953,"position":4},"title":"Il Grande Lebowski","author":"Rufus","date":"31\/08\/2012","format":false,"excerpt":"A Cagliari i film arrivano con settimane di ritardo rispetto a voi, cos\u00ec di solito mi astengo da scrivere perch\u00e9 mi sembra che le cose da dire siano gi\u00e0 tutte dette. Faccio un'eccezione per questo film perch\u00e9 mi\u00a0\u00e8 piaciuto molto e ne voglio parlare comunque. Pi\u00f9 esattamente, mentre lo vedevo\u2026","rel":"","context":"In &quot;Coordinate&quot;","block_context":{"text":"Coordinate","link":"http:\/\/www.robertosedda.it\/?cat=52"},"img":{"alt_text":"","src":"","width":0,"height":0},"classes":[]},{"id":11872,"url":"http:\/\/www.robertosedda.it\/?p=11872","url_meta":{"origin":10953,"position":5},"title":"Dampyr a Cagliari: la recensione","author":"Rufus","date":"26\/04\/2016","format":false,"excerpt":"I misteri di Cagliari\u00a0(Dampyr\u00a0193, Boselli e Genzianella) Non ho avuto occasione avuto ancora occasione di parlare de\u00a0I misteri di Cagliari, l'albo di\u00a0Dampyr\u00a0ambientato in Sardegna. L'albo esibisce tutte le caratteristiche abituali della collana (meno una, sulla quale torneremo): a fronte di alcuni scenari ricorrenti (Praga, soprattutto, ma anche Londra, la California,\u2026","rel":"","context":"In &quot;Coordinate&quot;","block_context":{"text":"Coordinate","link":"http:\/\/www.robertosedda.it\/?cat=52"},"img":{"alt_text":"","src":"https:\/\/i0.wp.com\/www.robertosedda.it\/wp-content\/uploads\/2016\/04\/Dampyr-193-Cagliari.jpg?fit=640%2C840&resize=350%2C200","width":350,"height":200},"classes":[]}],"_links":{"self":[{"href":"http:\/\/www.robertosedda.it\/index.php?rest_route=\/wp\/v2\/posts\/10953"}],"collection":[{"href":"http:\/\/www.robertosedda.it\/index.php?rest_route=\/wp\/v2\/posts"}],"about":[{"href":"http:\/\/www.robertosedda.it\/index.php?rest_route=\/wp\/v2\/types\/post"}],"author":[{"embeddable":true,"href":"http:\/\/www.robertosedda.it\/index.php?rest_route=\/wp\/v2\/users\/1"}],"replies":[{"embeddable":true,"href":"http:\/\/www.robertosedda.it\/index.php?rest_route=%2Fwp%2Fv2%2Fcomments&post=10953"}],"version-history":[{"count":1,"href":"http:\/\/www.robertosedda.it\/index.php?rest_route=\/wp\/v2\/posts\/10953\/revisions"}],"predecessor-version":[{"id":10954,"href":"http:\/\/www.robertosedda.it\/index.php?rest_route=\/wp\/v2\/posts\/10953\/revisions\/10954"}],"wp:attachment":[{"href":"http:\/\/www.robertosedda.it\/index.php?rest_route=%2Fwp%2Fv2%2Fmedia&parent=10953"}],"wp:term":[{"taxonomy":"category","embeddable":true,"href":"http:\/\/www.robertosedda.it\/index.php?rest_route=%2Fwp%2Fv2%2Fcategories&post=10953"},{"taxonomy":"post_tag","embeddable":true,"href":"http:\/\/www.robertosedda.it\/index.php?rest_route=%2Fwp%2Fv2%2Ftags&post=10953"}],"curies":[{"name":"wp","href":"https:\/\/api.w.org\/{rel}","templated":true}]}}