{"id":10947,"date":"2015-10-01T15:16:10","date_gmt":"2015-10-01T13:16:10","guid":{"rendered":"http:\/\/www.robertosedda.it\/?p=10947"},"modified":"2015-10-06T13:33:27","modified_gmt":"2015-10-06T11:33:27","slug":"na-tragedia","status":"publish","type":"post","link":"http:\/\/www.robertosedda.it\/?p=10947","title":{"rendered":"&#8216;na tragedia"},"content":{"rendered":"<p>Per fare pubblicit\u00e0 al fatto che stasera alle 19.10 va in onda la nuova puntata di\u00a0<em>Oggi parliamo di libri<\/em> (dedicata alla\u00a0<em>Medea<\/em> di Euripide, non perdetela!), vi invito all&#8217;ascolto della puntata precedente, in cui ho parlato della tragedia greca in generale.<\/p>\n<!--[if lt IE 9]><script>document.createElement('audio');<\/script><![endif]-->\n<audio class=\"wp-audio-shortcode\" id=\"audio-10947-1\" preload=\"none\" style=\"width: 100%;\" controls=\"controls\"><source type=\"audio\/mpeg\" src=\"http:\/\/www.radiokalaritana.it\/audio\/LIB-S04E02-La_tragedia_greca-20150924.mp3?_=1\" \/><a href=\"http:\/\/www.radiokalaritana.it\/audio\/LIB-S04E02-La_tragedia_greca-20150924.mp3\">http:\/\/www.radiokalaritana.it\/audio\/LIB-S04E02-La_tragedia_greca-20150924.mp3<\/a><\/audio>\n<h4>La tragedia greca (<em>Oggi parliamo di<\/em> <em>libri<\/em>, 29\/09\/2015<em>)<\/em><\/h4>\n<p><a href=\"https:\/\/i0.wp.com\/www.robertosedda.it\/wp-content\/uploads\/2015\/10\/Tragici-greci.jpg\"><img data-attachment-id=\"10949\" data-permalink=\"http:\/\/www.robertosedda.it\/?attachment_id=10949\" data-orig-file=\"https:\/\/i0.wp.com\/www.robertosedda.it\/wp-content\/uploads\/2015\/10\/Tragici-greci.jpg?fit=380%2C600\" data-orig-size=\"380,600\" data-comments-opened=\"1\" data-image-meta=\"{&quot;aperture&quot;:&quot;0&quot;,&quot;credit&quot;:&quot;&quot;,&quot;camera&quot;:&quot;&quot;,&quot;caption&quot;:&quot;&quot;,&quot;created_timestamp&quot;:&quot;0&quot;,&quot;copyright&quot;:&quot;&quot;,&quot;focal_length&quot;:&quot;0&quot;,&quot;iso&quot;:&quot;0&quot;,&quot;shutter_speed&quot;:&quot;0&quot;,&quot;title&quot;:&quot;&quot;,&quot;orientation&quot;:&quot;0&quot;}\" data-image-title=\"Tragici greci\" data-image-description=\"\" data-image-caption=\"\" data-medium-file=\"https:\/\/i0.wp.com\/www.robertosedda.it\/wp-content\/uploads\/2015\/10\/Tragici-greci.jpg?fit=190%2C300\" data-large-file=\"https:\/\/i0.wp.com\/www.robertosedda.it\/wp-content\/uploads\/2015\/10\/Tragici-greci.jpg?fit=380%2C600\" decoding=\"async\" loading=\"lazy\" class=\"alignleft size-medium wp-image-10949\" src=\"https:\/\/i0.wp.com\/www.robertosedda.it\/wp-content\/uploads\/2015\/10\/Tragici-greci.jpg?resize=190%2C300\" alt=\"Tragici greci\" width=\"190\" height=\"300\" srcset=\"https:\/\/i0.wp.com\/www.robertosedda.it\/wp-content\/uploads\/2015\/10\/Tragici-greci.jpg?resize=190%2C300 190w, https:\/\/i0.wp.com\/www.robertosedda.it\/wp-content\/uploads\/2015\/10\/Tragici-greci.jpg?resize=95%2C150 95w, https:\/\/i0.wp.com\/www.robertosedda.it\/wp-content\/uploads\/2015\/10\/Tragici-greci.jpg?w=380 380w\" sizes=\"(max-width: 190px) 100vw, 190px\" data-recalc-dims=\"1\" \/><\/a>La puntata \u00e8 andata via liscia, tutto sommato. Si poteva forse spiegare un po&#8217; meglio quello strano discorso sulla <em>attualit\u00e0<\/em>\u00a0del teatro greco;\u00a0non mi riferivo tanto ai contenuti (che, come dimostra la <em>Medea<\/em>, sono assolutamente contemporanei) quanto al fatto che, insomma, i teatranti sono teatranti in tutti i tempi &#8211; mi ha molto colpito scoprire, mentre mi preparavo per questo ciclo di puntate, che quel che identifica Testi, il primo attore, sono esattamente gli apparati scenici (che portava sul carro, e cos\u00ec abbiamo scoperto anche il significato de <em>il carro di Tespi<\/em>): e un teatro basato su apparati scenici \u00e8 gi\u00e0 un teatro strutturalmente evoluto.<\/p>\n<p>Per il resto ho cercato di riproporre un punto di vista per quanto possibile originale sul tema della catarsi e in generale sulla sacralit\u00e0 della tragedia: pi\u00f9 rileggo questi vecchi testi e pi\u00f9 mi convinco che sono <a href=\"https:\/\/i0.wp.com\/www.robertosedda.it\/wp-content\/uploads\/2015\/10\/Tragici-greci-Einaudi.jpg\"><img data-attachment-id=\"10950\" data-permalink=\"http:\/\/www.robertosedda.it\/?attachment_id=10950\" data-orig-file=\"https:\/\/i0.wp.com\/www.robertosedda.it\/wp-content\/uploads\/2015\/10\/Tragici-greci-Einaudi.jpg?fit=170%2C275\" data-orig-size=\"170,275\" data-comments-opened=\"1\" data-image-meta=\"{&quot;aperture&quot;:&quot;0&quot;,&quot;credit&quot;:&quot;&quot;,&quot;camera&quot;:&quot;&quot;,&quot;caption&quot;:&quot;&quot;,&quot;created_timestamp&quot;:&quot;0&quot;,&quot;copyright&quot;:&quot;&quot;,&quot;focal_length&quot;:&quot;0&quot;,&quot;iso&quot;:&quot;0&quot;,&quot;shutter_speed&quot;:&quot;0&quot;,&quot;title&quot;:&quot;&quot;,&quot;orientation&quot;:&quot;0&quot;}\" data-image-title=\"Tragici greci Einaudi\" data-image-description=\"\" data-image-caption=\"\" data-medium-file=\"https:\/\/i0.wp.com\/www.robertosedda.it\/wp-content\/uploads\/2015\/10\/Tragici-greci-Einaudi.jpg?fit=170%2C275\" data-large-file=\"https:\/\/i0.wp.com\/www.robertosedda.it\/wp-content\/uploads\/2015\/10\/Tragici-greci-Einaudi.jpg?fit=170%2C275\" decoding=\"async\" loading=\"lazy\" class=\"alignright size-full wp-image-10950\" src=\"https:\/\/i0.wp.com\/www.robertosedda.it\/wp-content\/uploads\/2015\/10\/Tragici-greci-Einaudi.jpg?resize=170%2C275\" alt=\"Tragici greci Einaudi\" width=\"170\" height=\"275\" srcset=\"https:\/\/i0.wp.com\/www.robertosedda.it\/wp-content\/uploads\/2015\/10\/Tragici-greci-Einaudi.jpg?w=170 170w, https:\/\/i0.wp.com\/www.robertosedda.it\/wp-content\/uploads\/2015\/10\/Tragici-greci-Einaudi.jpg?resize=93%2C150 93w\" sizes=\"(max-width: 170px) 100vw, 170px\" data-recalc-dims=\"1\" \/><\/a>comprensibili solo in un&#8217;ottica <em>comunitaria<\/em>. Non intendo dire, anche se gi\u00e0 questo spesso ci sfugge, che ovviamente il testo teatrale si comprende solo se rivolto a un\u00a0<em>pubblico<\/em>, e quindi \u00e8 gi\u00e0 di per s\u00e9 un fenomeno sociale: piuttosto avevo in mente il fatto che l&#8217;autore scriveva per un pubblico\u00a0<em>definito<\/em> e da lui ben conosciuto &#8211; i suoi concittadini, che in una\u00a0<em>polis<\/em> ateniese vuol dire vicini di casa, parenti, amici (e nemici!) &#8211; ma che gli stessi legami di strettissima conoscenza legavano anche molti degli spettatori fra loro. La fruizione dell&#8217;opera era quindi un fatto collettivo e l&#8217;effetto religioso, di purificazione, la dimensione rituale non sono fatti psicologici individuali ma <em>sociali<\/em>: non dovremmo affrontare in fondo la tragedia pensando a Freud, ma piuttosto a Giovanni il Battista, diciamo.<\/p>\n<p>Nella puntata forse non tutto mi \u00e8 venuto chiaro come intendevo, ma ecco: quel che volevo dire era questo!<\/p>\n","protected":false},"excerpt":{"rendered":"<p>Per fare pubblicit\u00e0 al fatto che stasera alle 19.10 va in onda la nuova puntata di\u00a0Oggi parliamo di libri (dedicata<\/p>\n","protected":false},"author":1,"featured_media":10950,"comment_status":"open","ping_status":"open","sticky":false,"template":"","format":"audio","meta":{"_mi_skip_tracking":false,"_monsterinsights_sitenote_active":false,"_monsterinsights_sitenote_note":"","_monsterinsights_sitenote_category":0,"jetpack_post_was_ever_published":false,"_jetpack_newsletter_access":"","jetpack_publicize_message":"","jetpack_is_tweetstorm":false,"jetpack_publicize_feature_enabled":true,"jetpack_social_post_already_shared":true,"jetpack_social_options":{"image_generator_settings":{"template":"highway","enabled":false}}},"categories":[52,56,13,101,12],"tags":[],"jetpack_publicize_connections":[],"jetpack_featured_media_url":"https:\/\/i0.wp.com\/www.robertosedda.it\/wp-content\/uploads\/2015\/10\/Tragici-greci-Einaudi.jpg?fit=170%2C275","jetpack_sharing_enabled":true,"jetpack_shortlink":"https:\/\/wp.me\/p4jV2T-2Qz","jetpack_likes_enabled":true,"jetpack-related-posts":[{"id":10888,"url":"http:\/\/www.robertosedda.it\/?p=10888","url_meta":{"origin":10947,"position":0},"title":"Come detto, teatro","author":"Rufus","date":"24\/09\/2015","format":"video","excerpt":"http:\/\/www.radiokalaritana.it\/audio\/LIB-S04E01-Le_opere_teatrali-20150917.mp3 Parlare di teatro (Oggi parliamo di libri, 17\/09\/2015) La presenza del\u00a0podcast mi permette di riproporre qui sul blog\u00a0le puntate di\u00a0Oggi parliamo di libri\u00a0in maniera pi\u00f9 puntuale: questa \u00e8 la prima, andata in onda la settimana scorsa, e la sua pubblicazione vale anche come invito ad ascoltare la seconda, questa\u2026","rel":"","context":"In &quot;Coordinate&quot;","block_context":{"text":"Coordinate","link":"http:\/\/www.robertosedda.it\/?cat=52"},"img":{"alt_text":"","src":"","width":0,"height":0},"classes":[]},{"id":10836,"url":"http:\/\/www.robertosedda.it\/?p=10836","url_meta":{"origin":10947,"position":1},"title":"Sono di nuovo on air (e anche on line!)","author":"Rufus","date":"15\/09\/2015","format":false,"excerpt":"Da gioved\u00ec prossimo ricomincia\u00a0Oggi parliamo di libri, al solito orario delle 19.10 e in replica il venerd\u00ec mattina alle 8.30. La grossa novit\u00e0 di quest'anno \u00e8 il\u00a0podcast, che permetter\u00e0 di riascoltare le puntate quasi immediatamente senza bisogno di aspettare che io le metta in rete per conto mio. Continuer\u00f2 comunque\u2026","rel":"","context":"In &quot;Coordinate&quot;","block_context":{"text":"Coordinate","link":"http:\/\/www.robertosedda.it\/?cat=52"},"img":{"alt_text":"","src":"https:\/\/i0.wp.com\/www.robertosedda.it\/wp-content\/uploads\/2015\/09\/Radio-Kalaritana-On-Air.jpg?fit=850%2C310&resize=350%2C200","width":350,"height":200,"srcset":"https:\/\/i0.wp.com\/www.robertosedda.it\/wp-content\/uploads\/2015\/09\/Radio-Kalaritana-On-Air.jpg?fit=850%2C310&resize=350%2C200 1x, https:\/\/i0.wp.com\/www.robertosedda.it\/wp-content\/uploads\/2015\/09\/Radio-Kalaritana-On-Air.jpg?fit=850%2C310&resize=700%2C400 2x"},"classes":[]},{"id":11590,"url":"http:\/\/www.robertosedda.it\/?p=11590","url_meta":{"origin":10947,"position":2},"title":"La commedia dell&#8217;arte a Oggi parliamo di libri","author":"Rufus","date":"23\/02\/2016","format":false,"excerpt":"http:\/\/www.radiokalaritana.it\/audio\/LIB-S04E16-La_commedia_de_arte-20160114.mp3 La commedia dell'arte \u00c8 un po' che non riepilogo qui sul\u00a0blog le varie puntate di Oggi parliamo di libri. Dopo il ciclo dedicato a Shakespeare\u00a0avevo previsto di presentare Gozzi e Goldoni, ma nel preparare le puntate mi sono reso conto che affrontare direttamente questi due non si poteva: mi\u2026","rel":"","context":"In &quot;Coordinate&quot;","block_context":{"text":"Coordinate","link":"http:\/\/www.robertosedda.it\/?cat=52"},"img":{"alt_text":"","src":"https:\/\/i0.wp.com\/www.robertosedda.it\/wp-content\/uploads\/2016\/02\/Enrico-Bonavera.jpg?fit=848%2C1200&resize=350%2C200","width":350,"height":200,"srcset":"https:\/\/i0.wp.com\/www.robertosedda.it\/wp-content\/uploads\/2016\/02\/Enrico-Bonavera.jpg?fit=848%2C1200&resize=350%2C200 1x, https:\/\/i0.wp.com\/www.robertosedda.it\/wp-content\/uploads\/2016\/02\/Enrico-Bonavera.jpg?fit=848%2C1200&resize=700%2C400 2x"},"classes":[]},{"id":11693,"url":"http:\/\/www.robertosedda.it\/?p=11693","url_meta":{"origin":10947,"position":3},"title":"Tragediografi di grande levatura","author":"Rufus","date":"17\/03\/2016","format":false,"excerpt":"Come ho spiegato all'inizio della ventesima puntata di questa stagione di\u00a0Oggi parliamo di libri avevo voglia fin dall'inizio dell'anno di parlare\u00a0prima o poi dell'Adelchi di Manzoni. Quando \u00e8 arrivato il momento, per\u00f2, mi sono reso conto che farlo per bene richiedeva porre delle premesse e che quindi avrei dovuto parlare\u2026","rel":"","context":"In &quot;Coordinate&quot;","block_context":{"text":"Coordinate","link":"http:\/\/www.robertosedda.it\/?cat=52"},"img":{"alt_text":"","src":"https:\/\/i0.wp.com\/www.robertosedda.it\/wp-content\/uploads\/2016\/03\/Immagine-prima-pagina-Cid.png?resize=350%2C200","width":350,"height":200,"srcset":"https:\/\/i0.wp.com\/www.robertosedda.it\/wp-content\/uploads\/2016\/03\/Immagine-prima-pagina-Cid.png?resize=350%2C200 1x, https:\/\/i0.wp.com\/www.robertosedda.it\/wp-content\/uploads\/2016\/03\/Immagine-prima-pagina-Cid.png?resize=700%2C400 2x"},"classes":[]},{"id":10994,"url":"http:\/\/www.robertosedda.it\/?p=10994","url_meta":{"origin":10947,"position":4},"title":"La Medea di Euripide: un musical. Ma femminista? Forse no","author":"Rufus","date":"13\/10\/2015","format":false,"excerpt":"La Medea di Euripide Devo confessarlo: non avevo mai letto interamente la\u00a0Medea. Scoprirla preparando questo ciclo di\u00a0puntate \u00e8 stato, per molti\u00a0aspetti, un regalo inaspettato. D'altra parte la ricchezza di possibili percorsi di lettura ha finito per rappresentare, al momento di registrare, una difficolt\u00e0 aggiuntiva: nel senso che\u00a0scegliere con esattezza quel\u2026","rel":"","context":"In &quot;Coordinate&quot;","block_context":{"text":"Coordinate","link":"http:\/\/www.robertosedda.it\/?cat=52"},"img":{"alt_text":"","src":"https:\/\/i0.wp.com\/www.robertosedda.it\/wp-content\/uploads\/2015\/10\/Medea.jpg?fit=501%2C750&resize=350%2C200","width":350,"height":200},"classes":[]},{"id":11945,"url":"http:\/\/www.robertosedda.it\/?p=11945","url_meta":{"origin":10947,"position":5},"title":"Oggi parliamo di libri arriva all&#8217;Ottocento","author":"Rufus","date":"11\/05\/2016","format":false,"excerpt":"Sono abbastanza soddisfatto della puntata di Oggi parliamo di libri con cui ho aperto l'ultimo, lungo, ciclo di trasmissioni della stagione (\u00e8 ormai chiaro che non riuscir\u00f2 a parlare del teatro del '900). http:\/\/www.radiokalaritana.it\/audio\/download\/LIB-S04E25-Il_teatro_nel_1800-20160317.mp3 Il teatro nell'800 Non \u00e8 che sempre bisogna dire cose straordinarie (infatti io non ci riesco\u2026","rel":"","context":"In &quot;Coordinate&quot;","block_context":{"text":"Coordinate","link":"http:\/\/www.robertosedda.it\/?cat=52"},"img":{"alt_text":"","src":"https:\/\/i0.wp.com\/www.robertosedda.it\/wp-content\/uploads\/2016\/05\/Hobsbawm-Et\u00e0-rivoluzione-e1683811506646.jpg?fit=750%2C1088&resize=350%2C200","width":350,"height":200,"srcset":"https:\/\/i0.wp.com\/www.robertosedda.it\/wp-content\/uploads\/2016\/05\/Hobsbawm-Et\u00e0-rivoluzione-e1683811506646.jpg?fit=750%2C1088&resize=350%2C200 1x, https:\/\/i0.wp.com\/www.robertosedda.it\/wp-content\/uploads\/2016\/05\/Hobsbawm-Et\u00e0-rivoluzione-e1683811506646.jpg?fit=750%2C1088&resize=700%2C400 2x"},"classes":[]}],"_links":{"self":[{"href":"http:\/\/www.robertosedda.it\/index.php?rest_route=\/wp\/v2\/posts\/10947"}],"collection":[{"href":"http:\/\/www.robertosedda.it\/index.php?rest_route=\/wp\/v2\/posts"}],"about":[{"href":"http:\/\/www.robertosedda.it\/index.php?rest_route=\/wp\/v2\/types\/post"}],"author":[{"embeddable":true,"href":"http:\/\/www.robertosedda.it\/index.php?rest_route=\/wp\/v2\/users\/1"}],"replies":[{"embeddable":true,"href":"http:\/\/www.robertosedda.it\/index.php?rest_route=%2Fwp%2Fv2%2Fcomments&post=10947"}],"version-history":[{"count":2,"href":"http:\/\/www.robertosedda.it\/index.php?rest_route=\/wp\/v2\/posts\/10947\/revisions"}],"predecessor-version":[{"id":10952,"href":"http:\/\/www.robertosedda.it\/index.php?rest_route=\/wp\/v2\/posts\/10947\/revisions\/10952"}],"wp:featuredmedia":[{"embeddable":true,"href":"http:\/\/www.robertosedda.it\/index.php?rest_route=\/wp\/v2\/media\/10950"}],"wp:attachment":[{"href":"http:\/\/www.robertosedda.it\/index.php?rest_route=%2Fwp%2Fv2%2Fmedia&parent=10947"}],"wp:term":[{"taxonomy":"category","embeddable":true,"href":"http:\/\/www.robertosedda.it\/index.php?rest_route=%2Fwp%2Fv2%2Fcategories&post=10947"},{"taxonomy":"post_tag","embeddable":true,"href":"http:\/\/www.robertosedda.it\/index.php?rest_route=%2Fwp%2Fv2%2Ftags&post=10947"}],"curies":[{"name":"wp","href":"https:\/\/api.w.org\/{rel}","templated":true}]}}