{"id":1093,"date":"2012-10-22T14:16:02","date_gmt":"2012-10-22T12:16:02","guid":{"rendered":"http:\/\/www.robertosedda.it\/?p=1093"},"modified":"2014-02-05T16:27:04","modified_gmt":"2014-02-05T15:27:04","slug":"il-reality-di-garrone","status":"publish","type":"post","link":"http:\/\/www.robertosedda.it\/?p=1093","title":{"rendered":"Il Reality di Garrone"},"content":{"rendered":"<p>Ai matrimoni\u00a0o alle altre ricorrenze di famiglia\u00a0Luciano si traveste, si maschera da vecchietta o da <em>drag queen<\/em> per far ridere i parenti. Poi, mentre gli altri ospiti escono dagli abiti della festa (in\u00a0 una scena con un bellissimo piano sequenza) lui si toglie il cerone, si strucca e torna alla normalit\u00e0, fatta di moglie, due figli, negozio di pescivendolo e una specie di ricettazione di elettrodomestici rubati.<\/p>\n<p>Poi un giorno Luciano sbaglia, si ritrova su un <em>set<\/em> imprevisto, quello di un provino per il<em> Grande Fratello<\/em>, scatta qualcosa e (forse) non sar\u00e0 pi\u00f9 capace di rientrare nella realt\u00e0. \u00c8 tutta in queste poche battute la trama di <em>Reality<\/em>.<\/p>\n<div class=\"jetpack-video-wrapper\"><span class=\"embed-youtube\" style=\"text-align:center; display: block;\"><iframe class=\"youtube-player\" width=\"800\" height=\"450\" src=\"https:\/\/www.youtube.com\/embed\/LzNbwEoBHfQ?version=3&#038;rel=1&#038;showsearch=0&#038;showinfo=1&#038;iv_load_policy=1&#038;fs=1&#038;hl=it-IT&#038;autohide=2&#038;wmode=transparent\" allowfullscreen=\"true\" style=\"border:0;\" sandbox=\"allow-scripts allow-same-origin allow-popups allow-presentation\"><\/iframe><\/span><\/div>\n<p>Garrone confeziona una favola nera, nerissima, con tanto di musichina fatata di sottofondo che diviene inquietante e fondale da presepe napoletano (la palazzina semidiroccata in cui vive tutta la trib\u00f9 allargata di Luciano). Nonostante le apparenze <em>Reality<\/em> non \u00e8 una storia sui concorrenti del<em> Grande Fratello<\/em>, tanto meno <em>contro<\/em> il <em>Grande Fratello<\/em> &#8211; e infatti se non ho capito male ha potuto esibire tranquillamente il logo e il <em>set<\/em> della trasmissione. Non \u00e8 neanche, se non marginalmente,\u00a0un <em>film<\/em> sull&#8217;Italia dei <em>reality<\/em>, sui sogni suggeriti, sull&#8217;ansia di apparire, sul quarto d&#8217;ora di celebrit\u00e0: tutte queste cose vengono lasciate sullo sfondo e date per scontate, per presupposte: ma non c&#8217;\u00e8 commedia di costume, o analisi sociale. Non \u00e8 neanche un <em>film<\/em> su Napoli o la napoletanit\u00e0: non che non ci siano tutti i <em>tic<\/em> e le cose tipiche, ma anche queste sono semplicemente il <em>setting<\/em>. Se proprio dovessi\u00a0indicare un tema direi che <em>Reality<\/em> \u00e8 un <em>film<\/em> sulla famiglia italiana, sulla sua capacit\u00e0 di riassorbire tutto, sulla irresponsabilit\u00e0 che, in fondo, \u00e8 permessa ai suoi componenti per tirare sempre innanzi nonostante tutto (ora che ci penso, vale anche per il paese nel complesso, non solo per gli individui)&#8230; ma anche questo \u00e8 un tema che fa da collante invisibile, viene semplicemente suggerito.<\/p>\n<p><em>Reality<\/em> \u00e8 girato benissimo e benissimo interpretato, ma\u00a0\u00e8 chiaro che rimanendo cos\u00ec centrato sulla storia personale di Luciano, sulle sue crescenti ansie e manie, sulla sua costruzione delirante della realt\u00e0, in qualche modo perde di peso: la parabola di Luciano non ha mai un guizzo decisivo, un esito grottesco, un graffio veramene cattivo, e quindi, a parte il tono generale di disperazione suggerito dalla favola, manca il colpo allo stomaco che renderebbe il <em>film<\/em> indimenticabile &#8211; peraltro non si ride nemmeno tanto, pi\u00f9 che altro si rimane sconcertati da ogni passo successivo compiuto da Luciano, ognuno pi\u00f9 bizzarro del precedente, e si trattiene a malapena la voglia di prenderlo a schiaffi.<\/p>\n<p>Un <em>film<\/em> cos\u00ec sospeso &#8211; e anche un po&#8217; prolungato oltre il necessario &#8211; avrebbe bisongo di un finale indimenticabile, un finale che dia il senso compiuto a tutta la storia: dopotutto le favole richiedono una morale. Garrone sceglie invece un&#8217;altra strada, che ovviamente non rivelo ma che, fra prefinale e finale vero e proprio,\u00a0sembra riconsegnare la storia allo spettatore, perch\u00e9 ne faccia quel che vuole. Lui, Garrone, si riseva di descrivere il <em>Grande Fratello<\/em> come un&#8217;isola rutilante di follia in mezzo al nulla: almeno su questo, \u00e8 chiaro come la pensa.<\/p>\n","protected":false},"excerpt":{"rendered":"<p>Ai matrimoni\u00a0o alle altre ricorrenze di famiglia\u00a0Luciano si traveste, si maschera da vecchietta o da drag queen per far ridere<\/p>\n","protected":false},"author":1,"featured_media":0,"comment_status":"open","ping_status":"open","sticky":false,"template":"","format":"video","meta":{"_mi_skip_tracking":false,"_monsterinsights_sitenote_active":false,"_monsterinsights_sitenote_note":"","_monsterinsights_sitenote_category":0,"jetpack_post_was_ever_published":false,"_jetpack_newsletter_access":"","jetpack_publicize_message":"","jetpack_is_tweetstorm":false,"jetpack_publicize_feature_enabled":true,"jetpack_social_post_already_shared":false,"jetpack_social_options":{"image_generator_settings":{"template":"highway","enabled":false}}},"categories":[52,14,56,82,12],"tags":[],"jetpack_publicize_connections":[],"jetpack_featured_media_url":"","jetpack_sharing_enabled":true,"jetpack_shortlink":"https:\/\/wp.me\/p4jV2T-hD","jetpack_likes_enabled":true,"jetpack-related-posts":[{"id":15672,"url":"http:\/\/www.robertosedda.it\/?p=15672","url_meta":{"origin":1093,"position":0},"title":"La macchina del pianto","author":"Rufus","date":"17\/09\/2018","format":false,"excerpt":"Come reazione alla lettura del libro di Bandi mi sono messo a rileggere il libro Cuore. Ora, chi segue questo blog ricorder\u00e0 che su alcuni alcuni dei classici per l'infanzia ho\u00a0 opinioni che non sono esattamente lusinghiere, e spesso nemmeno in linea con l'opinione corrente: per esempio credo che Piccole\u2026","rel":"","context":"In &quot;Coordinate&quot;","block_context":{"text":"Coordinate","link":"http:\/\/www.robertosedda.it\/?cat=52"},"img":{"alt_text":"","src":"https:\/\/i0.wp.com\/www.robertosedda.it\/wp-content\/uploads\/2018\/09\/Cuore.jpg?fit=260%2C400&resize=350%2C200","width":350,"height":200},"classes":[]},{"id":16445,"url":"http:\/\/www.robertosedda.it\/?p=16445","url_meta":{"origin":1093,"position":1},"title":"Post-profetico","author":"Rufus","date":"26\/03\/2019","format":false,"excerpt":"Quando scrivevo le avventure di Cyberpunk 2.0.2.0. per i vari tornei nazionali, negli anni '90, facevo sempre in modo di metterci come comprimari i Cz\u0119stochowa Riders, una banda (inesistente) di motociclisti polacchi, cattolici e anarchici. Barbe lunghe, rosari appesi ai manubri delle moto, icone della Madonna che sventolano dalle antenne\u2026","rel":"","context":"In &quot;Coordinate&quot;","block_context":{"text":"Coordinate","link":"http:\/\/www.robertosedda.it\/?cat=52"},"img":{"alt_text":"","src":"https:\/\/i0.wp.com\/www.robertosedda.it\/wp-content\/uploads\/2019\/03\/Jasna-Gora-Bikers.jpg?fit=1000%2C541&resize=350%2C200","width":350,"height":200,"srcset":"https:\/\/i0.wp.com\/www.robertosedda.it\/wp-content\/uploads\/2019\/03\/Jasna-Gora-Bikers.jpg?fit=1000%2C541&resize=350%2C200 1x, https:\/\/i0.wp.com\/www.robertosedda.it\/wp-content\/uploads\/2019\/03\/Jasna-Gora-Bikers.jpg?fit=1000%2C541&resize=700%2C400 2x"},"classes":[]},{"id":6872,"url":"http:\/\/www.robertosedda.it\/?p=6872","url_meta":{"origin":1093,"position":2},"title":"Come bruciare quattrocentomila dollari in un giorno solo","author":"Rufus","date":"08\/04\/2014","format":false,"excerpt":"Grazie a una segnalazione dell'attentissimo Francesco Sedda (non un parente, e e neanche il\u00a0leader del\u00a0Partito dei Sardi: si vede che i Sedda vengono alla ribalta, ultimamente) ho letto un interessante articolo su... beh, quello che leggete nel titolo: come un progetto ludico che si annunciava come innovativo, molto interessante e\u2026","rel":"","context":"In &quot;Coordinate&quot;","block_context":{"text":"Coordinate","link":"http:\/\/www.robertosedda.it\/?cat=52"},"img":{"alt_text":"","src":"https:\/\/i0.wp.com\/www.robertosedda.it\/wp-content\/uploads\/2014\/04\/Makers-Studio.jpg?fit=627%2C690&resize=350%2C200","width":350,"height":200},"classes":[]},{"id":13073,"url":"http:\/\/www.robertosedda.it\/?p=13073","url_meta":{"origin":1093,"position":3},"title":"Contro Gazebo","author":"Rufus","date":"10\/01\/2017","format":false,"excerpt":"Come tutti sanno io e Maria Bonaria non abbiamo la televisione: per questo motivo l'apparecchio rettangolare ha su di me un effetto ipnotico quando lo vedo a casa di altri. Ieri ero a casa dell'Inossidabile nell'ora nella quale le passo a prendere la spazzatura da buttare e c'era la TV\u2026","rel":"","context":"In &quot;Coordinate&quot;","block_context":{"text":"Coordinate","link":"http:\/\/www.robertosedda.it\/?cat=52"},"img":{"alt_text":"","src":"https:\/\/i0.wp.com\/www.robertosedda.it\/wp-content\/uploads\/2017\/01\/Gazebo.jpg?fit=1063%2C610&resize=350%2C200","width":350,"height":200,"srcset":"https:\/\/i0.wp.com\/www.robertosedda.it\/wp-content\/uploads\/2017\/01\/Gazebo.jpg?fit=1063%2C610&resize=350%2C200 1x, https:\/\/i0.wp.com\/www.robertosedda.it\/wp-content\/uploads\/2017\/01\/Gazebo.jpg?fit=1063%2C610&resize=700%2C400 2x, https:\/\/i0.wp.com\/www.robertosedda.it\/wp-content\/uploads\/2017\/01\/Gazebo.jpg?fit=1063%2C610&resize=1050%2C600 3x"},"classes":[]},{"id":13024,"url":"http:\/\/www.robertosedda.it\/?p=13024","url_meta":{"origin":1093,"position":4},"title":"Bolle culturali","author":"Rufus","date":"30\/12\/2016","format":false,"excerpt":"Grazie a una segnalazione di Patrick Rothfuss ho visto sul\u00a0New York Times\u00a0(in realt\u00e0 il sottosito Upshot che si occupa di statistiche)\u00a0un articolo sulla diversa diffusione dei diversi telefilm e produzioni televisive nelle varie zone degli Stati Uniti. Il risultato \u00e8 riportato nella sintesi dell'articolo: Gli americani si stanno aggregando in\u2026","rel":"","context":"In &quot;Coordinate&quot;","block_context":{"text":"Coordinate","link":"http:\/\/www.robertosedda.it\/?cat=52"},"img":{"alt_text":"","src":"https:\/\/i0.wp.com\/www.robertosedda.it\/wp-content\/uploads\/2016\/12\/Duck-Dinasty.png?fit=1200%2C758&resize=350%2C200","width":350,"height":200,"srcset":"https:\/\/i0.wp.com\/www.robertosedda.it\/wp-content\/uploads\/2016\/12\/Duck-Dinasty.png?fit=1200%2C758&resize=350%2C200 1x, https:\/\/i0.wp.com\/www.robertosedda.it\/wp-content\/uploads\/2016\/12\/Duck-Dinasty.png?fit=1200%2C758&resize=700%2C400 2x, https:\/\/i0.wp.com\/www.robertosedda.it\/wp-content\/uploads\/2016\/12\/Duck-Dinasty.png?fit=1200%2C758&resize=1050%2C600 3x"},"classes":[]},{"id":8300,"url":"http:\/\/www.robertosedda.it\/?p=8300","url_meta":{"origin":1093,"position":5},"title":"Magari ci si becca al Caf\u00e8 Noir","author":"Rufus","date":"02\/09\/2014","format":false,"excerpt":"Vedo che \u00e8 uscito il programma del festival\u00a0letterario di\u00a0Marina Caf\u00e8 Noir, che pi\u00f9 o meno chiude la stagione degli eventi culturali di piazza dell'estate 2014. Il titolo \u00e8\u00a0Non tutto \u00e8 in vendita: dal programma fatico a capire perch\u00e9, ma non posso che essere d'accordo. Riporto comunque il programma, che trovate\u2026","rel":"","context":"In &quot;Coordinate&quot;","block_context":{"text":"Coordinate","link":"http:\/\/www.robertosedda.it\/?cat=52"},"img":{"alt_text":"","src":"https:\/\/i0.wp.com\/www.robertosedda.it\/wp-content\/uploads\/2014\/09\/Marina-cafe-noir.jpg?fit=225%2C225&resize=350%2C200","width":350,"height":200},"classes":[]}],"_links":{"self":[{"href":"http:\/\/www.robertosedda.it\/index.php?rest_route=\/wp\/v2\/posts\/1093"}],"collection":[{"href":"http:\/\/www.robertosedda.it\/index.php?rest_route=\/wp\/v2\/posts"}],"about":[{"href":"http:\/\/www.robertosedda.it\/index.php?rest_route=\/wp\/v2\/types\/post"}],"author":[{"embeddable":true,"href":"http:\/\/www.robertosedda.it\/index.php?rest_route=\/wp\/v2\/users\/1"}],"replies":[{"embeddable":true,"href":"http:\/\/www.robertosedda.it\/index.php?rest_route=%2Fwp%2Fv2%2Fcomments&post=1093"}],"version-history":[{"count":18,"href":"http:\/\/www.robertosedda.it\/index.php?rest_route=\/wp\/v2\/posts\/1093\/revisions"}],"predecessor-version":[{"id":6169,"href":"http:\/\/www.robertosedda.it\/index.php?rest_route=\/wp\/v2\/posts\/1093\/revisions\/6169"}],"wp:attachment":[{"href":"http:\/\/www.robertosedda.it\/index.php?rest_route=%2Fwp%2Fv2%2Fmedia&parent=1093"}],"wp:term":[{"taxonomy":"category","embeddable":true,"href":"http:\/\/www.robertosedda.it\/index.php?rest_route=%2Fwp%2Fv2%2Fcategories&post=1093"},{"taxonomy":"post_tag","embeddable":true,"href":"http:\/\/www.robertosedda.it\/index.php?rest_route=%2Fwp%2Fv2%2Ftags&post=1093"}],"curies":[{"name":"wp","href":"https:\/\/api.w.org\/{rel}","templated":true}]}}