{"id":10836,"date":"2015-09-15T17:30:20","date_gmt":"2015-09-15T15:30:20","guid":{"rendered":"http:\/\/www.robertosedda.it\/?p=10836"},"modified":"2015-09-24T12:26:27","modified_gmt":"2015-09-24T10:26:27","slug":"sono-di-nuovo-on-air-e-anche-on-line","status":"publish","type":"post","link":"http:\/\/www.robertosedda.it\/?p=10836","title":{"rendered":"Sono di nuovo <em>on air<\/em> (e anche <\/em>on line<\/em>!)"},"content":{"rendered":"<p><a href=\"https:\/\/i0.wp.com\/www.robertosedda.it\/wp-content\/uploads\/2015\/09\/Radio-Kalaritana-On-Air.jpg\"><img data-attachment-id=\"10837\" data-permalink=\"http:\/\/www.robertosedda.it\/?attachment_id=10837\" data-orig-file=\"https:\/\/i0.wp.com\/www.robertosedda.it\/wp-content\/uploads\/2015\/09\/Radio-Kalaritana-On-Air.jpg?fit=850%2C310\" data-orig-size=\"850,310\" data-comments-opened=\"1\" data-image-meta=\"{&quot;aperture&quot;:&quot;0&quot;,&quot;credit&quot;:&quot;Sony&quot;,&quot;camera&quot;:&quot;&quot;,&quot;caption&quot;:&quot;&quot;,&quot;created_timestamp&quot;:&quot;0&quot;,&quot;copyright&quot;:&quot;&quot;,&quot;focal_length&quot;:&quot;0&quot;,&quot;iso&quot;:&quot;0&quot;,&quot;shutter_speed&quot;:&quot;0&quot;,&quot;title&quot;:&quot;&quot;,&quot;orientation&quot;:&quot;0&quot;}\" data-image-title=\"Radio Kalaritana On Air\" data-image-description=\"\" data-image-caption=\"\" data-medium-file=\"https:\/\/i0.wp.com\/www.robertosedda.it\/wp-content\/uploads\/2015\/09\/Radio-Kalaritana-On-Air.jpg?fit=300%2C109\" data-large-file=\"https:\/\/i0.wp.com\/www.robertosedda.it\/wp-content\/uploads\/2015\/09\/Radio-Kalaritana-On-Air.jpg?fit=510%2C186\" decoding=\"async\" loading=\"lazy\" class=\"aligncenter size-full wp-image-10837\" src=\"https:\/\/i0.wp.com\/www.robertosedda.it\/wp-content\/uploads\/2015\/09\/Radio-Kalaritana-On-Air.jpg?resize=800%2C292\" alt=\"Radio Kalaritana On Air\" width=\"800\" height=\"292\" srcset=\"https:\/\/i0.wp.com\/www.robertosedda.it\/wp-content\/uploads\/2015\/09\/Radio-Kalaritana-On-Air.jpg?w=850 850w, https:\/\/i0.wp.com\/www.robertosedda.it\/wp-content\/uploads\/2015\/09\/Radio-Kalaritana-On-Air.jpg?resize=150%2C55 150w, https:\/\/i0.wp.com\/www.robertosedda.it\/wp-content\/uploads\/2015\/09\/Radio-Kalaritana-On-Air.jpg?resize=300%2C109 300w, https:\/\/i0.wp.com\/www.robertosedda.it\/wp-content\/uploads\/2015\/09\/Radio-Kalaritana-On-Air.jpg?resize=510%2C186 510w, https:\/\/i0.wp.com\/www.robertosedda.it\/wp-content\/uploads\/2015\/09\/Radio-Kalaritana-On-Air.jpg?resize=700%2C255 700w\" sizes=\"(max-width: 800px) 100vw, 800px\" data-recalc-dims=\"1\" \/><\/a>Da gioved\u00ec prossimo ricomincia\u00a0<em>Oggi parliamo di libri<\/em>, al solito orario delle 19.10 e in replica il venerd\u00ec mattina alle 8.30.<\/p>\n<p>La grossa novit\u00e0 di quest&#8217;anno \u00e8 il\u00a0<em><a href=\"http:\/\/www.radiokalaritana.it\/podcast\/oggi-parliamo-di-libri\/\">podcast<\/a><\/em>, che permetter\u00e0 di riascoltare le puntate quasi immediatamente senza bisogno di aspettare che io le metta in rete per conto mio. Continuer\u00f2 comunque a gestire il canale\u00a0<em><a href=\"http:\/\/www.youtube.com\/channel\/UC37IP50YwIadpe6Wqz4RpEw\">YouTube<\/a><\/em>, anche perch\u00e9 pare che il\u00a0<em>podcast<\/em> non risalir\u00e0 mai pi\u00f9 indietro di un anno, ma il punto di riferimento di base sar\u00e0 d&#8217;ora in poi il sito della radio, con un grosso vantaggio sui tempi e anche altri miglioramenti (per esempio sar\u00e0 possibile ascoltare la pausa musicale all&#8217;interno della puntata).<\/p>\n<p>A parte questo, ricomincia una nuova stagione, che sar\u00e0 la quarta e non \u00e8 poco. L&#8217;anno scorso sono arrivato alla fine un po&#8217; con la lingua di fuori e quest&#8217;anno sono stato molto tentato di dire basta e lasciare la trasmissione.<\/p>\n<p><em>Naaaaa<\/em>.<\/p>\n<p>Cio\u00e8: \u00e8 vero, ma appena ho cominciato a considerare l&#8217;ipotesi dell&#8217;abbandono mi \u00e8 venuta in mente una nuova idea (spero) carina, che ci accompagner\u00e0 per almeno un paio di mesi, e quindi insomma mi sono buttato di nuovo e vedremo come andr\u00e0 finire.<\/p>\n<p>Dopo aver parlato di <em>fantasy<\/em> e fantascienza, di romanzi di avventura e di storie d&#8217;amore questo nuovo primo ciclo di puntate sar\u00e0 dedicato ai testi teatrali, per cercare di togliere un po&#8217; di polvere a testi magari conosciuti a scuola e\u00a0proporne una lettura il pi\u00f9 possibile pi\u00f9 agile.<\/p>\n<p>Per il momento ho registrato una puntata introduttiva, una sulla tragedia greca in generale e una sulla\u00a0<em>Medea\u00a0<\/em>di Euripide. Ci saranno di sicuro altre puntate su:<\/p>\n<ul>\n<li>La commedia greca e latina<\/li>\n<li>Il\u00a0<em>Miles Gloriosus\u00a0<\/em>di Plauto<\/li>\n<li>Una sacra rappresentazione medievale da decidere (mi piacerebbe\u00a0<em>Il gioco di San Nicola<\/em>)<\/li>\n<li><em>La mandragola<\/em> di Niccol\u00f2 Machiavelli<\/li>\n<li>L&#8217;<em>Enrico V&#8230;<\/em><\/li>\n<li><i>&#8230; l&#8217;<\/i><em>Amleto<\/em>&#8230;<\/li>\n<li>&#8230; e\u00a0<em>Molto rumore per nulla<\/em>\u00a0<em>\u00a0<\/em>di William Shakespeare<\/li>\n<li><em>Fuente Ovejuna<\/em> di F\u00e9lix Lope de Vega<\/li>\n<li>Il\u00a0<em>Re Cervo<\/em> di Gozzi<\/li>\n<li><em>La Locandiera<\/em> di Goldoni<\/li>\n<\/ul>\n<p>mentre sul teatro pi\u00f9 recente devo ancora decidere (ci sar\u00e0 sicuramente Pirandello e il Diego Fabbri di <em>Processo a Ges\u00f9<\/em> e ritengo\u00a0<em>Morte di un commesso viaggiatore<\/em>, ma non so altro).<\/p>\n<p>Segnalo i temi delle prossime puntate perch\u00e9 so che a alcuni piace suggerire i commenti musicali di volta in volta pi\u00f9 appropriati: chi vuole lanciarsi \u00e8 il benvenuto!<\/p>\n<p>&nbsp;<\/p>\n","protected":false},"excerpt":{"rendered":"<p>Da gioved\u00ec prossimo ricomincia\u00a0Oggi parliamo di libri, al solito orario delle 19.10 e in replica il venerd\u00ec mattina alle 8.30.<\/p>\n","protected":false},"author":1,"featured_media":10837,"comment_status":"open","ping_status":"open","sticky":false,"template":"","format":"standard","meta":{"_mi_skip_tracking":false,"_monsterinsights_sitenote_active":false,"_monsterinsights_sitenote_note":"","_monsterinsights_sitenote_category":0,"jetpack_post_was_ever_published":false,"_jetpack_newsletter_access":"","jetpack_publicize_message":"","jetpack_is_tweetstorm":false,"jetpack_publicize_feature_enabled":true,"jetpack_social_post_already_shared":true,"jetpack_social_options":{"image_generator_settings":{"template":"highway","enabled":false}}},"categories":[52,56,17,82,16],"tags":[],"jetpack_publicize_connections":[],"jetpack_featured_media_url":"https:\/\/i0.wp.com\/www.robertosedda.it\/wp-content\/uploads\/2015\/09\/Radio-Kalaritana-On-Air.jpg?fit=850%2C310","jetpack_sharing_enabled":true,"jetpack_shortlink":"https:\/\/wp.me\/p4jV2T-2OM","jetpack_likes_enabled":true,"jetpack-related-posts":[{"id":9667,"url":"http:\/\/www.robertosedda.it\/?p=9667","url_meta":{"origin":10836,"position":0},"title":"Piccole incursioni radiofoniche (filopalestinesi?)","author":"Rufus","date":"25\/02\/2015","format":false,"excerpt":"Ieri ho giocato una piccola parte in commedia in un tentativo di sensibilizzare l'opinione pubblica sul tema del riconoscimento dello Stato di Palestina. Concretamente? Ho telefonato a Prima pagina, la rassegna dei quotidiani nazionali su Radio3,\u00a0 per porre la questione. Chi \u00e8 curioso pu\u00f2 ascoltare il podcast: la mia domanda\u2026","rel":"","context":"In &quot;Coordinate&quot;","block_context":{"text":"Coordinate","link":"http:\/\/www.robertosedda.it\/?cat=52"},"img":{"alt_text":"","src":"https:\/\/i0.wp.com\/www.robertosedda.it\/wp-content\/uploads\/2015\/02\/Tutta-la-citt\u00e0-ne-parla.jpg?fit=640%2C360&resize=350%2C200","width":350,"height":200},"classes":[]},{"id":18723,"url":"http:\/\/www.robertosedda.it\/?p=18723","url_meta":{"origin":10836,"position":1},"title":"L&#8217;amabile Rufus e il meraviglioso mondo dei podcast","author":"Rufus","date":"03\/06\/2021","format":false,"excerpt":"A fine agosto dell'anno scorso, quando gi\u00e0 si intuiva che avremmo passato altri lunghi mesi pi\u00f9 o meno reclusi, ho cominciato a camminare. Pu\u00f2 darsi che la cosa abbia avuto inizio perch\u00e9 mi sono detto che era meglio tenere d'occhio la pressione, ma in realt\u00e0 col senno di poi credo\u2026","rel":"","context":"In &quot;Coordinate&quot;","block_context":{"text":"Coordinate","link":"http:\/\/www.robertosedda.it\/?cat=52"},"img":{"alt_text":"","src":"https:\/\/i0.wp.com\/www.robertosedda.it\/wp-content\/uploads\/2021\/05\/La-riserva.jpg?fit=494%2C879&resize=350%2C200","width":350,"height":200},"classes":[]},{"id":15174,"url":"http:\/\/www.robertosedda.it\/?p=15174","url_meta":{"origin":10836,"position":2},"title":"Latino fish and chips","author":"Rufus","date":"17\/05\/2018","format":false,"excerpt":"Nei miei vagabondaggi sulla rete mi sono imbattuto in un\u00a0blog (e\u00a0podcast) divertente dedicato alla storia romana, che si chiama\u00a0Totalus rankium. La traduzione\u00a0sarebbe qualcosa del tipo \"classifica globale\" in un latino inglesizzato - sarei stato tentato di definirlo\u00a0latino\u00a0maccheronico\u00a0ma gli inglesi non mangiano spaghetti e insomma, boh. Il sito \u00e8 un delizioso\u2026","rel":"","context":"In &quot;Coordinate&quot;","block_context":{"text":"Coordinate","link":"http:\/\/www.robertosedda.it\/?cat=52"},"img":{"alt_text":"","src":"https:\/\/i0.wp.com\/www.robertosedda.it\/wp-content\/uploads\/2018\/05\/Totalium-rankium-1.jpg?fit=700%2C1094&resize=350%2C200","width":350,"height":200,"srcset":"https:\/\/i0.wp.com\/www.robertosedda.it\/wp-content\/uploads\/2018\/05\/Totalium-rankium-1.jpg?fit=700%2C1094&resize=350%2C200 1x, https:\/\/i0.wp.com\/www.robertosedda.it\/wp-content\/uploads\/2018\/05\/Totalium-rankium-1.jpg?fit=700%2C1094&resize=700%2C400 2x"},"classes":[]},{"id":14970,"url":"http:\/\/www.robertosedda.it\/?p=14970","url_meta":{"origin":10836,"position":3},"title":"La mattina, quando mi alzo&#8230;","author":"Rufus","date":"06\/04\/2018","format":false,"excerpt":"Cagliari Inedei \u00e8 un programma su\u00a0Radio X\u00a0inventato e curato da Cristina Marras che cerca di raccontare la nostra citt\u00e0 e la sua vita attraverso delle piccolissime pillole di racconti della giornata tipo dei suoi abitanti, fatti dalla loro stessa voce raccolta in maniera molto spontanea. Cos'\u00e8 una citt\u00e0 se non\u2026","rel":"","context":"In &quot;Coordinate&quot;","block_context":{"text":"Coordinate","link":"http:\/\/www.robertosedda.it\/?cat=52"},"img":{"alt_text":"","src":"https:\/\/i0.wp.com\/www.robertosedda.it\/wp-content\/uploads\/2018\/04\/cagliari-inedeilogo-620x350.jpg?fit=620%2C350&resize=350%2C200","width":350,"height":200},"classes":[]},{"id":9879,"url":"http:\/\/www.robertosedda.it\/?p=9879","url_meta":{"origin":10836,"position":4},"title":"URGENTE!!1!!1! FATE GIRARE!!1!1!!","author":"Rufus","date":"01\/04\/2015","format":false,"excerpt":"Ok, adesso che ho la vostra attenzione, il mio problema \u00e8 questo: ... ... pronti? Insomma: sono quasi tre anni che faccio Oggi parliamo di libri e non ho mai nessuna reazione. Non so manco se qualcuno mi ascolta (a parte mia mamma, santa donna, e un paio di amici\u2026","rel":"","context":"In &quot;Coordinate&quot;","block_context":{"text":"Coordinate","link":"http:\/\/www.robertosedda.it\/?cat=52"},"img":{"alt_text":"","src":"https:\/\/i0.wp.com\/www.robertosedda.it\/wp-content\/uploads\/2012\/12\/197882_4997567705416_1682811050_n.jpg?fit=750%2C865&resize=350%2C200","width":350,"height":200,"srcset":"https:\/\/i0.wp.com\/www.robertosedda.it\/wp-content\/uploads\/2012\/12\/197882_4997567705416_1682811050_n.jpg?fit=750%2C865&resize=350%2C200 1x, https:\/\/i0.wp.com\/www.robertosedda.it\/wp-content\/uploads\/2012\/12\/197882_4997567705416_1682811050_n.jpg?fit=750%2C865&resize=700%2C400 2x"},"classes":[]},{"id":20883,"url":"http:\/\/www.robertosedda.it\/?p=20883","url_meta":{"origin":10836,"position":5},"title":"Indiani e pionieri","author":"Rufus","date":"28\/01\/2026","format":false,"excerpt":"Ieri, segnalando Dark Winds, ho raccontato con un certo scetticismo del suo tono anticoloniale o comunque critico riguardo al trattamento, negli anni '60 del secolo scorso, non nel '700 e '800, dei nativi americani (quelli che in Canada e Australia sono definiti Primi Popoli). Mi sono chiesto, dopo aver pubblicato\u2026","rel":"","context":"In &quot;Coordinate&quot;","block_context":{"text":"Coordinate","link":"http:\/\/www.robertosedda.it\/?cat=52"},"img":{"alt_text":"","src":"https:\/\/i0.wp.com\/www.robertosedda.it\/wp-content\/uploads\/2026\/01\/MV5BNWUxYzAxZmQtMDcyMC00ZjhmLTljZWItZGI5MWNkM2ViYjE1XkEyXkFqcGc@._V1_-scaled.jpg?resize=350%2C200","width":350,"height":200,"srcset":"https:\/\/i0.wp.com\/www.robertosedda.it\/wp-content\/uploads\/2026\/01\/MV5BNWUxYzAxZmQtMDcyMC00ZjhmLTljZWItZGI5MWNkM2ViYjE1XkEyXkFqcGc@._V1_-scaled.jpg?resize=350%2C200 1x, https:\/\/i0.wp.com\/www.robertosedda.it\/wp-content\/uploads\/2026\/01\/MV5BNWUxYzAxZmQtMDcyMC00ZjhmLTljZWItZGI5MWNkM2ViYjE1XkEyXkFqcGc@._V1_-scaled.jpg?resize=700%2C400 2x, https:\/\/i0.wp.com\/www.robertosedda.it\/wp-content\/uploads\/2026\/01\/MV5BNWUxYzAxZmQtMDcyMC00ZjhmLTljZWItZGI5MWNkM2ViYjE1XkEyXkFqcGc@._V1_-scaled.jpg?resize=1050%2C600 3x, https:\/\/i0.wp.com\/www.robertosedda.it\/wp-content\/uploads\/2026\/01\/MV5BNWUxYzAxZmQtMDcyMC00ZjhmLTljZWItZGI5MWNkM2ViYjE1XkEyXkFqcGc@._V1_-scaled.jpg?resize=1400%2C800 4x"},"classes":[]}],"_links":{"self":[{"href":"http:\/\/www.robertosedda.it\/index.php?rest_route=\/wp\/v2\/posts\/10836"}],"collection":[{"href":"http:\/\/www.robertosedda.it\/index.php?rest_route=\/wp\/v2\/posts"}],"about":[{"href":"http:\/\/www.robertosedda.it\/index.php?rest_route=\/wp\/v2\/types\/post"}],"author":[{"embeddable":true,"href":"http:\/\/www.robertosedda.it\/index.php?rest_route=\/wp\/v2\/users\/1"}],"replies":[{"embeddable":true,"href":"http:\/\/www.robertosedda.it\/index.php?rest_route=%2Fwp%2Fv2%2Fcomments&post=10836"}],"version-history":[{"count":3,"href":"http:\/\/www.robertosedda.it\/index.php?rest_route=\/wp\/v2\/posts\/10836\/revisions"}],"predecessor-version":[{"id":10891,"href":"http:\/\/www.robertosedda.it\/index.php?rest_route=\/wp\/v2\/posts\/10836\/revisions\/10891"}],"wp:featuredmedia":[{"embeddable":true,"href":"http:\/\/www.robertosedda.it\/index.php?rest_route=\/wp\/v2\/media\/10837"}],"wp:attachment":[{"href":"http:\/\/www.robertosedda.it\/index.php?rest_route=%2Fwp%2Fv2%2Fmedia&parent=10836"}],"wp:term":[{"taxonomy":"category","embeddable":true,"href":"http:\/\/www.robertosedda.it\/index.php?rest_route=%2Fwp%2Fv2%2Fcategories&post=10836"},{"taxonomy":"post_tag","embeddable":true,"href":"http:\/\/www.robertosedda.it\/index.php?rest_route=%2Fwp%2Fv2%2Ftags&post=10836"}],"curies":[{"name":"wp","href":"https:\/\/api.w.org\/{rel}","templated":true}]}}