{"id":10833,"date":"2015-09-14T12:33:38","date_gmt":"2015-09-14T10:33:38","guid":{"rendered":"http:\/\/www.robertosedda.it\/?p=10833"},"modified":"2015-10-06T13:31:12","modified_gmt":"2015-10-06T11:31:12","slug":"il-cattolico-piu-noto-damerica-dopo-david-letterman","status":"publish","type":"post","link":"http:\/\/www.robertosedda.it\/?p=10833","title":{"rendered":"Il cattolico pi\u00f9 noto d&#8217;America (dopo David Letterman?)&#8230;"},"content":{"rendered":"<p>&#8230; pare sia Stephen Colbert, il comico che ha sostituito David Letterman alla conduzione del\u00a0<em>Late Night Show<\/em>.<\/p>\n<p>David Letterman \u00e8 probabilmente l&#8217;intrattenitore di\u00a0<em>talk show<\/em> pi\u00f9 noto in Italia (e forse in Europa) ed \u00e8 quindi con una certa sorpresa che ho scoperto casualmente che negli USA lo\u00a0<em>share<\/em> del suo programma era in calando da tempo e che la sua sostituzione con Colbert rappresenta\u00a0il tentativo di &#8220;sfondare&#8221; in segmenti di pubblico sinora non raggiunti, come i giovani.<\/p>\n<p>Come \u00e8 noto io non ho la televisione, ma in famiglia diversi guardavano il\u00a0<em>Late Night Show<\/em>, quindi immagino che anche da noi ci sia curiosit\u00e0 nei confronti del nuovo conduttore, il quale ha dalla sua una serie di vissuti particolari. Avevo gi\u00e0 letto che il padre e i fratelli maggiori erano morti tragicamente in una <a href=\"http:\/\/www.dailymail.co.uk\/tvshowbiz\/article-3201842\/Stephen-Colbert-says-accepting-tragic-death-brothers-father-plane-crash-joyful-performer.html\">intervista in cui discuteva come si possa fare dello <em>humour<\/em><i> quando nel proprio passato vi siano dolori simili<\/i><\/a>; scopro ora che \u00e8 \u00e8 un cattolico attivo nella propria comunit\u00e0 (fa il catechista) ed \u00e8 in questa qualit\u00e0 che \u00e8 stato intervistato dal canale televisivo\u00a0<em>Sale e luce<\/em>, una\u00a0<em>TV <\/em>cattolica (canadese, se non erro). Non so se in\u00a0<em>TV<\/em> erano proprio proprio coscienti che Colbert \u00e8 anche un ministro ordinato di una <a href=\"http:\/\/www.themonastery.org\/\">strana organizzazione aconfessionale<\/a> il cui scopo \u00e8 consacrare (<em>online<\/em>!!) chiunque affinch\u00e9 possa celebrare battesimi, matrimoni, funerali e esorcismi (uhmmmm).<\/p>\n<p>Rilancio l&#8217;intervista, insieme con una versione in pillole, sia per l&#8217;interesse del personaggio, che immagino sia interessante conoscere per molti orfani di Letterman da una parte e per molti cattolici dall&#8217;altro, sia per far conoscere meglio la\u00a0<em><a href=\"http:\/\/www.saltandlighttv.org\/\">Salt and Light Television<\/a><\/em>,\u00a0che mi sembra una presenza ecclesiale nel mondo dei\u00a0<em>media<\/em> molto interessante (e anni luce meglio di molte presenze italiane, mi pare).<\/p>\n<div class=\"jetpack-video-wrapper\"><span class=\"embed-youtube\" style=\"text-align:center; display: block;\"><iframe class=\"youtube-player\" width=\"800\" height=\"450\" src=\"https:\/\/www.youtube.com\/embed\/lF5tudIqN7w?version=3&#038;rel=1&#038;showsearch=0&#038;showinfo=1&#038;iv_load_policy=1&#038;fs=1&#038;hl=it-IT&#038;autohide=2&#038;wmode=transparent\" allowfullscreen=\"true\" style=\"border:0;\" sandbox=\"allow-scripts allow-same-origin allow-popups allow-presentation\"><\/iframe><\/span><\/div>\n<div class=\"jetpack-video-wrapper\"><span class=\"embed-youtube\" style=\"text-align:center; display: block;\"><iframe class=\"youtube-player\" width=\"800\" height=\"450\" src=\"https:\/\/www.youtube.com\/embed\/vj8xr86k0l8?version=3&#038;rel=1&#038;showsearch=0&#038;showinfo=1&#038;iv_load_policy=1&#038;fs=1&#038;hl=it-IT&#038;autohide=2&#038;wmode=transparent\" allowfullscreen=\"true\" style=\"border:0;\" sandbox=\"allow-scripts allow-same-origin allow-popups allow-presentation\"><\/iframe><\/span><\/div>\n<p>&nbsp;<\/p>\n<p>&nbsp;<\/p>\n","protected":false},"excerpt":{"rendered":"<p>&#8230; pare sia Stephen Colbert, il comico che ha sostituito David Letterman alla conduzione del\u00a0Late Night Show. David Letterman \u00e8<\/p>\n","protected":false},"author":1,"featured_media":0,"comment_status":"open","ping_status":"open","sticky":false,"template":"","format":"video","meta":{"_mi_skip_tracking":false,"_monsterinsights_sitenote_active":false,"_monsterinsights_sitenote_note":"","_monsterinsights_sitenote_category":0,"jetpack_post_was_ever_published":false,"_jetpack_newsletter_access":"","jetpack_publicize_message":"","jetpack_is_tweetstorm":false,"jetpack_publicize_feature_enabled":true,"jetpack_social_post_already_shared":true,"jetpack_social_options":{"image_generator_settings":{"template":"highway","enabled":false}}},"categories":[52,54,17,16,74],"tags":[],"jetpack_publicize_connections":[],"jetpack_featured_media_url":"","jetpack_sharing_enabled":true,"jetpack_shortlink":"https:\/\/wp.me\/p4jV2T-2OJ","jetpack_likes_enabled":true,"jetpack-related-posts":[{"id":3838,"url":"http:\/\/www.robertosedda.it\/?p=3838","url_meta":{"origin":10833,"position":0},"title":"A proposito di playlist","author":"Rufus","date":"04\/07\/2013","format":false,"excerpt":"Il post di stamattina sulla playlist alla radio mi ha ricordato che in un libro di una delle mie serie di gialli preferita (quella\u00a0Prey con protagonista Lucas Davenport, di John Sandford) c'\u00e8 cucito nel romanzo un tormentone sul fatto che al protagonista hanno regalato un iPod con un buono d'acquisto\u2026","rel":"","context":"In &quot;Coordinate&quot;","block_context":{"text":"Coordinate","link":"http:\/\/www.robertosedda.it\/?cat=52"},"img":{"alt_text":"","src":"https:\/\/i0.wp.com\/www.robertosedda.it\/wp-content\/uploads\/2013\/07\/john-sandford-c-david-burnett.jpg?fit=898%2C1200&resize=350%2C200","width":350,"height":200,"srcset":"https:\/\/i0.wp.com\/www.robertosedda.it\/wp-content\/uploads\/2013\/07\/john-sandford-c-david-burnett.jpg?fit=898%2C1200&resize=350%2C200 1x, https:\/\/i0.wp.com\/www.robertosedda.it\/wp-content\/uploads\/2013\/07\/john-sandford-c-david-burnett.jpg?fit=898%2C1200&resize=700%2C400 2x"},"classes":[]},{"id":13024,"url":"http:\/\/www.robertosedda.it\/?p=13024","url_meta":{"origin":10833,"position":1},"title":"Bolle culturali","author":"Rufus","date":"30\/12\/2016","format":false,"excerpt":"Grazie a una segnalazione di Patrick Rothfuss ho visto sul\u00a0New York Times\u00a0(in realt\u00e0 il sottosito Upshot che si occupa di statistiche)\u00a0un articolo sulla diversa diffusione dei diversi telefilm e produzioni televisive nelle varie zone degli Stati Uniti. Il risultato \u00e8 riportato nella sintesi dell'articolo: Gli americani si stanno aggregando in\u2026","rel":"","context":"In &quot;Coordinate&quot;","block_context":{"text":"Coordinate","link":"http:\/\/www.robertosedda.it\/?cat=52"},"img":{"alt_text":"","src":"https:\/\/i0.wp.com\/www.robertosedda.it\/wp-content\/uploads\/2016\/12\/Duck-Dinasty.png?fit=1200%2C758&resize=350%2C200","width":350,"height":200,"srcset":"https:\/\/i0.wp.com\/www.robertosedda.it\/wp-content\/uploads\/2016\/12\/Duck-Dinasty.png?fit=1200%2C758&resize=350%2C200 1x, https:\/\/i0.wp.com\/www.robertosedda.it\/wp-content\/uploads\/2016\/12\/Duck-Dinasty.png?fit=1200%2C758&resize=700%2C400 2x, https:\/\/i0.wp.com\/www.robertosedda.it\/wp-content\/uploads\/2016\/12\/Duck-Dinasty.png?fit=1200%2C758&resize=1050%2C600 3x"},"classes":[]},{"id":9093,"url":"http:\/\/www.robertosedda.it\/?p=9093","url_meta":{"origin":10833,"position":2},"title":"Grandi speranze a &#8220;Oggi parliamo di libri&#8221;","author":"Rufus","date":"22\/12\/2014","format":"video","excerpt":"Dolci sogni. Sogni dolcissimi di ricchezza, amore e successo sono quelli che animano Pip in\u00a0Grandi speranze. Se si guarda il testo di\u00a0Sweet dreams degli\u00a0Eurythmics si nota che il nesso con le vicende del libro \u00e8 molto labile, ma ho scelto lo stesso questo brano \u00a0come pausa musicale perch\u00e9 il titolo\u2026","rel":"","context":"In &quot;Coordinate&quot;","block_context":{"text":"Coordinate","link":"http:\/\/www.robertosedda.it\/?cat=52"},"img":{"alt_text":"","src":"https:\/\/i0.wp.com\/www.robertosedda.it\/wp-content\/uploads\/2014\/12\/Grandi-speranze.jpg?fit=1012%2C765&resize=350%2C200","width":350,"height":200,"srcset":"https:\/\/i0.wp.com\/www.robertosedda.it\/wp-content\/uploads\/2014\/12\/Grandi-speranze.jpg?fit=1012%2C765&resize=350%2C200 1x, https:\/\/i0.wp.com\/www.robertosedda.it\/wp-content\/uploads\/2014\/12\/Grandi-speranze.jpg?fit=1012%2C765&resize=700%2C400 2x"},"classes":[]},{"id":14427,"url":"http:\/\/www.robertosedda.it\/?p=14427","url_meta":{"origin":10833,"position":3},"title":"Il ritorno di Roland Moreno e l&#8217;ottusit\u00e0 di Facebook","author":"Rufus","date":"15\/12\/2017","format":false,"excerpt":"Sarete d'accordo con me che fra tutte le cose strane che mi devono essere capitate sul web le mie avventure con Roland Moreno\u00a0siano abbastanza in cime alla classifica delle bizzarrie. Ebbene: pare che non sia finita e siccome so che il buon Roland gode di sconfinati ammiratori, ecco a voi\u2026","rel":"","context":"In &quot;Coordinate&quot;","block_context":{"text":"Coordinate","link":"http:\/\/www.robertosedda.it\/?cat=52"},"img":{"alt_text":"","src":"https:\/\/i0.wp.com\/www.robertosedda.it\/wp-content\/uploads\/2017\/12\/IMG-20171209-WA0000.jpg?fit=675%2C1200&resize=350%2C200","width":350,"height":200},"classes":[]},{"id":9047,"url":"http:\/\/www.robertosedda.it\/?p=9047","url_meta":{"origin":10833,"position":4},"title":"Il mondo in un libro","author":"Rufus","date":"10\/12\/2014","format":"video","excerpt":"Ho messo in linea oggi la puntata di Oggi parliamo di libri dedicata al David Copperfield di Charles Dickens. \u00c8 passato un po' di tempo dall'ultima puntata caricata su YouTube e il motivo del ritardo \u00e8 del tutto colpa, se posso usare questa termine, di questo libro: o meglio, della\u2026","rel":"","context":"In &quot;Coordinate&quot;","block_context":{"text":"Coordinate","link":"http:\/\/www.robertosedda.it\/?cat=52"},"img":{"alt_text":"","src":"https:\/\/i0.wp.com\/img.youtube.com\/vi\/S-ysQ-wpfZ4\/0.jpg?resize=350%2C200","width":350,"height":200},"classes":[]},{"id":20009,"url":"http:\/\/www.robertosedda.it\/?p=20009","url_meta":{"origin":10833,"position":5},"title":"Dissonanze audio-cognitive","author":"Rufus","date":"29\/03\/2023","format":false,"excerpt":"Questo articolo non parla di giochi, ma non sembra. E per di pi\u00f9 ha un titolo con una parola difficile e altezzosa. Abbiate pazienza e seguitemi. Qualche volta, per fare quello che ne sa, negli incontri sui videogame parlo di dissonanze ludocognitive. Cio\u00e8, non \u00e8 vero: non lo faccio per\u2026","rel":"","context":"In &quot;Coordinate&quot;","block_context":{"text":"Coordinate","link":"http:\/\/www.robertosedda.it\/?cat=52"},"img":{"alt_text":"","src":"https:\/\/i0.wp.com\/www.robertosedda.it\/wp-content\/uploads\/2023\/03\/LHI-years-Hazelwood.jpg?fit=1200%2C1200&resize=350%2C200","width":350,"height":200,"srcset":"https:\/\/i0.wp.com\/www.robertosedda.it\/wp-content\/uploads\/2023\/03\/LHI-years-Hazelwood.jpg?fit=1200%2C1200&resize=350%2C200 1x, https:\/\/i0.wp.com\/www.robertosedda.it\/wp-content\/uploads\/2023\/03\/LHI-years-Hazelwood.jpg?fit=1200%2C1200&resize=700%2C400 2x, https:\/\/i0.wp.com\/www.robertosedda.it\/wp-content\/uploads\/2023\/03\/LHI-years-Hazelwood.jpg?fit=1200%2C1200&resize=1050%2C600 3x"},"classes":[]}],"_links":{"self":[{"href":"http:\/\/www.robertosedda.it\/index.php?rest_route=\/wp\/v2\/posts\/10833"}],"collection":[{"href":"http:\/\/www.robertosedda.it\/index.php?rest_route=\/wp\/v2\/posts"}],"about":[{"href":"http:\/\/www.robertosedda.it\/index.php?rest_route=\/wp\/v2\/types\/post"}],"author":[{"embeddable":true,"href":"http:\/\/www.robertosedda.it\/index.php?rest_route=\/wp\/v2\/users\/1"}],"replies":[{"embeddable":true,"href":"http:\/\/www.robertosedda.it\/index.php?rest_route=%2Fwp%2Fv2%2Fcomments&post=10833"}],"version-history":[{"count":1,"href":"http:\/\/www.robertosedda.it\/index.php?rest_route=\/wp\/v2\/posts\/10833\/revisions"}],"predecessor-version":[{"id":10834,"href":"http:\/\/www.robertosedda.it\/index.php?rest_route=\/wp\/v2\/posts\/10833\/revisions\/10834"}],"wp:attachment":[{"href":"http:\/\/www.robertosedda.it\/index.php?rest_route=%2Fwp%2Fv2%2Fmedia&parent=10833"}],"wp:term":[{"taxonomy":"category","embeddable":true,"href":"http:\/\/www.robertosedda.it\/index.php?rest_route=%2Fwp%2Fv2%2Fcategories&post=10833"},{"taxonomy":"post_tag","embeddable":true,"href":"http:\/\/www.robertosedda.it\/index.php?rest_route=%2Fwp%2Fv2%2Ftags&post=10833"}],"curies":[{"name":"wp","href":"https:\/\/api.w.org\/{rel}","templated":true}]}}