{"id":10829,"date":"2015-09-14T09:10:07","date_gmt":"2015-09-14T07:10:07","guid":{"rendered":"http:\/\/www.robertosedda.it\/?p=10829"},"modified":"2015-09-14T09:12:48","modified_gmt":"2015-09-14T07:12:48","slug":"reblog-gente-che-resta-umana","status":"publish","type":"post","link":"http:\/\/www.robertosedda.it\/?p=10829","title":{"rendered":"REBLOG: Gente che resta umana"},"content":{"rendered":"<p><a href=\"http:\/\/blog.patrickrothfuss.com\/2015\/09\/doing-what-we-can\/\">Lo so, \u00e8 in inglese. Lo so, ho gi\u00e0 parlato mille volte di Rothfuss e di quanto mi piaccia. Lo so, in Europa abbiamo una percezione pi\u00f9 diretta del problema dei rifugiati e anche modi pi\u00f9 diretti per aiutare. Per\u00f2 voi leggete\u00a0e\u00a0fate girare lo stesso e se potete date una mano.<\/a><\/p>\n","protected":false},"excerpt":{"rendered":"<p>Lo so, \u00e8 in inglese. Lo so, ho gi\u00e0 parlato mille volte di Rothfuss e di quanto mi piaccia. Lo<\/p>\n","protected":false},"author":1,"featured_media":0,"comment_status":"open","ping_status":"open","sticky":false,"template":"","format":"link","meta":{"_mi_skip_tracking":false,"_monsterinsights_sitenote_active":false,"_monsterinsights_sitenote_note":"","_monsterinsights_sitenote_category":0,"jetpack_post_was_ever_published":false,"_jetpack_newsletter_access":"","jetpack_publicize_message":"","jetpack_is_tweetstorm":false,"jetpack_publicize_feature_enabled":true,"jetpack_social_post_already_shared":true,"jetpack_social_options":{"image_generator_settings":{"template":"highway","enabled":false}}},"categories":[1],"tags":[],"jetpack_publicize_connections":[],"jetpack_featured_media_url":"","jetpack_sharing_enabled":true,"jetpack_shortlink":"https:\/\/wp.me\/p4jV2T-2OF","jetpack_likes_enabled":true,"jetpack-related-posts":[{"id":18033,"url":"http:\/\/www.robertosedda.it\/?p=18033","url_meta":{"origin":10829,"position":0},"title":"Scrivere storie per (video)gioco","author":"Rufus","date":"25\/03\/2020","format":false,"excerpt":"Mi sono dimenticato di raccontare che quest'anno tengo un corso di dodici ore per la Game Maker Academy del mio compare e compagno Fabbricastorie Andrea Assorgia sull'argomento della gestione dell'aspetto narrativo dei giochi, in particolare dei videogiochi. Inizialmente le lezioni avrebbero dovuto essere in aula, con le dinamiche interattive tipiche\u2026","rel":"","context":"In &quot;Cappe e spade&quot;","block_context":{"text":"Cappe e spade","link":"http:\/\/www.robertosedda.it\/?cat=70"},"img":{"alt_text":"","src":"https:\/\/i0.wp.com\/www.robertosedda.it\/wp-content\/uploads\/2020\/03\/Prima-lezione-GMA.jpg?fit=960%2C720&resize=350%2C200","width":350,"height":200,"srcset":"https:\/\/i0.wp.com\/www.robertosedda.it\/wp-content\/uploads\/2020\/03\/Prima-lezione-GMA.jpg?fit=960%2C720&resize=350%2C200 1x, https:\/\/i0.wp.com\/www.robertosedda.it\/wp-content\/uploads\/2020\/03\/Prima-lezione-GMA.jpg?fit=960%2C720&resize=700%2C400 2x"},"classes":[]},{"id":14427,"url":"http:\/\/www.robertosedda.it\/?p=14427","url_meta":{"origin":10829,"position":1},"title":"Il ritorno di Roland Moreno e l&#8217;ottusit\u00e0 di Facebook","author":"Rufus","date":"15\/12\/2017","format":false,"excerpt":"Sarete d'accordo con me che fra tutte le cose strane che mi devono essere capitate sul web le mie avventure con Roland Moreno\u00a0siano abbastanza in cime alla classifica delle bizzarrie. Ebbene: pare che non sia finita e siccome so che il buon Roland gode di sconfinati ammiratori, ecco a voi\u2026","rel":"","context":"In &quot;Coordinate&quot;","block_context":{"text":"Coordinate","link":"http:\/\/www.robertosedda.it\/?cat=52"},"img":{"alt_text":"","src":"https:\/\/i0.wp.com\/www.robertosedda.it\/wp-content\/uploads\/2017\/12\/IMG-20171209-WA0000.jpg?fit=675%2C1200&resize=350%2C200","width":350,"height":200},"classes":[]},{"id":17959,"url":"http:\/\/www.robertosedda.it\/?p=17959","url_meta":{"origin":10829,"position":2},"title":"Hashtag #sentiamoci","author":"Rufus","date":"10\/03\/2020","format":false,"excerpt":"Stamattina, nella lista WhatsApp condivisa dai componenti del gruppo La Pira e dai loro amici, un'amica dal cuore grande ha lanciato il suggerimento: sentiamoci. Siamo tutta gente che \u00e8 abituata a vivere di riunioni, di incontri, conferenze, convegni, seminari, celebrazioni comunitarie, e improvvisamente questa dimensione della nostra vita viene meno,\u2026","rel":"","context":"In &quot;Antropologia&quot;","block_context":{"text":"Antropologia","link":"http:\/\/www.robertosedda.it\/?cat=97"},"img":{"alt_text":"","src":"https:\/\/i0.wp.com\/www.robertosedda.it\/wp-content\/uploads\/2020\/03\/Hangout.png?fit=811%2C675&resize=350%2C200","width":350,"height":200,"srcset":"https:\/\/i0.wp.com\/www.robertosedda.it\/wp-content\/uploads\/2020\/03\/Hangout.png?fit=811%2C675&resize=350%2C200 1x, https:\/\/i0.wp.com\/www.robertosedda.it\/wp-content\/uploads\/2020\/03\/Hangout.png?fit=811%2C675&resize=700%2C400 2x"},"classes":[]},{"id":19954,"url":"http:\/\/www.robertosedda.it\/?p=19954","url_meta":{"origin":10829,"position":3},"title":"Sfregi","author":"Rufus","date":"24\/02\/2023","format":false,"excerpt":"Repubblica equidistante Ho visto oggi en passant un certo stracciarsi le vesti (presumibilmente nere, sotto il doppiopetto gessato) per una manifestazione anarchica in favore di Cospito all'Altare della Patria. Il Tempo molto meno L'agitarsi di Crosetto e La Russa mi ha, come suol dirsi, sbloccato un ricordo, perch\u00e9 anch'io sono\u2026","rel":"","context":"In &quot;Coordinate&quot;","block_context":{"text":"Coordinate","link":"http:\/\/www.robertosedda.it\/?cat=52"},"img":{"alt_text":"","src":"https:\/\/i0.wp.com\/www.robertosedda.it\/wp-content\/uploads\/2023\/02\/Sfregio2.png?fit=802%2C656&resize=350%2C200","width":350,"height":200,"srcset":"https:\/\/i0.wp.com\/www.robertosedda.it\/wp-content\/uploads\/2023\/02\/Sfregio2.png?fit=802%2C656&resize=350%2C200 1x, https:\/\/i0.wp.com\/www.robertosedda.it\/wp-content\/uploads\/2023\/02\/Sfregio2.png?fit=802%2C656&resize=700%2C400 2x"},"classes":[]},{"id":1333,"url":"http:\/\/www.robertosedda.it\/?p=1333","url_meta":{"origin":10829,"position":4},"title":"A qualcuno piace la poesia","author":"Rufus","date":"14\/11\/2012","format":false,"excerpt":"Ieri era il compleanno di mia moglie, e ovviamente sulla\u00a0mailing list\u00a0del gruppo \"La Pira\" le hanno fatto gli auguri. Per sdebitarsi Maria Bonaria ha pubblicato sulla lista una poesia di Wislawa Szymborska (che \u00e8 la sua poetessa, come Brecht per me). \u00c8 una poesia molto bella, e mi va di\u2026","rel":"","context":"In &quot;Coordinate&quot;","block_context":{"text":"Coordinate","link":"http:\/\/www.robertosedda.it\/?cat=52"},"img":{"alt_text":"","src":"","width":0,"height":0},"classes":[]},{"id":847,"url":"http:\/\/www.robertosedda.it\/?p=847","url_meta":{"origin":10829,"position":5},"title":"Almeno fosse (salti di realt\u00e0 &#8211; 4)","author":"Rufus","date":"10\/09\/2012","format":false,"excerpt":"Arriva allo sportello della Segreteria una studentessa. Carina, molto perbene. Mi dice che di tutti i moduli che doveva portare uno se l'\u00e8 dimenticato, ma ce l'ha nella pennina e se glielo posso stampare. Metto la chiavetta nel PC, prendo il mouse, poi ho un attimo di esitazione. Siccome non\u2026","rel":"","context":"In &quot;Coordinate&quot;","block_context":{"text":"Coordinate","link":"http:\/\/www.robertosedda.it\/?cat=52"},"img":{"alt_text":"","src":"","width":0,"height":0},"classes":[]}],"_links":{"self":[{"href":"http:\/\/www.robertosedda.it\/index.php?rest_route=\/wp\/v2\/posts\/10829"}],"collection":[{"href":"http:\/\/www.robertosedda.it\/index.php?rest_route=\/wp\/v2\/posts"}],"about":[{"href":"http:\/\/www.robertosedda.it\/index.php?rest_route=\/wp\/v2\/types\/post"}],"author":[{"embeddable":true,"href":"http:\/\/www.robertosedda.it\/index.php?rest_route=\/wp\/v2\/users\/1"}],"replies":[{"embeddable":true,"href":"http:\/\/www.robertosedda.it\/index.php?rest_route=%2Fwp%2Fv2%2Fcomments&post=10829"}],"version-history":[{"count":2,"href":"http:\/\/www.robertosedda.it\/index.php?rest_route=\/wp\/v2\/posts\/10829\/revisions"}],"predecessor-version":[{"id":10831,"href":"http:\/\/www.robertosedda.it\/index.php?rest_route=\/wp\/v2\/posts\/10829\/revisions\/10831"}],"wp:attachment":[{"href":"http:\/\/www.robertosedda.it\/index.php?rest_route=%2Fwp%2Fv2%2Fmedia&parent=10829"}],"wp:term":[{"taxonomy":"category","embeddable":true,"href":"http:\/\/www.robertosedda.it\/index.php?rest_route=%2Fwp%2Fv2%2Fcategories&post=10829"},{"taxonomy":"post_tag","embeddable":true,"href":"http:\/\/www.robertosedda.it\/index.php?rest_route=%2Fwp%2Fv2%2Ftags&post=10829"}],"curies":[{"name":"wp","href":"https:\/\/api.w.org\/{rel}","templated":true}]}}