{"id":10825,"date":"2015-09-11T14:02:09","date_gmt":"2015-09-11T12:02:09","guid":{"rendered":"http:\/\/www.robertosedda.it\/?p=10825"},"modified":"2015-09-11T14:02:09","modified_gmt":"2015-09-11T12:02:09","slug":"reblog-esiste-lanalfabeta-funzionale","status":"publish","type":"post","link":"http:\/\/www.robertosedda.it\/?p=10825","title":{"rendered":"REBLOG: Esiste l&#8217;analfabeta funzionale?"},"content":{"rendered":"<p><a href=\"http:\/\/www.dudemag.it\/attualita\/chi-parla-di-analfabetismo-funzionale-e-un-analfabeta-funzionale\/\">Si, esiste. Ma, sorpresa, sorpresa! forse non \u00e8 proprio quello che pensiamo. Erik Boni la mette gi\u00f9 pi\u00f9 dura: \u00abChi parla di analfabetismo funzionale \u00e8 un analfabeta funzionale\u00bb.<\/a><\/p>\n","protected":false},"excerpt":{"rendered":"<p>Si, esiste. Ma, sorpresa, sorpresa! forse non \u00e8 proprio quello che pensiamo. Erik Boni la mette gi\u00f9 pi\u00f9 dura: \u00abChi<\/p>\n","protected":false},"author":1,"featured_media":0,"comment_status":"open","ping_status":"open","sticky":false,"template":"","format":"link","meta":{"_mi_skip_tracking":false,"_monsterinsights_sitenote_active":false,"_monsterinsights_sitenote_note":"","_monsterinsights_sitenote_category":0,"jetpack_post_was_ever_published":false,"_jetpack_newsletter_access":"","jetpack_publicize_message":"","jetpack_is_tweetstorm":false,"jetpack_publicize_feature_enabled":true,"jetpack_social_post_already_shared":true,"jetpack_social_options":{"image_generator_settings":{"template":"highway","enabled":false}}},"categories":[95],"tags":[],"jetpack_publicize_connections":[],"jetpack_featured_media_url":"","jetpack_sharing_enabled":true,"jetpack_shortlink":"https:\/\/wp.me\/p4jV2T-2OB","jetpack_likes_enabled":true,"jetpack-related-posts":[{"id":15366,"url":"http:\/\/www.robertosedda.it\/?p=15366","url_meta":{"origin":10825,"position":0},"title":"Cose di cui non parlare","author":"Rufus","date":"15\/06\/2018","format":false,"excerpt":"Ho letto tempo fa un articolo interessante, che purtroppo non riesco a ritrovare, sugli argomenti che gli americani non avrebbero voluto toccare all'ultima festa del Ringraziamento. Si tratta di un sondaggio che viene fatto tutti gli anni, perch\u00e9 pare che tradizionalmente il Ringraziamento, che rimette insieme famiglie che magari non\u2026","rel":"","context":"In &quot;Coordinate&quot;","block_context":{"text":"Coordinate","link":"http:\/\/www.robertosedda.it\/?cat=52"},"img":{"alt_text":"","src":"https:\/\/i0.wp.com\/www.robertosedda.it\/wp-content\/uploads\/2018\/06\/Thanksgiving.jpg?fit=768%2C488&resize=350%2C200","width":350,"height":200,"srcset":"https:\/\/i0.wp.com\/www.robertosedda.it\/wp-content\/uploads\/2018\/06\/Thanksgiving.jpg?fit=768%2C488&resize=350%2C200 1x, https:\/\/i0.wp.com\/www.robertosedda.it\/wp-content\/uploads\/2018\/06\/Thanksgiving.jpg?fit=768%2C488&resize=700%2C400 2x"},"classes":[]},{"id":11465,"url":"http:\/\/www.robertosedda.it\/?p=11465","url_meta":{"origin":10825,"position":1},"title":"Laney \u00e8 intelligente. Sii come Laney","author":"Rufus","date":"28\/01\/2016","format":false,"excerpt":"Laney\u00a0aveva una particolare affinit\u00e0 con le architetture di archiviazione dei dati e un deficit di attenzione clinicamente documentato che in determinate condizioni poteva trasformare in uno stato di iperfocalizzazione patologica. Questo lo rendeva [...] un ottimo ricercatore.\u00a0(William Gibson, Aidoru) Fra i tanti personaggi notevoli e indimenticabili di Gibson, Laney \u00e8\u2026","rel":"","context":"In &quot;Coordinate&quot;","block_context":{"text":"Coordinate","link":"http:\/\/www.robertosedda.it\/?cat=52"},"img":{"alt_text":"","src":"https:\/\/i0.wp.com\/www.robertosedda.it\/wp-content\/uploads\/2016\/01\/Gibson-quote.jpg?resize=350%2C200","width":350,"height":200},"classes":[]},{"id":15664,"url":"http:\/\/www.robertosedda.it\/?p=15664","url_meta":{"origin":10825,"position":2},"title":"L&#8217;apertura dello scenario","author":"Rufus","date":"13\/09\/2018","format":false,"excerpt":"Non ho molti dubbi che la discussione sulla proposta di reintrodurre la chiusura domenicale dei negozi dimostri, ancora una volta, che molti che si dicono di sinistra non lo sono pi\u00f9 da tanto e che il pensiero di forze che ufficialmente ancora si dichiarano di sinistra, o almeno di centro-sinistra,\u2026","rel":"","context":"In &quot;Antropologia&quot;","block_context":{"text":"Antropologia","link":"http:\/\/www.robertosedda.it\/?cat=97"},"img":{"alt_text":"","src":"https:\/\/i0.wp.com\/www.robertosedda.it\/wp-content\/uploads\/2018\/09\/20150815_112836.jpg?fit=1200%2C720&resize=350%2C200","width":350,"height":200,"srcset":"https:\/\/i0.wp.com\/www.robertosedda.it\/wp-content\/uploads\/2018\/09\/20150815_112836.jpg?fit=1200%2C720&resize=350%2C200 1x, https:\/\/i0.wp.com\/www.robertosedda.it\/wp-content\/uploads\/2018\/09\/20150815_112836.jpg?fit=1200%2C720&resize=700%2C400 2x, https:\/\/i0.wp.com\/www.robertosedda.it\/wp-content\/uploads\/2018\/09\/20150815_112836.jpg?fit=1200%2C720&resize=1050%2C600 3x"},"classes":[]},{"id":10864,"url":"http:\/\/www.robertosedda.it\/?p=10864","url_meta":{"origin":10825,"position":3},"title":"La pancia del Colosseo","author":"Rufus","date":"22\/09\/2015","format":false,"excerpt":"Sulla storia\u00a0del vergognoso decreto del Governo che fa rientrare la gestione dei siti archeologici fra i \"servizi pubblici essenziali\" arrivo buon ultimo, quindi non mi dilungo sul fatto in s\u00e9: cio\u00e8 di come venga usata un'assemblea sindacale\u00a0autorizzata in anticipo, che discute del fatto che i lavoratori non vengono pagati, per\u2026","rel":"","context":"In &quot;Coordinate&quot;","block_context":{"text":"Coordinate","link":"http:\/\/www.robertosedda.it\/?cat=52"},"img":{"alt_text":"","src":"https:\/\/i0.wp.com\/www.robertosedda.it\/wp-content\/uploads\/2015\/09\/National-Gallery.jpg?fit=707%2C281&resize=350%2C200","width":350,"height":200,"srcset":"https:\/\/i0.wp.com\/www.robertosedda.it\/wp-content\/uploads\/2015\/09\/National-Gallery.jpg?fit=707%2C281&resize=350%2C200 1x, https:\/\/i0.wp.com\/www.robertosedda.it\/wp-content\/uploads\/2015\/09\/National-Gallery.jpg?fit=707%2C281&resize=700%2C400 2x"},"classes":[]},{"id":15289,"url":"http:\/\/www.robertosedda.it\/?p=15289","url_meta":{"origin":10825,"position":4},"title":"Datevi al baseball. O alla politica","author":"Rufus","date":"29\/05\/2018","format":false,"excerpt":"Citazioni (non) intramontabili Una delle mie citazioni preferite di Brecht fa, pi\u00f9 o meno, Quali tempi son questi, quando un dialogo sugli alberi\u00a0\u00e8 quasi un delitto perch\u00e9 su troppe stragi comporta il silenzio! Nel caso specifico il dialogo sugli alberi era un genere di poesia bucolica, e il combattivo Bertolt\u2026","rel":"","context":"In &quot;Coordinate&quot;","block_context":{"text":"Coordinate","link":"http:\/\/www.robertosedda.it\/?cat=52"},"img":{"alt_text":"","src":"https:\/\/i0.wp.com\/www.robertosedda.it\/wp-content\/uploads\/2018\/05\/Sono-vietate-le-discussioni-politiche.jpg?fit=966%2C212&resize=350%2C200","width":350,"height":200,"srcset":"https:\/\/i0.wp.com\/www.robertosedda.it\/wp-content\/uploads\/2018\/05\/Sono-vietate-le-discussioni-politiche.jpg?fit=966%2C212&resize=350%2C200 1x, https:\/\/i0.wp.com\/www.robertosedda.it\/wp-content\/uploads\/2018\/05\/Sono-vietate-le-discussioni-politiche.jpg?fit=966%2C212&resize=700%2C400 2x"},"classes":[]},{"id":9431,"url":"http:\/\/www.robertosedda.it\/?p=9431","url_meta":{"origin":10825,"position":5},"title":"REBLOG: Dylan Dog continua a&#8230;","author":"Rufus","date":"22\/01\/2015","format":"link","excerpt":"Oh, io l'avevo gi\u00e0 detto tempo fa, ma qui lo ridicono: \u00abTutto questo fa s\u00ec, inoltre, che Dylan sia poco funzionale alla storia: si ha la sensazione che al suo posto, a indagare sull\u2019incubo del mese, avrebbe potuto esserci quasi chiunque altro\u00bb.","rel":"","context":"In &quot;Segnalazioni&quot;","block_context":{"text":"Segnalazioni","link":"http:\/\/www.robertosedda.it\/?cat=95"},"img":{"alt_text":"","src":"","width":0,"height":0},"classes":[]}],"_links":{"self":[{"href":"http:\/\/www.robertosedda.it\/index.php?rest_route=\/wp\/v2\/posts\/10825"}],"collection":[{"href":"http:\/\/www.robertosedda.it\/index.php?rest_route=\/wp\/v2\/posts"}],"about":[{"href":"http:\/\/www.robertosedda.it\/index.php?rest_route=\/wp\/v2\/types\/post"}],"author":[{"embeddable":true,"href":"http:\/\/www.robertosedda.it\/index.php?rest_route=\/wp\/v2\/users\/1"}],"replies":[{"embeddable":true,"href":"http:\/\/www.robertosedda.it\/index.php?rest_route=%2Fwp%2Fv2%2Fcomments&post=10825"}],"version-history":[{"count":1,"href":"http:\/\/www.robertosedda.it\/index.php?rest_route=\/wp\/v2\/posts\/10825\/revisions"}],"predecessor-version":[{"id":10826,"href":"http:\/\/www.robertosedda.it\/index.php?rest_route=\/wp\/v2\/posts\/10825\/revisions\/10826"}],"wp:attachment":[{"href":"http:\/\/www.robertosedda.it\/index.php?rest_route=%2Fwp%2Fv2%2Fmedia&parent=10825"}],"wp:term":[{"taxonomy":"category","embeddable":true,"href":"http:\/\/www.robertosedda.it\/index.php?rest_route=%2Fwp%2Fv2%2Fcategories&post=10825"},{"taxonomy":"post_tag","embeddable":true,"href":"http:\/\/www.robertosedda.it\/index.php?rest_route=%2Fwp%2Fv2%2Ftags&post=10825"}],"curies":[{"name":"wp","href":"https:\/\/api.w.org\/{rel}","templated":true}]}}