{"id":10820,"date":"2015-09-11T16:21:50","date_gmt":"2015-09-11T14:21:50","guid":{"rendered":"http:\/\/www.robertosedda.it\/?p=10820"},"modified":"2026-01-15T14:52:33","modified_gmt":"2026-01-15T13:52:33","slug":"ma-allora-sei-recidivo","status":"publish","type":"post","link":"http:\/\/www.robertosedda.it\/?p=10820","title":{"rendered":"Ma allora sei recidivo&#8230;"},"content":{"rendered":"<p>Grazie a Giuseppe Argentieri,\u00a0<em>IACiner<\/em> di vecchia data, ho scoperto l&#8217;ultima meraviglia della &#8220;nuova&#8221; Londra architettonicamente avanzata: il\u00a0<em>Walkie Talkie<\/em>.<\/p>\n<figure id=\"attachment_10827\" aria-describedby=\"caption-attachment-10827\" style=\"width: 620px\" class=\"wp-caption aligncenter\"><a href=\"https:\/\/i0.wp.com\/www.robertosedda.it\/wp-content\/uploads\/2015\/09\/Walkie-Talkie-Londra.jpeg\"><img data-attachment-id=\"10827\" data-permalink=\"http:\/\/www.robertosedda.it\/?attachment_id=10827\" data-orig-file=\"https:\/\/i0.wp.com\/www.robertosedda.it\/wp-content\/uploads\/2015\/09\/Walkie-Talkie-Londra.jpeg?fit=620%2C372\" data-orig-size=\"620,372\" data-comments-opened=\"1\" data-image-meta=\"{&quot;aperture&quot;:&quot;0&quot;,&quot;credit&quot;:&quot;&quot;,&quot;camera&quot;:&quot;&quot;,&quot;caption&quot;:&quot;&quot;,&quot;created_timestamp&quot;:&quot;0&quot;,&quot;copyright&quot;:&quot;&quot;,&quot;focal_length&quot;:&quot;0&quot;,&quot;iso&quot;:&quot;0&quot;,&quot;shutter_speed&quot;:&quot;0&quot;,&quot;title&quot;:&quot;&quot;,&quot;orientation&quot;:&quot;0&quot;}\" data-image-title=\"Walkie Talkie Londra\" data-image-description=\"\" data-image-caption=\"&lt;p&gt;Foto d Antonio Olmos dal sito del &lt;em&gt;Guardian&lt;\/em&gt;&lt;\/p&gt;\n\" data-medium-file=\"https:\/\/i0.wp.com\/www.robertosedda.it\/wp-content\/uploads\/2015\/09\/Walkie-Talkie-Londra.jpeg?fit=300%2C180\" data-large-file=\"https:\/\/i0.wp.com\/www.robertosedda.it\/wp-content\/uploads\/2015\/09\/Walkie-Talkie-Londra.jpeg?fit=510%2C306\" decoding=\"async\" loading=\"lazy\" class=\"size-full wp-image-10827\" src=\"https:\/\/i0.wp.com\/www.robertosedda.it\/wp-content\/uploads\/2015\/09\/Walkie-Talkie-Londra.jpeg?resize=620%2C372\" alt=\"Foto d Antonio Olmos dal sito del Guardian\" width=\"620\" height=\"372\" srcset=\"https:\/\/i0.wp.com\/www.robertosedda.it\/wp-content\/uploads\/2015\/09\/Walkie-Talkie-Londra.jpeg?w=620 620w, https:\/\/i0.wp.com\/www.robertosedda.it\/wp-content\/uploads\/2015\/09\/Walkie-Talkie-Londra.jpeg?resize=150%2C90 150w, https:\/\/i0.wp.com\/www.robertosedda.it\/wp-content\/uploads\/2015\/09\/Walkie-Talkie-Londra.jpeg?resize=300%2C180 300w, https:\/\/i0.wp.com\/www.robertosedda.it\/wp-content\/uploads\/2015\/09\/Walkie-Talkie-Londra.jpeg?resize=510%2C306 510w\" sizes=\"(max-width: 620px) 100vw, 620px\" data-recalc-dims=\"1\" \/><\/a><figcaption id=\"caption-attachment-10827\" class=\"wp-caption-text\">Foto di Antonio Olmos dal sito del <em>Guardian<\/em><\/figcaption><\/figure>\n<p>\u00c8 il palazzo solo\u00a0<em>lievemente<\/em> invasivo che si vede dietro il\u00a0<em>Tower Bridge<\/em>.<\/p>\n<p>Incuriosito, ho scoperto che la costruzione di questo nuovo grattacielo \u00e8 stata accompagnata da polemiche abbastanza roventi: sorge infatti ai limiti di un&#8217;area sotto tutela e tutto sommato si pu\u00f2 pesare che se ne potesse anche fare a meno. Alla fine vedo che gli elementi che sono serviti a far passare la proposta sono stati il fatto che si prevedesse di situare sulla cima dell&#8217;edificio una sorta di parco urbano totalmente nuovo (questa idea del bosco pensile deve essere una moda, fra gli <a href=\"http:\/\/www.residenzeportanuova.com\/it\/residenze-bosco-verticale\/\">architetti moderni<\/a>, oppure il\u00a0<em>passpartout<\/em>\u00a0ambientalista funziona allo stesso modo dappertutto) che permettesse alla cittadinanza di godersi con soddisfazione la vista dall&#8217;alto dell&#8217;operosa capitale, beandosi del continuato successo della nazione:\u00a0<em>rule Britannia<\/em>, dalla\u00a0<em>City<\/em> fino i sobborghi.<\/p>\n<p>La realizzazione pratica non sembra avere soddisfatto le premesse: leggo un <a href=\"http:\/\/www.theguardian.com\/artanddesign\/architecture-design-blog\/2015\/jan\/06\/londons-sky-garden-walkie-talkie-the-more-you-pay-the-worse-the-view\">articolo feroce di un critico del\u00a0<em>Guardian<\/em><\/a> che sul piano estetico evoca la sala d&#8217;attesa di un aeroporto, e non sembra proprio un gran risultato. E anche sul piano funzionale le cose non sembrano essere andate proprio come dovevano andare: il bosco preannunciato \u00e8 diventato, in fase di realizzazione, una sorta di terrazzamento a prato; ma soprattutto \u00e8 la funzione civica che sembra essere venuta meno: l&#8217;accesso \u00e8 fieramente contingentato per permettere alla\u00a0<em>yupperia<\/em> londinese di godersi i vari bar con vista mozzafiato che occupano buona parte della cima dell&#8217;edificio. E anche qui ci sono problemi: in realt\u00e0 la vista migliore, secondo il\u00a0<em>Guardian<\/em>, \u00e8 quella del locale pi\u00f9 <em>basso<\/em>\u00a0e meno costoso: pi\u00f9 sali, pi\u00f9 paghi e meno bene vedi.<\/p>\n<p>\u00c8 una storia inglese, ma in realt\u00e0 mi sembra una parabola dei limiti, delle furberie e dei veri e propri danni sociali e ambientali che spesso sono legati a un certo tipo di grandi progetti urbanistici. Ma in realt\u00e0 volevo segnalare un&#8217;altra cosa.<\/p>\n<p>Far\u00f2 qui una battuta: le polemiche sul progetto si sono fatte\u00a0<em>roventi<\/em>.<\/p>\n<p>Dov&#8217;\u00e8 la battuta?<\/p>\n<p>Dipende dal fatto che la particolare forma concava della facciata metallica dell&#8217;edificio \u00e8 un fantastico specchio ustorio. E infatti, <a href=\"http:\/\/www.theguardian.com\/artanddesign\/2013\/sep\/06\/walkie-talkie-architect-predicted-reflection-sun-rays\">segnala sempre il\u00a0<em>Guardian<\/em><\/a>, nel quartiere di Eastcheap ci sono edifici nel punto di concentrazione dei raggi riflessi nei quali negli appartamenti i tappeti hanno buchi di bruciatura, la vernice delle pareti si gonfia e si distacca e la plastica fonde. C&#8217;\u00e8 perfino uno che dichiara che il grattacielo <a href=\"http:\/\/www.dailymail.co.uk\/news\/article-2409073\/Walkie-Talkie-melted-Jag-Londons-Fenchurch-Street-skyscraper-melts-businessmans-car.html\">gli ha fuso parti della carrozzeria della macchina<\/a>, altro che\u00a0<em>Galactus<\/em>!<\/p>\n<p>Il giornale riporta che l&#8217;architetto Rafael Vi\u00f1oly, serafico, ha dichiarato: \u00abAbbiamo fatto molti errori, ma rimedieremo\u00bb. La storia sarebbe che il problema era stato previsto, ma sottovalutato: la temperatura del <em>raggio della morte\u00a0<\/em>era stimata intorno ai 36\u00b0, invece arriva a pi\u00f9 del doppio. Il principio di precauzione, peraltro, sembra essere un beato sconosciuto: sempre Vi\u00f1oly dice: \u00abNon avevamo attrezzature o <em>software<\/em> per analizzare esattamente la questione\u00bb, e quindi l&#8217;hanno fatto comunque.\u00a0La cosa che per\u00f2 mi ha fatto ridere di pi\u00f9 \u00e8 stato che prosegue poi pacatamente il\u00a0<em>Guardian<\/em>:<\/p>\n<blockquote><p>L&#8217;architetto \u00e8 noto per creare edifici che ustionano. Il suo Hotel Vdara a Las Vegas, che ha una forma similmente concava, nel 2010 concentrava la luce del sole sulla zona della piscina, fino a fondere le poltroncine e dare fuoco ai capelli degli ospiti.<\/p><\/blockquote>\n<p>Ah, beh, allora&#8230;<\/p>\n","protected":false},"excerpt":{"rendered":"<p>Grazie a Giuseppe Argentieri,\u00a0IACiner di vecchia data, ho scoperto l&#8217;ultima meraviglia della &#8220;nuova&#8221; Londra architettonicamente avanzata: il\u00a0Walkie Talkie. \u00c8 il<\/p>\n","protected":false},"author":1,"featured_media":10827,"comment_status":"open","ping_status":"open","sticky":false,"template":"","format":"standard","meta":{"_mi_skip_tracking":false,"_monsterinsights_sitenote_active":false,"_monsterinsights_sitenote_note":"","_monsterinsights_sitenote_category":0,"jetpack_post_was_ever_published":false,"_jetpack_newsletter_access":"","jetpack_publicize_message":"","jetpack_is_tweetstorm":false,"jetpack_publicize_feature_enabled":true,"jetpack_social_post_already_shared":true,"jetpack_social_options":{"image_generator_settings":{"template":"highway","enabled":false}}},"categories":[52,55,77,17,16],"tags":[],"jetpack_publicize_connections":[],"jetpack_featured_media_url":"https:\/\/i0.wp.com\/www.robertosedda.it\/wp-content\/uploads\/2015\/09\/Walkie-Talkie-Londra.jpeg?fit=620%2C372","jetpack_sharing_enabled":true,"jetpack_shortlink":"https:\/\/wp.me\/p4jV2T-2Ow","jetpack_likes_enabled":true,"jetpack-related-posts":[{"id":6359,"url":"http:\/\/www.robertosedda.it\/?p=6359","url_meta":{"origin":10820,"position":0},"title":"Segni notevoli: seno naturale","author":"Rufus","date":"12\/02\/2014","format":false,"excerpt":"Ieri ho visto su Facebook lo status di un amico che segnalava, pi\u00f9 o meno: la ragazza davanti a me sul treno assomiglia irresistibilmente a Raphaella Anderson; sono turbato. Siccome sono curioso come una scimmia ma non sapevo chi fosse Raphaella Anderson ho cercato su Wiki e ho avuto la\u2026","rel":"","context":"In &quot;Coordinate&quot;","block_context":{"text":"Coordinate","link":"http:\/\/www.robertosedda.it\/?cat=52"},"img":{"alt_text":"","src":"https:\/\/i0.wp.com\/www.robertosedda.it\/wp-content\/uploads\/2014\/02\/Ilona-Staller-parlamento.png?resize=350%2C200","width":350,"height":200},"classes":[]},{"id":19063,"url":"http:\/\/www.robertosedda.it\/?p=19063","url_meta":{"origin":10820,"position":1},"title":"Bisturi sguainati","author":"Rufus","date":"26\/01\/2022","format":false,"excerpt":"Sul sito The conversation trovo un articolo molto interessante (in inglese, purtroppo) sulla scoperta dell'insulina: una storia di rivalit\u00e0, odi, insicurezze e successo che sfugge inopinatamente dalle mani; immagino che accada frequentemente per molte scoperte scientifiche, ma questo \u00e8 un racconto che riguarda la vita quotidiana di milioni di persone.","rel":"","context":"In &quot;Coordinate&quot;","block_context":{"text":"Coordinate","link":"http:\/\/www.robertosedda.it\/?cat=52"},"img":{"alt_text":"","src":"https:\/\/i0.wp.com\/www.robertosedda.it\/wp-content\/uploads\/2022\/01\/Insulina.jpg?fit=1200%2C515&resize=350%2C200","width":350,"height":200,"srcset":"https:\/\/i0.wp.com\/www.robertosedda.it\/wp-content\/uploads\/2022\/01\/Insulina.jpg?fit=1200%2C515&resize=350%2C200 1x, https:\/\/i0.wp.com\/www.robertosedda.it\/wp-content\/uploads\/2022\/01\/Insulina.jpg?fit=1200%2C515&resize=700%2C400 2x, https:\/\/i0.wp.com\/www.robertosedda.it\/wp-content\/uploads\/2022\/01\/Insulina.jpg?fit=1200%2C515&resize=1050%2C600 3x"},"classes":[]},{"id":16727,"url":"http:\/\/www.robertosedda.it\/?p=16727","url_meta":{"origin":10820,"position":2},"title":"Licenzioso, ammirato omaggio","author":"Rufus","date":"24\/05\/2019","format":false,"excerpt":"Ben son, ben son Beatrice! E adesso ti faccio un mazzo cos\u00ec. Insomma, nella mia lettura del Purgatorio finalmente \u00e8 comparsa Beatrice: dato che nulla mi ricordavo mi sono molto divertito a vederla strascinare Dante nella polvere, traendone l'idea di un tipino che \u00e8 meglio non fare arrabbiare. Assolutamente, meglio\u2026","rel":"","context":"In &quot;Coordinate&quot;","block_context":{"text":"Coordinate","link":"http:\/\/www.robertosedda.it\/?cat=52"},"img":{"alt_text":"","src":"https:\/\/i0.wp.com\/www.robertosedda.it\/wp-content\/uploads\/2019\/05\/Dante-Rossetti-2.jpg?fit=593%2C334&resize=350%2C200","width":350,"height":200},"classes":[]},{"id":15915,"url":"http:\/\/www.robertosedda.it\/?p=15915","url_meta":{"origin":10820,"position":3},"title":"Dubbi amletici","author":"Rufus","date":"30\/11\/2018","format":false,"excerpt":"Devo confessare che per molto tempo ho creduto che frasi come\u00a0ha messo pioggia ed equivalenti\u00a0fossero una versione un po' anacolutica dell'espressione\u00a0il tempo si \u00e8 volto (messo) al peggio, al bello, al sereno (peraltro, un significato in qualche modo coerente con quel che riportano la\u00a0Treccani\u00a0e altri vocabolari). Ho invece scoperto, qualche\u2026","rel":"","context":"In &quot;Coordinate&quot;","block_context":{"text":"Coordinate","link":"http:\/\/www.robertosedda.it\/?cat=52"},"img":{"alt_text":"","src":"https:\/\/i0.wp.com\/www.robertosedda.it\/wp-content\/uploads\/2018\/11\/Pioggia.png?fit=512%2C512&resize=350%2C200","width":350,"height":200},"classes":[]},{"id":15965,"url":"http:\/\/www.robertosedda.it\/?p=15965","url_meta":{"origin":10820,"position":4},"title":"Ringhiano come cani","author":"Rufus","date":"11\/12\/2018","format":false,"excerpt":"Quando vado a Roma con Maria Bonaria vado spesso a dormire da Maritti\u00a0al rione Monti, che gi\u00e0 sono bravi di loro e poi trattano i soci di Banca Etica con un occhio di riguardo. Il rione Monti \u00e8 un posto fantastico, pieno di cose, di scoperte e di... trattorie. Non\u2026","rel":"","context":"In &quot;Coordinate&quot;","block_context":{"text":"Coordinate","link":"http:\/\/www.robertosedda.it\/?cat=52"},"img":{"alt_text":"","src":"https:\/\/i0.wp.com\/www.robertosedda.it\/wp-content\/uploads\/2018\/12\/Rabid-dog.png?fit=1200%2C1198&resize=350%2C200","width":350,"height":200,"srcset":"https:\/\/i0.wp.com\/www.robertosedda.it\/wp-content\/uploads\/2018\/12\/Rabid-dog.png?fit=1200%2C1198&resize=350%2C200 1x, https:\/\/i0.wp.com\/www.robertosedda.it\/wp-content\/uploads\/2018\/12\/Rabid-dog.png?fit=1200%2C1198&resize=700%2C400 2x, https:\/\/i0.wp.com\/www.robertosedda.it\/wp-content\/uploads\/2018\/12\/Rabid-dog.png?fit=1200%2C1198&resize=1050%2C600 3x"},"classes":[]},{"id":11264,"url":"http:\/\/www.robertosedda.it\/?p=11264","url_meta":{"origin":10820,"position":5},"title":"Che furbastro, quel Volpone!","author":"Rufus","date":"09\/12\/2015","format":"video","excerpt":"La cosa che pi\u00f9 mi colpisce di questa stagione di Oggi parliamo di libri \u00e8 la quantit\u00e0 di scoperte che faccio. Queste scoperte continue sono il motivo per il quale, dopo avere molto esitato a riprendere la trasmissione, mi sto invece divertendo moltissimo: sarei contentissimo di sapere che questo mio\u2026","rel":"","context":"In &quot;Coordinate&quot;","block_context":{"text":"Coordinate","link":"http:\/\/www.robertosedda.it\/?cat=52"},"img":{"alt_text":"","src":"https:\/\/i0.wp.com\/img.youtube.com\/vi\/C5JoMYsYQr0\/0.jpg?resize=350%2C200","width":350,"height":200},"classes":[]}],"_links":{"self":[{"href":"http:\/\/www.robertosedda.it\/index.php?rest_route=\/wp\/v2\/posts\/10820"}],"collection":[{"href":"http:\/\/www.robertosedda.it\/index.php?rest_route=\/wp\/v2\/posts"}],"about":[{"href":"http:\/\/www.robertosedda.it\/index.php?rest_route=\/wp\/v2\/types\/post"}],"author":[{"embeddable":true,"href":"http:\/\/www.robertosedda.it\/index.php?rest_route=\/wp\/v2\/users\/1"}],"replies":[{"embeddable":true,"href":"http:\/\/www.robertosedda.it\/index.php?rest_route=%2Fwp%2Fv2%2Fcomments&post=10820"}],"version-history":[{"count":5,"href":"http:\/\/www.robertosedda.it\/index.php?rest_route=\/wp\/v2\/posts\/10820\/revisions"}],"predecessor-version":[{"id":12015,"href":"http:\/\/www.robertosedda.it\/index.php?rest_route=\/wp\/v2\/posts\/10820\/revisions\/12015"}],"wp:featuredmedia":[{"embeddable":true,"href":"http:\/\/www.robertosedda.it\/index.php?rest_route=\/wp\/v2\/media\/10827"}],"wp:attachment":[{"href":"http:\/\/www.robertosedda.it\/index.php?rest_route=%2Fwp%2Fv2%2Fmedia&parent=10820"}],"wp:term":[{"taxonomy":"category","embeddable":true,"href":"http:\/\/www.robertosedda.it\/index.php?rest_route=%2Fwp%2Fv2%2Fcategories&post=10820"},{"taxonomy":"post_tag","embeddable":true,"href":"http:\/\/www.robertosedda.it\/index.php?rest_route=%2Fwp%2Fv2%2Ftags&post=10820"}],"curies":[{"name":"wp","href":"https:\/\/api.w.org\/{rel}","templated":true}]}}