{"id":10745,"date":"2015-08-26T13:49:14","date_gmt":"2015-08-26T11:49:14","guid":{"rendered":"http:\/\/www.robertosedda.it\/?p=10745"},"modified":"2021-09-02T12:44:02","modified_gmt":"2021-09-02T10:44:02","slug":"enrica-delitala-e-stintino","status":"publish","type":"post","link":"http:\/\/www.robertosedda.it\/?p=10745","title":{"rendered":"Enrica Delitala e Stintino"},"content":{"rendered":"<p>I\u00a0<em>Quaderni Stintinesi<\/em> sono una collana di studi, ricerche e testi biografici\u00a0che nasce dalla passione\u00a0del professor Salvatore Rubino per\u00a0la storia\u00a0del suo paese (ho accennato alla collana da poco, a proposito della <a href=\"http:\/\/www.robertosedda.it\/?p=10631\">biografia di Beppe Anfossi<\/a>).<\/p>\n<p><a href=\"https:\/\/i0.wp.com\/www.robertosedda.it\/wp-content\/uploads\/2015\/08\/Stintino.jpg\"><img data-attachment-id=\"10746\" data-permalink=\"http:\/\/www.robertosedda.it\/?attachment_id=10746\" data-orig-file=\"https:\/\/i0.wp.com\/www.robertosedda.it\/wp-content\/uploads\/2015\/08\/Stintino.jpg?fit=505%2C357\" data-orig-size=\"505,357\" data-comments-opened=\"1\" data-image-meta=\"{&quot;aperture&quot;:&quot;0&quot;,&quot;credit&quot;:&quot;Roberto Sedda&quot;,&quot;camera&quot;:&quot;&quot;,&quot;caption&quot;:&quot;&quot;,&quot;created_timestamp&quot;:&quot;1440596894&quot;,&quot;copyright&quot;:&quot;&quot;,&quot;focal_length&quot;:&quot;0&quot;,&quot;iso&quot;:&quot;0&quot;,&quot;shutter_speed&quot;:&quot;0&quot;,&quot;title&quot;:&quot;&quot;,&quot;orientation&quot;:&quot;0&quot;}\" data-image-title=\"Stintino\" data-image-description=\"\" data-image-caption=\"\" data-medium-file=\"https:\/\/i0.wp.com\/www.robertosedda.it\/wp-content\/uploads\/2015\/08\/Stintino.jpg?fit=300%2C212\" data-large-file=\"https:\/\/i0.wp.com\/www.robertosedda.it\/wp-content\/uploads\/2015\/08\/Stintino.jpg?fit=505%2C357\" decoding=\"async\" loading=\"lazy\" class=\"aligncenter size-full wp-image-10746\" src=\"https:\/\/i0.wp.com\/www.robertosedda.it\/wp-content\/uploads\/2015\/08\/Stintino.jpg?resize=505%2C357\" alt=\"Stintino\" width=\"505\" height=\"357\" srcset=\"https:\/\/i0.wp.com\/www.robertosedda.it\/wp-content\/uploads\/2015\/08\/Stintino.jpg?w=505 505w, https:\/\/i0.wp.com\/www.robertosedda.it\/wp-content\/uploads\/2015\/08\/Stintino.jpg?resize=150%2C106 150w, https:\/\/i0.wp.com\/www.robertosedda.it\/wp-content\/uploads\/2015\/08\/Stintino.jpg?resize=300%2C212 300w, https:\/\/i0.wp.com\/www.robertosedda.it\/wp-content\/uploads\/2015\/08\/Stintino.jpg?resize=50%2C35 50w\" sizes=\"(max-width: 505px) 100vw, 505px\" data-recalc-dims=\"1\" \/><\/a>Stintino \u00e8, come molti sanno, anche uno dei paesi delle mie radici: da generazioni il luogo di vacanza della parte sassarese della famiglia, in cui anch&#8217;io da ragazzo ho passato estati indimenticabili. Anche se ci sono tornato quest&#8217;anno per la prima volta dopo un sacco di anni e se noi &#8220;ramo cagliaritano&#8221; non abbiamo frequentato il paese\u00a0cos\u00ec spesso come altri zii e cugini le vicende familiari\u00a0hanno continuato a intrecciarsi con quei luoghi e quelle persone in modi talvolta imprevisti.<\/p>\n<p>Per esempio mia zia Enrica Delitala aveva dedicato a Stintino una campagna di studi etnografici molto interessante, che si giovava nel lavoro anche della sua conoscenza\u00a0<em>personale<\/em> dei luoghi, in un intreccio fra affetti personali e interessi di studio che man mano scopro come\u00a0peculiare del suo modo di ragionare e lavorare. Di quel lavoro erano stati pubblicati\u00a0anche diversi materiali\u00a0&#8211; ormai pi\u00f9 o meno introvabili &#8211; che vengono riproposti\u00a0ora nuovamente nei <em>Quaderni\u00a0Stintinesi<\/em> in un volume a cura dello stesso Salvatore Rubino e di Esmeralda Ughi.<\/p>\n<p><img data-attachment-id=\"10747\" data-permalink=\"http:\/\/www.robertosedda.it\/?attachment_id=10747\" data-orig-file=\"https:\/\/i0.wp.com\/www.robertosedda.it\/wp-content\/uploads\/2015\/08\/Foto-Stintino-Enrica.jpg?fit=537%2C686\" data-orig-size=\"537,686\" data-comments-opened=\"1\" data-image-meta=\"{&quot;aperture&quot;:&quot;0&quot;,&quot;credit&quot;:&quot;Roberto Sedda&quot;,&quot;camera&quot;:&quot;&quot;,&quot;caption&quot;:&quot;&quot;,&quot;created_timestamp&quot;:&quot;1440596848&quot;,&quot;copyright&quot;:&quot;&quot;,&quot;focal_length&quot;:&quot;0&quot;,&quot;iso&quot;:&quot;0&quot;,&quot;shutter_speed&quot;:&quot;0&quot;,&quot;title&quot;:&quot;&quot;,&quot;orientation&quot;:&quot;0&quot;}\" data-image-title=\"Foto Stintino Enrica\" data-image-description=\"\" data-image-caption=\"\" data-medium-file=\"https:\/\/i0.wp.com\/www.robertosedda.it\/wp-content\/uploads\/2015\/08\/Foto-Stintino-Enrica.jpg?fit=235%2C300\" data-large-file=\"https:\/\/i0.wp.com\/www.robertosedda.it\/wp-content\/uploads\/2015\/08\/Foto-Stintino-Enrica.jpg?fit=510%2C652\" decoding=\"async\" loading=\"lazy\" class=\"alignright wp-image-10747\" src=\"https:\/\/i0.wp.com\/www.robertosedda.it\/wp-content\/uploads\/2015\/08\/Foto-Stintino-Enrica-510x652.jpg?resize=400%2C511\" alt=\"Foto Stintino Enrica\" width=\"400\" height=\"511\" srcset=\"https:\/\/i0.wp.com\/www.robertosedda.it\/wp-content\/uploads\/2015\/08\/Foto-Stintino-Enrica.jpg?resize=510%2C652 510w, https:\/\/i0.wp.com\/www.robertosedda.it\/wp-content\/uploads\/2015\/08\/Foto-Stintino-Enrica.jpg?resize=117%2C150 117w, https:\/\/i0.wp.com\/www.robertosedda.it\/wp-content\/uploads\/2015\/08\/Foto-Stintino-Enrica.jpg?resize=235%2C300 235w, https:\/\/i0.wp.com\/www.robertosedda.it\/wp-content\/uploads\/2015\/08\/Foto-Stintino-Enrica.jpg?resize=39%2C50 39w, https:\/\/i0.wp.com\/www.robertosedda.it\/wp-content\/uploads\/2015\/08\/Foto-Stintino-Enrica.jpg?w=537 537w\" sizes=\"(max-width: 400px) 100vw, 400px\" data-recalc-dims=\"1\" \/>Il libro sar\u00e0 presentato a Stintino\u00a0sabato 5 settembre 2015 alle\u00a017.30 nella sala consiliare del Comune. Pubblico qui sotto il programma completo, che tocca anche altri aspetti della vita di Stintino e la presentazione anche di altri libri.<br \/>\nIo sar\u00f2 a Stintino per l&#8217;occasione con\u00a0Maria Bonaria e l&#8217;Inossidabile Genitrice\u00a0e rester\u00f2 anche nei giorni vicini. Sarei contentissimo se amici e parenti che possono, soprattutto quelli pi\u00f9 vicini al luogo, partecipassero con noi alla presentazione, e in ogni caso potrebbe essere un&#8217;occasione per vedersi.<\/p>\n<p>Ma rilancio l&#8217;evento sul\u00a0<em>blog<\/em> soprattutto perch\u00e9 il lavoro fatto a suo tempo da Enrica, come tutti i suoi, \u00e8 un esempio di studio rigoroso delle tradizioni popolari sarde, un argomento che ha oggi una grande quantit\u00e0 di appassionati non sempre mossi dalla stessa cultura e dallo stesso rigore, e pertanto merita forse di essere riscoperto.<\/p>\n<h2>Programma<\/h2>\n<h3>Presentazione degli &#8220;Incontri Stintinesi&#8221;<\/h3>\n<p>in ricordo di ENRICA DELITALA<\/p>\n<p>ESMERALDA UGHI\u00a0Centro Studi sulla Civilt\u00e0 del Mare<\/p>\n<h3>Saluti<\/h3>\n<p>ANTONIO DIANA\u00a0Sindaco di Stintino<\/p>\n<p>MASSIMO CARPINELLI Rettore dell\u2019universit\u00e0 degli Studi di Sassari<\/p>\n<p>GIANFRANCO GANAU Presidente del Consiglio Regionale della Sardegna<\/p>\n<p>Modera la serata FRANCESCA DEMONTIS Consigliera comunale con delega alla Cultura del Comune di Stintino<\/p>\n<h4>Prima parte<\/h4>\n<h3>Stintino: memoria e sviluppo<\/h3>\n<h5>Presentazione dei libri<\/h5>\n<p><em>Stintino nello sguardo etnografico di Enrica Delitala<\/em>, a cura di Esmeralda Ughi e Salvatore Rubino, Edes, Sassari 2015<\/p>\n<p>Presentano il volume MARIA MARGHERITA SATTA e GIACOMO MAMELI<\/p>\n<p><strong>Antonio Diana<\/strong>, <em>Il Tempo della Memoria 5, Storie, leggende, documenti di Stintino<\/em>, Edes, Sassari 2015<\/p>\n<p>Presentano il volume MARISA PORCU GAIAS e GIANCARLO ZICHI<\/p>\n<p><strong>Alessandro Ponzeletti<\/strong>, <em>Stintino<\/em>, Collana &#8220;Tutti i comuni della Sardegna&#8221;, a cura di Salvatore Tola, Carlo Delfino editore, Sassari 2014<\/p>\n<p>Presenta la guida GIANNI GARRUCCIU<\/p>\n<p>Sono previsti gli interventi di ALESSANDRO PONZELETTI, CARLO DELFINO<\/p>\n<h4>Seconda parte<\/h4>\n<h4>Cerimonia per il conferimento del riconoscimento di <em>Stintinese doc<\/em> alla Famiglia Azzena<\/h4>\n<p>Presenta ALESSANDRO PONZELETTI<\/p>\n","protected":false},"excerpt":{"rendered":"<p>I\u00a0Quaderni Stintinesi sono una collana di studi, ricerche e testi biografici\u00a0che nasce dalla passione\u00a0del professor Salvatore Rubino per\u00a0la storia\u00a0del suo<\/p>\n","protected":false},"author":1,"featured_media":10747,"comment_status":"open","ping_status":"open","sticky":false,"template":"","format":"standard","meta":{"_mi_skip_tracking":false,"_monsterinsights_sitenote_active":false,"_monsterinsights_sitenote_note":"","_monsterinsights_sitenote_category":0,"jetpack_post_was_ever_published":false,"_jetpack_newsletter_access":"","jetpack_publicize_message":"","jetpack_is_tweetstorm":false,"jetpack_publicize_feature_enabled":true,"jetpack_social_post_already_shared":true,"jetpack_social_options":{"image_generator_settings":{"template":"highway","enabled":false}}},"categories":[52,53,88],"tags":[],"jetpack_publicize_connections":[],"jetpack_featured_media_url":"https:\/\/i0.wp.com\/www.robertosedda.it\/wp-content\/uploads\/2015\/08\/Foto-Stintino-Enrica.jpg?fit=537%2C686","jetpack_sharing_enabled":true,"jetpack_shortlink":"https:\/\/wp.me\/p4jV2T-2Nj","jetpack_likes_enabled":true,"jetpack-related-posts":[{"id":10554,"url":"http:\/\/www.robertosedda.it\/?p=10554","url_meta":{"origin":10745,"position":0},"title":"Luoghi cari al cuore","author":"Rufus","date":"16\/07\/2015","format":false,"excerpt":"Ieri sono andato per questioni di Banca Etica a Porto Torres. Finito quel che dovevo fare risalgo in macchina e vedo l'indicazione:\u00a0Stintino. Ventiquattro chilometri. Siccome ne faccio gi\u00e0 quasi cinquecento in una sola serata penso che una cinquantina in pi\u00f9 cosa vuoi che sia e quindi giro a destra invece\u2026","rel":"","context":"In &quot;Coordinate&quot;","block_context":{"text":"Coordinate","link":"http:\/\/www.robertosedda.it\/?cat=52"},"img":{"alt_text":"","src":"https:\/\/i0.wp.com\/www.robertosedda.it\/wp-content\/uploads\/2015\/07\/Iole-Sedda-e-famiglia.jpg?fit=960%2C720&resize=350%2C200","width":350,"height":200,"srcset":"https:\/\/i0.wp.com\/www.robertosedda.it\/wp-content\/uploads\/2015\/07\/Iole-Sedda-e-famiglia.jpg?fit=960%2C720&resize=350%2C200 1x, https:\/\/i0.wp.com\/www.robertosedda.it\/wp-content\/uploads\/2015\/07\/Iole-Sedda-e-famiglia.jpg?fit=960%2C720&resize=700%2C400 2x"},"classes":[]},{"id":12404,"url":"http:\/\/www.robertosedda.it\/?p=12404","url_meta":{"origin":10745,"position":1},"title":"Stintinese DOC (anch&#8217;io, in un certo senso)","author":"Rufus","date":"05\/09\/2016","format":"gallery","excerpt":"Sabato ero a Stintino alla consegna del riconoscimento Stintinese DOC alla famiglia Berlinguer, collettivamente frequentatori del paese per pi\u00f9 di un secolo. Queste sono le foto che ho fatto, che pubblico qui per amici e parenti e semplici curiosi.","rel":"","context":"In &quot;Coordinate&quot;","block_context":{"text":"Coordinate","link":"http:\/\/www.robertosedda.it\/?cat=52"},"img":{"alt_text":"","src":"https:\/\/i0.wp.com\/www.robertosedda.it\/wp-content\/uploads\/2016\/09\/20160903_175803.jpg?fit=1200%2C720&resize=350%2C200","width":350,"height":200,"srcset":"https:\/\/i0.wp.com\/www.robertosedda.it\/wp-content\/uploads\/2016\/09\/20160903_175803.jpg?fit=1200%2C720&resize=350%2C200 1x, https:\/\/i0.wp.com\/www.robertosedda.it\/wp-content\/uploads\/2016\/09\/20160903_175803.jpg?fit=1200%2C720&resize=700%2C400 2x, https:\/\/i0.wp.com\/www.robertosedda.it\/wp-content\/uploads\/2016\/09\/20160903_175803.jpg?fit=1200%2C720&resize=1050%2C600 3x"},"classes":[]},{"id":19731,"url":"http:\/\/www.robertosedda.it\/?p=19731","url_meta":{"origin":10745,"position":2},"title":"Grazie, mi avete fatto bene","author":"Rufus","date":"14\/06\/2022","format":false,"excerpt":"Come molti lettori del blog sanno sicuramente, il 2 giugno \u00e8 morta mia madre, Graziella Delitala. Mamma era nata a Bengasi nel 1929 perch\u00e9 mio nonno, Gonario, ufficiale del Commissariato Militare (cio\u00e8, per capirci, il corpo destinato agli approvvigionamenti e all'amministrazione), era stato destinato a quella sede subito dopo il\u2026","rel":"","context":"In &quot;Coordinate&quot;","block_context":{"text":"Coordinate","link":"http:\/\/www.robertosedda.it\/?cat=52"},"img":{"alt_text":"","src":"https:\/\/i0.wp.com\/www.robertosedda.it\/wp-content\/uploads\/2022\/06\/UNGA2355-scaled.jpg?fit=1200%2C800&resize=350%2C200","width":350,"height":200,"srcset":"https:\/\/i0.wp.com\/www.robertosedda.it\/wp-content\/uploads\/2022\/06\/UNGA2355-scaled.jpg?fit=1200%2C800&resize=350%2C200 1x, https:\/\/i0.wp.com\/www.robertosedda.it\/wp-content\/uploads\/2022\/06\/UNGA2355-scaled.jpg?fit=1200%2C800&resize=700%2C400 2x, https:\/\/i0.wp.com\/www.robertosedda.it\/wp-content\/uploads\/2022\/06\/UNGA2355-scaled.jpg?fit=1200%2C800&resize=1050%2C600 3x"},"classes":[]},{"id":13984,"url":"http:\/\/www.robertosedda.it\/?p=13984","url_meta":{"origin":10745,"position":3},"title":"La legge \u00e8 legge, con qualche eccezione","author":"Rufus","date":"26\/07\/2017","format":false,"excerpt":"Durante lo scorso fine settimana che abbiamo passato a Stintino, \u00e8 capitato che l'Inossidabile si sia incontrata con le cugine - il vedersi era, anzi, uno degli obiettivi principali della gita. Una delle caratteristiche della famiglia che noto maggiormente in queste occasioni \u00e8 quella di possedere un inesauribile bagaglio di\u2026","rel":"","context":"In &quot;Coordinate&quot;","block_context":{"text":"Coordinate","link":"http:\/\/www.robertosedda.it\/?cat=52"},"img":{"alt_text":"","src":"https:\/\/i0.wp.com\/www.robertosedda.it\/wp-content\/uploads\/2017\/07\/Stintino-gozzo-3.jpg?fit=834%2C582&resize=350%2C200","width":350,"height":200,"srcset":"https:\/\/i0.wp.com\/www.robertosedda.it\/wp-content\/uploads\/2017\/07\/Stintino-gozzo-3.jpg?fit=834%2C582&resize=350%2C200 1x, https:\/\/i0.wp.com\/www.robertosedda.it\/wp-content\/uploads\/2017\/07\/Stintino-gozzo-3.jpg?fit=834%2C582&resize=700%2C400 2x"},"classes":[]},{"id":10602,"url":"http:\/\/www.robertosedda.it\/?p=10602","url_meta":{"origin":10745,"position":4},"title":"Cose che valgono","author":"Rufus","date":"02\/08\/2015","format":false,"excerpt":"Pochi giorni fa abbiamo fatto un riunione del Coordinamento dei soci di Banca Etica del Centro Italia a Perugia (stiamo cercando di fare le riunioni in giro per l'Area e non solo a Roma). Abbiamo fatto in modo di arrivare pi\u00f9 presto del necessario e una socia del luogo che\u2026","rel":"","context":"In &quot;Coordinate&quot;","block_context":{"text":"Coordinate","link":"http:\/\/www.robertosedda.it\/?cat=52"},"img":{"alt_text":"","src":"https:\/\/i0.wp.com\/www.robertosedda.it\/wp-content\/uploads\/2015\/08\/DSCI2629-2.jpg?fit=1024%2C768&resize=350%2C200","width":350,"height":200,"srcset":"https:\/\/i0.wp.com\/www.robertosedda.it\/wp-content\/uploads\/2015\/08\/DSCI2629-2.jpg?fit=1024%2C768&resize=350%2C200 1x, https:\/\/i0.wp.com\/www.robertosedda.it\/wp-content\/uploads\/2015\/08\/DSCI2629-2.jpg?fit=1024%2C768&resize=700%2C400 2x"},"classes":[]},{"id":13203,"url":"http:\/\/www.robertosedda.it\/?p=13203","url_meta":{"origin":10745,"position":5},"title":"La dea del Tantra e i manuali della nonviolenza passata","author":"Rufus","date":"02\/02\/2017","format":false,"excerpt":"Uno dei libri che sto consultando spesso, in questo periodo, \u00e8 il mio primo e pi\u00f9 fidato manuale di animazione dei gruppi,\u00a0Tecniche di animazione per la coesione del gruppo e un'azione sociale nonviolenta, un testo che per moltissimi della mia generazione \u00e8 stato la porta d'ingresso verso il mondo dell'animazione\u2026","rel":"","context":"In &quot;Coordinate&quot;","block_context":{"text":"Coordinate","link":"http:\/\/www.robertosedda.it\/?cat=52"},"img":{"alt_text":"","src":"https:\/\/i0.wp.com\/www.robertosedda.it\/wp-content\/uploads\/2017\/02\/Katz.jpg?fit=1200%2C675&resize=350%2C200","width":350,"height":200,"srcset":"https:\/\/i0.wp.com\/www.robertosedda.it\/wp-content\/uploads\/2017\/02\/Katz.jpg?fit=1200%2C675&resize=350%2C200 1x, https:\/\/i0.wp.com\/www.robertosedda.it\/wp-content\/uploads\/2017\/02\/Katz.jpg?fit=1200%2C675&resize=700%2C400 2x, https:\/\/i0.wp.com\/www.robertosedda.it\/wp-content\/uploads\/2017\/02\/Katz.jpg?fit=1200%2C675&resize=1050%2C600 3x"},"classes":[]}],"_links":{"self":[{"href":"http:\/\/www.robertosedda.it\/index.php?rest_route=\/wp\/v2\/posts\/10745"}],"collection":[{"href":"http:\/\/www.robertosedda.it\/index.php?rest_route=\/wp\/v2\/posts"}],"about":[{"href":"http:\/\/www.robertosedda.it\/index.php?rest_route=\/wp\/v2\/types\/post"}],"author":[{"embeddable":true,"href":"http:\/\/www.robertosedda.it\/index.php?rest_route=\/wp\/v2\/users\/1"}],"replies":[{"embeddable":true,"href":"http:\/\/www.robertosedda.it\/index.php?rest_route=%2Fwp%2Fv2%2Fcomments&post=10745"}],"version-history":[{"count":1,"href":"http:\/\/www.robertosedda.it\/index.php?rest_route=\/wp\/v2\/posts\/10745\/revisions"}],"predecessor-version":[{"id":10748,"href":"http:\/\/www.robertosedda.it\/index.php?rest_route=\/wp\/v2\/posts\/10745\/revisions\/10748"}],"wp:featuredmedia":[{"embeddable":true,"href":"http:\/\/www.robertosedda.it\/index.php?rest_route=\/wp\/v2\/media\/10747"}],"wp:attachment":[{"href":"http:\/\/www.robertosedda.it\/index.php?rest_route=%2Fwp%2Fv2%2Fmedia&parent=10745"}],"wp:term":[{"taxonomy":"category","embeddable":true,"href":"http:\/\/www.robertosedda.it\/index.php?rest_route=%2Fwp%2Fv2%2Fcategories&post=10745"},{"taxonomy":"post_tag","embeddable":true,"href":"http:\/\/www.robertosedda.it\/index.php?rest_route=%2Fwp%2Fv2%2Ftags&post=10745"}],"curies":[{"name":"wp","href":"https:\/\/api.w.org\/{rel}","templated":true}]}}