{"id":10615,"date":"2015-08-10T12:27:41","date_gmt":"2015-08-10T10:27:41","guid":{"rendered":"http:\/\/www.robertosedda.it\/?p=10615"},"modified":"2017-11-23T18:29:13","modified_gmt":"2017-11-23T17:29:13","slug":"turismo-catasttrofico","status":"publish","type":"post","link":"http:\/\/www.robertosedda.it\/?p=10615","title":{"rendered":"Turismo catastrofico"},"content":{"rendered":"<p>Sul numero di\u00a0<em>Internazionale\u00a0<\/em>attualmente in edicola c&#8217;\u00e8 un interessante\u00a0reportage fotografico sui luoghi teatro di catastrofi di vario tipo (terremoti, stragi, massacri, campi di battaglia) e che sono ora meta di varie forme di &#8220;turismo del macabro&#8221;.<\/p>\n<figure id=\"attachment_10616\" aria-describedby=\"caption-attachment-10616\" style=\"width: 1350px\" class=\"wp-caption aligncenter\"><a href=\"https:\/\/i0.wp.com\/www.robertosedda.it\/wp-content\/uploads\/2015\/08\/T\u00e9zenas-Chernobyl.jpg\"><img data-attachment-id=\"10616\" data-permalink=\"http:\/\/www.robertosedda.it\/?attachment_id=10616\" data-orig-file=\"https:\/\/i0.wp.com\/www.robertosedda.it\/wp-content\/uploads\/2015\/08\/T\u00e9zenas-Chernobyl.jpg?fit=1350%2C1080\" data-orig-size=\"1350,1080\" data-comments-opened=\"1\" data-image-meta=\"{&quot;aperture&quot;:&quot;0&quot;,&quot;credit&quot;:&quot;&quot;,&quot;camera&quot;:&quot;&quot;,&quot;caption&quot;:&quot;&quot;,&quot;created_timestamp&quot;:&quot;1332154675&quot;,&quot;copyright&quot;:&quot;&quot;,&quot;focal_length&quot;:&quot;0&quot;,&quot;iso&quot;:&quot;0&quot;,&quot;shutter_speed&quot;:&quot;0&quot;,&quot;title&quot;:&quot;&quot;,&quot;orientation&quot;:&quot;1&quot;}\" data-image-title=\"T\u00e9zenas Chernobyl\" data-image-description=\"\" data-image-caption=\"\" data-medium-file=\"https:\/\/i0.wp.com\/www.robertosedda.it\/wp-content\/uploads\/2015\/08\/T\u00e9zenas-Chernobyl.jpg?fit=300%2C240\" data-large-file=\"https:\/\/i0.wp.com\/www.robertosedda.it\/wp-content\/uploads\/2015\/08\/T\u00e9zenas-Chernobyl.jpg?fit=510%2C408\" decoding=\"async\" loading=\"lazy\" class=\"wp-image-10616 size-full\" src=\"https:\/\/i0.wp.com\/www.robertosedda.it\/wp-content\/uploads\/2015\/08\/T\u00e9zenas-Chernobyl.jpg?resize=800%2C640\" alt=\"T\u00e9zenas Chernobyl\" width=\"800\" height=\"640\" srcset=\"https:\/\/i0.wp.com\/www.robertosedda.it\/wp-content\/uploads\/2015\/08\/T\u00e9zenas-Chernobyl.jpg?w=1350 1350w, https:\/\/i0.wp.com\/www.robertosedda.it\/wp-content\/uploads\/2015\/08\/T\u00e9zenas-Chernobyl.jpg?resize=150%2C120 150w, https:\/\/i0.wp.com\/www.robertosedda.it\/wp-content\/uploads\/2015\/08\/T\u00e9zenas-Chernobyl.jpg?resize=300%2C240 300w, https:\/\/i0.wp.com\/www.robertosedda.it\/wp-content\/uploads\/2015\/08\/T\u00e9zenas-Chernobyl.jpg?resize=510%2C408 510w, https:\/\/i0.wp.com\/www.robertosedda.it\/wp-content\/uploads\/2015\/08\/T\u00e9zenas-Chernobyl.jpg?resize=700%2C560 700w, https:\/\/i0.wp.com\/www.robertosedda.it\/wp-content\/uploads\/2015\/08\/T\u00e9zenas-Chernobyl.jpg?resize=50%2C40 50w\" sizes=\"(max-width: 800px) 100vw, 800px\" data-recalc-dims=\"1\" \/><\/a><figcaption id=\"caption-attachment-10616\" class=\"wp-caption-text\">Chernobyl \u00a9<a href=\"http:\/\/www.ambroisetezenas.com\/\">Ambroise T\u00e9zenas<\/a><\/figcaption><\/figure>\n<p>Il lavoro \u00e8 opera del fotografo francese <a href=\"http:\/\/www.ambroisetezenas.com\">Ambroise T\u00e9zenas<\/a>, sul cui sito potete trovare fra l&#8217;altro una serie di foto\u00a0tratte dal libro in questione, fra qui quella che vedete qui sopra.<\/p>\n<p><em>Internazionale<\/em> pubblica fra l&#8217;altro una selezione differente di foto sull&#8217;argomento, commentate da un testo di\u00a0Christian Caujolle, e questo \u00e8 un ulteriore motivo per consigliare l&#8217;acquisto del <a href=\"http:\/\/www.internazionale.it\/sommario\/1113-1114-1115\">numero estivo<\/a>\u00a0(che spazia da un interessante articolo sulle gelaterie a Cuba a un corposo\u00a0<em>dossier<\/em> sul tema del &#8220;viaggio&#8221;).<\/p>\n<p>Il pezzo di T\u00e9zenas e Cajoulle, per\u00f2, \u00e8 inquietante sia per la forza di alcune delle foto sia perch\u00e9 insinua un (salutare?) dubbio su alcune di quelle <em>pratiche della memoria<\/em> che noi consideriamo normali e eprfino augurabili: appare labile e poroso il confine fra il viaggio delle scuole ad Auschwitz per toccare con mano cosa possa esser stato l&#8217;Olocausto e\u00a0la visita di compiaciuti turisti bianchi al memoriale del genocidio ruandese, per esempio. Forse l&#8217;articolo mi ha colpito anche perch\u00e9\u00a0durante la mia recente escursione all&#8217;Asinara ho visto la cella in cui \u00e8 stato detenuto Tot\u00f2 Riina in regime di\u00a0<em>41bis<\/em>, e qualche perplessit\u00e0, con tutto il rispetto per i simpatici ragazzi di\u00a0<em>Libera<\/em> che gestivano il luogo, l&#8217;ho provata (d&#8217;altra parte, se non vedi non conosci).<\/p>\n","protected":false},"excerpt":{"rendered":"<p>Sul numero di\u00a0Internazionale\u00a0attualmente in edicola c&#8217;\u00e8 un interessante\u00a0reportage fotografico sui luoghi teatro di catastrofi di vario tipo (terremoti, stragi, massacri,<\/p>\n","protected":false},"author":1,"featured_media":10616,"comment_status":"open","ping_status":"open","sticky":false,"template":"","format":"standard","meta":{"_mi_skip_tracking":false,"_monsterinsights_sitenote_active":false,"_monsterinsights_sitenote_note":"","_monsterinsights_sitenote_category":0,"jetpack_post_was_ever_published":false,"_jetpack_newsletter_access":"","jetpack_publicize_message":"","jetpack_is_tweetstorm":false,"jetpack_publicize_feature_enabled":true,"jetpack_social_post_already_shared":true,"jetpack_social_options":{"image_generator_settings":{"template":"highway","enabled":false}}},"categories":[52,55,77,95,16],"tags":[],"jetpack_publicize_connections":[],"jetpack_featured_media_url":"https:\/\/i0.wp.com\/www.robertosedda.it\/wp-content\/uploads\/2015\/08\/T\u00e9zenas-Chernobyl.jpg?fit=1350%2C1080","jetpack_sharing_enabled":true,"jetpack_shortlink":"https:\/\/wp.me\/p4jV2T-2Ld","jetpack_likes_enabled":true,"jetpack-related-posts":[{"id":6359,"url":"http:\/\/www.robertosedda.it\/?p=6359","url_meta":{"origin":10615,"position":0},"title":"Segni notevoli: seno naturale","author":"Rufus","date":"12\/02\/2014","format":false,"excerpt":"Ieri ho visto su Facebook lo status di un amico che segnalava, pi\u00f9 o meno: la ragazza davanti a me sul treno assomiglia irresistibilmente a Raphaella Anderson; sono turbato. Siccome sono curioso come una scimmia ma non sapevo chi fosse Raphaella Anderson ho cercato su Wiki e ho avuto la\u2026","rel":"","context":"In &quot;Coordinate&quot;","block_context":{"text":"Coordinate","link":"http:\/\/www.robertosedda.it\/?cat=52"},"img":{"alt_text":"","src":"https:\/\/i0.wp.com\/www.robertosedda.it\/wp-content\/uploads\/2014\/02\/Ilona-Staller-parlamento.png?resize=350%2C200","width":350,"height":200},"classes":[]},{"id":747,"url":"http:\/\/www.robertosedda.it\/?p=747","url_meta":{"origin":10615,"position":1},"title":"Piazza delle Cinque Noie","author":"Rufus","date":"24\/08\/2012","format":false,"excerpt":"Un film imbarazzante e, insomma, abbastanza pessimo. Gli americani hanno un grande mistero non risolto, \u00e8 l'omicidio Kennedy, ormai se ne sa quasi tutto e risale agli anni '60. Noi abbiamo un'infinit\u00e0 di misteri, della maggior parte non si sa abbastanza e sono dolorosamente vicini a noi nella storia. Dev'essere\u2026","rel":"","context":"In &quot;Cappe e spade&quot;","block_context":{"text":"Cappe e spade","link":"http:\/\/www.robertosedda.it\/?cat=70"},"img":{"alt_text":"","src":"https:\/\/i0.wp.com\/www.robertosedda.it\/wp-content\/uploads\/2012\/08\/locandina1.jpg?fit=420%2C582&resize=350%2C200","width":350,"height":200},"classes":[]},{"id":18850,"url":"http:\/\/www.robertosedda.it\/?p=18850","url_meta":{"origin":10615,"position":2},"title":"Non pi\u00f9 wedding planner","author":"Rufus","date":"17\/06\/2021","format":false,"excerpt":"Sono stato da poco a La Maddalena per una settimana, nonostante tutte le ritrosie da pandemia: il senso di claustrofobia casalingo si era fatto troppo forte e con Maria Bonaria abbiamo deciso di approfittare dell'offerta di casa di un amico. Alla fine si era ancora in mezza stagione e non\u2026","rel":"","context":"In &quot;Coordinate&quot;","block_context":{"text":"Coordinate","link":"http:\/\/www.robertosedda.it\/?cat=52"},"img":{"alt_text":"","src":"https:\/\/i0.wp.com\/www.robertosedda.it\/wp-content\/uploads\/2021\/06\/La-Maddalena.jpg?fit=1200%2C900&resize=350%2C200","width":350,"height":200,"srcset":"https:\/\/i0.wp.com\/www.robertosedda.it\/wp-content\/uploads\/2021\/06\/La-Maddalena.jpg?fit=1200%2C900&resize=350%2C200 1x, https:\/\/i0.wp.com\/www.robertosedda.it\/wp-content\/uploads\/2021\/06\/La-Maddalena.jpg?fit=1200%2C900&resize=700%2C400 2x, https:\/\/i0.wp.com\/www.robertosedda.it\/wp-content\/uploads\/2021\/06\/La-Maddalena.jpg?fit=1200%2C900&resize=1050%2C600 3x"},"classes":[]},{"id":6095,"url":"http:\/\/www.robertosedda.it\/?p=6095","url_meta":{"origin":10615,"position":3},"title":"Una domenica sera ad ammirare artisti","author":"Rufus","date":"02\/02\/2014","format":false,"excerpt":"Ho passato il pomeriggio a mettere in ordine Pulse, il programma che uso come aggregatore di notizie per il palmare. Frugando e riordinando ho finito per dedicarmi soprattutto ai flussi di informazioni che riguardano arte, design e fotografia: in realt\u00e0 alla fine non ho riordinato un bel niente ma sono\u2026","rel":"","context":"In &quot;Coordinate&quot;","block_context":{"text":"Coordinate","link":"http:\/\/www.robertosedda.it\/?cat=52"},"img":{"alt_text":"","src":"https:\/\/i0.wp.com\/www.robertosedda.it\/wp-content\/uploads\/2014\/02\/paper-book-sculpture-art-jodi-harvey-brown-ship.jpg?fit=880%2C586&resize=350%2C200","width":350,"height":200,"srcset":"https:\/\/i0.wp.com\/www.robertosedda.it\/wp-content\/uploads\/2014\/02\/paper-book-sculpture-art-jodi-harvey-brown-ship.jpg?fit=880%2C586&resize=350%2C200 1x, https:\/\/i0.wp.com\/www.robertosedda.it\/wp-content\/uploads\/2014\/02\/paper-book-sculpture-art-jodi-harvey-brown-ship.jpg?fit=880%2C586&resize=700%2C400 2x"},"classes":[]},{"id":14384,"url":"http:\/\/www.robertosedda.it\/?p=14384","url_meta":{"origin":10615,"position":4},"title":"Quel che ho detto al convegno &#8220;Pace &#8211; Lavoro &#8211; Sviluppo&#8221; di Iglesias","author":"Rufus","date":"06\/12\/2017","format":false,"excerpt":"Domenica scorsa in compagnia di un po' di soci di Banca Etica sono andato al Convegno\u00a0Pace - Lavoro - Sviluppo dedicato al tema della riconversione della fabbrica di Domusnovas della RWM. Al convegno hanno preso la parola molti relatori, tanti di alto livello. Fra quelli che hanno parlato ma che\u2026","rel":"","context":"In &quot;Banche e finanza&quot;","block_context":{"text":"Banche e finanza","link":"http:\/\/www.robertosedda.it\/?cat=72"},"img":{"alt_text":"","src":"https:\/\/i0.wp.com\/www.robertosedda.it\/wp-content\/uploads\/2017\/12\/Arcobaleno.jpg?fit=510%2C458&resize=350%2C200","width":350,"height":200},"classes":[]},{"id":1744,"url":"http:\/\/www.robertosedda.it\/?p=1744","url_meta":{"origin":10615,"position":5},"title":"Liste di fine anno","author":"Rufus","date":"09\/01\/2013","format":false,"excerpt":"L'altro giorno ho postato la mia personalissima sintesi del 2012, cio\u00e8 i libri che ho letto. Nei giorni intorno a Natale, per\u00f2, siamo stati inondati da una marea di liste che provavano a riassumere il 2012 sotto uno o pi\u00f9 punti di vista. Senza troppo pensarci ho cominciato a salvarle\u2026","rel":"","context":"In &quot;Coordinate&quot;","block_context":{"text":"Coordinate","link":"http:\/\/www.robertosedda.it\/?cat=52"},"img":{"alt_text":"","src":"","width":0,"height":0},"classes":[]}],"_links":{"self":[{"href":"http:\/\/www.robertosedda.it\/index.php?rest_route=\/wp\/v2\/posts\/10615"}],"collection":[{"href":"http:\/\/www.robertosedda.it\/index.php?rest_route=\/wp\/v2\/posts"}],"about":[{"href":"http:\/\/www.robertosedda.it\/index.php?rest_route=\/wp\/v2\/types\/post"}],"author":[{"embeddable":true,"href":"http:\/\/www.robertosedda.it\/index.php?rest_route=\/wp\/v2\/users\/1"}],"replies":[{"embeddable":true,"href":"http:\/\/www.robertosedda.it\/index.php?rest_route=%2Fwp%2Fv2%2Fcomments&post=10615"}],"version-history":[{"count":4,"href":"http:\/\/www.robertosedda.it\/index.php?rest_route=\/wp\/v2\/posts\/10615\/revisions"}],"predecessor-version":[{"id":14364,"href":"http:\/\/www.robertosedda.it\/index.php?rest_route=\/wp\/v2\/posts\/10615\/revisions\/14364"}],"wp:featuredmedia":[{"embeddable":true,"href":"http:\/\/www.robertosedda.it\/index.php?rest_route=\/wp\/v2\/media\/10616"}],"wp:attachment":[{"href":"http:\/\/www.robertosedda.it\/index.php?rest_route=%2Fwp%2Fv2%2Fmedia&parent=10615"}],"wp:term":[{"taxonomy":"category","embeddable":true,"href":"http:\/\/www.robertosedda.it\/index.php?rest_route=%2Fwp%2Fv2%2Fcategories&post=10615"},{"taxonomy":"post_tag","embeddable":true,"href":"http:\/\/www.robertosedda.it\/index.php?rest_route=%2Fwp%2Fv2%2Ftags&post=10615"}],"curies":[{"name":"wp","href":"https:\/\/api.w.org\/{rel}","templated":true}]}}