{"id":10608,"date":"2015-08-10T09:31:54","date_gmt":"2015-08-10T07:31:54","guid":{"rendered":"http:\/\/www.robertosedda.it\/?p=10608"},"modified":"2015-08-10T09:41:05","modified_gmt":"2015-08-10T07:41:05","slug":"reblog-le-letture-per-lestate-di-nonconimieisoldi","status":"publish","type":"post","link":"http:\/\/www.robertosedda.it\/?p=10608","title":{"rendered":"REBLOG: Le letture per l&#8217;estate di <em>Nonconimieisoldi<\/em>"},"content":{"rendered":"<p><a href=\"http:\/\/www.nonconimieisoldi.org\/blog\/le-letture-dellestate-di-non-con-i-miei-soldi-7-libri-da-non-perdere\/\">Sette libri per le\u00a0letture estive proposte\u00a0dalle persone che scrivono sul\u00a0<em>blog<\/em> di\u00a0<em>Nonconimieisoldi<\/em>. Hillman, Varoufakis, Stiglitz e vari\u00a0altri.<\/a><\/p>\n","protected":false},"excerpt":{"rendered":"<p>Sette libri per le\u00a0letture estive proposte\u00a0dalle persone che scrivono sul\u00a0blog di\u00a0Nonconimieisoldi. Hillman, Varoufakis, Stiglitz e vari\u00a0altri.<\/p>\n","protected":false},"author":1,"featured_media":0,"comment_status":"open","ping_status":"open","sticky":false,"template":"","format":"link","meta":{"_mi_skip_tracking":false,"_monsterinsights_sitenote_active":false,"_monsterinsights_sitenote_note":"","_monsterinsights_sitenote_category":0,"jetpack_post_was_ever_published":false,"_jetpack_newsletter_access":"","jetpack_publicize_message":"","jetpack_is_tweetstorm":false,"jetpack_publicize_feature_enabled":true,"jetpack_social_post_already_shared":true,"jetpack_social_options":{"image_generator_settings":{"template":"highway","enabled":false}}},"categories":[95],"tags":[],"jetpack_publicize_connections":[],"jetpack_featured_media_url":"","jetpack_sharing_enabled":true,"jetpack_shortlink":"https:\/\/wp.me\/p4jV2T-2L6","jetpack_likes_enabled":true,"jetpack-related-posts":[{"id":10785,"url":"http:\/\/www.robertosedda.it\/?p=10785","url_meta":{"origin":10608,"position":0},"title":"REBLOG: Dieci cose non cos\u00ec ovvie sulla lettura a scuola (primaria, ma non solo)","author":"Rufus","date":"08\/09\/2015","format":false,"excerpt":"Dal nuovo\u00a0blog di Beniamino Sidoti alcune cose non proprio scontate sulla lettura nella scuola primaria e non solo, sulla gestione delle biblioteche e sul rapporto da costruire fra libri e bambini e ragazzi.","rel":"","context":"In &quot;Segnalazioni&quot;","block_context":{"text":"Segnalazioni","link":"http:\/\/www.robertosedda.it\/?cat=95"},"img":{"alt_text":"","src":"","width":0,"height":0},"classes":[]},{"id":12289,"url":"http:\/\/www.robertosedda.it\/?p=12289","url_meta":{"origin":10608,"position":1},"title":"Tutto Giacosa, ma proprio tutto","author":"Rufus","date":"27\/07\/2016","format":false,"excerpt":"http:\/\/www.radiokalaritana.it\/audio\/LIB-S04E31-Giuseppe_Giacosa_Le_opere-20160505.mp3 Drammi e commedie - Giuseppe Giacosa Come avrete sentito per preparare la puntata su Giacosa ho fatto una cosa che non avevo mai fatto per nessun altro autore: me lo sono letto tutto o quasi in un paio di giorni (con un po' di salti, ovviamente). \u00c8 stata una\u2026","rel":"","context":"In &quot;Coordinate&quot;","block_context":{"text":"Coordinate","link":"http:\/\/www.robertosedda.it\/?cat=52"},"img":{"alt_text":"","src":"https:\/\/i0.wp.com\/www.robertosedda.it\/wp-content\/uploads\/2016\/07\/Giacosa.jpg?fit=220%2C304&resize=350%2C200","width":350,"height":200},"classes":[]},{"id":4664,"url":"http:\/\/www.robertosedda.it\/?p=4664","url_meta":{"origin":10608,"position":2},"title":"Io e la Gerusalemme liberata","author":"Rufus","date":"15\/10\/2013","format":false,"excerpt":"Sto leggendo la Gerusalemme liberata e (sorprendentemente?) mi sta piacendo moltissimo: l'ho iniziata in modo del tutto casuale in un momento di noia in cui cercavo qualcosa, qualsiasi cosa, che fosse disponibile sul palmare e ho scoperto che il programma di lettura ne aveva una copia in libera circolazione. Dopo\u2026","rel":"","context":"In &quot;Cappe e spade&quot;","block_context":{"text":"Cappe e spade","link":"http:\/\/www.robertosedda.it\/?cat=70"},"img":{"alt_text":"","src":"https:\/\/i0.wp.com\/www.robertosedda.it\/wp-content\/uploads\/2013\/10\/Gesrusalemme-liberata.jpg?fit=315%2C420&resize=350%2C200","width":350,"height":200},"classes":[]},{"id":1072,"url":"http:\/\/www.robertosedda.it\/?p=1072","url_meta":{"origin":10608,"position":3},"title":"Liste di lettura e canoni letterari","author":"Rufus","date":"25\/10\/2012","format":false,"excerpt":"La discussione dei giorni scorsi su donne e letteratura mi ha fatto sorgere alcune curiosit\u00e0. Non voglio assolutamente riaprirla, ma solo raccontarvi qualcuna delle cose che ho scoperto. Una prima curiosit\u00e0 che mi \u00e8 venuta \u00e8 stato chiedermi che cosa succede all'estero. Non sono stato capace di scovare cosa debba\u2026","rel":"","context":"In &quot;Coordinate&quot;","block_context":{"text":"Coordinate","link":"http:\/\/www.robertosedda.it\/?cat=52"},"img":{"alt_text":"","src":"https:\/\/i0.wp.com\/www.robertosedda.it\/wp-content\/uploads\/2019\/06\/Italian.jpg?fit=938%2C453&resize=350%2C200","width":350,"height":200,"srcset":"https:\/\/i0.wp.com\/www.robertosedda.it\/wp-content\/uploads\/2019\/06\/Italian.jpg?fit=938%2C453&resize=350%2C200 1x, https:\/\/i0.wp.com\/www.robertosedda.it\/wp-content\/uploads\/2019\/06\/Italian.jpg?fit=938%2C453&resize=700%2C400 2x"},"classes":[]},{"id":19359,"url":"http:\/\/www.robertosedda.it\/?p=19359","url_meta":{"origin":10608,"position":4},"title":"Anarchici in conflitto","author":"Rufus","date":"25\/03\/2022","format":false,"excerpt":"Matrioska \u00e8 un piccolo sito, su posizioni politiche direi dichiaratamente di sinistra radicale, che si sforza di raccontare dall'interno la Russia e in generale il mondo slavo. Sul loro sito ho trovato, e mi sembra utile segnalare, una intervista fatta dal collettivo anarcofemminista spagnolo Moiras al KRAS, cio\u00e8 la sezione\u2026","rel":"","context":"In &quot;Coordinate&quot;","block_context":{"text":"Coordinate","link":"http:\/\/www.robertosedda.it\/?cat=52"},"img":{"alt_text":"","src":"https:\/\/i0.wp.com\/www.robertosedda.it\/wp-content\/uploads\/2022\/03\/KRAS-Ucraina.jpg?fit=1200%2C623&resize=350%2C200","width":350,"height":200,"srcset":"https:\/\/i0.wp.com\/www.robertosedda.it\/wp-content\/uploads\/2022\/03\/KRAS-Ucraina.jpg?fit=1200%2C623&resize=350%2C200 1x, https:\/\/i0.wp.com\/www.robertosedda.it\/wp-content\/uploads\/2022\/03\/KRAS-Ucraina.jpg?fit=1200%2C623&resize=700%2C400 2x, https:\/\/i0.wp.com\/www.robertosedda.it\/wp-content\/uploads\/2022\/03\/KRAS-Ucraina.jpg?fit=1200%2C623&resize=1050%2C600 3x"},"classes":[]},{"id":18687,"url":"http:\/\/www.robertosedda.it\/?p=18687","url_meta":{"origin":10608,"position":5},"title":"Sommersi e salvati","author":"Rufus","date":"11\/05\/2021","format":false,"excerpt":"Composizione di diversi annunci, fatta dalla redazione del Guardian Non ho il tempo per tradurlo, ma segnalo che il Guardian, in mezzo alle varie iniziative legate al duecentenario dalla sua fondazione e al racconto delle varie vicissitudini del giornale, pubblica un articolo che ricostruisce un fenomeno avvenuto nel 1938, quando\u2026","rel":"","context":"In &quot;Coordinate&quot;","block_context":{"text":"Coordinate","link":"http:\/\/www.robertosedda.it\/?cat=52"},"img":{"alt_text":"","src":"https:\/\/i0.wp.com\/www.robertosedda.it\/wp-content\/uploads\/2021\/05\/Guardian-2.jpg?fit=711%2C514&resize=350%2C200","width":350,"height":200,"srcset":"https:\/\/i0.wp.com\/www.robertosedda.it\/wp-content\/uploads\/2021\/05\/Guardian-2.jpg?fit=711%2C514&resize=350%2C200 1x, https:\/\/i0.wp.com\/www.robertosedda.it\/wp-content\/uploads\/2021\/05\/Guardian-2.jpg?fit=711%2C514&resize=700%2C400 2x"},"classes":[]}],"_links":{"self":[{"href":"http:\/\/www.robertosedda.it\/index.php?rest_route=\/wp\/v2\/posts\/10608"}],"collection":[{"href":"http:\/\/www.robertosedda.it\/index.php?rest_route=\/wp\/v2\/posts"}],"about":[{"href":"http:\/\/www.robertosedda.it\/index.php?rest_route=\/wp\/v2\/types\/post"}],"author":[{"embeddable":true,"href":"http:\/\/www.robertosedda.it\/index.php?rest_route=\/wp\/v2\/users\/1"}],"replies":[{"embeddable":true,"href":"http:\/\/www.robertosedda.it\/index.php?rest_route=%2Fwp%2Fv2%2Fcomments&post=10608"}],"version-history":[{"count":2,"href":"http:\/\/www.robertosedda.it\/index.php?rest_route=\/wp\/v2\/posts\/10608\/revisions"}],"predecessor-version":[{"id":10610,"href":"http:\/\/www.robertosedda.it\/index.php?rest_route=\/wp\/v2\/posts\/10608\/revisions\/10610"}],"wp:attachment":[{"href":"http:\/\/www.robertosedda.it\/index.php?rest_route=%2Fwp%2Fv2%2Fmedia&parent=10608"}],"wp:term":[{"taxonomy":"category","embeddable":true,"href":"http:\/\/www.robertosedda.it\/index.php?rest_route=%2Fwp%2Fv2%2Fcategories&post=10608"},{"taxonomy":"post_tag","embeddable":true,"href":"http:\/\/www.robertosedda.it\/index.php?rest_route=%2Fwp%2Fv2%2Ftags&post=10608"}],"curies":[{"name":"wp","href":"https:\/\/api.w.org\/{rel}","templated":true}]}}