{"id":10602,"date":"2015-08-02T10:00:00","date_gmt":"2015-08-02T08:00:00","guid":{"rendered":"http:\/\/www.robertosedda.it\/?p=10602"},"modified":"2022-08-03T12:16:04","modified_gmt":"2022-08-03T10:16:04","slug":"cose-che-valgono","status":"publish","type":"post","link":"http:\/\/www.robertosedda.it\/?p=10602","title":{"rendered":"Cose che valgono"},"content":{"rendered":"<p>Pochi giorni fa abbiamo fatto un riunione del Coordinamento dei soci di Banca Etica del Centro Italia a Perugia (stiamo cercando di fare le riunioni in giro per l&#8217;Area e non solo a Roma).<\/p>\n<p>Abbiamo fatto in modo di arrivare pi\u00f9 presto del necessario e una socia del luogo che di mestiere fa la guida turistica ci ha regalato un assaggio di visita guidata della citt\u00e0.<\/p>\n<p>Non so se ci siete mai stati, ma Perugia \u00e8 una citt\u00e0 straordinariamente suggestiva\u00a0fin dal percorso d&#8217;ingresso che porta in centro tramite le scale mobili: si passa infatti attraverso i sotterranei dell&#8217;antica rocca papale, un luogo affascinante\u00a0costruito sui resti di un quartiere medievale che cela mille sorprese (comprese delle notevoli\u00a0rovine etrusche). Un luogo che anche solo visto sbrigativamente mentre si sale per le scale mobili fa molta impressione; esplorato con l&#8217;aiuto di una guida diventa straordinario.<\/p>\n<p>Eravamo l\u00e0 che ci godevano ogni particolare quando ho detto a Massimo Marinacci, che \u00e8 responsabile dei soci di Roma e che mi stava a fianco: \u00abBellissimo, no?\u00bb. \u00abDavvero\u00bb, mi ha confermato. E poi ha aggiunto: \u00abMa io mi chiedevo: com&#8217;\u00e8 che non si paga, qui?\u00bb.<\/p>\n<p>Alla battuta di Massimo si potrebbero dare alcune risposte sbagliate. Per esempio che non si paga perch\u00e9 il luogo \u00e8 posizionato sul percorso di ingresso alla citt\u00e0, e quindi deve essere libero. Oppure che in realt\u00e0 era gratis perch\u00e9 Antonella la visita ce la stava regalando: normalmente si fa pagare. Oppure anche si poteva far notare che una piccola parte della fortezza richiede in realt\u00e0 un biglietto d&#8217;ingresso.<\/p>\n<p>Ma in realt\u00e0 quello che Massimo ed io avevamo in mente era altro: e cio\u00e8 il fatto che, a differenza di tante altre nazioni, l&#8217;Italia \u00e8 talmente ricca di storia, di cultura, di ricchezze ambientali o archeologiche che semplicemente non puoi far pagare tutto: dovresti chiudere mezzo Paese. E quindi ti trovi in mezzo a posti straordinari senza alcun vincolo d&#8217;ingresso, e magari proprio per questo ti capita di sottovalutarli.<\/p>\n<p>Era la stessa esperienza che avevo vissuto pochi giorni prima in un qualche svincolo della 131, forse dalle parti di Cheremule o di Borutta (due paesi non proprio di primo piano): ho svoltato per ricongiungermi alla superstrada e l\u00e0, a due passi dall&#8217;incrocio, c&#8217;era un nuraghe. Perfetto. Un oggetto edificato pi\u00f9 o meno\u00a0tremila anni fa da un qualche popolo ormai scomparso, l\u00ec a\u00a0bordo strada, assolutamente integro, senza nemmeno una segnalazione. Era contro il sole e mi ha colpito l&#8217;immagine, ma altrimenti probabilmente non ci avrei fatto molto caso: lungo la 131 la vista\u00a0<em>pullula<\/em>\u00a0di nuraghi e d&#8217;altra parte uno pi\u00f9 uno meno non fa una gran differenza, no? Voglio dire: conosco gente che ha un nuraghe dietro l&#8217;orto, in campagna, e n\u00e9 lui n\u00e9 nessuno dei suoi conoscenti trova la cosa particolarmente eccezionale. \u00c8 un\u00a0<em>nuraghe<\/em>, mica Stonehenge, no?<\/p>\n<p>Eppure in quel momento ho pensato quasi la stessa cosa di Massimo: cosa ci fa questo qua, cos\u00ec, semplicemente? Com&#8217;\u00e8 che la strada non ha un pedaggio speciale da centro metri prima a cento metri dopo, per il privilegio di guidare a fianco di un nuraghe?! <em>Lo svincolo del nuraghe, siore e siori, potete anche farvi un<\/em>\u00a0selfie<em>, volendo<\/em>. E invece \u00e8 gratis, ed \u00e8 normale. Bello vivere in Italia, no?<\/p>\n<p><a href=\"https:\/\/i0.wp.com\/www.robertosedda.it\/wp-content\/uploads\/2015\/08\/DSCI2629-2.jpg\"><img data-attachment-id=\"10605\" data-permalink=\"http:\/\/www.robertosedda.it\/?attachment_id=10605\" data-orig-file=\"https:\/\/i0.wp.com\/www.robertosedda.it\/wp-content\/uploads\/2015\/08\/DSCI2629-2.jpg?fit=1024%2C768\" data-orig-size=\"1024,768\" data-comments-opened=\"1\" data-image-meta=\"{&quot;aperture&quot;:&quot;7.2&quot;,&quot;credit&quot;:&quot;&quot;,&quot;camera&quot;:&quot;12M DSC&quot;,&quot;caption&quot;:&quot;&quot;,&quot;created_timestamp&quot;:&quot;1438361918&quot;,&quot;copyright&quot;:&quot;Copyright 2009&quot;,&quot;focal_length&quot;:&quot;5.05&quot;,&quot;iso&quot;:&quot;100&quot;,&quot;shutter_speed&quot;:&quot;0.0031545741324921&quot;,&quot;title&quot;:&quot;&quot;,&quot;orientation&quot;:&quot;1&quot;}\" data-image-title=\"Asinara in barca\" data-image-description=\"\" data-image-caption=\"\" data-medium-file=\"https:\/\/i0.wp.com\/www.robertosedda.it\/wp-content\/uploads\/2015\/08\/DSCI2629-2.jpg?fit=300%2C225\" data-large-file=\"https:\/\/i0.wp.com\/www.robertosedda.it\/wp-content\/uploads\/2015\/08\/DSCI2629-2.jpg?fit=510%2C383\" decoding=\"async\" loading=\"lazy\" class=\"aligncenter size-full wp-image-10605\" src=\"https:\/\/i0.wp.com\/www.robertosedda.it\/wp-content\/uploads\/2015\/08\/DSCI2629-2.jpg?resize=800%2C600\" alt=\"Asinara in barca\" width=\"800\" height=\"600\" srcset=\"https:\/\/i0.wp.com\/www.robertosedda.it\/wp-content\/uploads\/2015\/08\/DSCI2629-2.jpg?w=1024 1024w, https:\/\/i0.wp.com\/www.robertosedda.it\/wp-content\/uploads\/2015\/08\/DSCI2629-2.jpg?resize=150%2C113 150w, https:\/\/i0.wp.com\/www.robertosedda.it\/wp-content\/uploads\/2015\/08\/DSCI2629-2.jpg?resize=300%2C225 300w, https:\/\/i0.wp.com\/www.robertosedda.it\/wp-content\/uploads\/2015\/08\/DSCI2629-2.jpg?resize=510%2C383 510w, https:\/\/i0.wp.com\/www.robertosedda.it\/wp-content\/uploads\/2015\/08\/DSCI2629-2.jpg?resize=268%2C200 268w, https:\/\/i0.wp.com\/www.robertosedda.it\/wp-content\/uploads\/2015\/08\/DSCI2629-2.jpg?resize=700%2C525 700w, https:\/\/i0.wp.com\/www.robertosedda.it\/wp-content\/uploads\/2015\/08\/DSCI2629-2.jpg?resize=50%2C38 50w\" sizes=\"(max-width: 800px) 100vw, 800px\" data-recalc-dims=\"1\" \/><\/a>Poi ieri sono andato in gita all&#8217;Asinara. Ve lo racconto non per farvi invidia ma per chiarire il discorso: non sto facendo le solite lamentele del genere\u00a0<em>in Inghilterra a Stonehenge c&#8217;hanno quattro pietre e ne fanno gran cosa e noi invece, che ne abbiamo migliaia<\/em>&#8230;<\/p>\n<p>All&#8217;Asinara infatti ho pagato. C&#8217;\u00e8 lo\u00a0<em>skipper<\/em> o l&#8217;altra barca che ti ci porta, il quale paga i permessi del Parco e cos\u00ec via. Ti danno da mangiare, e lo paghi. Ti guidano, ti danno spiegazioni, ci mettono la barca, da parte loro, e alla fine la gita ha un costo che non \u00e8 neppure bassissimo.<\/p>\n<p>Ma qualunque cosa avessi pagato sarebbe stato il <em>giusto<\/em> prezzo?<\/p>\n<p>Boh. Secondo me no. Voglio dire: quante isole ci saranno nel mondo che sono belle come l&#8217;Asinara, dove puoi fare un bagno come quello che abbiamo fatto noi? Molte, sicuramente, ma non tantissime. E quante di queste hanno la variet\u00e0 di flora e fauna che si pu\u00f2 vedere l\u00e0? E anche una storia umana complessa come quella della colonia penale? E quante oltre a questo sono <em>anche<\/em> testimonianza del <em>41bis<\/em>, dell&#8217;antiterrorismo, della lotta alla mafia? E quante sorgono in un golfo che ha anche tutta la\u00a0storia irripetibile di una comunit\u00e0 allogena trapiantata dall&#8217;Asinara alla\u00a0Sardegna,\u00a0a Stintino? E se anche avessero tutto questo, quante hanno anche collegata con esse la storia delle tonnare? E, infine, quante sono state teatro delle scorribande giovanili (e oltre&#8230;) di alcune delle famiglie che hanno segnato la storia d&#8217;Italia, come i Segni, i Berlinguer e cos\u00ec via?<\/p>\n<p>Sono cose uniche e non c&#8217;\u00e8 niente che possa pagare tutto questo, com&#8217;\u00e8 evidente. Il prezzo che paghi serve ad compensare dei servizi che ricevi, ma sotto certi punti di vista sar\u00e0 sempre troppo basso rispetto al <em>dove<\/em> ricevi questi servizi. Il <em>valore<\/em> della ricchezza ambientale e culturale di un posto come l&#8217;Asinara andr\u00e0 sempre oltre la pura dimensione della ricchezza economica che pu\u00f2 generare, un tema che gli certi sviluppisti del turismo o dell&#8217;industria culturale sembrano spesso dimenticare. Vale per l&#8217;Asinara ma\u00a0anche per la 131 col suo\u00a0nuraghe nello svincolo o Perugia o per mille paesi della Sardegna o centomila paesi e citt\u00e0 di tutta l&#8217;Italia molte delle quali hanno\u00a0una storia altrettanto straordinaria di quella dell&#8217;Asinara (basta pensare a quella che ho raccontato tempo fa di <a href=\"http:\/\/www.robertosedda.it\/?p=4325\">Atzara<\/a>).<\/p>\n<p>Tutto questo insieme\u00a0costituisce la ricchezza di un posto straordinario come \u00e8 l&#8217;Italia, e la discussione su come amministrare questa ricchezza non pu\u00f2 essere ridotta al puro dato economico.<\/p>\n<p>\u00abCom&#8217;\u00e8 che tutto questo \u00e8 gratis?\u00bb. Quanto vale l&#8217;Asinara? E Perugia? Quale biglietto dovresti far pagare per tutto quel po&#8217; po&#8217; di roba? D&#8217;altra parte avere la possibilit\u00e0 di goderne \u00e8 un privilegio: il rovescio della battuta di Massimo era chiedersi, in fondo, se senza la segnalazione del biglietto d&#8217;ingresso come &#8220;certificato di importanza&#8221; chi passa per le scale mobili di Perugia, come chi si reca in un Parco Nazionale, \u00e8 cosciente di questo privilegio (probabilmente no); e se la comunit\u00e0 nazionale \u00e8 cosciente del compito complesso che l&#8217;essere depositaria della ricchezza ambientale e culturale d&#8217;Italia le poe (certamente no).<\/p>\n<p>P.S. Come dice il Vangelo,<\/p>\n<blockquote><p>chi lavora ha diritto alla sua ricompensa (Lc 10,7b)<\/p><\/blockquote>\n<p>quindi mi sembra giusto segnalarvi <a href=\"http:\/\/www.evus.it\/it\/index.php\/evus\/credits\/\">il ricco sito\u00a0di Antonella Bazzoli<\/a>, una guida bravissima per chi fosse interessato a visitare Perugia e tutta l&#8217;Umbria. E lo\u00a0<em>skipper<\/em>\u00a0(e ottimo cuoco) che ci ha portato all&#8217;Asinara si chiama <a href=\"https:\/\/www.facebook.com\/francuccu\">Franco Cuccu<\/a>\u00a0(date anche un&#8217;occhiata a tutte le proposte del <a href=\"http:\/\/www.consorzioturisticostintino.it\/\">Consorzio Turistico Stintino<\/a>).<\/p>\n","protected":false},"excerpt":{"rendered":"<p>Pochi giorni fa abbiamo fatto un riunione del Coordinamento dei soci di Banca Etica del Centro Italia a Perugia (stiamo<\/p>\n","protected":false},"author":1,"featured_media":10605,"comment_status":"open","ping_status":"open","sticky":false,"template":"","format":"standard","meta":{"_mi_skip_tracking":false,"_monsterinsights_sitenote_active":false,"_monsterinsights_sitenote_note":"","_monsterinsights_sitenote_category":0,"jetpack_post_was_ever_published":false,"_jetpack_newsletter_access":"","jetpack_publicize_message":"","jetpack_is_tweetstorm":false,"jetpack_publicize_feature_enabled":true,"jetpack_social_post_already_shared":true,"jetpack_social_options":{"image_generator_settings":{"template":"highway","enabled":false}}},"categories":[52,49,55,77,12],"tags":[],"jetpack_publicize_connections":[],"jetpack_featured_media_url":"https:\/\/i0.wp.com\/www.robertosedda.it\/wp-content\/uploads\/2015\/08\/DSCI2629-2.jpg?fit=1024%2C768","jetpack_sharing_enabled":true,"jetpack_shortlink":"https:\/\/wp.me\/p4jV2T-2L0","jetpack_likes_enabled":true,"jetpack-related-posts":[{"id":1149,"url":"http:\/\/www.robertosedda.it\/?p=1149","url_meta":{"origin":10602,"position":0},"title":"A Montecitorio","author":"Rufus","date":"31\/01\/2013","format":false,"excerpt":"Questo rivangare nei ricordi risale a tre anni fa, sulla lista del gruppo La Pira: l'ho trovata un po' perch\u00e9 recentemente mi \u00e8 capitato di pensare alle mie vecchie esperienze da obiettore, un po' perch\u00e9 Banca Etica si avvicina di nuovo all'Assemblea, un po' perch\u00e9 cercavo altra roba sull'hard disk.\u2026","rel":"","context":"In &quot;Biografie&quot;","block_context":{"text":"Biografie","link":"http:\/\/www.robertosedda.it\/?cat=83"},"img":{"alt_text":"","src":"","width":0,"height":0},"classes":[]},{"id":6672,"url":"http:\/\/www.robertosedda.it\/?p=6672","url_meta":{"origin":10602,"position":1},"title":"Una mattina di sabato, sotto un magnifico retablo, a discutere di Cagliari","author":"Rufus","date":"10\/03\/2014","format":false,"excerpt":"Domande di politica e quel gruppo a cui non viene mai detto di no Non so se ricordate un articolo di un po' di tempo fa in cui mi facevo, e facevo a tutti, delle domande su Cagliari. Erano domande politiche, ma nella discussione successiva, sia sulla rete che di\u2026","rel":"","context":"In &quot;Coordinate&quot;","block_context":{"text":"Coordinate","link":"http:\/\/www.robertosedda.it\/?cat=52"},"img":{"alt_text":"","src":"https:\/\/i0.wp.com\/www.robertosedda.it\/wp-content\/uploads\/2013\/11\/SantEfisio.jpg?fit=640%2C428&resize=350%2C200","width":350,"height":200},"classes":[]},{"id":9440,"url":"http:\/\/www.robertosedda.it\/?p=9440","url_meta":{"origin":10602,"position":2},"title":"Come far bella figura durante le riunioni","author":"Rufus","date":"23\/01\/2015","format":false,"excerpt":"Ho visto ieri questo pezzo (comico, ma non irrealistico) che mi ha fatto molto ridere e quindi l'ho tradotto. Seguite i consigli: capi e colleghi penseranno sempre meglio di voi. L'articolo \u00e8 stato pubblicato originariamente su\u00a0medium.com, all'interno di un\u00a0blog\u00a0geekissimo intitolato Conquering corporate America\u00a0(pi\u00f9 o meno Alla conquista dell'America aziendale) che\u2026","rel":"","context":"In &quot;Coordinate&quot;","block_context":{"text":"Coordinate","link":"http:\/\/www.robertosedda.it\/?cat=52"},"img":{"alt_text":"","src":"https:\/\/i0.wp.com\/www.robertosedda.it\/wp-content\/uploads\/2015\/01\/Mug-dieci-trucchi.png?fit=752%2C768&resize=350%2C200","width":350,"height":200,"srcset":"https:\/\/i0.wp.com\/www.robertosedda.it\/wp-content\/uploads\/2015\/01\/Mug-dieci-trucchi.png?fit=752%2C768&resize=350%2C200 1x, https:\/\/i0.wp.com\/www.robertosedda.it\/wp-content\/uploads\/2015\/01\/Mug-dieci-trucchi.png?fit=752%2C768&resize=700%2C400 2x"},"classes":[]},{"id":2696,"url":"http:\/\/www.robertosedda.it\/?p=2696","url_meta":{"origin":10602,"position":3},"title":"La pi\u00f9 piccola delle citt\u00e0 di Giuda","author":"Rufus","date":"28\/03\/2013","format":false,"excerpt":"Premessa biblica a discorsi di ben altro tipo Nel Vangelo di Matteo Erode si informa, dopo la visita dei Magi, circa il luogo della nascita di Ges\u00f9. Gli viene risposto (Mt 2,5b-6a) \u00abA Betlemme di Giudea, perch\u00e9 cos\u00ec \u00e8 scritto per mezzo del profeta: E tu, Betlemme, terra di Giuda,\u2026","rel":"","context":"In &quot;Coordinate&quot;","block_context":{"text":"Coordinate","link":"http:\/\/www.robertosedda.it\/?cat=52"},"img":{"alt_text":"","src":"https:\/\/i0.wp.com\/www.robertosedda.it\/wp-content\/uploads\/2013\/03\/NEEVAxLOLLOVE.jpg?fit=1200%2C1200&resize=350%2C200","width":350,"height":200,"srcset":"https:\/\/i0.wp.com\/www.robertosedda.it\/wp-content\/uploads\/2013\/03\/NEEVAxLOLLOVE.jpg?fit=1200%2C1200&resize=350%2C200 1x, https:\/\/i0.wp.com\/www.robertosedda.it\/wp-content\/uploads\/2013\/03\/NEEVAxLOLLOVE.jpg?fit=1200%2C1200&resize=700%2C400 2x, https:\/\/i0.wp.com\/www.robertosedda.it\/wp-content\/uploads\/2013\/03\/NEEVAxLOLLOVE.jpg?fit=1200%2C1200&resize=1050%2C600 3x"},"classes":[]},{"id":15434,"url":"http:\/\/www.robertosedda.it\/?p=15434","url_meta":{"origin":10602,"position":4},"title":"Z-nation, percezioni, immigrati e altre ronde","author":"Rufus","date":"05\/07\/2018","format":false,"excerpt":"L'altro giorno ho visto passare sulla bacheca di una amica questo messaggio: STAMANE MI \u00c8 ARRIVATO QUESTO MESSAGGIO. \u00c8 ACCADUTO IERI 2 LUGLIO 2018 A SASSARI, IN VIA BOGINO. Ciao a tutt*, oggi purtroppo \u00e8 accaduto un fatto gravissimo e ve\u00a0ne parlo perch\u00e9 non possiamo lasciarlo passare inosservato. Nel pomeriggio\u2026","rel":"","context":"In &quot;Antropologia&quot;","block_context":{"text":"Antropologia","link":"http:\/\/www.robertosedda.it\/?cat=97"},"img":{"alt_text":"","src":"https:\/\/i0.wp.com\/www.robertosedda.it\/wp-content\/uploads\/2018\/07\/Zombie.jpeg?fit=900%2C557&resize=350%2C200","width":350,"height":200,"srcset":"https:\/\/i0.wp.com\/www.robertosedda.it\/wp-content\/uploads\/2018\/07\/Zombie.jpeg?fit=900%2C557&resize=350%2C200 1x, https:\/\/i0.wp.com\/www.robertosedda.it\/wp-content\/uploads\/2018\/07\/Zombie.jpeg?fit=900%2C557&resize=700%2C400 2x"},"classes":[]},{"id":5863,"url":"http:\/\/www.robertosedda.it\/?p=5863","url_meta":{"origin":10602,"position":5},"title":"Solo posti in piedi al MAMbo di Bologna","author":"Rufus","date":"16\/01\/2014","format":false,"excerpt":"Dei vantaggi comparati di diverse citt\u00e0 Uno dei vantaggi meno noti che una citt\u00e0 come Bologna ha nei confronti di altri centri urbani pi\u00f9 sfortunati \u00e8 il fatto che, essendo la sigla della provincia una bella sillaba piena e roBOante, si presta bene a essere inserita in tutta una serie\u2026","rel":"","context":"In &quot;Coordinate&quot;","block_context":{"text":"Coordinate","link":"http:\/\/www.robertosedda.it\/?cat=52"},"img":{"alt_text":"","src":"https:\/\/i0.wp.com\/www.robertosedda.it\/wp-content\/uploads\/2014\/01\/Il-lamento-dellora.jpg?fit=915%2C1200&resize=350%2C200","width":350,"height":200,"srcset":"https:\/\/i0.wp.com\/www.robertosedda.it\/wp-content\/uploads\/2014\/01\/Il-lamento-dellora.jpg?fit=915%2C1200&resize=350%2C200 1x, https:\/\/i0.wp.com\/www.robertosedda.it\/wp-content\/uploads\/2014\/01\/Il-lamento-dellora.jpg?fit=915%2C1200&resize=700%2C400 2x"},"classes":[]}],"_links":{"self":[{"href":"http:\/\/www.robertosedda.it\/index.php?rest_route=\/wp\/v2\/posts\/10602"}],"collection":[{"href":"http:\/\/www.robertosedda.it\/index.php?rest_route=\/wp\/v2\/posts"}],"about":[{"href":"http:\/\/www.robertosedda.it\/index.php?rest_route=\/wp\/v2\/types\/post"}],"author":[{"embeddable":true,"href":"http:\/\/www.robertosedda.it\/index.php?rest_route=\/wp\/v2\/users\/1"}],"replies":[{"embeddable":true,"href":"http:\/\/www.robertosedda.it\/index.php?rest_route=%2Fwp%2Fv2%2Fcomments&post=10602"}],"version-history":[{"count":4,"href":"http:\/\/www.robertosedda.it\/index.php?rest_route=\/wp\/v2\/posts\/10602\/revisions"}],"predecessor-version":[{"id":12267,"href":"http:\/\/www.robertosedda.it\/index.php?rest_route=\/wp\/v2\/posts\/10602\/revisions\/12267"}],"wp:featuredmedia":[{"embeddable":true,"href":"http:\/\/www.robertosedda.it\/index.php?rest_route=\/wp\/v2\/media\/10605"}],"wp:attachment":[{"href":"http:\/\/www.robertosedda.it\/index.php?rest_route=%2Fwp%2Fv2%2Fmedia&parent=10602"}],"wp:term":[{"taxonomy":"category","embeddable":true,"href":"http:\/\/www.robertosedda.it\/index.php?rest_route=%2Fwp%2Fv2%2Fcategories&post=10602"},{"taxonomy":"post_tag","embeddable":true,"href":"http:\/\/www.robertosedda.it\/index.php?rest_route=%2Fwp%2Fv2%2Ftags&post=10602"}],"curies":[{"name":"wp","href":"https:\/\/api.w.org\/{rel}","templated":true}]}}