{"id":10554,"date":"2015-07-16T09:38:46","date_gmt":"2015-07-16T07:38:46","guid":{"rendered":"http:\/\/www.robertosedda.it\/?p=10554"},"modified":"2016-07-22T09:56:19","modified_gmt":"2016-07-22T07:56:19","slug":"luoghi-cari-al-cuore","status":"publish","type":"post","link":"http:\/\/www.robertosedda.it\/?p=10554","title":{"rendered":"Luoghi cari al cuore"},"content":{"rendered":"<p>Ieri sono andato per questioni di Banca Etica a Porto Torres. Finito quel che dovevo fare risalgo in macchina e vedo l&#8217;indicazione:\u00a0<em>Stintino<\/em>. Ventiquattro chilometri.<\/p>\n<p>Siccome ne faccio gi\u00e0 quasi cinquecento in una sola serata penso che una cinquantina in pi\u00f9 cosa vuoi che sia e quindi giro a destra invece che per Cagliari. Metto a palla il CD di antologia\u00a0<em>rock<\/em>\u00a0e vado.<\/p>\n<p>Sono stato in vacanza a Stintino per qualche\u00a0estate da ragazzino. Mia mamma, Enrica, i nonni e milioni di nostri zii e cugini del ramo Berlinguer invece ci hanno direttamente passato tutta una vita, quindi Stintino \u00e8 un luogo del quale ho sentito parlare continuamente, nel quale sono ambientati moltissimi aneddoti di vita familiare e insomma \u00e8 un luogo simbolo della nostra storia familiare.<\/p>\n<p>Perci\u00f2 mentre sto entrando in paese (irriconoscibile rispetto alla mia ultima volta, trent&#8217;anni fa, peraltro), prendo il telefono e chiamo mia sorella.<\/p>\n<p><a href=\"https:\/\/i0.wp.com\/www.robertosedda.it\/wp-content\/uploads\/2015\/07\/Iole-Sedda-e-famiglia.jpg\"><img data-attachment-id=\"10555\" data-permalink=\"http:\/\/www.robertosedda.it\/?attachment_id=10555\" data-orig-file=\"https:\/\/i0.wp.com\/www.robertosedda.it\/wp-content\/uploads\/2015\/07\/Iole-Sedda-e-famiglia.jpg?fit=960%2C720\" data-orig-size=\"960,720\" data-comments-opened=\"1\" data-image-meta=\"{&quot;aperture&quot;:&quot;0&quot;,&quot;credit&quot;:&quot;&quot;,&quot;camera&quot;:&quot;&quot;,&quot;caption&quot;:&quot;&quot;,&quot;created_timestamp&quot;:&quot;0&quot;,&quot;copyright&quot;:&quot;&quot;,&quot;focal_length&quot;:&quot;0&quot;,&quot;iso&quot;:&quot;0&quot;,&quot;shutter_speed&quot;:&quot;0&quot;,&quot;title&quot;:&quot;&quot;,&quot;orientation&quot;:&quot;0&quot;}\" data-image-title=\"Iole Sedda e famiglia\" data-image-description=\"\" data-image-caption=\"\" data-medium-file=\"https:\/\/i0.wp.com\/www.robertosedda.it\/wp-content\/uploads\/2015\/07\/Iole-Sedda-e-famiglia.jpg?fit=300%2C225\" data-large-file=\"https:\/\/i0.wp.com\/www.robertosedda.it\/wp-content\/uploads\/2015\/07\/Iole-Sedda-e-famiglia.jpg?fit=510%2C383\" decoding=\"async\" loading=\"lazy\" class=\"aligncenter size-full wp-image-10555\" src=\"https:\/\/i0.wp.com\/www.robertosedda.it\/wp-content\/uploads\/2015\/07\/Iole-Sedda-e-famiglia.jpg?resize=800%2C600\" alt=\"Iole Sedda e famiglia\" width=\"800\" height=\"600\" srcset=\"https:\/\/i0.wp.com\/www.robertosedda.it\/wp-content\/uploads\/2015\/07\/Iole-Sedda-e-famiglia.jpg?w=960 960w, https:\/\/i0.wp.com\/www.robertosedda.it\/wp-content\/uploads\/2015\/07\/Iole-Sedda-e-famiglia.jpg?resize=150%2C113 150w, https:\/\/i0.wp.com\/www.robertosedda.it\/wp-content\/uploads\/2015\/07\/Iole-Sedda-e-famiglia.jpg?resize=300%2C225 300w, https:\/\/i0.wp.com\/www.robertosedda.it\/wp-content\/uploads\/2015\/07\/Iole-Sedda-e-famiglia.jpg?resize=510%2C383 510w, https:\/\/i0.wp.com\/www.robertosedda.it\/wp-content\/uploads\/2015\/07\/Iole-Sedda-e-famiglia.jpg?resize=268%2C200 268w, https:\/\/i0.wp.com\/www.robertosedda.it\/wp-content\/uploads\/2015\/07\/Iole-Sedda-e-famiglia.jpg?resize=700%2C525 700w, https:\/\/i0.wp.com\/www.robertosedda.it\/wp-content\/uploads\/2015\/07\/Iole-Sedda-e-famiglia.jpg?resize=50%2C38 50w\" sizes=\"(max-width: 800px) 100vw, 800px\" data-recalc-dims=\"1\" \/><\/a>\u00abCiao, Iole, indovina dove sono?\u00bb<\/p>\n<p>\u00abE dove sei?\u00bb<\/p>\n<p>\u00abUn luogo caro al cuore della nostra famiglia\u00bb<\/p>\n<p>\u00abLa\u00a0<em>Pizzetta d&#8217;oro<\/em>?\u00bb<\/p>\n<p><em>Ah-ah<\/em>, penso,\u00a0<em>non ci siamo<\/em>.<\/p>\n<p>\u00abUn po&#8217; pi\u00f9 lontano, magari?\u00bb<\/p>\n<p>\u00ab<em>Chez les negres<\/em>?\u00bb<\/p>\n<p>E niente. Lo capite perch\u00e9 in questa famiglia non riuscir\u00f2 mai a dimagrire?<\/p>\n<p>P.S. Che poi, come ho insegnato alle mie nipoti, io non sono grasso. Solo un po&#8217; robusto.<\/p>\n","protected":false},"excerpt":{"rendered":"<p>Ieri sono andato per questioni di Banca Etica a Porto Torres. Finito quel che dovevo fare risalgo in macchina e<\/p>\n","protected":false},"author":1,"featured_media":10555,"comment_status":"open","ping_status":"open","sticky":false,"template":"","format":"standard","meta":{"_mi_skip_tracking":false,"_monsterinsights_sitenote_active":false,"_monsterinsights_sitenote_note":"","_monsterinsights_sitenote_category":0,"jetpack_post_was_ever_published":false,"_jetpack_newsletter_access":"","jetpack_publicize_message":"","jetpack_is_tweetstorm":false,"jetpack_publicize_feature_enabled":true,"jetpack_social_post_already_shared":true,"jetpack_social_options":{"image_generator_settings":{"template":"highway","enabled":false}}},"categories":[52,86,53,18,16],"tags":[],"jetpack_publicize_connections":[],"jetpack_featured_media_url":"https:\/\/i0.wp.com\/www.robertosedda.it\/wp-content\/uploads\/2015\/07\/Iole-Sedda-e-famiglia.jpg?fit=960%2C720","jetpack_sharing_enabled":true,"jetpack_shortlink":"https:\/\/wp.me\/p4jV2T-2Ke","jetpack_likes_enabled":true,"jetpack-related-posts":[{"id":10745,"url":"http:\/\/www.robertosedda.it\/?p=10745","url_meta":{"origin":10554,"position":0},"title":"Enrica Delitala e Stintino","author":"Rufus","date":"26\/08\/2015","format":false,"excerpt":"I\u00a0Quaderni Stintinesi sono una collana di studi, ricerche e testi biografici\u00a0che nasce dalla passione\u00a0del professor Salvatore Rubino per\u00a0la storia\u00a0del suo paese (ho accennato alla collana da poco, a proposito della biografia di Beppe Anfossi). Stintino \u00e8, come molti sanno, anche uno dei paesi delle mie radici: da generazioni il luogo\u2026","rel":"","context":"In &quot;Coordinate&quot;","block_context":{"text":"Coordinate","link":"http:\/\/www.robertosedda.it\/?cat=52"},"img":{"alt_text":"","src":"https:\/\/i0.wp.com\/www.robertosedda.it\/wp-content\/uploads\/2015\/08\/Foto-Stintino-Enrica.jpg?fit=537%2C686&resize=350%2C200","width":350,"height":200},"classes":[]},{"id":19731,"url":"http:\/\/www.robertosedda.it\/?p=19731","url_meta":{"origin":10554,"position":1},"title":"Grazie, mi avete fatto bene","author":"Rufus","date":"14\/06\/2022","format":false,"excerpt":"Come molti lettori del blog sanno sicuramente, il 2 giugno \u00e8 morta mia madre, Graziella Delitala. Mamma era nata a Bengasi nel 1929 perch\u00e9 mio nonno, Gonario, ufficiale del Commissariato Militare (cio\u00e8, per capirci, il corpo destinato agli approvvigionamenti e all'amministrazione), era stato destinato a quella sede subito dopo il\u2026","rel":"","context":"In &quot;Coordinate&quot;","block_context":{"text":"Coordinate","link":"http:\/\/www.robertosedda.it\/?cat=52"},"img":{"alt_text":"","src":"https:\/\/i0.wp.com\/www.robertosedda.it\/wp-content\/uploads\/2022\/06\/UNGA2355-scaled.jpg?fit=1200%2C800&resize=350%2C200","width":350,"height":200,"srcset":"https:\/\/i0.wp.com\/www.robertosedda.it\/wp-content\/uploads\/2022\/06\/UNGA2355-scaled.jpg?fit=1200%2C800&resize=350%2C200 1x, https:\/\/i0.wp.com\/www.robertosedda.it\/wp-content\/uploads\/2022\/06\/UNGA2355-scaled.jpg?fit=1200%2C800&resize=700%2C400 2x, https:\/\/i0.wp.com\/www.robertosedda.it\/wp-content\/uploads\/2022\/06\/UNGA2355-scaled.jpg?fit=1200%2C800&resize=1050%2C600 3x"},"classes":[]},{"id":12404,"url":"http:\/\/www.robertosedda.it\/?p=12404","url_meta":{"origin":10554,"position":2},"title":"Stintinese DOC (anch&#8217;io, in un certo senso)","author":"Rufus","date":"05\/09\/2016","format":"gallery","excerpt":"Sabato ero a Stintino alla consegna del riconoscimento Stintinese DOC alla famiglia Berlinguer, collettivamente frequentatori del paese per pi\u00f9 di un secolo. Queste sono le foto che ho fatto, che pubblico qui per amici e parenti e semplici curiosi.","rel":"","context":"In &quot;Coordinate&quot;","block_context":{"text":"Coordinate","link":"http:\/\/www.robertosedda.it\/?cat=52"},"img":{"alt_text":"","src":"https:\/\/i0.wp.com\/www.robertosedda.it\/wp-content\/uploads\/2016\/09\/20160903_175803.jpg?fit=1200%2C720&resize=350%2C200","width":350,"height":200,"srcset":"https:\/\/i0.wp.com\/www.robertosedda.it\/wp-content\/uploads\/2016\/09\/20160903_175803.jpg?fit=1200%2C720&resize=350%2C200 1x, https:\/\/i0.wp.com\/www.robertosedda.it\/wp-content\/uploads\/2016\/09\/20160903_175803.jpg?fit=1200%2C720&resize=700%2C400 2x, https:\/\/i0.wp.com\/www.robertosedda.it\/wp-content\/uploads\/2016\/09\/20160903_175803.jpg?fit=1200%2C720&resize=1050%2C600 3x"},"classes":[]},{"id":13984,"url":"http:\/\/www.robertosedda.it\/?p=13984","url_meta":{"origin":10554,"position":3},"title":"La legge \u00e8 legge, con qualche eccezione","author":"Rufus","date":"26\/07\/2017","format":false,"excerpt":"Durante lo scorso fine settimana che abbiamo passato a Stintino, \u00e8 capitato che l'Inossidabile si sia incontrata con le cugine - il vedersi era, anzi, uno degli obiettivi principali della gita. Una delle caratteristiche della famiglia che noto maggiormente in queste occasioni \u00e8 quella di possedere un inesauribile bagaglio di\u2026","rel":"","context":"In &quot;Coordinate&quot;","block_context":{"text":"Coordinate","link":"http:\/\/www.robertosedda.it\/?cat=52"},"img":{"alt_text":"","src":"https:\/\/i0.wp.com\/www.robertosedda.it\/wp-content\/uploads\/2017\/07\/Stintino-gozzo-3.jpg?fit=834%2C582&resize=350%2C200","width":350,"height":200,"srcset":"https:\/\/i0.wp.com\/www.robertosedda.it\/wp-content\/uploads\/2017\/07\/Stintino-gozzo-3.jpg?fit=834%2C582&resize=350%2C200 1x, https:\/\/i0.wp.com\/www.robertosedda.it\/wp-content\/uploads\/2017\/07\/Stintino-gozzo-3.jpg?fit=834%2C582&resize=700%2C400 2x"},"classes":[]},{"id":10602,"url":"http:\/\/www.robertosedda.it\/?p=10602","url_meta":{"origin":10554,"position":4},"title":"Cose che valgono","author":"Rufus","date":"02\/08\/2015","format":false,"excerpt":"Pochi giorni fa abbiamo fatto un riunione del Coordinamento dei soci di Banca Etica del Centro Italia a Perugia (stiamo cercando di fare le riunioni in giro per l'Area e non solo a Roma). Abbiamo fatto in modo di arrivare pi\u00f9 presto del necessario e una socia del luogo che\u2026","rel":"","context":"In &quot;Coordinate&quot;","block_context":{"text":"Coordinate","link":"http:\/\/www.robertosedda.it\/?cat=52"},"img":{"alt_text":"","src":"https:\/\/i0.wp.com\/www.robertosedda.it\/wp-content\/uploads\/2015\/08\/DSCI2629-2.jpg?fit=1024%2C768&resize=350%2C200","width":350,"height":200,"srcset":"https:\/\/i0.wp.com\/www.robertosedda.it\/wp-content\/uploads\/2015\/08\/DSCI2629-2.jpg?fit=1024%2C768&resize=350%2C200 1x, https:\/\/i0.wp.com\/www.robertosedda.it\/wp-content\/uploads\/2015\/08\/DSCI2629-2.jpg?fit=1024%2C768&resize=700%2C400 2x"},"classes":[]},{"id":20830,"url":"http:\/\/www.robertosedda.it\/?p=20830","url_meta":{"origin":10554,"position":5},"title":"Cartoline e filastrocche","author":"Rufus","date":"15\/01\/2026","format":false,"excerpt":"Da diversi anni quando vado in vacanza mando cartoline alle nipoti e a qualche altro, e le scrivo in rima. Scherzare in rima, in realt\u00e0, \u00e8 una tradizione della famiglia Delitala. Mio nonno e i fratelli, che avevano una intensa corrispondenza molto organizzata - si mandavano vere e proprie lettere\u2026","rel":"","context":"In &quot;Coordinate&quot;","block_context":{"text":"Coordinate","link":"http:\/\/www.robertosedda.it\/?cat=52"},"img":{"alt_text":"","src":"https:\/\/i0.wp.com\/www.robertosedda.it\/wp-content\/uploads\/2026\/01\/Mazia.jpg?fit=1200%2C541&resize=350%2C200","width":350,"height":200,"srcset":"https:\/\/i0.wp.com\/www.robertosedda.it\/wp-content\/uploads\/2026\/01\/Mazia.jpg?fit=1200%2C541&resize=350%2C200 1x, https:\/\/i0.wp.com\/www.robertosedda.it\/wp-content\/uploads\/2026\/01\/Mazia.jpg?fit=1200%2C541&resize=700%2C400 2x, https:\/\/i0.wp.com\/www.robertosedda.it\/wp-content\/uploads\/2026\/01\/Mazia.jpg?fit=1200%2C541&resize=1050%2C600 3x"},"classes":[]}],"_links":{"self":[{"href":"http:\/\/www.robertosedda.it\/index.php?rest_route=\/wp\/v2\/posts\/10554"}],"collection":[{"href":"http:\/\/www.robertosedda.it\/index.php?rest_route=\/wp\/v2\/posts"}],"about":[{"href":"http:\/\/www.robertosedda.it\/index.php?rest_route=\/wp\/v2\/types\/post"}],"author":[{"embeddable":true,"href":"http:\/\/www.robertosedda.it\/index.php?rest_route=\/wp\/v2\/users\/1"}],"replies":[{"embeddable":true,"href":"http:\/\/www.robertosedda.it\/index.php?rest_route=%2Fwp%2Fv2%2Fcomments&post=10554"}],"version-history":[{"count":3,"href":"http:\/\/www.robertosedda.it\/index.php?rest_route=\/wp\/v2\/posts\/10554\/revisions"}],"predecessor-version":[{"id":12266,"href":"http:\/\/www.robertosedda.it\/index.php?rest_route=\/wp\/v2\/posts\/10554\/revisions\/12266"}],"wp:featuredmedia":[{"embeddable":true,"href":"http:\/\/www.robertosedda.it\/index.php?rest_route=\/wp\/v2\/media\/10555"}],"wp:attachment":[{"href":"http:\/\/www.robertosedda.it\/index.php?rest_route=%2Fwp%2Fv2%2Fmedia&parent=10554"}],"wp:term":[{"taxonomy":"category","embeddable":true,"href":"http:\/\/www.robertosedda.it\/index.php?rest_route=%2Fwp%2Fv2%2Fcategories&post=10554"},{"taxonomy":"post_tag","embeddable":true,"href":"http:\/\/www.robertosedda.it\/index.php?rest_route=%2Fwp%2Fv2%2Ftags&post=10554"}],"curies":[{"name":"wp","href":"https:\/\/api.w.org\/{rel}","templated":true}]}}