{"id":10497,"date":"2015-07-09T19:34:59","date_gmt":"2015-07-09T17:34:59","guid":{"rendered":"http:\/\/www.robertosedda.it\/?p=10497"},"modified":"2021-08-26T11:54:25","modified_gmt":"2021-08-26T09:54:25","slug":"purpuzza-e-giochi-di-ruolo-nelle-piazze-di-gavoi","status":"publish","type":"post","link":"http:\/\/www.robertosedda.it\/?p=10497","title":{"rendered":"Purpuzza e giochi di ruolo nelle piazze di Gavoi"},"content":{"rendered":"<p><em><a href=\"https:\/\/i0.wp.com\/www.robertosedda.it\/wp-content\/uploads\/2015\/07\/Gavoi-Isola-delle-Storie-2015.jpg\"><img data-attachment-id=\"10499\" data-permalink=\"http:\/\/www.robertosedda.it\/?attachment_id=10499\" data-orig-file=\"https:\/\/i0.wp.com\/www.robertosedda.it\/wp-content\/uploads\/2015\/07\/Gavoi-Isola-delle-Storie-2015.jpg?fit=302%2C212\" data-orig-size=\"302,212\" data-comments-opened=\"1\" data-image-meta=\"{&quot;aperture&quot;:&quot;0&quot;,&quot;credit&quot;:&quot;&quot;,&quot;camera&quot;:&quot;&quot;,&quot;caption&quot;:&quot;&quot;,&quot;created_timestamp&quot;:&quot;0&quot;,&quot;copyright&quot;:&quot;&quot;,&quot;focal_length&quot;:&quot;0&quot;,&quot;iso&quot;:&quot;0&quot;,&quot;shutter_speed&quot;:&quot;0&quot;,&quot;title&quot;:&quot;&quot;,&quot;orientation&quot;:&quot;0&quot;}\" data-image-title=\"Gavoi Isola delle Storie 2015\" data-image-description=\"\" data-image-caption=\"\" data-medium-file=\"https:\/\/i0.wp.com\/www.robertosedda.it\/wp-content\/uploads\/2015\/07\/Gavoi-Isola-delle-Storie-2015.jpg?fit=300%2C211\" data-large-file=\"https:\/\/i0.wp.com\/www.robertosedda.it\/wp-content\/uploads\/2015\/07\/Gavoi-Isola-delle-Storie-2015.jpg?fit=302%2C212\" decoding=\"async\" loading=\"lazy\" class=\"alignright size-full wp-image-10499\" src=\"https:\/\/i0.wp.com\/www.robertosedda.it\/wp-content\/uploads\/2015\/07\/Gavoi-Isola-delle-Storie-2015.jpg?resize=302%2C212\" alt=\"Gavoi Isola delle Storie 2015\" width=\"302\" height=\"212\" srcset=\"https:\/\/i0.wp.com\/www.robertosedda.it\/wp-content\/uploads\/2015\/07\/Gavoi-Isola-delle-Storie-2015.jpg?w=302 302w, https:\/\/i0.wp.com\/www.robertosedda.it\/wp-content\/uploads\/2015\/07\/Gavoi-Isola-delle-Storie-2015.jpg?resize=150%2C105 150w, https:\/\/i0.wp.com\/www.robertosedda.it\/wp-content\/uploads\/2015\/07\/Gavoi-Isola-delle-Storie-2015.jpg?resize=300%2C211 300w, https:\/\/i0.wp.com\/www.robertosedda.it\/wp-content\/uploads\/2015\/07\/Gavoi-Isola-delle-Storie-2015.jpg?resize=50%2C35 50w\" sizes=\"(max-width: 302px) 100vw, 302px\" data-recalc-dims=\"1\" \/><\/a><\/em>Come vi raccontavo <a href=\"http:\/\/www.robertosedda.it\/?p=10494\">la scorsa settimana<\/a>\u00a0tre\u00a0<em>Fabbricastorie<\/em> su quattro, con l&#8217;aggiunta di Maria Bonaria, sono stati alla\u00a0XII edizione di\u00a0<em><a href=\"http:\/\/www.isoladellestorie.it\/\">Isola delle storie<\/a><\/em>\u00a0a Gavoi.<\/p>\n<p>Nessuno di noi era mai stato al\u00a0<em>festival<\/em>, anche se io l&#8217;avevo sfiorato pi\u00f9 volte: ma per tutti noi il periodo in cui si tiene la manifestazione \u00e8 sfortunato dal punto di vista lavorativo o familiare e quindi insomma non ci era mai capitato.<\/p>\n<p>Dopo esserci stati rimpiango di non essermi organizzato meglio come visitatore anche negli anni scorsi: a parte l&#8217;interesse per la presenza di mille personalit\u00e0 c&#8217;\u00e8 un clima, un\u00a0<em>ambiente<\/em>,\u00a0un senso dell&#8217;accoglienza che ci ha molto colpito\u00a0e che ci ha fatto stare benissimo.<\/p>\n<h3>Punti di forza<\/h3>\n<p>In parte il <em>festival<\/em> beneficia certamente del\u00a0fatto che il centro \u00e8 piccolo e si vive per forza continuamente tutti quanti fianco a fianco, autori,\u00a0<em>staff<\/em> e visitatori, allegramente mischiati in un clima un po&#8217; da villaggio vacanze e un po&#8217; da convivenza in un\u00a0<em>campus<\/em> universitario (a me ricordava un pochino il vecchio\u00a0<em>Festival del gioco<\/em> di Gradara). A questa simpatica\u00a0coesistenza si aggiunge il\u00a0fatto che si percepisce che attorno al\u00a0<em>festival<\/em>\u00a0c&#8217;\u00e8 quasi un intero paese che lo sostiene, se lo coccola,\u00a0gli fa intelligentemente da cornice, ed \u00e8 un altro punto di forza. E infine, mi veniva da pensare, non bisogna essere ingenui: oltre tutte le condizioni ambientali e il lavoro generoso di volontari, amici e sostenitori perch\u00e9 tutto funzioni cos\u00ec bene si deve supporre l&#8217;esistenza di\u00a0un pensiero progettuale, una filosofia portante e, vivaddio, una imprenditorialit\u00e0 e una professionalit\u00e0 che\u00a0in Sardegna non \u00e8 comune e meriterebbe di essere approfondita: non so se qualcuno l&#8217;ha mai preso come\u00a0<em>case study<\/em>, il\u00a0<em>festival<\/em>, ma a occhio e croce meriterebbe di essere indagato\u00a0&#8211; stile di progettazione, meccaniche di rete, dinamiche decisionali, scelte\u00a0di <em>governance\u00a0<\/em>e\u00a0altre cose di questo genere &#8211; e sarei davvero molto curioso di vedere i risultati dello studio.\u00a0Poi, naturalmente, puoi avere tutta la professionalit\u00e0 che vuoi ma se sei gentile\u00a0<em>dentro<\/em>, in maniera naturale (con noi la segreteria e tutti sono\u00a0stati sempre carinissimi, e insomma noi non siamo certo Carofiglio, quindi non c&#8217;era affettazione), la cortesia e l&#8217;accoglienza hanno un sapore in pi\u00f9, e cos\u00ec torniamo in\u00a0<em>loop<\/em> al punto di partenza.<\/p>\n<p>Non \u00e8 detto che la ricetta del successo\u00a0sia replicabile, anzi probabilmente no, perch\u00e9 dipender\u00e0 da mille altri imponderabili che non possono essere catalogati, per\u00f2 secondo me sarebbe lo stesso uno studio di <em>best practice\u00a0<\/em>interessante.<\/p>\n<p>Noi eravamo l\u00ec per giocare\u00a0e siccome \u00e8 stata un&#8217;esperienza interessante e per molti aspetti anche formativa questo articolo vorrebbe concentrarsi sugli aspetti ludici: prima, per\u00f2, due o tre note di contorno.<a href=\"http:\/\/www.robertosedda.it\/wp-content\/uploads\/2015\/07\/Gavoi-Fabbricastorie-Isola-delle-storie.jpg\"><br \/>\n<\/a><\/p>\n<h3><a href=\"https:\/\/i0.wp.com\/www.robertosedda.it\/wp-content\/uploads\/2015\/07\/si-vendono-panini-con-purpuzza.png\"><img data-attachment-id=\"10506\" data-permalink=\"http:\/\/www.robertosedda.it\/?attachment_id=10506\" data-orig-file=\"https:\/\/i0.wp.com\/www.robertosedda.it\/wp-content\/uploads\/2015\/07\/si-vendono-panini-con-purpuzza.png?fit=756%2C377\" data-orig-size=\"756,377\" data-comments-opened=\"1\" data-image-meta=\"{&quot;aperture&quot;:&quot;0&quot;,&quot;credit&quot;:&quot;&quot;,&quot;camera&quot;:&quot;&quot;,&quot;caption&quot;:&quot;&quot;,&quot;created_timestamp&quot;:&quot;0&quot;,&quot;copyright&quot;:&quot;&quot;,&quot;focal_length&quot;:&quot;0&quot;,&quot;iso&quot;:&quot;0&quot;,&quot;shutter_speed&quot;:&quot;0&quot;,&quot;title&quot;:&quot;&quot;,&quot;orientation&quot;:&quot;0&quot;}\" data-image-title=\"si vendono panini con purpuzza\" data-image-description=\"\" data-image-caption=\"\" data-medium-file=\"https:\/\/i0.wp.com\/www.robertosedda.it\/wp-content\/uploads\/2015\/07\/si-vendono-panini-con-purpuzza.png?fit=300%2C150\" data-large-file=\"https:\/\/i0.wp.com\/www.robertosedda.it\/wp-content\/uploads\/2015\/07\/si-vendono-panini-con-purpuzza.png?fit=510%2C254\" decoding=\"async\" loading=\"lazy\" class=\"aligncenter wp-image-10506 size-full\" src=\"https:\/\/i0.wp.com\/www.robertosedda.it\/wp-content\/uploads\/2015\/07\/si-vendono-panini-con-purpuzza.png?resize=756%2C377\" alt=\"si vendono panini con purpuzza\" width=\"756\" height=\"377\" srcset=\"https:\/\/i0.wp.com\/www.robertosedda.it\/wp-content\/uploads\/2015\/07\/si-vendono-panini-con-purpuzza.png?w=756 756w, https:\/\/i0.wp.com\/www.robertosedda.it\/wp-content\/uploads\/2015\/07\/si-vendono-panini-con-purpuzza.png?resize=150%2C75 150w, https:\/\/i0.wp.com\/www.robertosedda.it\/wp-content\/uploads\/2015\/07\/si-vendono-panini-con-purpuzza.png?resize=300%2C150 300w, https:\/\/i0.wp.com\/www.robertosedda.it\/wp-content\/uploads\/2015\/07\/si-vendono-panini-con-purpuzza.png?resize=510%2C254 510w, https:\/\/i0.wp.com\/www.robertosedda.it\/wp-content\/uploads\/2015\/07\/si-vendono-panini-con-purpuzza.png?resize=700%2C349 700w, https:\/\/i0.wp.com\/www.robertosedda.it\/wp-content\/uploads\/2015\/07\/si-vendono-panini-con-purpuzza.png?resize=50%2C25 50w\" sizes=\"(max-width: 756px) 100vw, 756px\" data-recalc-dims=\"1\" \/><\/a>In giro col\u00a0<em>badge<\/em><\/h3>\n<p>Durante il\u00a0<em>festival<\/em>\u00a0Gavoi \u00e8 piena di gente che gira con un cartellino al collo. C&#8217;\u00e8 il rosso dei volontari e dello\u00a0<em>staff<\/em>, il verde degli autori, l&#8217;azzurro degli ospiti e il giallo della stampa. I <em>Fabricastorie<\/em> tecnicamente erano &#8220;autori&#8221; (una condizione inaspettata che ci ha molto divertito), tranne Maria Bonaria che in quanto moglie con suo dispetto era <em>solo<\/em> ospite.<\/p>\n<p>Girare con il\u00a0<em>badge<\/em>\u00a0\u00e8 stato ogni tanto un&#8217;esperienza un po&#8217; straniante: Tino per esempio giura e spergiura che a un certo punto \u00e8 entrato in un bar senza cartellino e ha pagato un\u00a0<em>tot<\/em> la bottiglietta. Pi\u00f9 tardi \u00e8 rientrato con il\u00a0<em>badge<\/em>\u00a0verde e la seconda bottiglietta gli \u00e8 costata notevolmente meno. Se anche fosse sarebbero\u00a0riguardi in fondo pi\u00f9 che comprensibili &#8211; un segnale &#8220;da Trentino&#8221;, mi ha detto un amico, intendendo il <em>top<\/em> dell&#8217;offerta turistica\u00a0&#8211; ma che ugualmente ti stupiscono: \u00abUn <em>autore<\/em>? Chi, io?\u00bb.<\/p>\n<p>Maria Bonaria, invece, giura che quando si \u00e8 tolta il <em>badge<\/em> nessuno fra i numerosissimi fotografi che giravano per il paese l&#8217;ha pi\u00f9 presa in considerazione: senza il <em>badge<\/em> non <em>esisti<\/em>. E quindi c&#8217;\u00e8 continuamente questa ricerca sottotraccia: anche tu mentre cammini spii i\u00a0<em>badge\u00a0<\/em>controllando istintivamente il colore e\u00a0guardi con curiosit\u00e0 gli <em>altri<\/em> autori, quelli veri, cercando di riconoscere l&#8217;uno o l&#8217;altro.<\/p>\n<p>Poi pi\u00f9 di una volta mi \u00e8 capitato che quelli, visto che li guardavo e considerato che in fondo c&#8217;ho una faccia comune, la barba, gli occhiali, facilmente pu\u00f2 sembrarti di avermi gi\u00e0 visto e per di pi\u00f9 avevo il cartellino e quindi ero un <em>autore<\/em> anch&#8217;io allora visto che io li guardavo nell&#8217;incertezza mi salutavano calorosamente: \u00abCiao!\u00bb, immagino pensando di avermi incrociato da qualche altra parte.\u00a0\u00c8 anche vero che al terzo giorno le facce ti si confondono e non <a href=\"https:\/\/i0.wp.com\/www.robertosedda.it\/wp-content\/uploads\/2015\/07\/Paolo-Piras-Bravi-e-camboni.jpg\"><img data-attachment-id=\"10504\" data-permalink=\"http:\/\/www.robertosedda.it\/?attachment_id=10504\" data-orig-file=\"https:\/\/i0.wp.com\/www.robertosedda.it\/wp-content\/uploads\/2015\/07\/Paolo-Piras-Bravi-e-camboni.jpg?fit=136%2C212\" data-orig-size=\"136,212\" data-comments-opened=\"1\" data-image-meta=\"{&quot;aperture&quot;:&quot;0&quot;,&quot;credit&quot;:&quot;&quot;,&quot;camera&quot;:&quot;&quot;,&quot;caption&quot;:&quot;&quot;,&quot;created_timestamp&quot;:&quot;0&quot;,&quot;copyright&quot;:&quot;&quot;,&quot;focal_length&quot;:&quot;0&quot;,&quot;iso&quot;:&quot;0&quot;,&quot;shutter_speed&quot;:&quot;0&quot;,&quot;title&quot;:&quot;&quot;,&quot;orientation&quot;:&quot;0&quot;}\" data-image-title=\"Paolo Piras Bravi e camboni\" data-image-description=\"\" data-image-caption=\"\" data-medium-file=\"https:\/\/i0.wp.com\/www.robertosedda.it\/wp-content\/uploads\/2015\/07\/Paolo-Piras-Bravi-e-camboni.jpg?fit=136%2C212\" data-large-file=\"https:\/\/i0.wp.com\/www.robertosedda.it\/wp-content\/uploads\/2015\/07\/Paolo-Piras-Bravi-e-camboni.jpg?fit=136%2C212\" decoding=\"async\" loading=\"lazy\" class=\"alignright size-full wp-image-10504\" src=\"https:\/\/i0.wp.com\/www.robertosedda.it\/wp-content\/uploads\/2015\/07\/Paolo-Piras-Bravi-e-camboni.jpg?resize=136%2C212\" alt=\"Paolo Piras Bravi e camboni\" width=\"136\" height=\"212\" srcset=\"https:\/\/i0.wp.com\/www.robertosedda.it\/wp-content\/uploads\/2015\/07\/Paolo-Piras-Bravi-e-camboni.jpg?w=136 136w, https:\/\/i0.wp.com\/www.robertosedda.it\/wp-content\/uploads\/2015\/07\/Paolo-Piras-Bravi-e-camboni.jpg?resize=96%2C150 96w, https:\/\/i0.wp.com\/www.robertosedda.it\/wp-content\/uploads\/2015\/07\/Paolo-Piras-Bravi-e-camboni.jpg?resize=32%2C50 32w\" sizes=\"(max-width: 136px) 100vw, 136px\" data-recalc-dims=\"1\" \/><\/a>sai pi\u00f9 se quello che vedi passare l&#8217;hai visto in televisione, era al bar il giorno prima o ci hai fatto le scuole insieme a Cagliari molti anni fa. Cos\u00ec per non sbagliare saluti tutti, e tutti si salutano.<\/p>\n<p>Tranne Paolo Piras di\u00a0<em><a href=\"http:\/\/www.ibs.it\/code\/9788894022001\/piras-paolo\/bravi-camboni-epica.html\">Bravi e camboni<\/a><\/em> che credevo mi avesse salutato a sproposito e invece si \u00e8 ricordato che pi\u00f9 di vent&#8217;anni fa ci siamo incrociati a\u00a0<em>La Porta d&#8217;Argento\u00a0<\/em>(<em>chapeau<\/em> per la memoria). Per sdebitarmi ho comprato il suo libro, che avevo colpevolmente ignorato: vedi la potenza di un saluto gentile.<\/p>\n<h3>Guccini<\/h3>\n<p>Tra gli autori veri del <em>festival<\/em> c&#8217;era Guccini, orpo. Con Loriano \u00a0Macchiavelli, un altro mito, scusate se \u00e8 poco.<\/p>\n<p>Mentre li incrociavo\u00a0a\u00a0<em>Santa Rughe<\/em> col buono pasto in mano mi dicevo che quando mia sorella stava a Prato siamo andati pi\u00f9 volte a pranzo a Pavana al ristorante di Zummo fantasticando di incontrare per caso Guccini e magari offrirgli un bicchiere e dirgli quanto lo stimiamo da sempre. E invece inopinatamente lo incontri davvero al ristorante ma dall&#8217;altra parte del Tirreno e quello poveretto sta mangiando in santa pace, disturbarlo ti sembra brutto e tutto d&#8217;un tratto l&#8217;idea di offrirgli un bicchiere e farci due chiacchiere acquista tutto un altro sapore: una cretinata, diciamo, anche perch\u00e9 il <em>festival<\/em> \u00e8 informale proprio perch\u00e9 gli autori possono fare vita normale senza essere assillati ogni minuto da uno che vuole spiegargli\u00a0il senso della vita, l&#8217;universo e tutto quanto.<\/p>\n<p><a href=\"https:\/\/i0.wp.com\/www.robertosedda.it\/wp-content\/uploads\/2015\/07\/Guccini-Gavoi.jpg\"><img data-attachment-id=\"10507\" data-permalink=\"http:\/\/www.robertosedda.it\/?attachment_id=10507\" data-orig-file=\"https:\/\/i0.wp.com\/www.robertosedda.it\/wp-content\/uploads\/2015\/07\/Guccini-Gavoi.jpg?fit=1181%2C787\" data-orig-size=\"1181,787\" data-comments-opened=\"1\" data-image-meta=\"{&quot;aperture&quot;:&quot;0&quot;,&quot;credit&quot;:&quot;&quot;,&quot;camera&quot;:&quot;&quot;,&quot;caption&quot;:&quot;&quot;,&quot;created_timestamp&quot;:&quot;0&quot;,&quot;copyright&quot;:&quot;&quot;,&quot;focal_length&quot;:&quot;0&quot;,&quot;iso&quot;:&quot;0&quot;,&quot;shutter_speed&quot;:&quot;0&quot;,&quot;title&quot;:&quot;&quot;,&quot;orientation&quot;:&quot;0&quot;}\" data-image-title=\"Guccini Gavoi\" data-image-description=\"\" data-image-caption=\"\" data-medium-file=\"https:\/\/i0.wp.com\/www.robertosedda.it\/wp-content\/uploads\/2015\/07\/Guccini-Gavoi.jpg?fit=300%2C200\" data-large-file=\"https:\/\/i0.wp.com\/www.robertosedda.it\/wp-content\/uploads\/2015\/07\/Guccini-Gavoi.jpg?fit=510%2C340\" decoding=\"async\" loading=\"lazy\" class=\"aligncenter wp-image-10507 size-full\" src=\"https:\/\/i0.wp.com\/www.robertosedda.it\/wp-content\/uploads\/2015\/07\/Guccini-Gavoi.jpg?resize=800%2C533\" alt=\"Guccini Gavoi\" width=\"800\" height=\"533\" srcset=\"https:\/\/i0.wp.com\/www.robertosedda.it\/wp-content\/uploads\/2015\/07\/Guccini-Gavoi.jpg?w=1181 1181w, https:\/\/i0.wp.com\/www.robertosedda.it\/wp-content\/uploads\/2015\/07\/Guccini-Gavoi.jpg?resize=150%2C100 150w, https:\/\/i0.wp.com\/www.robertosedda.it\/wp-content\/uploads\/2015\/07\/Guccini-Gavoi.jpg?resize=300%2C200 300w, https:\/\/i0.wp.com\/www.robertosedda.it\/wp-content\/uploads\/2015\/07\/Guccini-Gavoi.jpg?resize=510%2C340 510w, https:\/\/i0.wp.com\/www.robertosedda.it\/wp-content\/uploads\/2015\/07\/Guccini-Gavoi.jpg?resize=700%2C466 700w, https:\/\/i0.wp.com\/www.robertosedda.it\/wp-content\/uploads\/2015\/07\/Guccini-Gavoi.jpg?resize=50%2C33 50w\" sizes=\"(max-width: 800px) 100vw, 800px\" data-recalc-dims=\"1\" \/><\/a>E d&#8217;altra parte tre\u00a0<em>Fabbricastorie<\/em> possono incontrare un loro idolo come Guccini e fare completamente finta di niente? \u00c8 stato\u00a0Andrea Salidu, mentre noi pavidamente ci coprivamo dietro di lui, a prendere in mano la situazione. \u00abScusate, non vogliamo interrompervi: noi domani avremo un laboratorio e quindi non possiamo venire ad ascoltarvi, ma ci tenevamo lo stesso a salutarvi\u00bb.<\/p>\n<p>Bravissimo, e Guccini gli ha detto: \u00abGrazie!\u00bb. Quindi oggi noi possiamo dire che un giorno Guccini ci ha\u00a0ringraziato, pi\u00f9 o meno come Jack Aubrey, nei romanzi di O&#8217;Brian, racconta che un giorno Lord Nelson gli aveva rivolto una richiesta personale (\u00abMi passa il sale, signore?\u00bb). O come nella famosa storiella di Paolo Rossi, che un giorno disse di no a Berlusconi (erano in un qualche corridoio di\u00a0<em>Mediaset<\/em>, e quello gli chiese: \u00abScusi, sa dov&#8217;\u00e8 la lavanderia?\u00bb, \u00abNo!\u00bb).<\/p>\n<p>In ogni caso abbiamo avuto torto a tornare a Cagliari il sabato e a non trattenerci per la festa finale: perch\u00e9 l\u00ec, come si vede, magari lo spazio per\u00a0due battute c&#8217;era, e in ogni caso c&#8217;era anche molto altro, <a href=\"http:\/\/www.robertosedda.it\/?p=1849\">un arrosto alla sarda<\/a>&#8230;<a href=\"https:\/\/i0.wp.com\/www.robertosedda.it\/wp-content\/uploads\/2015\/07\/VanDerMeer-Gavoi.jpg\"><img data-attachment-id=\"10510\" data-permalink=\"http:\/\/www.robertosedda.it\/?attachment_id=10510\" data-orig-file=\"https:\/\/i0.wp.com\/www.robertosedda.it\/wp-content\/uploads\/2015\/07\/VanDerMeer-Gavoi.jpg?fit=799%2C831\" data-orig-size=\"799,831\" data-comments-opened=\"1\" data-image-meta=\"{&quot;aperture&quot;:&quot;0&quot;,&quot;credit&quot;:&quot;&quot;,&quot;camera&quot;:&quot;&quot;,&quot;caption&quot;:&quot;&quot;,&quot;created_timestamp&quot;:&quot;0&quot;,&quot;copyright&quot;:&quot;&quot;,&quot;focal_length&quot;:&quot;0&quot;,&quot;iso&quot;:&quot;0&quot;,&quot;shutter_speed&quot;:&quot;0&quot;,&quot;title&quot;:&quot;&quot;,&quot;orientation&quot;:&quot;0&quot;}\" data-image-title=\"VanDerMeer Gavoi\" data-image-description=\"\" data-image-caption=\"\" data-medium-file=\"https:\/\/i0.wp.com\/www.robertosedda.it\/wp-content\/uploads\/2015\/07\/VanDerMeer-Gavoi.jpg?fit=288%2C300\" data-large-file=\"https:\/\/i0.wp.com\/www.robertosedda.it\/wp-content\/uploads\/2015\/07\/VanDerMeer-Gavoi.jpg?fit=510%2C530\" decoding=\"async\" loading=\"lazy\" class=\"aligncenter size-full wp-image-10510\" src=\"https:\/\/i0.wp.com\/www.robertosedda.it\/wp-content\/uploads\/2015\/07\/VanDerMeer-Gavoi.jpg?resize=799%2C831\" alt=\"VanDerMeer Gavoi\" width=\"799\" height=\"831\" srcset=\"https:\/\/i0.wp.com\/www.robertosedda.it\/wp-content\/uploads\/2015\/07\/VanDerMeer-Gavoi.jpg?w=799 799w, https:\/\/i0.wp.com\/www.robertosedda.it\/wp-content\/uploads\/2015\/07\/VanDerMeer-Gavoi.jpg?resize=144%2C150 144w, https:\/\/i0.wp.com\/www.robertosedda.it\/wp-content\/uploads\/2015\/07\/VanDerMeer-Gavoi.jpg?resize=288%2C300 288w, https:\/\/i0.wp.com\/www.robertosedda.it\/wp-content\/uploads\/2015\/07\/VanDerMeer-Gavoi.jpg?resize=510%2C530 510w, https:\/\/i0.wp.com\/www.robertosedda.it\/wp-content\/uploads\/2015\/07\/VanDerMeer-Gavoi.jpg?resize=700%2C728 700w, https:\/\/i0.wp.com\/www.robertosedda.it\/wp-content\/uploads\/2015\/07\/VanDerMeer-Gavoi.jpg?resize=48%2C50 48w\" sizes=\"(max-width: 799px) 100vw, 799px\" data-recalc-dims=\"1\" \/><\/a><\/p>\n<h3>Culicchia &#8216;cipicchia<\/h3>\n<p>Non solo non abbiamo sentito la conferenza di Guccini e Macchiavelli, ma praticamente\u00a0non abbiamo assistito a\u00a0nessun altro incontro, escluso un <em>reading<\/em>\u00a0divertentissimo di <a href=\"http:\/\/www.giuseppeculicchia.it\/\">Giuseppe Culicchia<\/a> con Federica Maffucci (una versione di <a href=\"http:\/\/www.amishotelgalliffet.com\/tag\/federica-maffucci\/\">un\u00a0loro spettacolo precedente<\/a>, credo). Ci siamo fatti un bel po&#8217; di sane risate \u00a0e Culicchia \u00e8 stato una\u00a0rivelazione che mi porter\u00e0 sicuramente a recuperare questo scrittore che, lo confesso, non conoscevo (lo so che la mia ignoranza talvolta vi sconcerta).<\/p>\n<h3><a href=\"https:\/\/i0.wp.com\/www.robertosedda.it\/wp-content\/uploads\/2015\/07\/Culicchia-Maffucci-Gavoi.jpg\"><img data-attachment-id=\"10509\" data-permalink=\"http:\/\/www.robertosedda.it\/?attachment_id=10509\" data-orig-file=\"https:\/\/i0.wp.com\/www.robertosedda.it\/wp-content\/uploads\/2015\/07\/Culicchia-Maffucci-Gavoi.jpg?fit=1200%2C800\" data-orig-size=\"1200,800\" data-comments-opened=\"1\" data-image-meta=\"{&quot;aperture&quot;:&quot;0&quot;,&quot;credit&quot;:&quot;Nanni Angeli Photographer&quot;,&quot;camera&quot;:&quot;&quot;,&quot;caption&quot;:&quot;&quot;,&quot;created_timestamp&quot;:&quot;0&quot;,&quot;copyright&quot;:&quot;\\u00a9 Nanni Angeli&quot;,&quot;focal_length&quot;:&quot;0&quot;,&quot;iso&quot;:&quot;0&quot;,&quot;shutter_speed&quot;:&quot;0&quot;,&quot;title&quot;:&quot;&quot;,&quot;orientation&quot;:&quot;0&quot;}\" data-image-title=\"Culicchia Maffucci Gavoi\" data-image-description=\"\" data-image-caption=\"\" data-medium-file=\"https:\/\/i0.wp.com\/www.robertosedda.it\/wp-content\/uploads\/2015\/07\/Culicchia-Maffucci-Gavoi.jpg?fit=300%2C200\" data-large-file=\"https:\/\/i0.wp.com\/www.robertosedda.it\/wp-content\/uploads\/2015\/07\/Culicchia-Maffucci-Gavoi.jpg?fit=510%2C340\" decoding=\"async\" loading=\"lazy\" class=\"aligncenter size-full wp-image-10509\" src=\"https:\/\/i0.wp.com\/www.robertosedda.it\/wp-content\/uploads\/2015\/07\/Culicchia-Maffucci-Gavoi.jpg?resize=800%2C533\" alt=\"Culicchia Maffucci Gavoi\" width=\"800\" height=\"533\" srcset=\"https:\/\/i0.wp.com\/www.robertosedda.it\/wp-content\/uploads\/2015\/07\/Culicchia-Maffucci-Gavoi.jpg?w=1200 1200w, https:\/\/i0.wp.com\/www.robertosedda.it\/wp-content\/uploads\/2015\/07\/Culicchia-Maffucci-Gavoi.jpg?resize=150%2C100 150w, https:\/\/i0.wp.com\/www.robertosedda.it\/wp-content\/uploads\/2015\/07\/Culicchia-Maffucci-Gavoi.jpg?resize=300%2C200 300w, https:\/\/i0.wp.com\/www.robertosedda.it\/wp-content\/uploads\/2015\/07\/Culicchia-Maffucci-Gavoi.jpg?resize=510%2C340 510w, https:\/\/i0.wp.com\/www.robertosedda.it\/wp-content\/uploads\/2015\/07\/Culicchia-Maffucci-Gavoi.jpg?resize=700%2C467 700w, https:\/\/i0.wp.com\/www.robertosedda.it\/wp-content\/uploads\/2015\/07\/Culicchia-Maffucci-Gavoi.jpg?resize=50%2C33 50w\" sizes=\"(max-width: 800px) 100vw, 800px\" data-recalc-dims=\"1\" \/><\/a>E la <em>purpuzza<\/em>?<\/h3>\n<p>Ecco, quella non l&#8217;abbiamo mangiata: fra inviti a pranzo\u00a0in ristorante\u00a0che avevo promesso a Maria Bonaria, buoni pasto e disponibilit\u00e0 della mensa non ci siamo mai fermati alle decine di posti di ristoro che offrivano ottimi panini con\u00a0<em>purpuzza\u00a0<\/em>(e un bicchiere di vino,\u00a0<em>\u00e7a va sans dire<\/em>). Non perch\u00e9 la\u00a0<em>purpuzza<\/em> non mi piaccia, anzi: semplicemente non c&#8217;\u00e8 stata occasione.<\/p>\n<p>Forse proprio perch\u00e9 un po&#8217; mi \u00e8 rimasta la voglia riflettevo, passeggiando, su come un piatto tutto sommato minore e fino a non molti anni fa sostanzialmente sconosciuto si sia trasformato, negli anni, a emblema delle\u00a0<em>cortes apertas<\/em> e di tutte le manifestazioni locali del genere, con segni di diffusione ormai anche fuori della sua zona originale. Un meccanismo interessante, mi pare, e se nno fosse un piatto pi\u00f9 invernale e legato quindi\u00a0al turismo locale mi aspetterei fra un po&#8217; di vedere un\u00a0<em>effetto purpuzza<\/em> conquistare financo la Costa Smeralda (meglio dell&#8217;<em><a href=\"http:\/\/www.robertosedda.it\/?p=4423\">effetto Ichnusa<\/a><\/em>, comunque).<\/p>\n<p>Ah, se non sapete cosa sia la\u00a0<em>purpuzza<\/em> ho trovato in rete <a href=\"http:\/\/iltaccuinodellevoci.blogspot.it\/2014\/02\/si-vendono-panini-con-purpuza.html\">una ricetta piuttosto semplice<\/a> per farvela da voi e poterla assaggiare.<\/p>\n<h2>Cose ludiche<\/h2>\n<h3><a href=\"https:\/\/i0.wp.com\/www.robertosedda.it\/wp-content\/uploads\/2015\/07\/Gavoi-Fabbricastorie-Isola-delle-storie.jpg\"><img data-attachment-id=\"10500\" data-permalink=\"http:\/\/www.robertosedda.it\/?attachment_id=10500\" data-orig-file=\"https:\/\/i0.wp.com\/www.robertosedda.it\/wp-content\/uploads\/2015\/07\/Gavoi-Fabbricastorie-Isola-delle-storie.jpg?fit=800%2C533\" data-orig-size=\"800,533\" data-comments-opened=\"1\" data-image-meta=\"{&quot;aperture&quot;:&quot;0&quot;,&quot;credit&quot;:&quot;&quot;,&quot;camera&quot;:&quot;&quot;,&quot;caption&quot;:&quot;&quot;,&quot;created_timestamp&quot;:&quot;0&quot;,&quot;copyright&quot;:&quot;&quot;,&quot;focal_length&quot;:&quot;0&quot;,&quot;iso&quot;:&quot;0&quot;,&quot;shutter_speed&quot;:&quot;0&quot;,&quot;title&quot;:&quot;&quot;,&quot;orientation&quot;:&quot;0&quot;}\" data-image-title=\"Gavoi Fabbricastorie Isola delle storie\" data-image-description=\"\" data-image-caption=\"\" data-medium-file=\"https:\/\/i0.wp.com\/www.robertosedda.it\/wp-content\/uploads\/2015\/07\/Gavoi-Fabbricastorie-Isola-delle-storie.jpg?fit=300%2C200\" data-large-file=\"https:\/\/i0.wp.com\/www.robertosedda.it\/wp-content\/uploads\/2015\/07\/Gavoi-Fabbricastorie-Isola-delle-storie.jpg?fit=510%2C340\" decoding=\"async\" loading=\"lazy\" class=\"aligncenter wp-image-10500 size-full\" src=\"https:\/\/i0.wp.com\/www.robertosedda.it\/wp-content\/uploads\/2015\/07\/Gavoi-Fabbricastorie-Isola-delle-storie.jpg?resize=800%2C533\" alt=\"Gavoi Fabbricastorie Isola delle storie\" width=\"800\" height=\"533\" srcset=\"https:\/\/i0.wp.com\/www.robertosedda.it\/wp-content\/uploads\/2015\/07\/Gavoi-Fabbricastorie-Isola-delle-storie.jpg?w=800 800w, https:\/\/i0.wp.com\/www.robertosedda.it\/wp-content\/uploads\/2015\/07\/Gavoi-Fabbricastorie-Isola-delle-storie.jpg?resize=150%2C100 150w, https:\/\/i0.wp.com\/www.robertosedda.it\/wp-content\/uploads\/2015\/07\/Gavoi-Fabbricastorie-Isola-delle-storie.jpg?resize=300%2C200 300w, https:\/\/i0.wp.com\/www.robertosedda.it\/wp-content\/uploads\/2015\/07\/Gavoi-Fabbricastorie-Isola-delle-storie.jpg?resize=510%2C340 510w, https:\/\/i0.wp.com\/www.robertosedda.it\/wp-content\/uploads\/2015\/07\/Gavoi-Fabbricastorie-Isola-delle-storie.jpg?resize=700%2C466 700w, https:\/\/i0.wp.com\/www.robertosedda.it\/wp-content\/uploads\/2015\/07\/Gavoi-Fabbricastorie-Isola-delle-storie.jpg?resize=50%2C33 50w\" sizes=\"(max-width: 800px) 100vw, 800px\" data-recalc-dims=\"1\" \/><\/a>Quello che abbiamo fatto<\/h3>\n<p>Il progetto con cui siamo andati a Gavoi era quello di far giocare a gruppi di bambini fra gli otto e i dieci anni una nostra avventura di gioco di ruolo che \u00e8 nota col nome di lavorazione di <em>Baby zapping<\/em> e sfrutta\u00a0l&#8217;immaginario dei bambini legato ai cartoni animati e ai telefilm che guardano pi\u00f9 frequentemente (<em>Zapping<\/em>\u00a0\u00e8 una vecchia avventura di Andrea Assorgia e\u00a0<em>Baby zapping<\/em> ne \u00e8 l&#8217;adattamento per bambini curato da Tino Dess\u00ec).<\/p>\n<p>Durante gli ultimi\u00a0<em>beta test<\/em>, per\u00f2, sono emerse alcune perplessit\u00e0 su\u00a0<em>Baby zapping<\/em>, legate al fatto che andavamo a giocare con bambini sconosciuti (e se non hanno mai visto <em>Frozen<\/em>? Maddai&#8230; E se per\u00f2 non l&#8217;hanno mai visto <em>davvero<\/em>??) e quindi abbiamo deciso di ripiegare su\u00a0<em>Hero Kids<\/em>, un regolamento di gioco statunitense diretto specificamente ai bambini di quella fascia d&#8217;et\u00e0 e molto maneggevole. In pi\u00f9 io, senza dirlo agli altri\u00a0<em>Fabbricastorie<\/em>, una mia versione personale e piuttosto eretica di\u00a0<em>Baby Zapping<\/em> me la sono messa in valigia\u00a0(salvo dimenticarmene completamente appena arrivato, ehm). E poi\u00a0ci siamo portati dietro due tavole da\u00a0<em>curling<\/em> per avere qualcosa da proporre durante eventuali tempi morti, per esempio mentre si aspetta che si radunino abbastanza giocatori per formare un tavolo.<\/p>\n<p>La realt\u00e0 peraltro \u00e8 stata che nei due giorni di lavoro la situazione si \u00e8 rivelata\u00a0molto variabile: nel primo laboratorio ero da solo e avevo una decina di ragazzi di un&#8217;et\u00e0 che andava dagli otto ai sedici anni. Per loro\u00a0ho aggiustato\u00a0<em>ad hoc<\/em> una avventura di\u00a0<em>Hero Kids<\/em> per gestire non tanto il numero quanto la differenza d&#8217;et\u00e0 e nell&#8217;ultima mezz&#8217;ora gli ho proposto un pezzetto del nostro seminario <em><a href=\"http:\/\/www.fabbricastorie.it\/project\/il-progetto-fabbricarstorie\/\">Mondi che funzionano &#8211; Hands on<\/a><\/em>, con buoni risultati.<\/p>\n<p>La presenza di molti adolescenti spingeva\u00a0a rivalutare alcune cose del nostro progetto e cos\u00ec quando Andrea e Tino mi hanno raggiunto ci siamo convinti che fosse necessario approntare qualcosa di specificamente rivolto a loro: sotto il glicine della casa di Orani abbiamo abbozzato un gioco\/avventura di gioco di ruolo a tema\u00a0<em>horror<\/em>, che per il momento ha il titolo provvisorio\u00a0<em>Supernatural\u00a0<\/em> e che penso svilupperemo anche in futuro.<\/p>\n<p>Il giorno dopo ho condotto con l&#8217;appoggio di Tino un&#8217;avventura regolare di\u00a0<em>Hero Kids\u00a0<\/em> per cinque bambini fra i sette e i dieci anni, mentre Andrea si \u00e8 preso un paio di ragazzine pi\u00f9 grandi che avevano gi\u00e0 giocato il giorno prima e gli ha proposto\u00a0<em>Supernatural<\/em>. Al secondo turno il numero degli iscritti \u00e8 aumentano fino a una quindicina e forse oltre, per\u00f2\u00a0l&#8217;et\u00e0 era piuttosto omogenea (scuola media) e quindi gli abbiamo proposto\u00a0<em>Mondi che funzionano<\/em> per scioglierli e abbiamo poi concluso la sessione con\u00a0<em>Supernatural<\/em>.<\/p>\n<h3>Moderata soddisfazione e programmi futuri<\/h3>\n<p>Tutto sommato mi sembra (non toccherebbe a me dirlo) che siamo stati bravini e che\u00a0abbiamo fatto fronte per bene a tutte\u00a0i vari imprevisti &#8211; in particolare la presenza di giocatori di et\u00e0 molto diverse\u00a0&#8211; e che tutti i ragazzi si siano divertiti.\u00a0Il 2015 per i\u00a0<em>Fabbricastorie<\/em> \u00e8 un anno di\u00a0<em>test<\/em> successivi\u00a0riguardo alla\u00a0qualit\u00e0 dei nostri materiali, delle nostre idee e pure sulle nostre qualit\u00e0 personali. Anche il <em>test<\/em> di Gavoi \u00e8 positivo e quindi sinora&#8230; tutto bene, il che ci spinge a pensare che forse dovremmo far quagliare un po&#8217; meglio tutte queste cose.<\/p>\n<p>Ve lo anticipo ma non ditelo troppo in giro: stiamo pensando a un nuovo libro, probabilmente nel 2016, e a un altro progetto sempre per il 2016 che, scaramanticamente, per il momento ha il nome in codice\u00a0<em>Sole<\/em>. <em>Discover Cagliari <\/em> \u00e8 sulla rampa di lancio e stiamo preparando\u00a0<em>Trame che funzionano<\/em>, <em>Compagnie che funzionano<\/em> e forse\u00a0<em>Horror che funzionano<\/em>.\u00a0Ora se solo si riuscisse a trovare i fondi per il progetto <em>Mangiastorie<\/em> sarei un uomo felice.<\/p>\n<h3><a href=\"https:\/\/i0.wp.com\/www.robertosedda.it\/wp-content\/uploads\/2015\/07\/Hero-Kids-Hero-Card-Italian-Knight-Male.jpg\"><img data-attachment-id=\"10525\" data-permalink=\"http:\/\/www.robertosedda.it\/?attachment_id=10525\" data-orig-file=\"https:\/\/i0.wp.com\/www.robertosedda.it\/wp-content\/uploads\/2015\/07\/Hero-Kids-Hero-Card-Italian-Knight-Male.jpg?fit=540%2C381\" data-orig-size=\"540,381\" data-comments-opened=\"1\" data-image-meta=\"{&quot;aperture&quot;:&quot;0&quot;,&quot;credit&quot;:&quot;&quot;,&quot;camera&quot;:&quot;&quot;,&quot;caption&quot;:&quot;&quot;,&quot;created_timestamp&quot;:&quot;0&quot;,&quot;copyright&quot;:&quot;&quot;,&quot;focal_length&quot;:&quot;0&quot;,&quot;iso&quot;:&quot;0&quot;,&quot;shutter_speed&quot;:&quot;0&quot;,&quot;title&quot;:&quot;&quot;,&quot;orientation&quot;:&quot;1&quot;}\" data-image-title=\"Hero Kids &#8211; Hero Card &#8211; Italian &#8211; Knight Male\" data-image-description=\"\" data-image-caption=\"\" data-medium-file=\"https:\/\/i0.wp.com\/www.robertosedda.it\/wp-content\/uploads\/2015\/07\/Hero-Kids-Hero-Card-Italian-Knight-Male.jpg?fit=300%2C212\" data-large-file=\"https:\/\/i0.wp.com\/www.robertosedda.it\/wp-content\/uploads\/2015\/07\/Hero-Kids-Hero-Card-Italian-Knight-Male.jpg?fit=510%2C360\" decoding=\"async\" loading=\"lazy\" class=\"aligncenter wp-image-10525 size-full\" src=\"https:\/\/i0.wp.com\/www.robertosedda.it\/wp-content\/uploads\/2015\/07\/Hero-Kids-Hero-Card-Italian-Knight-Male.jpg?resize=540%2C381\" alt=\"Hero Kids - Hero Card - Italian - Knight Male\" width=\"540\" height=\"381\" srcset=\"https:\/\/i0.wp.com\/www.robertosedda.it\/wp-content\/uploads\/2015\/07\/Hero-Kids-Hero-Card-Italian-Knight-Male.jpg?w=540 540w, https:\/\/i0.wp.com\/www.robertosedda.it\/wp-content\/uploads\/2015\/07\/Hero-Kids-Hero-Card-Italian-Knight-Male.jpg?resize=150%2C106 150w, https:\/\/i0.wp.com\/www.robertosedda.it\/wp-content\/uploads\/2015\/07\/Hero-Kids-Hero-Card-Italian-Knight-Male.jpg?resize=300%2C212 300w, https:\/\/i0.wp.com\/www.robertosedda.it\/wp-content\/uploads\/2015\/07\/Hero-Kids-Hero-Card-Italian-Knight-Male.jpg?resize=510%2C360 510w, https:\/\/i0.wp.com\/www.robertosedda.it\/wp-content\/uploads\/2015\/07\/Hero-Kids-Hero-Card-Italian-Knight-Male.jpg?resize=50%2C35 50w\" sizes=\"(max-width: 540px) 100vw, 540px\" data-recalc-dims=\"1\" \/><\/a>Si pu\u00f2 giocare coi bambini<\/h3>\n<p>La volgata comune fra i giocatori di ruolo \u00e8 che si tratti di giochi non adatti al di sotto di una et\u00e0 indefinita, grosso modo collocata intorno ai tredici anni. In realt\u00e0 poi sulle riviste specializzate si legge con una certa frequenza\u00a0di pap\u00e0 che organizzano partite\u00a0\u00a0per i figli e i loro amichetti e altre cose del genere (ricordo anche una lettera su\u00a0<em>Dragon<\/em> in cui si raccontava di una campagna in cui man mano erano stati incorporati i figli dei giocatori). Si tratta sempre di resoconti in cui si sottolinea l&#8217;<em>eccezionalit\u00e0<\/em> di queste occasioni, ma proprio il fatto che capiti spesso di sentirle raccontare dovrebbe mettere in sospetto: forse sono invece cose piuttosto normali.<\/p>\n<p>Rispetto a questo il nostro esperimento di Gavoi va nella direzione di dimostrare che si pu\u00f2 giocare di ruolo con bambini almeno fin dagli otto anni (i settenni che ci sono capitati, anche nei\u00a0<em>playtest<\/em> precedenti, hanno sempre fatto un po&#8217; di fatica). Certo i bambini non possono fare i conduttori di gioco (non \u00e8 dimostrato, ma \u00e8 probabile) e certo le partite con loro assumono delle caratteristiche particolari<\/p>\n<blockquote><p>Sto spiegando il gioco. Sono al punto nel quale spiego che si usano i dadi per risolvere le situazioni nelle quali un giocatore incontra una difficolt\u00e0 o un&#8217;opposizione e faccio un esempio.<\/p>\n<p>\u00abPer esempio, Giovanni\u00bb, sette anni, \u00abtu sei un cavaliere e il cattivo Cavaliere Nero vuole combatterti. Allora tu prendi la tua arma&#8230; gi\u00e0, che armi usi per combattere?\u00bb<\/p>\n<p>\u00abUna bomba!!\u00bb.<\/p>\n<p>\u00abAh-ah, no, non ci sono le bombe, non le hanno ancora inventate. Scegli un&#8217;altra arma\u00bb.<\/p>\n<p>\u00abLa PISTOLA!\u00bb.<\/p>\n<p>\u00abMa noooo, non ci sono queste cose, \u00e8 un mondo tipo Medioevo, spade, archi&#8230;\u00bb.<\/p>\n<p>E il piccolo saputello di dieci anni a fianco a me fa: \u00abNel Medioevo per\u00f2 c&#8217;erano i cannoni, l&#8217;ho visto sul canale di Focus&#8230;\u00bb.<\/p>\n<p>\u00abAllora uso il cannone!!\u00bb.<\/p>\n<p>E fu cos\u00ec che\u00a0il Cavaliere Nero si trov\u00f2 di fronte una strana sorpresa!<\/p><\/blockquote>\n<p>Coi bambini la partita non pu\u00f2 durare troppo perch\u00e9 si stancano, l&#8217;arbitro \u00e8 un adulto e quindi il gioco ha un grado di libert\u00e0 in meno e ci sono ogni tanto dei buchi neri cognitivi. Per\u00f2 senz&#8217;altro si pu\u00f2 giocare, e con ottimi risultati.<\/p>\n<h3>Giocare coi bambini con <em>Hero Kids<\/em><\/h3>\n<p>Come ho detto abbiamo deciso di utilizzare il regolamento di\u00a0<em><a href=\"http:\/\/herokidsrpg.blogspot.it\/\">Hero Kids<\/a><\/em>, pensato da Justin Halliday specificamente per far giocare i bambini. Tolta un po&#8217; di patina volta a rassicurare genitori ed educatori (per esempio il paragrafo\u00a0sui benefici del gioco nell&#8217;apprendimento della matematica) si tratta di uno strumento ludico intelligente e soprattutto molto maneggevole, con dinamiche di gioco semplici e facili da imparare e un numero di pagine limitato da leggere prima di poter giocare.<\/p>\n<p>Il gioco si ispira evidentemente alle prime forme di\u00a0<em>Dungeons &amp; Dragons<\/em> (ooops, anche alle ultime, forse!) tanto da sembrare quasi un gioco da tavolo: mappe, miniature e molte illustrazioni.<\/p>\n<p>Secondo me dal punto di vista del gioco coi bambini questa\u00a0enfasi posta da\u00a0<em>Hero Kids<\/em>\u00a0sui combattimenti e la tattica non \u00e8 particolarmente utile: per esempio io ho trovato pi\u00f9 faticoso che utile disporre sulla mappa tutti i figurini che rappresentavano i\u00a0personaggi e i vari mostri (anche perch\u00e9 con tanti giocatori spesso la mappa risultava molto affollata); invece \u00e8 stato utilissimo tutto l&#8217;apparato grafico, illustrazioni, schede personali e le stesse mappe: non perch\u00e9 i bambini non abbiano la capacit\u00e0 di astrarre, ma perch\u00e9 sono immediatamente accattivanti. Del resto\u00a0sul sito di Halliday vedo che le campagne di\u00a0<em>Hero Kids<\/em> usano materiali come questi: chi non si sentirebbe immediatamente affascinato?<a href=\"https:\/\/i0.wp.com\/www.robertosedda.it\/wp-content\/uploads\/2015\/07\/Hero-Kids-diorama.jpg\"><img data-attachment-id=\"10527\" data-permalink=\"http:\/\/www.robertosedda.it\/?attachment_id=10527\" data-orig-file=\"https:\/\/i0.wp.com\/www.robertosedda.it\/wp-content\/uploads\/2015\/07\/Hero-Kids-diorama.jpg?fit=900%2C1600\" data-orig-size=\"900,1600\" data-comments-opened=\"1\" data-image-meta=\"{&quot;aperture&quot;:&quot;0&quot;,&quot;credit&quot;:&quot;&quot;,&quot;camera&quot;:&quot;&quot;,&quot;caption&quot;:&quot;&quot;,&quot;created_timestamp&quot;:&quot;0&quot;,&quot;copyright&quot;:&quot;&quot;,&quot;focal_length&quot;:&quot;0&quot;,&quot;iso&quot;:&quot;0&quot;,&quot;shutter_speed&quot;:&quot;0&quot;,&quot;title&quot;:&quot;&quot;,&quot;orientation&quot;:&quot;0&quot;}\" data-image-title=\"Hero Kids diorama\" data-image-description=\"\" data-image-caption=\"\" data-medium-file=\"https:\/\/i0.wp.com\/www.robertosedda.it\/wp-content\/uploads\/2015\/07\/Hero-Kids-diorama.jpg?fit=169%2C300\" data-large-file=\"https:\/\/i0.wp.com\/www.robertosedda.it\/wp-content\/uploads\/2015\/07\/Hero-Kids-diorama.jpg?fit=510%2C907\" decoding=\"async\" loading=\"lazy\" class=\"aligncenter size-full wp-image-10527\" src=\"https:\/\/i0.wp.com\/www.robertosedda.it\/wp-content\/uploads\/2015\/07\/Hero-Kids-diorama.jpg?resize=800%2C1422\" alt=\"Hero Kids diorama\" width=\"800\" height=\"1422\" srcset=\"https:\/\/i0.wp.com\/www.robertosedda.it\/wp-content\/uploads\/2015\/07\/Hero-Kids-diorama.jpg?w=900 900w, https:\/\/i0.wp.com\/www.robertosedda.it\/wp-content\/uploads\/2015\/07\/Hero-Kids-diorama.jpg?resize=84%2C150 84w, https:\/\/i0.wp.com\/www.robertosedda.it\/wp-content\/uploads\/2015\/07\/Hero-Kids-diorama.jpg?resize=169%2C300 169w, https:\/\/i0.wp.com\/www.robertosedda.it\/wp-content\/uploads\/2015\/07\/Hero-Kids-diorama.jpg?resize=510%2C907 510w, https:\/\/i0.wp.com\/www.robertosedda.it\/wp-content\/uploads\/2015\/07\/Hero-Kids-diorama.jpg?resize=700%2C1244 700w, https:\/\/i0.wp.com\/www.robertosedda.it\/wp-content\/uploads\/2015\/07\/Hero-Kids-diorama.jpg?resize=28%2C50 28w\" sizes=\"(max-width: 800px) 100vw, 800px\" data-recalc-dims=\"1\" \/><\/a><\/p>\n<p>Per il resto trovo\u00a0<em>Hero Kids<\/em> un po&#8217; un ibrido, che non si capisce bene se \u00e8 diretto ai bambini che lo dovrebbero giocare o ai genitori o animatori ludici. Ovviamente il caso \u00e8 il secondo, ma il\u00a0regolamento \u00e8 scritto non solo per avere regole semplici, ma anche per essere semplice in generale, e sono due cose diverse: servirebbe molto pi\u00f9 materiale di supporto e un lavoro pi\u00f9 ampio su come impostare le partite e eventuali campagne, il che richiederebbe un bel manualone corposo. Invece \u00e8 un regolamento scheletrico, come se dovesse andare in mano ai bambini stessi, e questo lo fa scivolare un po&#8217; da semplice a\u00a0semplicistico; le regole base, in ogni modo, sono pi\u00f9 che adeguate ed efficaci e secondo me \u00e8 un acquisto consigliato.<\/p>\n<h3>Giocare con i preadolescenti<\/h3>\n<p>Almeno un paio delle partite che abbiamo fatto hanno visto una notevole presenza di ragazzi e ragazze sopra i quattordici anni, e questa dovrebbe essere considerata la situazione pi\u00f9 normale per i giochi di ruolo: tutti abbiamo iniziato pi\u00f9 o meno durante la scuola superiore. In realt\u00e0 oggi ho l&#8217;impressione che l&#8217;et\u00e0 media nelle associazioni sia notevolmente pi\u00f9 alta, ma comunque non mi sembra di dover fare molte osservazioni sul modo di giocare degli adolescenti (qualcosa trovate pi\u00f9 gi\u00f9, comunque). Invece mi sembra interessante il gruppo di gioco che si \u00e8 formato il sabato e che era composto quasi interamente di preadolescenti in et\u00e0 di scuola media. Il\u00a0gruppo era molto inventivo e grintoso, ma il tema pi\u00f9 interessante era che giocare con loro, rispetto a ragazzi di solo un paio d&#8217;anni di meno, \u00e8 come entrare in un altro mondo (non una gran scoperta, forse, ma mi sembra opportuno segnalarla). I ragazzi mostravano\u00a0un\u00a0<em>mix<\/em> inimitabile di ingenuit\u00e0 e aggressivit\u00e0 che potrebbe rendere le partite di giochi di ruolo con questa fascia di et\u00e0 delle esperienze davvero esaltanti. E l&#8217;esperienza positiva che abbiamo fatto con loro di creazione condivisa del mondo mi suggerisce che una via interessante per un laboratorio, per esempio a scuola o all&#8217;oratorio, potrebbe essere quella della creazione (multidisciplinare?) dell&#8217;ambiente di gioco.<\/p>\n<p>Diciamolo\u00a0in altri termini: ricordate quel che si racconta di Stevenson, che cre\u00f2 la mappa dell&#8217;isola del tesoro\u00a0giocando col figliastro, e da l\u00ec venne fuori poi la trama del romanzo? \u00c8 un&#8217;esperienza che da un punto di vista materiale si pu\u00f2 fare anche coi bambini (<em>cosa c&#8217;\u00e8 qui? come chiamiamo questo monte? cosa aggiungiamo adesso?\u00a0disegniamo qualcos&#8217;altro<\/em>) ma che con dei preadolescenti pu\u00f2 assumere tutto un altro peso e un&#8217;altra profondit\u00e0 e diventare la palestra sia per imprese manuali (pensate alla costruzione del diorama della foto qui sopra) che per imparare a costruire &#8220;pezzi&#8221; di narrazioni da inserire nel mondo comune. Coi ragazzi pi\u00f9 grandi l&#8217;aspetto manuale assumerebbe un altro profilo (o ti piace trafficare e dipingere oppure no), a questo livello di et\u00e0 si pu\u00f2 costruire fra lavoro manuale e invenzione ideale\u00a0un\u00a0<em>mix<\/em>\u00a0probabilmente perfetto.<\/p>\n<h3>L&#8217;importanza del riscaldamento<\/h3>\n<p>Sia che fosse fatto con il nostro\u00a0<em>curling<\/em> (una vera macchina da guerra) oppure\u00a0con semplici esercizi di acclimatamento il fatto di non iniziare mai a giocare a freddo si \u00e8 rivelato vincente. Sembrer\u00e0 una banalit\u00e0 ma in altri casi \u00e8 capitato che ce ne fossimo dimenticati con esiti non proprio ottimali, e\u00a0proprio alcune dure lezioni del passato ci hanno portato stavolta a essere attenti a questa dimensione, e infatti ha funzionato tutto al meglio; lo segnalo per chi si trovasse a gestire occasioni di questo genere: poco tempo a spiegare i regolamenti, molto tempo a creare il clima, e sarete ripagati ampiamente.<a href=\"https:\/\/i0.wp.com\/www.robertosedda.it\/wp-content\/uploads\/2015\/07\/Gavoi-cena-finale.jpg\"><img data-attachment-id=\"10508\" data-permalink=\"http:\/\/www.robertosedda.it\/?attachment_id=10508\" data-orig-file=\"https:\/\/i0.wp.com\/www.robertosedda.it\/wp-content\/uploads\/2015\/07\/Gavoi-cena-finale.jpg?fit=1181%2C787\" data-orig-size=\"1181,787\" data-comments-opened=\"1\" data-image-meta=\"{&quot;aperture&quot;:&quot;0&quot;,&quot;credit&quot;:&quot;&quot;,&quot;camera&quot;:&quot;&quot;,&quot;caption&quot;:&quot;&quot;,&quot;created_timestamp&quot;:&quot;0&quot;,&quot;copyright&quot;:&quot;&quot;,&quot;focal_length&quot;:&quot;0&quot;,&quot;iso&quot;:&quot;0&quot;,&quot;shutter_speed&quot;:&quot;0&quot;,&quot;title&quot;:&quot;&quot;,&quot;orientation&quot;:&quot;0&quot;}\" data-image-title=\"Gavoi cena finale\" data-image-description=\"\" data-image-caption=\"\" data-medium-file=\"https:\/\/i0.wp.com\/www.robertosedda.it\/wp-content\/uploads\/2015\/07\/Gavoi-cena-finale.jpg?fit=300%2C200\" data-large-file=\"https:\/\/i0.wp.com\/www.robertosedda.it\/wp-content\/uploads\/2015\/07\/Gavoi-cena-finale.jpg?fit=510%2C340\" decoding=\"async\" loading=\"lazy\" class=\"alignright size-full wp-image-10508\" src=\"https:\/\/i0.wp.com\/www.robertosedda.it\/wp-content\/uploads\/2015\/07\/Gavoi-cena-finale.jpg?resize=800%2C533\" alt=\"Gavoi cena finale\" width=\"800\" height=\"533\" srcset=\"https:\/\/i0.wp.com\/www.robertosedda.it\/wp-content\/uploads\/2015\/07\/Gavoi-cena-finale.jpg?w=1181 1181w, https:\/\/i0.wp.com\/www.robertosedda.it\/wp-content\/uploads\/2015\/07\/Gavoi-cena-finale.jpg?resize=150%2C100 150w, https:\/\/i0.wp.com\/www.robertosedda.it\/wp-content\/uploads\/2015\/07\/Gavoi-cena-finale.jpg?resize=300%2C200 300w, https:\/\/i0.wp.com\/www.robertosedda.it\/wp-content\/uploads\/2015\/07\/Gavoi-cena-finale.jpg?resize=510%2C340 510w, https:\/\/i0.wp.com\/www.robertosedda.it\/wp-content\/uploads\/2015\/07\/Gavoi-cena-finale.jpg?resize=700%2C466 700w, https:\/\/i0.wp.com\/www.robertosedda.it\/wp-content\/uploads\/2015\/07\/Gavoi-cena-finale.jpg?resize=50%2C33 50w\" sizes=\"(max-width: 800px) 100vw, 800px\" data-recalc-dims=\"1\" \/><\/a><\/p>\n<h3><em>Railroading<\/em> e altre cose che non si dovrebbero (forse) fare<\/h3>\n<p>Giocare con bambini, preadolescenti o giocatori neofiti in partite dimostrative permette &#8211; anzi: impone &#8211; di gestire la narrazione e il gioco in modi che l&#8217;ortodossia considera scorretti.<\/p>\n<p>Si chiama <em>railroading<\/em>\u00a0(&#8220;imprigionare su rotaie&#8221;) l&#8217;azione per la quale l&#8217;arbitro conduce i giocatori lungo\u00a0un percorso prefissato. Con i giocatori esperti, soprattutto se adulti, \u00e8 molto irritante perch\u00e9 limita la loro libert\u00e0; con il tipo di giocatori con i quali ci siamo confrontati a Gavoi l&#8217;enfasi \u00e8 sul meraviglioso, sull&#8217;avventura, sul vivere un&#8217;esperienza divertente e molto meno sull&#8217;approfondimento della dimensione psicologica del loro personaggio, quindi certe cose ci stanno.<\/p>\n<blockquote><p>\u00abLa grande caverna sotterranea \u00e8 piena zeppa di grandi topi mannari. Sono troppi per voi: forse dovreste fuggire lungo la galleria che vedete alla vostra sinistra&#8230;\u00bb.<\/p>\n<p>\u00abAttacchiamo!!\u00bb.<\/p>\n<p>\u00abI topi vi saltano addosso e, forti del loro numero, vi catturano, vi conducono nella galleria alla vostra sinistra e vi chiudono dentro delle gabbie di ferro. Dovete cercare di fuggire\u00bb.<\/p><\/blockquote>\n<p>E questo vale anche per il sacrificare la coerenza narrativa se si tratta di\u00a0assecondare delle invenzioni dei giocatori: non credo che si possa affondare in quattro e quattr&#8217;otto un galeone usando\u00a0una scure nella stiva, ma che importa? Queste sono situazioni di gioco nelle quali non \u00e8 la coerenza il valore principale.<\/p>\n<p>Lo stesso vale per le situazioni in cui la preparazione superiore dell&#8217;arbitro gli consente di porre una situazione per la quale sa in anticipo come reagiranno i bambini o ragazzi, con una specie di <em>railroading <\/em>indiretto. Per esempio quando spiegavo il gioco facevo sempre questo esempio: sceglievo una bambina o una ragazzina e gli dicevo:<\/p>\n<blockquote><p>\u00abAllora, Anna, tu sei una principessa&#8230;\u00bb.<\/p>\n<p>Sorrisone automatico.<\/p>\n<p>\u00ab&#8230; un giorno il re tuo padre viene e ti dice che purtroppo \u00e8 costretto a farti sposare il malvagio Gobbo Nero, un cattivo e orribile principe del paese vicino. Allora la tua cameriera personale ti propone, per non sposare quel cattivo principe, di fuggire nel bosco. Cosa vuoi fare: sposare il principe o scappare nel bosco?\u00bb.<\/p><\/blockquote>\n<p>Cento volte su cento la principessa scappa nel bosco, ovviamente. Tu puoi anche farti bello dicendole che vedi, la storia dipende dalle tue decisioni e da quel che vuoi fare,\u00a0<em>seeee<\/em>, come no: fra voi due non c&#8217;\u00e8 partita. Lo stesso vale per quelle situazioni in cui si fa presa sul senso di avventura dei bambini e dei ragazzi:<\/p>\n<blockquote><p>Mentre scappi nel bosco coi tuoi amici arrivi a una castello. Un castello tutto nero, con le sbarre alle finestre, i cornicioni e i merli a forma di drago con la bocca aperta a mostrare zanne appuntite e un grande cartello davanti al ponte levatoio con scritto: \u00abGuai a chi entra\u00bb. Cosa fate?<\/p>\n<p>\u00abENTRIAMO!!!!\u00bb<\/p><\/blockquote>\n<p>che \u00e8 esattamente quello che ti aspettavi.<\/p>\n<h3>Competenze narrative<\/h3>\n<p>Prima di giocare abbiamo sempre chiesto, come parte del riscaldamento e del meccanismo di conoscenza comune, che cosa leggessero i ragazzi, che\u00a0<em>TV<\/em> e cinema guardassero e cos\u00ec via. Anche facendo la tara al ventaglio di et\u00e0 molto diverse presenti i risultati sono sempre stati per me sorprendenti: stando al nostro limitato campione nessuno legge fumetti o quasi; gli adolescenti non leggono\u00a0<em>nulla<\/em>; i preadolescenti leggono una variet\u00e0 di cose molto differenti fra loro, con una certa presenza di\u00a0<em>urban romantic<\/em> (<em>Twilight, Hunger Games<\/em>) e guardano una quantit\u00e0 impressionante di\u00a0<em>TV<\/em> spazzatura, soprattutto\u00a0<em>reality<\/em>; soprattutto fra i ragazzi pi\u00f9 grandi la fruizione <em>consapevole<\/em> di materiali narrativi \u00e8 affidata quasi esclusivamente ai\u00a0<em>blockbuster<\/em>\u00a0cinematografici americani.<\/p>\n<p>Parentesi: \u00e8 stato per questo che quando il primo giorno ho usato la tecnica iniziale di\u00a0<em>Mondi che funzionano<\/em>, che prevede di stilare un elenco di titoli di <em>film<\/em> o libri che poi si manipolano per creare\u00a0<em>altri<\/em> titoli che diano spunto alla propria narrazione (un trucco che ci ha insegnato Beniamino Sidoti), mi sono trovato subito in difficolt\u00e0:<\/p>\n<blockquote><p>\u00abAllora, ragazzi,\u00a0adesso ciascuno dice il titolo del suo film, telefilm, romanzo o fumetto preferito, possibilmente di avventura, ok?\u00bb<\/p>\n<p>\u00abInception\u00bb. \u00abThe Avengers\u00bb. \u00abHunger Games\u00bb. \u00abIron Man\u00bb&#8230;<\/p>\n<p>\u00abEhm, ok, scusate, facciamo cos\u00ec: il titolo deve essere almeno di due parole e possibilmente in italiano, d&#8217;accordo? E che ne dite se invece mettiamo &#8220;La ragazza di fuoco&#8221; e &#8220;L&#8217;uomo di ferro&#8221;? Possiamo fare cos\u00ec, che dite?\u00bb.<\/p><\/blockquote>\n<p>Insomma, apparentemente i ragazzi avevano una dieta narrativa un po&#8217; povera, a cui invece faceva riscontro una buona competenza narrativa, anche se magari soprattutto istintiva. Per esempio i bambini del sabato mattina, di fronte ai topi mannari che rapivano i loro concittadini per venderli ai mercanti di schiavi hanno deciso di farsi catturare\u00a0per potersi infiltrare sulla nave e liberare i prigionieri\u00a0(sono cose che funzionano solo nelle storie di avventura, ma era un&#8217;idea di buona qualit\u00e0), i ragazzi del giorno prima di fronte al numero esorbitante di topi hanno cercato e ottenuto la singolar tenzone\u00a0fra un campione degli avventurieri e\u00a0il pi\u00f9 forte dei topi, e molte altre cose del genere.<\/p>\n<p>Su un altro piano non solo la storia inventata dal gruppo del venerd\u00ec era un ottimo\u00a0<em>horror<\/em> (titolo deciso da loro:\u00a0<em>La casa del sorriso<\/em>); il meccanismo era che ciascuno doveva aggiungere un particolare rispettando quanto detto dai giocatori precedenti:<\/p>\n<blockquote>\n<ul>\n<li>A Paulilatino c&#8217;\u00e8 una casa<\/li>\n<li>In questa casa viveva una strega<\/li>\n<li>Adesso la strega \u00e8 morta<\/li>\n<li>C&#8217;era chi diceva che la strega non viveva l\u00ec da sola<\/li>\n<li>La strega curava le persone<\/li>\n<li>Ma una volta uno \u00e8 andato a farsi curare gli occhi e la strega glieli ha cavati<\/li>\n<li>La casa era molto antica<\/li>\n<li>La casa sorgeva su un cimitero<\/li>\n<\/ul>\n<\/blockquote>\n<p>A questo punto gli ho chiesto di allargare la storia, aggiungendo un altro &#8220;mattone&#8221; invece di continuare ad abbellire quel che avevano gi\u00e0 creato, e loro non si sono fatti minimamente turbare:<\/p>\n<blockquote>\n<ul>\n<li>Adesso in quella casa ci hanno messo gli immigrati<\/li>\n<li>Gli immigrati cominciano a morire e vengono ritrovati senza occhi<\/li>\n<\/ul>\n<\/blockquote>\n<p>Ripeto: secondo me un&#8217;<em>ottima<\/em> storia dell&#8217;orrore. Ma anche il giorno dopo, durante la costruzione di una complicata storia fantascientifica di streghe che davano la caccia a &#8220;stelle&#8221; fatte di latte e con gli occhi di biscotto, quando Andrea ha chiesto l&#8217;introduzione di un antagonista per evitare che il racconto si avvitasse su se stesso, subito sono saltati fuori dei\u00a0<em>Protettori<\/em> e i ragazzi hanno consapevolmente alzato il livello dell&#8217;invenzione per rispondere alla sollecitazione ricevuta. Insomma: si deve supporre una esposizione prolungata a materiali narrativi e la presenza di un certo numero di strumenti critici&#8230; ma inconsapevoli, quasi assunti per osmosi.<\/p>\n<p>Questa competenza, secondo me, \u00e8 in realt\u00e0 la chiave di accesso al giocare in maniera soddisfacente con gli adolescenti: se percepiscono che il linguaggio comune sul quale ci si vuole muovere \u00e8 questo, che loro considerano come un\u00a0<em>dato<\/em>, \u00e8 fatta.<\/p>\n<h3><em>Horror<\/em>, che passione<\/h3>\n<p>Naturalmente giocare con gli adolescenti in una\u00a0cornice\u00a0condivisa di questo genere vuol dire lavorare sui generi che vanno per la maggiore fra loro, fra i quali l&#8217;<em>horror<\/em>, mi pare di capire, la fa da padrone, sia fra i ragazzi\u00a0che fra le ragazze. La cosa un po&#8217; mi ha stupito perch\u00e9 dipende indubbiamente dal fatto che si tratta di un genere percepito come trasgressivo, e non pensavo che ancora l&#8217;<em>horror<\/em> mantenesse questa sua carica eversiva.<\/p>\n<p><a href=\"https:\/\/i0.wp.com\/www.robertosedda.it\/wp-content\/uploads\/2015\/07\/La-Maschera-della-Morte-Rossa.jpg\"><img data-attachment-id=\"10529\" data-permalink=\"http:\/\/www.robertosedda.it\/?attachment_id=10529\" data-orig-file=\"https:\/\/i0.wp.com\/www.robertosedda.it\/wp-content\/uploads\/2015\/07\/La-Maschera-della-Morte-Rossa.jpg?fit=220%2C300\" data-orig-size=\"220,300\" data-comments-opened=\"1\" data-image-meta=\"{&quot;aperture&quot;:&quot;0&quot;,&quot;credit&quot;:&quot;&quot;,&quot;camera&quot;:&quot;&quot;,&quot;caption&quot;:&quot;&quot;,&quot;created_timestamp&quot;:&quot;0&quot;,&quot;copyright&quot;:&quot;&quot;,&quot;focal_length&quot;:&quot;0&quot;,&quot;iso&quot;:&quot;0&quot;,&quot;shutter_speed&quot;:&quot;0&quot;,&quot;title&quot;:&quot;&quot;,&quot;orientation&quot;:&quot;1&quot;}\" data-image-title=\"La Maschera della Morte Rossa\" data-image-description=\"\" data-image-caption=\"\" data-medium-file=\"https:\/\/i0.wp.com\/www.robertosedda.it\/wp-content\/uploads\/2015\/07\/La-Maschera-della-Morte-Rossa.jpg?fit=220%2C300\" data-large-file=\"https:\/\/i0.wp.com\/www.robertosedda.it\/wp-content\/uploads\/2015\/07\/La-Maschera-della-Morte-Rossa.jpg?fit=220%2C300\" decoding=\"async\" loading=\"lazy\" class=\"alignright size-full wp-image-10529\" src=\"https:\/\/i0.wp.com\/www.robertosedda.it\/wp-content\/uploads\/2015\/07\/La-Maschera-della-Morte-Rossa.jpg?resize=220%2C300\" alt=\"La Maschera della Morte Rossa\" width=\"220\" height=\"300\" srcset=\"https:\/\/i0.wp.com\/www.robertosedda.it\/wp-content\/uploads\/2015\/07\/La-Maschera-della-Morte-Rossa.jpg?w=220 220w, https:\/\/i0.wp.com\/www.robertosedda.it\/wp-content\/uploads\/2015\/07\/La-Maschera-della-Morte-Rossa.jpg?resize=110%2C150 110w, https:\/\/i0.wp.com\/www.robertosedda.it\/wp-content\/uploads\/2015\/07\/La-Maschera-della-Morte-Rossa.jpg?resize=37%2C50 37w\" sizes=\"(max-width: 220px) 100vw, 220px\" data-recalc-dims=\"1\" \/><\/a>Oddio: pi\u00f9 di una volta mi \u00e8 capitato di stare vicino al banco dei libri. C&#8217;erano i fumetti della\u00a0<em><a href=\"http:\/\/www.kleinerflug.com\/\">Kleiner Flug<\/a><\/em> e fra loro una trasposizione da Edgar Allan Poe,\u00a0<em>La maschera della morte rossa<\/em>. Ovviamente tutti i genitori\u00a0volevano comprare un fumetto ai figli (non sapendo che i ragazzini\u00a0<em>non<\/em> leggono pi\u00f9 fumetti) e altrettanto ovviamente <em>tutti<\/em> sceglievano questo.<\/p>\n<p>Oh, ci fosse stato un genitore che rispettasse la scelta del figlio?!<\/p>\n<p>Nessuno.<\/p>\n<p><i>\u00abPrendiamo\u00a0<\/i><em>Donatello<\/em>, invece\u00bb. Maddai&#8230;<\/p>\n<p>\u00abPoi ti fa paura\u00bb.<\/p>\n<p>\u00abMa\u00a0<em>mamma<\/em>. L&#8217;ho gi\u00e0 sfogliato, non mi fa paura, l&#8217;ho gi\u00e0\u00a0<em>letto<\/em>\u00bb.<\/p>\n<p>\u00abNo no,\u00a0<em>Donatello<\/em>\u00bb.<\/p>\n<p>E quindi sicuramente tutto ci\u00f2 che \u00e8 pauroso \u00e8 anche destabilizzante per i genitori. E naturalmente gli adolescenti sono affascinati dalla dimensione oscura, dalla morte e cos\u00ec via: fa parte della ricerca di autonomia tipica dell&#8217;et\u00e0. Ma sono rimasto lo stesso un attimo perplesso: non pensavo che col grado di violenza comune sui\u00a0<em>media<\/em> i ragazzi provassero ancora un brivido a immaginarsi in possesso di un oggetto acuminato atto a offendere, o all&#8217;idea di vedere spillare il sangue. A occhio non mi pare che ci siano molti\u00a0strumenti ludici adatti a soddisfare l&#8217;esigenza di narrazioni di questo genere &#8211; e sicuramente non credo siano adatti tutti i vari materiali\u00a0<em>White Wolf<\/em>, a parte che sono relativamente difficili da procurarsi &#8211; e trovo che qui c&#8217;\u00e8 un campo aperto per sperimentazioni interessanti, e forse anche un campo promettente in senso commerciale.<\/p>\n<h3>Laboratori educativi?<\/h3>\n<p>Credo che tutti i bambini e le bambine, i ragazzi e le ragazze che hanno giocato con noi si siano divertiti. E andando oltre: molti hanno probabilmente scoperto un mondo di giochi possibili che non conoscevano e che li attirano (a occhio: un quinto dei ragazzi farebbe dei giochi di ruolo un <em>hobby<\/em> in qualche modo continuativo). E quindi andando via ci siamo chiesti: <em>e adesso?<\/em><\/p>\n<p><a href=\"https:\/\/i0.wp.com\/www.robertosedda.it\/wp-content\/uploads\/2015\/07\/Donatello-Kleiner-Flug.jpg\"><img data-attachment-id=\"10530\" data-permalink=\"http:\/\/www.robertosedda.it\/?attachment_id=10530\" data-orig-file=\"https:\/\/i0.wp.com\/www.robertosedda.it\/wp-content\/uploads\/2015\/07\/Donatello-Kleiner-Flug.jpg?fit=220%2C300\" data-orig-size=\"220,300\" data-comments-opened=\"1\" data-image-meta=\"{&quot;aperture&quot;:&quot;0&quot;,&quot;credit&quot;:&quot;&quot;,&quot;camera&quot;:&quot;&quot;,&quot;caption&quot;:&quot;&quot;,&quot;created_timestamp&quot;:&quot;0&quot;,&quot;copyright&quot;:&quot;&quot;,&quot;focal_length&quot;:&quot;0&quot;,&quot;iso&quot;:&quot;0&quot;,&quot;shutter_speed&quot;:&quot;0&quot;,&quot;title&quot;:&quot;&quot;,&quot;orientation&quot;:&quot;1&quot;}\" data-image-title=\"Donatello Kleiner Flug\" data-image-description=\"\" data-image-caption=\"\" data-medium-file=\"https:\/\/i0.wp.com\/www.robertosedda.it\/wp-content\/uploads\/2015\/07\/Donatello-Kleiner-Flug.jpg?fit=220%2C300\" data-large-file=\"https:\/\/i0.wp.com\/www.robertosedda.it\/wp-content\/uploads\/2015\/07\/Donatello-Kleiner-Flug.jpg?fit=220%2C300\" decoding=\"async\" loading=\"lazy\" class=\"alignleft size-full wp-image-10530\" src=\"https:\/\/i0.wp.com\/www.robertosedda.it\/wp-content\/uploads\/2015\/07\/Donatello-Kleiner-Flug.jpg?resize=220%2C300\" alt=\"Donatello Kleiner Flug\" width=\"220\" height=\"300\" srcset=\"https:\/\/i0.wp.com\/www.robertosedda.it\/wp-content\/uploads\/2015\/07\/Donatello-Kleiner-Flug.jpg?w=220 220w, https:\/\/i0.wp.com\/www.robertosedda.it\/wp-content\/uploads\/2015\/07\/Donatello-Kleiner-Flug.jpg?resize=110%2C150 110w, https:\/\/i0.wp.com\/www.robertosedda.it\/wp-content\/uploads\/2015\/07\/Donatello-Kleiner-Flug.jpg?resize=37%2C50 37w\" sizes=\"(max-width: 220px) 100vw, 220px\" data-recalc-dims=\"1\" \/><\/a>\u00c8 improbabile che molti dei ragazzi che hanno giocato con noi trovino, nel prossimo futuro, qualcuno che gli consenta di approfondire quella che potrebbe (avrebbe potuto) diventare una passione. Per i\u00a0<em>Fabbricastorie<\/em>, ci siamo detti, \u00e8 un problema. Un problema irrisolvibile, al momento, ma un problema che in qualche modo ci interroga. Faremo in futuro un lavoro coi ragazzi della scuola media di Villasor, e abbiamo chiesto e ottenuto di poter fare per\u00f2 anche un seminario di accompagnamento con gli insegnanti, o i capi\u00a0<em>scout<\/em>, o gli educatori dell&#8217;oratorio: un modo, insomma, per lasciare delle competenze sul territorio. Mi sembra una strada opportuna e dopo questa esperienza probabilmente ce lo daremo come metodo.<\/p>\n<p>Il discorso, per\u00f2, \u00e8 pi\u00f9 sottile: \u00e8 possibile, dopo un seminario di questo genere, non affidare la prosecuzione dell&#8217;esperienza alla mediazione di un adulto che continui\u00a0il nostro lavoro, ma sviluppare\u00a0<em>direttamente<\/em> delle competenze nelle persone &#8211; bambini &#8211; che fanno il seminario? Non ho dubbi che gli adolescenti che hanno giocato si possano essere\u00a0portati via delle tecniche di lavoro che hanno visto mettere in pratica e delle idee, sui generi, sui &#8220;blocchi base&#8221; delle narrazioni, che potranno forse essere ricordate e dare frutto pi\u00f9 avanti. Per i preadolescenti e i bambini, invece, non c&#8217;era niente che si potessero portar via, se non il ricordo di una bella esperienza. Come migliorare sotto questo punto di vista &#8211; che semi piantare &#8211; \u00e8 un tema che probabilmente approfondiremo, soprattutto se ci accorgessimo che le occasioni di gioco coi bambini diventano frequenti.<\/p>\n<p>Parentesi autobiografica: non \u00e8 detto che queste cose da portarsi via dal seminario debbano essere complicate. Per esempio a otto anni mia madre mi compr\u00f2 una serie di quaderni di scuola pubblicati dalla vecchia\u00a0<em>AIGI, <\/em>l&#8217;associazione italiana dei giochi intelligenti: non ricordo bene che cosa ci avessero messo dentro ma io fui catturato dall&#8217;idea che ci potessero <em>essere<\/em> giochi intelligenti: quando molti anni dopo fu pubblicato\u00a0<em>Pergioco<\/em> mi accorsi che lo avevo aspettato per tutti quegli anni.<\/p>\n<h2>E infine i ringraziamenti<\/h2>\n<p>Che vogliamo ringraziare calorosamente tutto lo\u00a0<em>staff<\/em> del <em>festival<\/em>, a ogni livello, si sar\u00e0 capito, no? Consentitemi per\u00f2 alcune menzioni individuali: prima di tutto per Teresa Porcella, che ci ha sollecitato inizialmente a formulare una proposta\u00a0di seminario e ci ha portato al <em>festival<\/em>, poi per Marcella e Enrico\u00a0della segreteria, per la libreria <em>Novecento<\/em> di Nuoro\u00a0e infine tutti i volontari e gli insegnanti che prestavano servizio nell&#8217;area della scuola e della sezione ragazzi del\u00a0<em>festival<\/em>.<\/p>\n<p>E il ringraziamento pi\u00f9 importante, per i bambini e le bambine, i ragazzi e le ragazze che hanno giocato con noi. Loro non ci hanno creduto quando gli ho detto che per noi era stato un onore e un privilegio, ma era davvero cos\u00ec!<\/p>\n<p>(le foto del\u00a0<em>festival<\/em> vengono dalla pagina\u00a0<em>Facebook<\/em> dell&#8217;associazione\u00a0<em>Isola delle storie<\/em>)<\/p>\n","protected":false},"excerpt":{"rendered":"<p>Come vi raccontavo la scorsa settimana\u00a0tre\u00a0Fabbricastorie su quattro, con l&#8217;aggiunta di Maria Bonaria, sono stati alla\u00a0XII edizione di\u00a0Isola delle storie\u00a0a<\/p>\n","protected":false},"author":1,"featured_media":10500,"comment_status":"open","ping_status":"open","sticky":false,"template":"","format":"standard","meta":{"_mi_skip_tracking":false,"_monsterinsights_sitenote_active":false,"_monsterinsights_sitenote_note":"","_monsterinsights_sitenote_category":0,"jetpack_post_was_ever_published":false,"_jetpack_newsletter_access":"","jetpack_publicize_message":"","jetpack_is_tweetstorm":false,"jetpack_publicize_feature_enabled":true,"jetpack_social_post_already_shared":true,"jetpack_social_options":{"image_generator_settings":{"template":"highway","enabled":false}}},"categories":[52,9,55,77],"tags":[],"jetpack_publicize_connections":[],"jetpack_featured_media_url":"https:\/\/i0.wp.com\/www.robertosedda.it\/wp-content\/uploads\/2015\/07\/Gavoi-Fabbricastorie-Isola-delle-storie.jpg?fit=800%2C533","jetpack_sharing_enabled":true,"jetpack_shortlink":"https:\/\/wp.me\/p4jV2T-2Jj","jetpack_likes_enabled":true,"jetpack-related-posts":[{"id":10494,"url":"http:\/\/www.robertosedda.it\/?p=10494","url_meta":{"origin":10497,"position":0},"title":"E quindi si va a Gavoi&#8230;","author":"Rufus","date":"02\/07\/2015","format":"image","excerpt":"Da domani sono a\u00a0Isola\u00a0delle storie di Gavoi con i\u00a0Fabbricastorie a far provare ai bambini la prima partita di gioco di ruolo della loro vita (a parte altre migliaia giocate senza saperlo). Devo confessare che sono molto preoccupato, pi\u00f9 di quanto lo sia stato per occasioni di gioco molto pi\u00f9 complesse.\u2026","rel":"","context":"In &quot;Coordinate&quot;","block_context":{"text":"Coordinate","link":"http:\/\/www.robertosedda.it\/?cat=52"},"img":{"alt_text":"","src":"https:\/\/i0.wp.com\/www.robertosedda.it\/wp-content\/uploads\/2015\/07\/20150702_150959.jpg?fit=1200%2C720&resize=350%2C200","width":350,"height":200,"srcset":"https:\/\/i0.wp.com\/www.robertosedda.it\/wp-content\/uploads\/2015\/07\/20150702_150959.jpg?fit=1200%2C720&resize=350%2C200 1x, https:\/\/i0.wp.com\/www.robertosedda.it\/wp-content\/uploads\/2015\/07\/20150702_150959.jpg?fit=1200%2C720&resize=700%2C400 2x, https:\/\/i0.wp.com\/www.robertosedda.it\/wp-content\/uploads\/2015\/07\/20150702_150959.jpg?fit=1200%2C720&resize=1050%2C600 3x"},"classes":[]},{"id":15918,"url":"http:\/\/www.robertosedda.it\/?p=15918","url_meta":{"origin":10497,"position":1},"title":"Alessio","author":"Rufus","date":"04\/12\/2018","format":false,"excerpt":"Domenica mattina io e i\u00a0Fabbricastorie siamo andati all'Auditorium Comunale per fare Mondi che funzionano al festival\u00a0LEI. C'era poca gente, una condizione che sempre ti procura un sacco di pensieri: dovevamo fare pi\u00f9 pubblicit\u00e0? Se abbiamo coinvolto poca gente cosa penser\u00e0 di noi il festival che ci ospita? O magari sono\u2026","rel":"","context":"In &quot;Coordinate&quot;","block_context":{"text":"Coordinate","link":"http:\/\/www.robertosedda.it\/?cat=52"},"img":{"alt_text":"","src":"https:\/\/i0.wp.com\/www.robertosedda.it\/wp-content\/uploads\/2018\/11\/Mondi-che-funzionano.jpg?fit=960%2C720&resize=350%2C200","width":350,"height":200,"srcset":"https:\/\/i0.wp.com\/www.robertosedda.it\/wp-content\/uploads\/2018\/11\/Mondi-che-funzionano.jpg?fit=960%2C720&resize=350%2C200 1x, https:\/\/i0.wp.com\/www.robertosedda.it\/wp-content\/uploads\/2018\/11\/Mondi-che-funzionano.jpg?fit=960%2C720&resize=700%2C400 2x"},"classes":[]},{"id":17487,"url":"http:\/\/www.robertosedda.it\/?p=17487","url_meta":{"origin":10497,"position":2},"title":"Fotogiornalismo da non perdere","author":"Rufus","date":"05\/11\/2019","format":false,"excerpt":"Nel mio recente giro per l'interno della Sardegna, in uno dei momenti nei quali Google Maps non mi portava fuori strada, sono andato a Gavoi. Volevamo vedere la mostra World Press Photo Exhibition 2019, l'esibizione delle foto scattate dai finalisti di uno dei pi\u00f9 importanti concorsi di reportage fotografici al\u2026","rel":"","context":"In &quot;Coordinate&quot;","block_context":{"text":"Coordinate","link":"http:\/\/www.robertosedda.it\/?cat=52"},"img":{"alt_text":"","src":"https:\/\/i0.wp.com\/www.robertosedda.it\/wp-content\/uploads\/2019\/11\/WPF-Gavoi.png?fit=1182%2C857&resize=350%2C200","width":350,"height":200,"srcset":"https:\/\/i0.wp.com\/www.robertosedda.it\/wp-content\/uploads\/2019\/11\/WPF-Gavoi.png?fit=1182%2C857&resize=350%2C200 1x, https:\/\/i0.wp.com\/www.robertosedda.it\/wp-content\/uploads\/2019\/11\/WPF-Gavoi.png?fit=1182%2C857&resize=700%2C400 2x, https:\/\/i0.wp.com\/www.robertosedda.it\/wp-content\/uploads\/2019\/11\/WPF-Gavoi.png?fit=1182%2C857&resize=1050%2C600 3x"},"classes":[]},{"id":9975,"url":"http:\/\/www.robertosedda.it\/?p=9975","url_meta":{"origin":10497,"position":3},"title":"Incontru a nuove pagine di vita","author":"Rufus","date":"15\/04\/2015","format":false,"excerpt":"Non ero mai stato al rito de S'incontru anche se naturalmente sapevo che in molti paesi della Sardegna \u00e8 una parte importante dei riti di Pasqua. Avevo visto delle foto conservate nella casa di Orani (la Pasqua del 1961, credo) e ne avevo sentito parlare, ma non c'ero mai stato,\u2026","rel":"","context":"In &quot;Coordinate&quot;","block_context":{"text":"Coordinate","link":"http:\/\/www.robertosedda.it\/?cat=52"},"img":{"alt_text":"","src":"https:\/\/i0.wp.com\/www.robertosedda.it\/wp-content\/uploads\/2015\/04\/Raganella.jpg?fit=768%2C1024&resize=350%2C200","width":350,"height":200,"srcset":"https:\/\/i0.wp.com\/www.robertosedda.it\/wp-content\/uploads\/2015\/04\/Raganella.jpg?fit=768%2C1024&resize=350%2C200 1x, https:\/\/i0.wp.com\/www.robertosedda.it\/wp-content\/uploads\/2015\/04\/Raganella.jpg?fit=768%2C1024&resize=700%2C400 2x"},"classes":[]},{"id":13634,"url":"http:\/\/www.robertosedda.it\/?p=13634","url_meta":{"origin":10497,"position":4},"title":"I got a gig in Sant&#8217;Antioco","author":"Rufus","date":"28\/04\/2017","format":false,"excerpt":"Ok, il titolo (che pi\u00f9 o meno vuol dire Ho un ingaggio per esibirmi a Sant'Antioco) \u00e8 in inglese perch\u00e9 parliamo di cose poliglotte. I\u00a0Fabbricastorie sono stati gentilmente invitati dai bravissimi amici dell'Associazione Iklos a presentare alcuni giochi al festival poliglotta\u00a0Limbas, che \u00e8 gi\u00e0 in svolgimento dal 25 aprile a\u2026","rel":"","context":"In &quot;Coordinate&quot;","block_context":{"text":"Coordinate","link":"http:\/\/www.robertosedda.it\/?cat=52"},"img":{"alt_text":"","src":"https:\/\/i0.wp.com\/www.robertosedda.it\/wp-content\/uploads\/2017\/04\/Limbas.png?fit=1200%2C416&resize=350%2C200","width":350,"height":200,"srcset":"https:\/\/i0.wp.com\/www.robertosedda.it\/wp-content\/uploads\/2017\/04\/Limbas.png?fit=1200%2C416&resize=350%2C200 1x, https:\/\/i0.wp.com\/www.robertosedda.it\/wp-content\/uploads\/2017\/04\/Limbas.png?fit=1200%2C416&resize=700%2C400 2x, https:\/\/i0.wp.com\/www.robertosedda.it\/wp-content\/uploads\/2017\/04\/Limbas.png?fit=1200%2C416&resize=1050%2C600 3x"},"classes":[]},{"id":17549,"url":"http:\/\/www.robertosedda.it\/?p=17549","url_meta":{"origin":10497,"position":5},"title":"Non avendo ancora parlato&#8230;","author":"Rufus","date":"21\/11\/2019","format":false,"excerpt":"... del ritorno di PlayRooms, lo faccio ora. Come forse ricorderete la prima incarnazione di PlayRooms \u00e8 stata alla Manifattura, un po' pi\u00f9 di un anno fa. Volevamo investigare i giochi immersivi, che fossero videogiochi, giochi di ruolo, giochi teatrali, LARP o giochi di comitato. E volevamo farlo giocando (il\u2026","rel":"","context":"In &quot;Coordinate&quot;","block_context":{"text":"Coordinate","link":"http:\/\/www.robertosedda.it\/?cat=52"},"img":{"alt_text":"","src":"https:\/\/i0.wp.com\/www.robertosedda.it\/wp-content\/uploads\/2019\/11\/PlayRoom.jpg?fit=1200%2C900&resize=350%2C200","width":350,"height":200,"srcset":"https:\/\/i0.wp.com\/www.robertosedda.it\/wp-content\/uploads\/2019\/11\/PlayRoom.jpg?fit=1200%2C900&resize=350%2C200 1x, https:\/\/i0.wp.com\/www.robertosedda.it\/wp-content\/uploads\/2019\/11\/PlayRoom.jpg?fit=1200%2C900&resize=700%2C400 2x, https:\/\/i0.wp.com\/www.robertosedda.it\/wp-content\/uploads\/2019\/11\/PlayRoom.jpg?fit=1200%2C900&resize=1050%2C600 3x"},"classes":[]}],"_links":{"self":[{"href":"http:\/\/www.robertosedda.it\/index.php?rest_route=\/wp\/v2\/posts\/10497"}],"collection":[{"href":"http:\/\/www.robertosedda.it\/index.php?rest_route=\/wp\/v2\/posts"}],"about":[{"href":"http:\/\/www.robertosedda.it\/index.php?rest_route=\/wp\/v2\/types\/post"}],"author":[{"embeddable":true,"href":"http:\/\/www.robertosedda.it\/index.php?rest_route=\/wp\/v2\/users\/1"}],"replies":[{"embeddable":true,"href":"http:\/\/www.robertosedda.it\/index.php?rest_route=%2Fwp%2Fv2%2Fcomments&post=10497"}],"version-history":[{"count":17,"href":"http:\/\/www.robertosedda.it\/index.php?rest_route=\/wp\/v2\/posts\/10497\/revisions"}],"predecessor-version":[{"id":10536,"href":"http:\/\/www.robertosedda.it\/index.php?rest_route=\/wp\/v2\/posts\/10497\/revisions\/10536"}],"wp:featuredmedia":[{"embeddable":true,"href":"http:\/\/www.robertosedda.it\/index.php?rest_route=\/wp\/v2\/media\/10500"}],"wp:attachment":[{"href":"http:\/\/www.robertosedda.it\/index.php?rest_route=%2Fwp%2Fv2%2Fmedia&parent=10497"}],"wp:term":[{"taxonomy":"category","embeddable":true,"href":"http:\/\/www.robertosedda.it\/index.php?rest_route=%2Fwp%2Fv2%2Fcategories&post=10497"},{"taxonomy":"post_tag","embeddable":true,"href":"http:\/\/www.robertosedda.it\/index.php?rest_route=%2Fwp%2Fv2%2Ftags&post=10497"}],"curies":[{"name":"wp","href":"https:\/\/api.w.org\/{rel}","templated":true}]}}