{"id":10494,"date":"2015-07-02T15:20:16","date_gmt":"2015-07-02T13:20:16","guid":{"rendered":"http:\/\/www.robertosedda.it\/?p=10494"},"modified":"2015-07-14T11:49:26","modified_gmt":"2015-07-14T09:49:26","slug":"e-quindi-si-va-a-gavoi","status":"publish","type":"post","link":"http:\/\/www.robertosedda.it\/?p=10494","title":{"rendered":"E quindi si va a Gavoi&#8230;"},"content":{"rendered":"<p>Da domani sono a\u00a0<a href=\"http:\/\/www.isoladellestorie.it\/autori-2015\/page\/3\/\"><em>Isola<\/em><em>\u00a0delle storie<\/em><\/a> di Gavoi con i\u00a0<em><a href=\"http:\/\/www.fabbricastorie.it\">Fabbricastorie<\/a><\/em> a far provare ai bambini la prima partita di gioco di ruolo della loro vita (a parte altre migliaia giocate senza saperlo).<\/p>\n<p>Devo confessare che sono molto preoccupato, pi\u00f9 di quanto lo sia stato per occasioni di gioco molto pi\u00f9 complesse. Bambini, siate pazienti! Nipoti e figliocci tutti, grazie dell&#8217;allenamento.<a href=\"https:\/\/i0.wp.com\/www.robertosedda.it\/wp-content\/uploads\/2015\/07\/20150702_150959.jpg\"><img data-attachment-id=\"10495\" data-permalink=\"http:\/\/www.robertosedda.it\/?attachment_id=10495\" data-orig-file=\"https:\/\/i0.wp.com\/www.robertosedda.it\/wp-content\/uploads\/2015\/07\/20150702_150959.jpg?fit=2560%2C1536\" data-orig-size=\"2560,1536\" data-comments-opened=\"1\" data-image-meta=\"{&quot;aperture&quot;:&quot;2.6&quot;,&quot;credit&quot;:&quot;&quot;,&quot;camera&quot;:&quot;GT-I8200&quot;,&quot;caption&quot;:&quot;&quot;,&quot;created_timestamp&quot;:&quot;1435849799&quot;,&quot;copyright&quot;:&quot;&quot;,&quot;focal_length&quot;:&quot;3.31&quot;,&quot;iso&quot;:&quot;50&quot;,&quot;shutter_speed&quot;:&quot;0.008056640625&quot;,&quot;title&quot;:&quot;&quot;,&quot;orientation&quot;:&quot;1&quot;}\" data-image-title=\"20150702_150959\" data-image-description=\"\" data-image-caption=\"\" data-medium-file=\"https:\/\/i0.wp.com\/www.robertosedda.it\/wp-content\/uploads\/2015\/07\/20150702_150959.jpg?fit=300%2C180\" data-large-file=\"https:\/\/i0.wp.com\/www.robertosedda.it\/wp-content\/uploads\/2015\/07\/20150702_150959.jpg?fit=510%2C306\" decoding=\"async\" loading=\"lazy\" class=\"aligncenter wp-image-10495\" src=\"https:\/\/i0.wp.com\/www.robertosedda.it\/wp-content\/uploads\/2015\/07\/20150702_150959.jpg?resize=800%2C480\" alt=\"20150702_150959\" width=\"800\" height=\"480\" srcset=\"https:\/\/i0.wp.com\/www.robertosedda.it\/wp-content\/uploads\/2015\/07\/20150702_150959.jpg?resize=510%2C306 510w, https:\/\/i0.wp.com\/www.robertosedda.it\/wp-content\/uploads\/2015\/07\/20150702_150959.jpg?resize=150%2C90 150w, https:\/\/i0.wp.com\/www.robertosedda.it\/wp-content\/uploads\/2015\/07\/20150702_150959.jpg?resize=300%2C180 300w, https:\/\/i0.wp.com\/www.robertosedda.it\/wp-content\/uploads\/2015\/07\/20150702_150959.jpg?resize=700%2C420 700w, https:\/\/i0.wp.com\/www.robertosedda.it\/wp-content\/uploads\/2015\/07\/20150702_150959.jpg?resize=50%2C30 50w, https:\/\/i0.wp.com\/www.robertosedda.it\/wp-content\/uploads\/2015\/07\/20150702_150959.jpg?w=1600 1600w, https:\/\/i0.wp.com\/www.robertosedda.it\/wp-content\/uploads\/2015\/07\/20150702_150959.jpg?w=2400 2400w\" sizes=\"(max-width: 800px) 100vw, 800px\" data-recalc-dims=\"1\" \/><\/a><\/p>\n","protected":false},"excerpt":{"rendered":"<p>Da domani sono a\u00a0Isola\u00a0delle storie di Gavoi con i\u00a0Fabbricastorie a far provare ai bambini la prima partita di gioco di<\/p>\n","protected":false},"author":1,"featured_media":10495,"comment_status":"open","ping_status":"open","sticky":false,"template":"","format":"image","meta":{"_mi_skip_tracking":false,"_monsterinsights_sitenote_active":false,"_monsterinsights_sitenote_note":"","_monsterinsights_sitenote_category":0,"jetpack_post_was_ever_published":false,"_jetpack_newsletter_access":"","jetpack_publicize_message":"","jetpack_is_tweetstorm":false,"jetpack_publicize_feature_enabled":true,"jetpack_social_post_already_shared":true,"jetpack_social_options":{"image_generator_settings":{"template":"highway","enabled":false}}},"categories":[52,9,66,55],"tags":[],"jetpack_publicize_connections":[],"jetpack_featured_media_url":"https:\/\/i0.wp.com\/www.robertosedda.it\/wp-content\/uploads\/2015\/07\/20150702_150959.jpg?fit=2560%2C1536","jetpack_sharing_enabled":true,"jetpack_shortlink":"https:\/\/wp.me\/p4jV2T-2Jg","jetpack_likes_enabled":true,"jetpack-related-posts":[{"id":10497,"url":"http:\/\/www.robertosedda.it\/?p=10497","url_meta":{"origin":10494,"position":0},"title":"Purpuzza e giochi di ruolo nelle piazze di Gavoi","author":"Rufus","date":"09\/07\/2015","format":false,"excerpt":"Come vi raccontavo la scorsa settimana\u00a0tre\u00a0Fabbricastorie su quattro, con l'aggiunta di Maria Bonaria, sono stati alla\u00a0XII edizione di\u00a0Isola delle storie\u00a0a Gavoi. Nessuno di noi era mai stato al\u00a0festival, anche se io l'avevo sfiorato pi\u00f9 volte: ma per tutti noi il periodo in cui si tiene la manifestazione \u00e8 sfortunato dal\u2026","rel":"","context":"In &quot;Coordinate&quot;","block_context":{"text":"Coordinate","link":"http:\/\/www.robertosedda.it\/?cat=52"},"img":{"alt_text":"","src":"https:\/\/i0.wp.com\/www.robertosedda.it\/wp-content\/uploads\/2015\/07\/Gavoi-Fabbricastorie-Isola-delle-storie.jpg?fit=800%2C533&resize=350%2C200","width":350,"height":200,"srcset":"https:\/\/i0.wp.com\/www.robertosedda.it\/wp-content\/uploads\/2015\/07\/Gavoi-Fabbricastorie-Isola-delle-storie.jpg?fit=800%2C533&resize=350%2C200 1x, https:\/\/i0.wp.com\/www.robertosedda.it\/wp-content\/uploads\/2015\/07\/Gavoi-Fabbricastorie-Isola-delle-storie.jpg?fit=800%2C533&resize=700%2C400 2x"},"classes":[]},{"id":15918,"url":"http:\/\/www.robertosedda.it\/?p=15918","url_meta":{"origin":10494,"position":1},"title":"Alessio","author":"Rufus","date":"04\/12\/2018","format":false,"excerpt":"Domenica mattina io e i\u00a0Fabbricastorie siamo andati all'Auditorium Comunale per fare Mondi che funzionano al festival\u00a0LEI. C'era poca gente, una condizione che sempre ti procura un sacco di pensieri: dovevamo fare pi\u00f9 pubblicit\u00e0? Se abbiamo coinvolto poca gente cosa penser\u00e0 di noi il festival che ci ospita? O magari sono\u2026","rel":"","context":"In &quot;Coordinate&quot;","block_context":{"text":"Coordinate","link":"http:\/\/www.robertosedda.it\/?cat=52"},"img":{"alt_text":"","src":"https:\/\/i0.wp.com\/www.robertosedda.it\/wp-content\/uploads\/2018\/11\/Mondi-che-funzionano.jpg?fit=960%2C720&resize=350%2C200","width":350,"height":200,"srcset":"https:\/\/i0.wp.com\/www.robertosedda.it\/wp-content\/uploads\/2018\/11\/Mondi-che-funzionano.jpg?fit=960%2C720&resize=350%2C200 1x, https:\/\/i0.wp.com\/www.robertosedda.it\/wp-content\/uploads\/2018\/11\/Mondi-che-funzionano.jpg?fit=960%2C720&resize=700%2C400 2x"},"classes":[]},{"id":17487,"url":"http:\/\/www.robertosedda.it\/?p=17487","url_meta":{"origin":10494,"position":2},"title":"Fotogiornalismo da non perdere","author":"Rufus","date":"05\/11\/2019","format":false,"excerpt":"Nel mio recente giro per l'interno della Sardegna, in uno dei momenti nei quali Google Maps non mi portava fuori strada, sono andato a Gavoi. Volevamo vedere la mostra World Press Photo Exhibition 2019, l'esibizione delle foto scattate dai finalisti di uno dei pi\u00f9 importanti concorsi di reportage fotografici al\u2026","rel":"","context":"In &quot;Coordinate&quot;","block_context":{"text":"Coordinate","link":"http:\/\/www.robertosedda.it\/?cat=52"},"img":{"alt_text":"","src":"https:\/\/i0.wp.com\/www.robertosedda.it\/wp-content\/uploads\/2019\/11\/WPF-Gavoi.png?fit=1182%2C857&resize=350%2C200","width":350,"height":200,"srcset":"https:\/\/i0.wp.com\/www.robertosedda.it\/wp-content\/uploads\/2019\/11\/WPF-Gavoi.png?fit=1182%2C857&resize=350%2C200 1x, https:\/\/i0.wp.com\/www.robertosedda.it\/wp-content\/uploads\/2019\/11\/WPF-Gavoi.png?fit=1182%2C857&resize=700%2C400 2x, https:\/\/i0.wp.com\/www.robertosedda.it\/wp-content\/uploads\/2019\/11\/WPF-Gavoi.png?fit=1182%2C857&resize=1050%2C600 3x"},"classes":[]},{"id":9975,"url":"http:\/\/www.robertosedda.it\/?p=9975","url_meta":{"origin":10494,"position":3},"title":"Incontru a nuove pagine di vita","author":"Rufus","date":"15\/04\/2015","format":false,"excerpt":"Non ero mai stato al rito de S'incontru anche se naturalmente sapevo che in molti paesi della Sardegna \u00e8 una parte importante dei riti di Pasqua. Avevo visto delle foto conservate nella casa di Orani (la Pasqua del 1961, credo) e ne avevo sentito parlare, ma non c'ero mai stato,\u2026","rel":"","context":"In &quot;Coordinate&quot;","block_context":{"text":"Coordinate","link":"http:\/\/www.robertosedda.it\/?cat=52"},"img":{"alt_text":"","src":"https:\/\/i0.wp.com\/www.robertosedda.it\/wp-content\/uploads\/2015\/04\/Raganella.jpg?fit=768%2C1024&resize=350%2C200","width":350,"height":200,"srcset":"https:\/\/i0.wp.com\/www.robertosedda.it\/wp-content\/uploads\/2015\/04\/Raganella.jpg?fit=768%2C1024&resize=350%2C200 1x, https:\/\/i0.wp.com\/www.robertosedda.it\/wp-content\/uploads\/2015\/04\/Raganella.jpg?fit=768%2C1024&resize=700%2C400 2x"},"classes":[]},{"id":13012,"url":"http:\/\/www.robertosedda.it\/?p=13012","url_meta":{"origin":10494,"position":4},"title":"La principessa che non c&#8217;era","author":"Rufus","date":"29\/12\/2016","format":"video","excerpt":"Oceania (Ron Clements e John Musker, USA 2016) La sera di Natale ho visto con l'intera famiglia e soprattutto le nipotine Oceania, l'ultima produzione della Disney. La cosa che pi\u00f9 mi ha colpito, avendo ripassato da poco l'argomento per il seminario Please insert story dei Fabbricastorie, \u00e8 stato osservare quanto\u2026","rel":"","context":"In &quot;Coordinate&quot;","block_context":{"text":"Coordinate","link":"http:\/\/www.robertosedda.it\/?cat=52"},"img":{"alt_text":"","src":"https:\/\/i0.wp.com\/img.youtube.com\/vi\/DZHkAx2qc-s\/0.jpg?resize=350%2C200","width":350,"height":200},"classes":[]},{"id":6684,"url":"http:\/\/www.robertosedda.it\/?p=6684","url_meta":{"origin":10494,"position":5},"title":"L&#8217;opera pubblica? \u00c8 un gioco!!","author":"Rufus","date":"12\/03\/2014","format":false,"excerpt":"Sono molto di fretta, ma appunto qui senza troppo approfondire che stamattina mi \u00e8 venuto in mente che, probabilmente, molti dei conflitti intorno alla realizzazione di opere pubbliche a Cagliari (diciamo quelle del tipo \"costruzione di parcheggi\", \"taglio di alberi\" e simili) sono in realt\u00e0 dei giochi di Berne. Eric\u2026","rel":"","context":"In &quot;Coordinate&quot;","block_context":{"text":"Coordinate","link":"http:\/\/www.robertosedda.it\/?cat=52"},"img":{"alt_text":"","src":"https:\/\/i0.wp.com\/www.robertosedda.it\/wp-content\/uploads\/2013\/03\/startrekborrowsstarwars.jpg?fit=470%2C297&resize=350%2C200","width":350,"height":200},"classes":[]}],"_links":{"self":[{"href":"http:\/\/www.robertosedda.it\/index.php?rest_route=\/wp\/v2\/posts\/10494"}],"collection":[{"href":"http:\/\/www.robertosedda.it\/index.php?rest_route=\/wp\/v2\/posts"}],"about":[{"href":"http:\/\/www.robertosedda.it\/index.php?rest_route=\/wp\/v2\/types\/post"}],"author":[{"embeddable":true,"href":"http:\/\/www.robertosedda.it\/index.php?rest_route=\/wp\/v2\/users\/1"}],"replies":[{"embeddable":true,"href":"http:\/\/www.robertosedda.it\/index.php?rest_route=%2Fwp%2Fv2%2Fcomments&post=10494"}],"version-history":[{"count":1,"href":"http:\/\/www.robertosedda.it\/index.php?rest_route=\/wp\/v2\/posts\/10494\/revisions"}],"predecessor-version":[{"id":10496,"href":"http:\/\/www.robertosedda.it\/index.php?rest_route=\/wp\/v2\/posts\/10494\/revisions\/10496"}],"wp:featuredmedia":[{"embeddable":true,"href":"http:\/\/www.robertosedda.it\/index.php?rest_route=\/wp\/v2\/media\/10495"}],"wp:attachment":[{"href":"http:\/\/www.robertosedda.it\/index.php?rest_route=%2Fwp%2Fv2%2Fmedia&parent=10494"}],"wp:term":[{"taxonomy":"category","embeddable":true,"href":"http:\/\/www.robertosedda.it\/index.php?rest_route=%2Fwp%2Fv2%2Fcategories&post=10494"},{"taxonomy":"post_tag","embeddable":true,"href":"http:\/\/www.robertosedda.it\/index.php?rest_route=%2Fwp%2Fv2%2Ftags&post=10494"}],"curies":[{"name":"wp","href":"https:\/\/api.w.org\/{rel}","templated":true}]}}