{"id":10448,"date":"2015-06-26T14:01:59","date_gmt":"2015-06-26T12:01:59","guid":{"rendered":"http:\/\/www.robertosedda.it\/?p=10448"},"modified":"2017-09-13T13:34:54","modified_gmt":"2017-09-13T11:34:54","slug":"le-bandiere-dei-nostri-padri-e-la-apple","status":"publish","type":"post","link":"http:\/\/www.robertosedda.it\/?p=10448","title":{"rendered":"Le bandiere dei nostri padri (e la <em>Apple<\/em>)"},"content":{"rendered":"<p>Dylann Storm Roof, l&#8217;uomo che pochi giorni fa ha ucciso per motivi razziali nove persone in una chiesa di Charleston, nella Carolina del Sud,\u00a0guidava una macchina\u00a0con la targa personalizzata con la bandiera sudista.<\/p>\n<p><a href=\"https:\/\/i0.wp.com\/www.robertosedda.it\/wp-content\/uploads\/2015\/06\/Bandiera-di-battaglia-della-Confederazione.jpg\"><img data-attachment-id=\"10449\" data-permalink=\"http:\/\/www.robertosedda.it\/?attachment_id=10449\" data-orig-file=\"https:\/\/i0.wp.com\/www.robertosedda.it\/wp-content\/uploads\/2015\/06\/Bandiera-di-battaglia-della-Confederazione.jpg?fit=670%2C409\" data-orig-size=\"670,409\" data-comments-opened=\"1\" data-image-meta=\"{&quot;aperture&quot;:&quot;0&quot;,&quot;credit&quot;:&quot;&quot;,&quot;camera&quot;:&quot;&quot;,&quot;caption&quot;:&quot;&quot;,&quot;created_timestamp&quot;:&quot;0&quot;,&quot;copyright&quot;:&quot;&quot;,&quot;focal_length&quot;:&quot;0&quot;,&quot;iso&quot;:&quot;0&quot;,&quot;shutter_speed&quot;:&quot;0&quot;,&quot;title&quot;:&quot;&quot;,&quot;orientation&quot;:&quot;0&quot;}\" data-image-title=\"Bandiera di battaglia della Confederazione\" data-image-description=\"\" data-image-caption=\"\" data-medium-file=\"https:\/\/i0.wp.com\/www.robertosedda.it\/wp-content\/uploads\/2015\/06\/Bandiera-di-battaglia-della-Confederazione.jpg?fit=300%2C183\" data-large-file=\"https:\/\/i0.wp.com\/www.robertosedda.it\/wp-content\/uploads\/2015\/06\/Bandiera-di-battaglia-della-Confederazione.jpg?fit=510%2C311\" decoding=\"async\" loading=\"lazy\" class=\"aligncenter size-full wp-image-10449\" src=\"https:\/\/i0.wp.com\/www.robertosedda.it\/wp-content\/uploads\/2015\/06\/Bandiera-di-battaglia-della-Confederazione.jpg?resize=670%2C409\" alt=\"Bandiera di battaglia della Confederazione\" width=\"670\" height=\"409\" srcset=\"https:\/\/i0.wp.com\/www.robertosedda.it\/wp-content\/uploads\/2015\/06\/Bandiera-di-battaglia-della-Confederazione.jpg?w=670 670w, https:\/\/i0.wp.com\/www.robertosedda.it\/wp-content\/uploads\/2015\/06\/Bandiera-di-battaglia-della-Confederazione.jpg?resize=150%2C92 150w, https:\/\/i0.wp.com\/www.robertosedda.it\/wp-content\/uploads\/2015\/06\/Bandiera-di-battaglia-della-Confederazione.jpg?resize=300%2C183 300w, https:\/\/i0.wp.com\/www.robertosedda.it\/wp-content\/uploads\/2015\/06\/Bandiera-di-battaglia-della-Confederazione.jpg?resize=510%2C311 510w, https:\/\/i0.wp.com\/www.robertosedda.it\/wp-content\/uploads\/2015\/06\/Bandiera-di-battaglia-della-Confederazione.jpg?resize=310%2C190 310w, https:\/\/i0.wp.com\/www.robertosedda.it\/wp-content\/uploads\/2015\/06\/Bandiera-di-battaglia-della-Confederazione.jpg?resize=50%2C31 50w\" sizes=\"(max-width: 670px) 100vw, 670px\" data-recalc-dims=\"1\" \/><\/a>Nel caso suo, naturalmente, la bandiera era un&#8217;affermazione di identit\u00e0 politica, pi\u00f9 o meno come se oggi qualcuno sventolasse in Italia la svastica: si capisce che sta facendo apologia (per esempio,\u00a0<em>Google<\/em> mi informa che l&#8217;immagine di qui sopra &#8211; che uso a puro titolo documentario &#8211; proviene dal sito dei &#8220;combattenti americani per la libert\u00e0&#8221;,\u00a0pagina che mi sono ben guardato dal visitare direttamente).<\/p>\n<p>Per altri americani del Sud, invece, la bandiera ha pi\u00f9 il senso di una manifestazione di identit\u00e0 e di appartenenza, pi\u00f9 o meno come quei sardi che in giro per il mondo sventolano i quattro mori ad ogni occasione e che ritengono impropriamente che una birra che ce li ha in etichetta debba per forza essere buonissima. \u00c8 un uso della bandiera visto in mille occasioni nei film americani: ricorderete\u00a0<em>Hazzard<\/em>, per esempio,\u00a0individualismo, insofferenza delle regole, rifiuto delle imposizioni del governo centrale, orgoglio contadino, ma non necessariamente razzismo.<\/p>\n<figure id=\"attachment_10450\" aria-describedby=\"caption-attachment-10450\" style=\"width: 1500px\" class=\"wp-caption aligncenter\"><a href=\"https:\/\/i0.wp.com\/www.robertosedda.it\/wp-content\/uploads\/2015\/06\/Generale-Lee.jpg\"><img data-attachment-id=\"10450\" data-permalink=\"http:\/\/www.robertosedda.it\/?attachment_id=10450\" data-orig-file=\"https:\/\/i0.wp.com\/www.robertosedda.it\/wp-content\/uploads\/2015\/06\/Generale-Lee.jpg?fit=1500%2C1494\" data-orig-size=\"1500,1494\" data-comments-opened=\"1\" data-image-meta=\"{&quot;aperture&quot;:&quot;0&quot;,&quot;credit&quot;:&quot;Everett Collection&quot;,&quot;camera&quot;:&quot;&quot;,&quot;caption&quot;:&quot;THE DUKES OF HAZZARD, Tom Wopat, John Schneider, 1979-1985. \\u00a9 CBS \\\/ Courtesy: Everett Collection&quot;,&quot;created_timestamp&quot;:&quot;0&quot;,&quot;copyright&quot;:&quot;Copyright \\u00a9 \\u00a9CBS\\\/Courtesy Everett Collection \\\/ Everett Collection&quot;,&quot;focal_length&quot;:&quot;0&quot;,&quot;iso&quot;:&quot;0&quot;,&quot;shutter_speed&quot;:&quot;0&quot;,&quot;title&quot;:&quot;TCDDUOF EC005&quot;,&quot;orientation&quot;:&quot;1&quot;}\" data-image-title=\"TCDDUOF EC005\" data-image-description=\"\" data-image-caption=\"&lt;p&gt;THE DUKES OF HAZZARD, Tom Wopat, John Schneider, 1979-1985. \u00a9 CBS \/ Courtesy: Everett Collection&lt;\/p&gt;\n\" data-medium-file=\"https:\/\/i0.wp.com\/www.robertosedda.it\/wp-content\/uploads\/2015\/06\/Generale-Lee.jpg?fit=300%2C300\" data-large-file=\"https:\/\/i0.wp.com\/www.robertosedda.it\/wp-content\/uploads\/2015\/06\/Generale-Lee.jpg?fit=510%2C508\" decoding=\"async\" loading=\"lazy\" class=\"size-full wp-image-10450\" src=\"https:\/\/i0.wp.com\/www.robertosedda.it\/wp-content\/uploads\/2015\/06\/Generale-Lee.jpg?resize=800%2C797\" alt=\"THE DUKES OF HAZZARD, Tom Wopat, John Schneider, 1979-1985. \u00a9 CBS \/ Courtesy: Everett Collection\" width=\"800\" height=\"797\" srcset=\"https:\/\/i0.wp.com\/www.robertosedda.it\/wp-content\/uploads\/2015\/06\/Generale-Lee.jpg?w=1500 1500w, https:\/\/i0.wp.com\/www.robertosedda.it\/wp-content\/uploads\/2015\/06\/Generale-Lee.jpg?resize=150%2C150 150w, https:\/\/i0.wp.com\/www.robertosedda.it\/wp-content\/uploads\/2015\/06\/Generale-Lee.jpg?resize=300%2C300 300w, https:\/\/i0.wp.com\/www.robertosedda.it\/wp-content\/uploads\/2015\/06\/Generale-Lee.jpg?resize=510%2C508 510w, https:\/\/i0.wp.com\/www.robertosedda.it\/wp-content\/uploads\/2015\/06\/Generale-Lee.jpg?resize=100%2C100 100w, https:\/\/i0.wp.com\/www.robertosedda.it\/wp-content\/uploads\/2015\/06\/Generale-Lee.jpg?resize=700%2C697 700w, https:\/\/i0.wp.com\/www.robertosedda.it\/wp-content\/uploads\/2015\/06\/Generale-Lee.jpg?resize=50%2C50 50w\" sizes=\"(max-width: 800px) 100vw, 800px\" data-recalc-dims=\"1\" \/><\/a><figcaption id=\"caption-attachment-10450\" class=\"wp-caption-text\">The Dukes of Hazzard, Tom Wopat, John Schneider, 1979-1985. \u00a9 CBS \/ \u00a0Everett Collection<\/figcaption><\/figure>\n<p>Nel mezzo c&#8217;\u00e8 di tutto. Per esempio\u00a0di fronte alla sede del governatore della Carolina del Sud sventola la bandiera di battaglia della Confederazione o pi\u00f9 propriamente la bandiera dell&#8217;Armata del Tennessee\u00a0<a href=\"https:\/\/i0.wp.com\/www.robertosedda.it\/wp-content\/uploads\/2015\/06\/Bandiere-confederate.jpg\"><img data-attachment-id=\"10452\" data-permalink=\"http:\/\/www.robertosedda.it\/?attachment_id=10452\" data-orig-file=\"https:\/\/i0.wp.com\/www.robertosedda.it\/wp-content\/uploads\/2015\/06\/Bandiere-confederate.jpg?fit=1760%2C1230\" data-orig-size=\"1760,1230\" data-comments-opened=\"1\" data-image-meta=\"{&quot;aperture&quot;:&quot;0&quot;,&quot;credit&quot;:&quot;&quot;,&quot;camera&quot;:&quot;&quot;,&quot;caption&quot;:&quot;&quot;,&quot;created_timestamp&quot;:&quot;0&quot;,&quot;copyright&quot;:&quot;&quot;,&quot;focal_length&quot;:&quot;0&quot;,&quot;iso&quot;:&quot;0&quot;,&quot;shutter_speed&quot;:&quot;0&quot;,&quot;title&quot;:&quot;&quot;,&quot;orientation&quot;:&quot;0&quot;}\" data-image-title=\"Bandiere confederate\" data-image-description=\"\" data-image-caption=\"\" data-medium-file=\"https:\/\/i0.wp.com\/www.robertosedda.it\/wp-content\/uploads\/2015\/06\/Bandiere-confederate.jpg?fit=300%2C210\" data-large-file=\"https:\/\/i0.wp.com\/www.robertosedda.it\/wp-content\/uploads\/2015\/06\/Bandiere-confederate.jpg?fit=510%2C356\" decoding=\"async\" loading=\"lazy\" class=\" size-medium wp-image-10452 alignright\" src=\"https:\/\/i0.wp.com\/www.robertosedda.it\/wp-content\/uploads\/2015\/06\/Bandiere-confederate.jpg?resize=300%2C210\" alt=\"Bandiere confederate\" width=\"300\" height=\"210\" srcset=\"https:\/\/i0.wp.com\/www.robertosedda.it\/wp-content\/uploads\/2015\/06\/Bandiere-confederate.jpg?resize=300%2C210 300w, https:\/\/i0.wp.com\/www.robertosedda.it\/wp-content\/uploads\/2015\/06\/Bandiere-confederate.jpg?resize=150%2C105 150w, https:\/\/i0.wp.com\/www.robertosedda.it\/wp-content\/uploads\/2015\/06\/Bandiere-confederate.jpg?resize=510%2C356 510w, https:\/\/i0.wp.com\/www.robertosedda.it\/wp-content\/uploads\/2015\/06\/Bandiere-confederate.jpg?resize=700%2C489 700w, https:\/\/i0.wp.com\/www.robertosedda.it\/wp-content\/uploads\/2015\/06\/Bandiere-confederate.jpg?resize=50%2C35 50w, https:\/\/i0.wp.com\/www.robertosedda.it\/wp-content\/uploads\/2015\/06\/Bandiere-confederate.jpg?w=1760 1760w, https:\/\/i0.wp.com\/www.robertosedda.it\/wp-content\/uploads\/2015\/06\/Bandiere-confederate.jpg?w=1600 1600w\" sizes=\"(max-width: 300px) 100vw, 300px\" data-recalc-dims=\"1\" \/><\/a>(durante\u00a0la Guerra Civile\u00a0c&#8217;erano molte bandiere diverse di reparti militari e di entit\u00e0 politiche\u00a0ma certo la bandiera sudista per antonomasia \u00e8 quella con la croce di sant&#8217;Andrea), per non parlare del fatto che\u00a0un altro stato del Sud come la Georgia ha ancora una bandiera statale che si ispira a quella della Confederazione, e il Mississipi ne ha una ancora pi\u00f9 evidente: sono simboli di una protratta resistenza contro &#8220;il Nord&#8221; e il governo federale su una variet\u00e0 di argomenti.\u00a0Fino ai primi anni 2000 la bandiera sudista sventolava sulla <em>cupola<\/em> del palazzo del Governatore della Carolina del Sud insieme con quella degli Stati Uniti, poi ci fu una campagna per farla rimuovere perch\u00e9 legata a un passato di razzismo e di segregazione (il tema attraversa tutti gli Stati del Sud: la Corte Suprema del Texas una volta \u00e8 stata chiamata a pronunziarsi sul quesito: \u00abL&#8217;esibizione della bandiera sudista \u00e8 tutelato dal diritto alla libert\u00e0 di parola?\u00bb) e la bandiera \u00e8 stata spostata in posizione meno evidente.<\/p>\n<figure id=\"attachment_10451\" aria-describedby=\"caption-attachment-10451\" style=\"width: 300px\" class=\"wp-caption alignleft\"><a href=\"https:\/\/i0.wp.com\/www.robertosedda.it\/wp-content\/uploads\/2015\/06\/800px-Flag_of_Georgia_U.S._state.svg_.png\"><img data-attachment-id=\"10451\" data-permalink=\"http:\/\/www.robertosedda.it\/?attachment_id=10451\" data-orig-file=\"https:\/\/i0.wp.com\/www.robertosedda.it\/wp-content\/uploads\/2015\/06\/800px-Flag_of_Georgia_U.S._state.svg_.png?fit=800%2C500\" data-orig-size=\"800,500\" data-comments-opened=\"1\" data-image-meta=\"{&quot;aperture&quot;:&quot;0&quot;,&quot;credit&quot;:&quot;&quot;,&quot;camera&quot;:&quot;&quot;,&quot;caption&quot;:&quot;&quot;,&quot;created_timestamp&quot;:&quot;0&quot;,&quot;copyright&quot;:&quot;&quot;,&quot;focal_length&quot;:&quot;0&quot;,&quot;iso&quot;:&quot;0&quot;,&quot;shutter_speed&quot;:&quot;0&quot;,&quot;title&quot;:&quot;&quot;,&quot;orientation&quot;:&quot;0&quot;}\" data-image-title=\"Bandiera della Georgia\" data-image-description=\"\" data-image-caption=\"&lt;p&gt;La bandiera della Georgia. Fonte: Wikimedia&lt;\/p&gt;\n\" data-medium-file=\"https:\/\/i0.wp.com\/www.robertosedda.it\/wp-content\/uploads\/2015\/06\/800px-Flag_of_Georgia_U.S._state.svg_.png?fit=300%2C188\" data-large-file=\"https:\/\/i0.wp.com\/www.robertosedda.it\/wp-content\/uploads\/2015\/06\/800px-Flag_of_Georgia_U.S._state.svg_.png?fit=510%2C319\" decoding=\"async\" loading=\"lazy\" class=\"size-medium wp-image-10451\" src=\"https:\/\/i0.wp.com\/www.robertosedda.it\/wp-content\/uploads\/2015\/06\/800px-Flag_of_Georgia_U.S._state.svg_.png?resize=300%2C188\" alt=\"La bandiera della Georgia. Fonte: Wikimedia\" width=\"300\" height=\"188\" srcset=\"https:\/\/i0.wp.com\/www.robertosedda.it\/wp-content\/uploads\/2015\/06\/800px-Flag_of_Georgia_U.S._state.svg_.png?resize=300%2C188 300w, https:\/\/i0.wp.com\/www.robertosedda.it\/wp-content\/uploads\/2015\/06\/800px-Flag_of_Georgia_U.S._state.svg_.png?resize=150%2C94 150w, https:\/\/i0.wp.com\/www.robertosedda.it\/wp-content\/uploads\/2015\/06\/800px-Flag_of_Georgia_U.S._state.svg_.png?resize=510%2C319 510w, https:\/\/i0.wp.com\/www.robertosedda.it\/wp-content\/uploads\/2015\/06\/800px-Flag_of_Georgia_U.S._state.svg_.png?resize=700%2C438 700w, https:\/\/i0.wp.com\/www.robertosedda.it\/wp-content\/uploads\/2015\/06\/800px-Flag_of_Georgia_U.S._state.svg_.png?resize=50%2C31 50w, https:\/\/i0.wp.com\/www.robertosedda.it\/wp-content\/uploads\/2015\/06\/800px-Flag_of_Georgia_U.S._state.svg_.png?w=800 800w\" sizes=\"(max-width: 300px) 100vw, 300px\" data-recalc-dims=\"1\" \/><\/a><figcaption id=\"caption-attachment-10451\" class=\"wp-caption-text\">La bandiera della Georgia. Fonte: Wikimedia<\/figcaption><\/figure>\n<p>La capacit\u00e0 degli americani di combattere battaglie infinite sul piano simbolico dimenticando opportunamente il piano sostanziale non manca mai di sbigottirmi. Non \u00e8 strano che ci siano adunate pubbliche del Ku Klux Klan, per dire, ma se esibiscono la bandiera sudista, guai!<\/p>\n<p>Comunque\u00a0Dylann Storm Roof \u00e8 andato a fare la sua strage a bordo di un&#8217;auto con la targa sudista, e nei giorni successivi la polemica \u00e8 ripartita.<\/p>\n<p>Sulle armi? Sulla disparit\u00e0 di reddito fra neri e bianchi? Sui tassi di criminalit\u00e0? Sulle difficolt\u00e0 della classe media bianca negli stati del Sud? Sulla povert\u00e0? Sulla sicurezza? Sul razzismo?<\/p>\n<p>No.<\/p>\n<p>Sulla bandiera.<\/p>\n<p>Obama, credo, ci ha anche provato a citare la storia delle armi, ma senza troppo successo. Ah, ma sulla bandiera, invece, tante belle discussioni.<\/p>\n<p>Siccome viviamo nel circo mediatico tutti si sono affrettati a schierarsi pro o contro la questione, con relativi posizionamenti\u00a0su\u00a0<em>Twitter<\/em> e\u00a0<em>Facebook<\/em>.<\/p>\n<figure id=\"attachment_10453\" aria-describedby=\"caption-attachment-10453\" style=\"width: 246px\" class=\"wp-caption alignright\"><a href=\"https:\/\/i0.wp.com\/www.robertosedda.it\/wp-content\/uploads\/2015\/06\/Falla-sventolare.jpg\"><img data-attachment-id=\"10453\" data-permalink=\"http:\/\/www.robertosedda.it\/?attachment_id=10453\" data-orig-file=\"https:\/\/i0.wp.com\/www.robertosedda.it\/wp-content\/uploads\/2015\/06\/Falla-sventolare.jpg?fit=246%2C205\" data-orig-size=\"246,205\" data-comments-opened=\"1\" data-image-meta=\"{&quot;aperture&quot;:&quot;0&quot;,&quot;credit&quot;:&quot;&quot;,&quot;camera&quot;:&quot;&quot;,&quot;caption&quot;:&quot;&quot;,&quot;created_timestamp&quot;:&quot;0&quot;,&quot;copyright&quot;:&quot;&quot;,&quot;focal_length&quot;:&quot;0&quot;,&quot;iso&quot;:&quot;0&quot;,&quot;shutter_speed&quot;:&quot;0&quot;,&quot;title&quot;:&quot;&quot;,&quot;orientation&quot;:&quot;0&quot;}\" data-image-title=\"Falla sventolare\" data-image-description=\"\" data-image-caption=\"&lt;p&gt;Eredit\u00e0, non odio&#8230;&lt;\/p&gt;\n\" data-medium-file=\"https:\/\/i0.wp.com\/www.robertosedda.it\/wp-content\/uploads\/2015\/06\/Falla-sventolare.jpg?fit=246%2C205\" data-large-file=\"https:\/\/i0.wp.com\/www.robertosedda.it\/wp-content\/uploads\/2015\/06\/Falla-sventolare.jpg?fit=246%2C205\" decoding=\"async\" loading=\"lazy\" class=\"size-full wp-image-10453\" src=\"https:\/\/i0.wp.com\/www.robertosedda.it\/wp-content\/uploads\/2015\/06\/Falla-sventolare.jpg?resize=246%2C205\" alt=\"Eredit\u00e0, non odio...\" width=\"246\" height=\"205\" srcset=\"https:\/\/i0.wp.com\/www.robertosedda.it\/wp-content\/uploads\/2015\/06\/Falla-sventolare.jpg?w=246 246w, https:\/\/i0.wp.com\/www.robertosedda.it\/wp-content\/uploads\/2015\/06\/Falla-sventolare.jpg?resize=150%2C125 150w, https:\/\/i0.wp.com\/www.robertosedda.it\/wp-content\/uploads\/2015\/06\/Falla-sventolare.jpg?resize=50%2C42 50w\" sizes=\"(max-width: 246px) 100vw, 246px\" data-recalc-dims=\"1\" \/><\/a><figcaption id=\"caption-attachment-10453\" class=\"wp-caption-text\">Eredit\u00e0, non odio&#8230;<\/figcaption><\/figure>\n<p>Alla campagna <em>Falla sventolare<\/em>\u00a0(\u00abKeep it flying\u00bb)\u00a0si \u00e8 contrapposta la decisione delle\u00a0maggiori catene di grandi magazzini &#8211; e di vendita <em>on line<\/em> &#8211;\u00a0di sospendere immediatamente la vendita di tutti gli oggetti che avessero la dannata bandiera, fra i quali ovviamente dovevano esserci cose piuttosto preoccupanti destinate a un pubblico di\u00a0nazisti dell&#8217;Illinois e motociclisti assassini insieme a roba sostanzialmente innocua sullo stile, appunto, dei nostri quattro mori. Fra le altre cose leggo sulla rete che i produttori della macchinina giocattolo del <em>Generale Lee<\/em> di\u00a0<em>Hazzard<\/em> stanno pensando di ritirarla dal commercio e sostituirla con un&#8217;altra versione\u00a0senza bandiera.<\/p>\n<p>Per dire.<\/p>\n<p>Comunque\u00a0<a href=\"http:\/\/www.usatoday.com\/story\/money\/business\/2015\/06\/22\/walmart-confederate-flag\/29133531\/\"><em>Wallmart<\/em>, <em>e-Bay<\/em> e\u00a0<em>Amazon<\/em> hanno dato la linea<\/a> e molti altri si sono immediatamente accodati. Un po&#8217; \u00e8 il timore tipicamente americano di cause miliardarie o di boicottaggi rovinosi, un po&#8217; \u00e8 che cos\u00ec \u00e8 facile fare i democratici a buon prezzo.<\/p>\n<p>Noto nel frattempo che da\u00a0<em>Wallmart<\/em> <a href=\"http:\/\/www.walmart.com\/ip\/Sig-Sauer-M400-Rifle-5.56-NATO-Enhanced-10-Round-Magazine\/29029483\">\u00e8 possibile comprare\u00a0un fucile da combattimento\u00a0Sig Sauer calibro 5.56 <em>NATO<\/em><\/a>, immagino per difesa personale. \u00c8 la stessa catena, peraltro, che \u00e8 stata spesso oggetto di controversie con gruppi musicali ai quali chiedeva di &#8220;ripulire&#8221; i contenuti dei loro pezzi per renderli pi\u00f9 accettabili &#8220;alle famiglie&#8221;.<\/p>\n<h3>E la\u00a0<em>Apple<\/em>?<\/h3>\n<p>Gi\u00e0, cosa c&#8217;entra la\u00a0<em>Apple<\/em> in tutta questa storia?<\/p>\n<p>C&#8217;entra perch\u00e9 anche la\u00a0<em>Apple<\/em> ha deciso di ritirare ogni cosa che avesse a che fare con la bandiera sudista dal suo\u00a0<em>store<\/em>: perlomeno tutti quegli usi della bandiera\u00a0<em>offensivi\u00a0e indicativi di povert\u00e0 di spirito\u00a0<\/em>(\u00aboffensive and mean-spirited\u00bb).<\/p>\n<p>Solo che qualcosa non deve avere funzionato, l\u00e0 al confine fra arte e scienza dove si \u00e8 sempre un po&#8217; folli e un po&#8217; affamati, oppure il fascistometro alla <em>Apple<\/em> \u00e8 tarato in maniera piuttosto curiosa, perch\u00e9 per esempio <a href=\"http:\/\/toucharcade.com\/2015\/06\/25\/apple-removes-confederate-flag\/\">sono stati rimossi senza preavviso giochi di argomento storico<\/a>, come le ricostruzioni di battaglie della Guerra Civile, nei quali\u00a0<em>ovviamente<\/em> ci sono bandiere sudiste.<a href=\"https:\/\/i0.wp.com\/www.robertosedda.it\/wp-content\/uploads\/2015\/06\/062515_ultimate_general_play.jpg\"><img data-attachment-id=\"10454\" data-permalink=\"http:\/\/www.robertosedda.it\/?attachment_id=10454\" data-orig-file=\"https:\/\/i0.wp.com\/www.robertosedda.it\/wp-content\/uploads\/2015\/06\/062515_ultimate_general_play.jpg?fit=690%2C431\" data-orig-size=\"690,431\" data-comments-opened=\"1\" data-image-meta=\"{&quot;aperture&quot;:&quot;0&quot;,&quot;credit&quot;:&quot;&quot;,&quot;camera&quot;:&quot;&quot;,&quot;caption&quot;:&quot;&quot;,&quot;created_timestamp&quot;:&quot;0&quot;,&quot;copyright&quot;:&quot;&quot;,&quot;focal_length&quot;:&quot;0&quot;,&quot;iso&quot;:&quot;0&quot;,&quot;shutter_speed&quot;:&quot;0&quot;,&quot;title&quot;:&quot;&quot;,&quot;orientation&quot;:&quot;0&quot;}\" data-image-title=\"062515_ultimate_general_play\" data-image-description=\"\" data-image-caption=\"\" data-medium-file=\"https:\/\/i0.wp.com\/www.robertosedda.it\/wp-content\/uploads\/2015\/06\/062515_ultimate_general_play.jpg?fit=300%2C187\" data-large-file=\"https:\/\/i0.wp.com\/www.robertosedda.it\/wp-content\/uploads\/2015\/06\/062515_ultimate_general_play.jpg?fit=510%2C319\" decoding=\"async\" loading=\"lazy\" class=\"aligncenter wp-image-10454 size-full\" src=\"https:\/\/i0.wp.com\/www.robertosedda.it\/wp-content\/uploads\/2015\/06\/062515_ultimate_general_play.jpg?resize=690%2C431\" alt=\"062515_ultimate_general_play\" width=\"690\" height=\"431\" srcset=\"https:\/\/i0.wp.com\/www.robertosedda.it\/wp-content\/uploads\/2015\/06\/062515_ultimate_general_play.jpg?w=690 690w, https:\/\/i0.wp.com\/www.robertosedda.it\/wp-content\/uploads\/2015\/06\/062515_ultimate_general_play.jpg?resize=150%2C94 150w, https:\/\/i0.wp.com\/www.robertosedda.it\/wp-content\/uploads\/2015\/06\/062515_ultimate_general_play.jpg?resize=300%2C187 300w, https:\/\/i0.wp.com\/www.robertosedda.it\/wp-content\/uploads\/2015\/06\/062515_ultimate_general_play.jpg?resize=510%2C319 510w, https:\/\/i0.wp.com\/www.robertosedda.it\/wp-content\/uploads\/2015\/06\/062515_ultimate_general_play.jpg?resize=50%2C31 50w\" sizes=\"(max-width: 690px) 100vw, 690px\" data-recalc-dims=\"1\" \/><\/a><\/p>\n<p>Sul caso ripubblico, tradotto da me, <a href=\"http:\/\/www.ultimategeneral.com\/blog\/our-game-has-been-removed-from-appstore\" target=\"_blank\" rel=\"noopener\">il comunicato della casa produttrice di uno dei giochi<\/a>,\u00a0<em>GameLabs<\/em>, che appoggio con tutto il cuore, nonostante un po&#8217; di retorica.<\/p>\n<blockquote>\n<p id=\"yui_3_17_2_1_1435304349597_370\">Come pu\u00f2 essere che sappiate gi\u00e0 (<a href=\"https:\/\/www.facebook.com\/UltimateGeneralStrategyGames\/posts\/906838706028340\" target=\"_blank\" rel=\"noopener\"><em>leggete il\u00a0<\/em>link su\u00a0<\/a><em><a href=\"https:\/\/www.facebook.com\/UltimateGeneralStrategyGames\/posts\/906838706028340\" target=\"_blank\" rel=\"noopener\">Facebook<\/a>), la Apple ha rimosso il nostro gioco dall&#8217;AppStore a causa dell&#8217;utilizzo della bandiera confederata. &#8220;Ultimate General: Gettysburg&#8221; potrebbe essere accettato nuovamente se la bandiera fosse rimossa dai contenuti del gioco.\u00a0<\/em><\/p>\n<p id=\"yui_3_17_2_1_1435304349597_414\">Accettiamo la decisione della Apple e capiamo che si tratta di un tema sensibile per la nazione americana. Noi abbiamo voluto che il nostro gioco fosse il riferimento pi\u00f9 accurato, storicamente fondato\u00a0e giocabile della battaglia di Gettysburg. Tutti i comandanti, la composizione e l&#8217;armamento\u00a0delle unit\u00e0, i riferimenti geografici fino ai pi\u00f9 piccoli corsi d&#8217;acqua e fattorie sono ricreati in maniera storicamente accurata sul campo di battaglia del nostro gioco.<\/p>\n<p><a href=\"https:\/\/i0.wp.com\/www.robertosedda.it\/wp-content\/uploads\/2015\/06\/Ultimate-General.png\"><img data-attachment-id=\"10455\" data-permalink=\"http:\/\/www.robertosedda.it\/?attachment_id=10455\" data-orig-file=\"https:\/\/i0.wp.com\/www.robertosedda.it\/wp-content\/uploads\/2015\/06\/Ultimate-General.png?fit=500%2C353\" data-orig-size=\"500,353\" data-comments-opened=\"1\" data-image-meta=\"{&quot;aperture&quot;:&quot;0&quot;,&quot;credit&quot;:&quot;&quot;,&quot;camera&quot;:&quot;&quot;,&quot;caption&quot;:&quot;&quot;,&quot;created_timestamp&quot;:&quot;0&quot;,&quot;copyright&quot;:&quot;&quot;,&quot;focal_length&quot;:&quot;0&quot;,&quot;iso&quot;:&quot;0&quot;,&quot;shutter_speed&quot;:&quot;0&quot;,&quot;title&quot;:&quot;&quot;,&quot;orientation&quot;:&quot;0&quot;}\" data-image-title=\"Ultimate General\" data-image-description=\"\" data-image-caption=\"\" data-medium-file=\"https:\/\/i0.wp.com\/www.robertosedda.it\/wp-content\/uploads\/2015\/06\/Ultimate-General.png?fit=300%2C212\" data-large-file=\"https:\/\/i0.wp.com\/www.robertosedda.it\/wp-content\/uploads\/2015\/06\/Ultimate-General.png?fit=500%2C353\" decoding=\"async\" loading=\"lazy\" class=\"alignleft size-medium wp-image-10455\" src=\"https:\/\/i0.wp.com\/www.robertosedda.it\/wp-content\/uploads\/2015\/06\/Ultimate-General.png?resize=300%2C212\" alt=\"Ultimate General\" width=\"300\" height=\"212\" srcset=\"https:\/\/i0.wp.com\/www.robertosedda.it\/wp-content\/uploads\/2015\/06\/Ultimate-General.png?resize=300%2C212 300w, https:\/\/i0.wp.com\/www.robertosedda.it\/wp-content\/uploads\/2015\/06\/Ultimate-General.png?resize=150%2C106 150w, https:\/\/i0.wp.com\/www.robertosedda.it\/wp-content\/uploads\/2015\/06\/Ultimate-General.png?resize=50%2C35 50w, https:\/\/i0.wp.com\/www.robertosedda.it\/wp-content\/uploads\/2015\/06\/Ultimate-General.png?w=500 500w\" sizes=\"(max-width: 300px) 100vw, 300px\" data-recalc-dims=\"1\" \/><\/a>Riceviamo molte lettere di ringraziamento da insegnanti statunitensi che usano il nostro gioco nei programmi scolastici di storia per far sperimentare ai ragazzi una delle battaglie pi\u00f9 importanti della storia americana dal punto di vista del generale in capo.<\/p>\n<p>Spielberg \u00a0in &#8220;Schindler&#8217;s List&#8221; non ha tentato di correggere il suo film per renderlo pi\u00f9 accettabile. Il film storico &#8220;Gettysburg&#8221; del 1993 \u00e8 ancora su iTunes. Noi crediamo che tutte le forme artistiche di rievocazione storica, libri, film e giochi come il nostro aiutino a imparare e capire la storia, descrivendo gli eventi come furono. Le storie vere per noi sono pi\u00f9 importanti del denaro.<\/p>\n<p>Perci\u00f2 non abbiamo intenzione di modificare i contenuti del gioco e &#8220;Ultimate General: Gettysburg&#8221; non sar\u00e0 pi\u00f9 disponibile su AppStore. Speriamo davvero che la decisione della Apple ottenga i risultati sperati.<\/p>\n<p>Non possiamo cambiare il passato, ma possiamo cambiare il futuro.<\/p>\n<p><strong>Il gruppo di lavoro Game-Labs<\/strong><\/p><\/blockquote>\n<p>e devo dire che condivido anche un pezzo dell&#8217;articolo del sito <em>Toucharcade<\/em> da cui ho tratto la notizia:<\/p>\n<blockquote><p>Fonti vicine alla compagnia (la Apple, NdRufus) affermano che sta lavorando con gli sviluppatori\u00a0coinvolti nel bando della bandiera per risolvere il problema e riportare i giochi sullo AppStore. Tuttavia i programmatori dovranno rimuovere o rimpiazzare la bandiera confederata. Se questo \u00e8 davvero ci\u00f2 che la Apple chiede agli sviluppatori questo solleva tutta una serie di problemi riguardanti la censura e la memoria storica poich\u00e9 si rischia letteralmente di riscrivere la storia. Per quando discutile possa essere, l&#8217;esistenza della bandiera confederata in questi giochi \u00e8 storicamente accurata, e io non sono sicuro che nessuna azienda debba\u00a0avere la possibilit\u00e0 di plasmare la storia ai propri criteri e credenze.<\/p><\/blockquote>\n<p><a href=\"http:\/\/www.vox.com\/2015\/6\/23\/8828215\/Confederate-flag-states-rights\">P.S. Un articolo veramente interessante e ben fatto sul significato della bandiera confederata nella politica americana: non ho il tempo di tradurlo, ma ne consiglio la lettura.<\/a><\/p>\n<p>P.S. 2 Se volete un punto di vista tangenziale sull&#8217;argomento, segnalo un terzetto di articoli di un annetto\u00a0fa, che iniziano con <a href=\"http:\/\/www.robertosedda.it\/?p=7522\">la filantropia razzista<\/a> e E.D. DuBois e proseguono con l&#8217;umorismo e gli interruttori emotivi (uau!). E sempre su questo sito c&#8217;\u00e8 <a href=\"http:\/\/www.robertosedda.it\/?p=9026\">una vecchia polemica sul femminismo<\/a> dalla quale si capisce, credo la mia opinione. E, domanda per i solutori pi\u00f9 che abili, secondo voi <a href=\"http:\/\/www.robertosedda.it\/?p=10433\">le polemiche di questo periodo sulla famiglia<\/a>\u00a0non saranno mica un po&#8217; come i bisticci sulla bandiera?<\/p>\n","protected":false},"excerpt":{"rendered":"<p>Dylann Storm Roof, l&#8217;uomo che pochi giorni fa ha ucciso per motivi razziali nove persone in una chiesa di Charleston,<\/p>\n","protected":false},"author":1,"featured_media":10449,"comment_status":"open","ping_status":"open","sticky":false,"template":"","format":"standard","meta":{"_mi_skip_tracking":false,"_monsterinsights_sitenote_active":false,"_monsterinsights_sitenote_note":"","_monsterinsights_sitenote_category":0,"jetpack_post_was_ever_published":false,"_jetpack_newsletter_access":"","jetpack_publicize_message":"","jetpack_is_tweetstorm":false,"jetpack_publicize_feature_enabled":true,"jetpack_social_post_already_shared":true,"jetpack_social_options":{"image_generator_settings":{"template":"highway","enabled":false}}},"categories":[52,57,59,19],"tags":[],"jetpack_publicize_connections":[],"jetpack_featured_media_url":"https:\/\/i0.wp.com\/www.robertosedda.it\/wp-content\/uploads\/2015\/06\/Bandiera-di-battaglia-della-Confederazione.jpg?fit=670%2C409","jetpack_sharing_enabled":true,"jetpack_shortlink":"https:\/\/wp.me\/p4jV2T-2Iw","jetpack_likes_enabled":true,"jetpack-related-posts":[{"id":13534,"url":"http:\/\/www.robertosedda.it\/?p=13534","url_meta":{"origin":10448,"position":0},"title":"Benpensanti dell&#8217;una e dell&#8217;altra parte","author":"Rufus","date":"06\/04\/2017","format":false,"excerpt":"Forse non tutti sanno che l'attore Shia LaBeouf ama le installazioni e le\u00a0performance artistiche: per esempio nel 2015 ha organizzato una maratona di tre giorni nei quali si \u00e8 chiuso in un cinema per rivedere tutti i suoi film mentre una telecamera che lo riprendeva ininterrottamente trasmetteva in diretta lo\u00a0streaming\u00a0\u2026","rel":"","context":"In &quot;Coordinate&quot;","block_context":{"text":"Coordinate","link":"http:\/\/www.robertosedda.it\/?cat=52"},"img":{"alt_text":"","src":"https:\/\/i0.wp.com\/www.robertosedda.it\/wp-content\/uploads\/2017\/04\/Shia-LaBeouf.jpg?fit=1024%2C576&resize=350%2C200","width":350,"height":200,"srcset":"https:\/\/i0.wp.com\/www.robertosedda.it\/wp-content\/uploads\/2017\/04\/Shia-LaBeouf.jpg?fit=1024%2C576&resize=350%2C200 1x, https:\/\/i0.wp.com\/www.robertosedda.it\/wp-content\/uploads\/2017\/04\/Shia-LaBeouf.jpg?fit=1024%2C576&resize=700%2C400 2x"},"classes":[]},{"id":4929,"url":"http:\/\/www.robertosedda.it\/?p=4929","url_meta":{"origin":10448,"position":1},"title":"I nazisti dell&#8217;Illinois (o gi\u00f9 di l\u00ec), i Lakota e i gabinetti","author":"Rufus","date":"05\/11\/2013","format":false,"excerpt":"Credo che tutti ricordiate la famosa scena dei Blues brothers Ok, non \u00e8 un'invenzione di Belushi. Esistono davvero. E la storia che sto per raccontarvi lo dimostra. Siamo a Leith, North Dakota. Una citt\u00e0 in cui ben il trenta per cento degli abitanti aderisce al partito nazista americano, l'American National\u2026","rel":"","context":"In &quot;Coordinate&quot;","block_context":{"text":"Coordinate","link":"http:\/\/www.robertosedda.it\/?cat=52"},"img":{"alt_text":"","src":"https:\/\/i0.wp.com\/www.robertosedda.it\/wp-content\/uploads\/2013\/11\/Welcome-to-Leith.jpg?fit=851%2C315&resize=350%2C200","width":350,"height":200,"srcset":"https:\/\/i0.wp.com\/www.robertosedda.it\/wp-content\/uploads\/2013\/11\/Welcome-to-Leith.jpg?fit=851%2C315&resize=350%2C200 1x, https:\/\/i0.wp.com\/www.robertosedda.it\/wp-content\/uploads\/2013\/11\/Welcome-to-Leith.jpg?fit=851%2C315&resize=700%2C400 2x"},"classes":[]},{"id":2986,"url":"http:\/\/www.robertosedda.it\/?p=2986","url_meta":{"origin":10448,"position":2},"title":"Il mio 25 aprile","author":"Rufus","date":"25\/04\/2013","format":"gallery","excerpt":"Oggi sono andato alla manifestazione: c'era un po' di gente, ma non tantissima, e oltretutto il corteo era diviso nettamente in due parti, una quella regular fit (cio\u00e8 il comitato organizzatore storico e gli enti pubblici) e l'altra quella straight line (cio\u00e8 il Coordinamento Antifascista) che a un certo punto\u2026","rel":"","context":"In &quot;Coordinate&quot;","block_context":{"text":"Coordinate","link":"http:\/\/www.robertosedda.it\/?cat=52"},"img":{"alt_text":"","src":"https:\/\/i0.wp.com\/www.robertosedda.it\/wp-content\/uploads\/2013\/04\/2013-04-25-10.05.31.jpg?resize=350%2C200","width":350,"height":200},"classes":[]},{"id":54,"url":"http:\/\/www.robertosedda.it\/?p=54","url_meta":{"origin":10448,"position":3},"title":"Milleottocentonovantotto","author":"Rufus","date":"26\/07\/2012","format":false,"excerpt":"Trovo nel libro di Isnenghi su Garibaldi una pagina che ha parecchi echi con l'attualit\u00e0 (per esempio sostituendo Mille e Garibaldi con Resistenza, il discorso fila... ma c'\u00e8 molto altro, mi pare). La pagina \u00e8 questa: Con la crisi di fine secolo, un'epoca si chiude. Le fornisce suggello Giovanni Bovio,\u2026","rel":"","context":"In &quot;Coordinate&quot;","block_context":{"text":"Coordinate","link":"http:\/\/www.robertosedda.it\/?cat=52"},"img":{"alt_text":"","src":"","width":0,"height":0},"classes":[]},{"id":16935,"url":"http:\/\/www.robertosedda.it\/?p=16935","url_meta":{"origin":10448,"position":4},"title":"Cose in chiaro","author":"Rufus","date":"25\/07\/2019","format":false,"excerpt":"Ieri, quando sono tornato a casa dal lavoro, mia moglie che \u00e8 il cuore pensante della nostra famiglia mi ha avvisato che avevamo appena comprato da Amnesty uno striscione Verit\u00e0 per Giulio Regeni. Lo striscione che era appeso in Comune \u00e8 stato tolto, abbiamo deciso di mantenere in pareggio la\u2026","rel":"","context":"In &quot;Coordinate&quot;","block_context":{"text":"Coordinate","link":"http:\/\/www.robertosedda.it\/?cat=52"},"img":{"alt_text":"","src":"https:\/\/i0.wp.com\/www.robertosedda.it\/wp-content\/uploads\/2019\/07\/Regeni-striscione.jpg?resize=350%2C200","width":350,"height":200,"srcset":"https:\/\/i0.wp.com\/www.robertosedda.it\/wp-content\/uploads\/2019\/07\/Regeni-striscione.jpg?resize=350%2C200 1x, https:\/\/i0.wp.com\/www.robertosedda.it\/wp-content\/uploads\/2019\/07\/Regeni-striscione.jpg?resize=700%2C400 2x, https:\/\/i0.wp.com\/www.robertosedda.it\/wp-content\/uploads\/2019\/07\/Regeni-striscione.jpg?resize=1050%2C600 3x, https:\/\/i0.wp.com\/www.robertosedda.it\/wp-content\/uploads\/2019\/07\/Regeni-striscione.jpg?resize=1400%2C800 4x"},"classes":[]},{"id":13765,"url":"http:\/\/www.robertosedda.it\/?p=13765","url_meta":{"origin":10448,"position":5},"title":"Nonostante tutti i suoi difetti","author":"Rufus","date":"24\/05\/2017","format":"video","excerpt":"Girovagando per Torino mi sono imbattuto in una locandina che annunciava una proiezione straordinaria di PIIGS (sottotitolo: Come imparai a preoccuparmi e a combattere l'austerity), un film di cui in diversi ambienti si parla molto e che ha peraltro una circolazione quasi clandestina, con proiezioni organizzate apposta qui e l\u00e0\u2026","rel":"","context":"In &quot;Banche e finanza&quot;","block_context":{"text":"Banche e finanza","link":"http:\/\/www.robertosedda.it\/?cat=72"},"img":{"alt_text":"","src":"https:\/\/i0.wp.com\/www.robertosedda.it\/wp-content\/uploads\/2017\/05\/pigs.png?fit=921%2C365&resize=350%2C200","width":350,"height":200,"srcset":"https:\/\/i0.wp.com\/www.robertosedda.it\/wp-content\/uploads\/2017\/05\/pigs.png?fit=921%2C365&resize=350%2C200 1x, https:\/\/i0.wp.com\/www.robertosedda.it\/wp-content\/uploads\/2017\/05\/pigs.png?fit=921%2C365&resize=700%2C400 2x"},"classes":[]}],"_links":{"self":[{"href":"http:\/\/www.robertosedda.it\/index.php?rest_route=\/wp\/v2\/posts\/10448"}],"collection":[{"href":"http:\/\/www.robertosedda.it\/index.php?rest_route=\/wp\/v2\/posts"}],"about":[{"href":"http:\/\/www.robertosedda.it\/index.php?rest_route=\/wp\/v2\/types\/post"}],"author":[{"embeddable":true,"href":"http:\/\/www.robertosedda.it\/index.php?rest_route=\/wp\/v2\/users\/1"}],"replies":[{"embeddable":true,"href":"http:\/\/www.robertosedda.it\/index.php?rest_route=%2Fwp%2Fv2%2Fcomments&post=10448"}],"version-history":[{"count":9,"href":"http:\/\/www.robertosedda.it\/index.php?rest_route=\/wp\/v2\/posts\/10448\/revisions"}],"predecessor-version":[{"id":14143,"href":"http:\/\/www.robertosedda.it\/index.php?rest_route=\/wp\/v2\/posts\/10448\/revisions\/14143"}],"wp:featuredmedia":[{"embeddable":true,"href":"http:\/\/www.robertosedda.it\/index.php?rest_route=\/wp\/v2\/media\/10449"}],"wp:attachment":[{"href":"http:\/\/www.robertosedda.it\/index.php?rest_route=%2Fwp%2Fv2%2Fmedia&parent=10448"}],"wp:term":[{"taxonomy":"category","embeddable":true,"href":"http:\/\/www.robertosedda.it\/index.php?rest_route=%2Fwp%2Fv2%2Fcategories&post=10448"},{"taxonomy":"post_tag","embeddable":true,"href":"http:\/\/www.robertosedda.it\/index.php?rest_route=%2Fwp%2Fv2%2Ftags&post=10448"}],"curies":[{"name":"wp","href":"https:\/\/api.w.org\/{rel}","templated":true}]}}