{"id":10443,"date":"2015-06-24T17:26:58","date_gmt":"2015-06-24T15:26:58","guid":{"rendered":"http:\/\/www.robertosedda.it\/?p=10443"},"modified":"2015-07-14T11:53:15","modified_gmt":"2015-07-14T09:53:15","slug":"il-tenero-peter-e-la-rossa-esplosiva","status":"publish","type":"post","link":"http:\/\/www.robertosedda.it\/?p=10443","title":{"rendered":"Il tenero Peter e la rossa esplosiva"},"content":{"rendered":"<p>Non so se l&#8217;avete mai intuito, ma le puntate di <em>Oggi parliamo di libri<\/em> le faccio soprattutto per me stesso.<\/p>\n<p>Non mi riferisco solo al fatto che fare la radio mi diverte davvero tanto, moltissimo, ma soprattutto al fatto che mentre preparo le puntate faccio continuamente delle scoperte, mi si aprono dei sentieri inaspettati e vengo condotto, da un libro all&#8217;altro, verso riflessioni che non avevo mai fatto.<\/p>\n<p>Il che probabilmente \u00e8 bene per me e male invece per la qualit\u00e0 delle singole puntate, dove talvolta ho l&#8217;impressione di procedere un po&#8217; a tentoni, per\u00f2 certo questo crea degli strani accostamenti che magari sono interessanti e comunque rendono imprevedibile <em>Oggi parliamo di libri<\/em>.<\/p>\n<p>Quest&#8217;anno mi \u00e8 capitato abbastanza spesso: uno di questi percorsi inaspettati (<a href=\"http:\/\/www.robertosedda.it\/?p=9758\">quello che \u00e8 partito dalle fiabe<\/a> per arrivare alle narrazioni orali) l&#8217;ho dichiarato esplicitamente; un altro \u00e8 quello nato casualmente con <a href=\"http:\/\/www.robertosedda.it\/?p=10438\">la puntata su\u00a0<\/a><em>Jack Frusciante<\/em>, ricordando la battuta di Brizzi sul destino di Alex e Aidi, ma che si ricollega anche a alcuni interrogativi riguardanti la passione per il lieto fine che sembra dominare il gusto contemporaneo (ne avevo parlato da ultimo durante <a href=\"http:\/\/www.robertosedda.it\/?p=10145\">la puntata sui libretti d&#8217;opera<\/a>).<\/p>\n<p>In questo caso la domanda da cui partivo ero: ma perch\u00e9 gli autori si rifiutano, generalmente, di parlare di storie d&#8217;amore di lunga durata? Perch\u00e9 abbandonano i loro eroi proprio quando avrebbero raggiunto la felicit\u00e0?<\/p>\n<p>Ci sono motivi di tipo narrativo, ovviamente, che sono stati abbondantemente sviscerati da Aristotele in poi, ma la domanda mi sembrava comunque interessante, e questa doveva essere la puntata in cui dare una risposta.<\/p>\n<div class=\"jetpack-video-wrapper\"><span class=\"embed-youtube\" style=\"text-align:center; display: block;\"><iframe class=\"youtube-player\" width=\"800\" height=\"450\" src=\"https:\/\/www.youtube.com\/embed\/GwFwAupZu6Y?version=3&#038;rel=1&#038;showsearch=0&#038;showinfo=1&#038;iv_load_policy=1&#038;fs=1&#038;hl=it-IT&#038;autohide=2&#038;wmode=transparent\" allowfullscreen=\"true\" style=\"border:0;\" sandbox=\"allow-scripts allow-same-origin allow-popups allow-presentation\"><\/iframe><\/span><\/div>\n<p>Siccome io lavoro coi libri, in trasmissione, cercavo una storia che mi facesse da guida nel parlare. Non ricordo come sono arrivato a Peter Parker e a Mary Jane, ma sul momento mi \u00e8 sembrata una buona soluzione.<\/p>\n<p>In realt\u00e0 la complessit\u00e0 della storia del simpatico arrampicamuri di quartiere e della rossa conturbante si \u00e8 rivelata pi\u00f9 complessa da raccontare del previsto e quindi, come spesso mi succede, sono andato lungo coi tempi, tanto da decidere che dell&#8217;argomento avrei parlato anche nella puntata successiva, come sentirete quando caricher\u00f2 anche quella.<\/p>\n<p>Presa a s\u00e9 stante questa resta comunque una puntata che credo appaia un po&#8217; di transizione ma divertente e che per chi non sia avvezzo ai fumetti &#8211; soprattutto di supereroi &#8211; pu\u00f2 gettare un po&#8217; di luce su come lavorano gli autori di questo genere. Certo mi dispiace che, avendo avuto l&#8217;intenzione di parlar d&#8217;altro, non mi sia concentrato di pi\u00f9 su tutta una serie di altre tematiche che riguardano pi\u00f9 specificamente la testata (le testate, veramente), fra le pi\u00f9 complesse dell&#8217;universo narrativo <em>Marvel<\/em> e soprattutto sui due personaggi, sul loro modo di vivere la loro storia d&#8217;amore, sugli altri obiettivi di vita che i vari sceneggiatori man mano gli hanno proposto e cos\u00ec via: in realt\u00e0 riflettevo proprio stamattina che sull&#8217;<em>Uomo Ragno<\/em> ci si potrebbe fare un&#8217;intera serie di trasmissioni, tanto \u00e8 il materiale che offre.<\/p>\n<p>Come pausa musicale, dopo molte esitazioni, i <em>REM<\/em>.<\/p>\n<div class=\"jetpack-video-wrapper\"><span class=\"embed-youtube\" style=\"text-align:center; display: block;\"><iframe class=\"youtube-player\" width=\"800\" height=\"450\" src=\"https:\/\/www.youtube.com\/embed\/_Uv0O-xbAWY?version=3&#038;rel=1&#038;showsearch=0&#038;showinfo=1&#038;iv_load_policy=1&#038;fs=1&#038;hl=it-IT&#038;autohide=2&#038;wmode=transparent\" allowfullscreen=\"true\" style=\"border:0;\" sandbox=\"allow-scripts allow-same-origin allow-popups allow-presentation\"><\/iframe><\/span><\/div>\n","protected":false},"excerpt":{"rendered":"<p>Non so se l&#8217;avete mai intuito, ma le puntate di Oggi parliamo di libri le faccio soprattutto per me stesso.<\/p>\n","protected":false},"author":1,"featured_media":0,"comment_status":"open","ping_status":"open","sticky":false,"template":"","format":"video","meta":{"_mi_skip_tracking":false,"_monsterinsights_sitenote_active":false,"_monsterinsights_sitenote_note":"","_monsterinsights_sitenote_category":0,"jetpack_post_was_ever_published":false,"_jetpack_newsletter_access":"","jetpack_publicize_message":"","jetpack_is_tweetstorm":false,"jetpack_publicize_feature_enabled":true,"jetpack_social_post_already_shared":true,"jetpack_social_options":{"image_generator_settings":{"template":"highway","enabled":false}}},"categories":[70,52,20,56,12],"tags":[],"jetpack_publicize_connections":[],"jetpack_featured_media_url":"","jetpack_sharing_enabled":true,"jetpack_shortlink":"https:\/\/wp.me\/p4jV2T-2Ir","jetpack_likes_enabled":true,"jetpack-related-posts":[{"id":12472,"url":"http:\/\/www.robertosedda.it\/?p=12472","url_meta":{"origin":10443,"position":0},"title":"Cos\u00ec fin\u00ec Oggi parliamo di libri","author":"Rufus","date":"06\/09\/2016","format":false,"excerpt":"Trovate qui sotto l'ultima puntata della stagione 2015\/2016 di\u00a0Oggi parliamo di libri, dedicata a\u00a0Liol\u00e0\u00a0di Pirandello: si tratta anche dell'ultima puntata in generale della trasmissione, perch\u00e9 per l'anno prossimo mi piacerebbe molto che venisse accettata la mia proposta di parlare di giochi\u00a0(se si parte si parte ad ottobre, ma mi pare\u2026","rel":"","context":"In &quot;Coordinate&quot;","block_context":{"text":"Coordinate","link":"http:\/\/www.robertosedda.it\/?cat=52"},"img":{"alt_text":"","src":"https:\/\/i0.wp.com\/www.robertosedda.it\/wp-content\/uploads\/2016\/09\/Oggi-parliamo-di-libri-1.jpg?fit=480%2C360&resize=350%2C200","width":350,"height":200},"classes":[]},{"id":2188,"url":"http:\/\/www.robertosedda.it\/?p=2188","url_meta":{"origin":10443,"position":1},"title":"Altre tre puntate di &#8220;Oggi parliamo di libri&#8221; in linea","author":"Rufus","date":"08\/02\/2013","format":"video","excerpt":"Ho aggiunto ieri su YouTube altre tre puntate di Oggi parliamo di libri. Con queste ho ultimato il gruppo delle puntate che avevo gi\u00e0 trascritto; prossimamente inizier\u00f2 a mettere quelle pi\u00f9 recenti. Seconda puntata, L'Eternauta Incursione nel mondo del fumetto, della puntata ho gi\u00e0 parlato qui. L'Eternauta mi ha dato\u2026","rel":"","context":"In &quot;Coordinate&quot;","block_context":{"text":"Coordinate","link":"http:\/\/www.robertosedda.it\/?cat=52"},"img":{"alt_text":"","src":"https:\/\/i0.wp.com\/img.youtube.com\/vi\/YEArVX5rwfw\/0.jpg?resize=350%2C200","width":350,"height":200},"classes":[]},{"id":9879,"url":"http:\/\/www.robertosedda.it\/?p=9879","url_meta":{"origin":10443,"position":2},"title":"URGENTE!!1!!1! FATE GIRARE!!1!1!!","author":"Rufus","date":"01\/04\/2015","format":false,"excerpt":"Ok, adesso che ho la vostra attenzione, il mio problema \u00e8 questo: ... ... pronti? Insomma: sono quasi tre anni che faccio Oggi parliamo di libri e non ho mai nessuna reazione. Non so manco se qualcuno mi ascolta (a parte mia mamma, santa donna, e un paio di amici\u2026","rel":"","context":"In &quot;Coordinate&quot;","block_context":{"text":"Coordinate","link":"http:\/\/www.robertosedda.it\/?cat=52"},"img":{"alt_text":"","src":"https:\/\/i0.wp.com\/www.robertosedda.it\/wp-content\/uploads\/2012\/12\/197882_4997567705416_1682811050_n.jpg?fit=750%2C865&resize=350%2C200","width":350,"height":200,"srcset":"https:\/\/i0.wp.com\/www.robertosedda.it\/wp-content\/uploads\/2012\/12\/197882_4997567705416_1682811050_n.jpg?fit=750%2C865&resize=350%2C200 1x, https:\/\/i0.wp.com\/www.robertosedda.it\/wp-content\/uploads\/2012\/12\/197882_4997567705416_1682811050_n.jpg?fit=750%2C865&resize=700%2C400 2x"},"classes":[]},{"id":8535,"url":"http:\/\/www.robertosedda.it\/?p=8535","url_meta":{"origin":10443,"position":3},"title":"L&#8217;ultima puntata di &#8220;Oggi parliamo di libri&#8221; (dell&#8217;anno scorso)","author":"Rufus","date":"02\/10\/2014","format":"video","excerpt":"Ho messo in linea oggi l'ultima puntata della scorsa stagione di Oggi parliamo di libri, andata in onda a fine maggio e quindi ormai vetusta. \u00c8 stata una puntata abbastanza strana, come avrete sentito: si intuisce l'imbarazzo di essermi incamminato su un'idea di argomento da trattare in commissione - i\u2026","rel":"","context":"In &quot;Coordinate&quot;","block_context":{"text":"Coordinate","link":"http:\/\/www.robertosedda.it\/?cat=52"},"img":{"alt_text":"","src":"https:\/\/i0.wp.com\/img.youtube.com\/vi\/7tzycI2ao-0\/0.jpg?resize=350%2C200","width":350,"height":200},"classes":[]},{"id":2419,"url":"http:\/\/www.robertosedda.it\/?p=2419","url_meta":{"origin":10443,"position":4},"title":"Terry Pratchett a &#8220;Oggi parliamo di libri&#8221;","author":"Rufus","date":"04\/03\/2013","format":"video","excerpt":"Ho messo oggi in linea la puntata di Oggi parliamo di libri dedicata a Terry Pratchett. Questioni di peso Mi ha fatto notare proprio ieri il mio amico Andrea Assorgia che spesso nelle puntate la parte introduttiva ha troppo peso rispetto alla discussione vera e propria del libro. \u00c8 di\u2026","rel":"","context":"In &quot;Coordinate&quot;","block_context":{"text":"Coordinate","link":"http:\/\/www.robertosedda.it\/?cat=52"},"img":{"alt_text":"","src":"https:\/\/i0.wp.com\/www.robertosedda.it\/wp-content\/uploads\/2013\/03\/562974_144686829023382_1123473137_n.jpg?fit=920%2C900&resize=350%2C200","width":350,"height":200,"srcset":"https:\/\/i0.wp.com\/www.robertosedda.it\/wp-content\/uploads\/2013\/03\/562974_144686829023382_1123473137_n.jpg?fit=920%2C900&resize=350%2C200 1x, https:\/\/i0.wp.com\/www.robertosedda.it\/wp-content\/uploads\/2013\/03\/562974_144686829023382_1123473137_n.jpg?fit=920%2C900&resize=700%2C400 2x"},"classes":[]},{"id":2512,"url":"http:\/\/www.robertosedda.it\/?p=2512","url_meta":{"origin":10443,"position":5},"title":"La storia infinita a &#8220;Oggi parliamo di libri&#8221;","author":"Rufus","date":"10\/03\/2013","format":"video","excerpt":"Ho pubblicato oggi la puntata di Oggi parliamo di libri dedicata a La storia infinita. Questa era la puntata del 21 febbraio, quindi ho quasi smaltito l'arretrato: presto sar\u00f2 in grado di pubblicare le puntate volta per volta (e voi non sarete pi\u00f9 subissati di post con le registrazioni). Sono\u2026","rel":"","context":"In &quot;Coordinate&quot;","block_context":{"text":"Coordinate","link":"http:\/\/www.robertosedda.it\/?cat=52"},"img":{"alt_text":"","src":"https:\/\/i0.wp.com\/img.youtube.com\/vi\/JBrr-FbFUew\/0.jpg?resize=350%2C200","width":350,"height":200},"classes":[]}],"_links":{"self":[{"href":"http:\/\/www.robertosedda.it\/index.php?rest_route=\/wp\/v2\/posts\/10443"}],"collection":[{"href":"http:\/\/www.robertosedda.it\/index.php?rest_route=\/wp\/v2\/posts"}],"about":[{"href":"http:\/\/www.robertosedda.it\/index.php?rest_route=\/wp\/v2\/types\/post"}],"author":[{"embeddable":true,"href":"http:\/\/www.robertosedda.it\/index.php?rest_route=\/wp\/v2\/users\/1"}],"replies":[{"embeddable":true,"href":"http:\/\/www.robertosedda.it\/index.php?rest_route=%2Fwp%2Fv2%2Fcomments&post=10443"}],"version-history":[{"count":4,"href":"http:\/\/www.robertosedda.it\/index.php?rest_route=\/wp\/v2\/posts\/10443\/revisions"}],"predecessor-version":[{"id":10447,"href":"http:\/\/www.robertosedda.it\/index.php?rest_route=\/wp\/v2\/posts\/10443\/revisions\/10447"}],"wp:attachment":[{"href":"http:\/\/www.robertosedda.it\/index.php?rest_route=%2Fwp%2Fv2%2Fmedia&parent=10443"}],"wp:term":[{"taxonomy":"category","embeddable":true,"href":"http:\/\/www.robertosedda.it\/index.php?rest_route=%2Fwp%2Fv2%2Fcategories&post=10443"},{"taxonomy":"post_tag","embeddable":true,"href":"http:\/\/www.robertosedda.it\/index.php?rest_route=%2Fwp%2Fv2%2Ftags&post=10443"}],"curies":[{"name":"wp","href":"https:\/\/api.w.org\/{rel}","templated":true}]}}