{"id":10423,"date":"2015-06-19T17:48:48","date_gmt":"2015-06-19T15:48:48","guid":{"rendered":"http:\/\/www.robertosedda.it\/?p=10423"},"modified":"2024-06-20T16:17:11","modified_gmt":"2024-06-20T14:17:11","slug":"lestate-dei-segreti-perduti","status":"publish","type":"post","link":"http:\/\/www.robertosedda.it\/?p=10423","title":{"rendered":"L&#8217;estate dei segreti perduti"},"content":{"rendered":"<div class=\"jetpack-video-wrapper\"><span class=\"embed-youtube\" style=\"text-align:center; display: block;\"><iframe class=\"youtube-player\" width=\"800\" height=\"450\" src=\"https:\/\/www.youtube.com\/embed\/ueSDbK62ZeM?version=3&#038;rel=1&#038;showsearch=0&#038;showinfo=1&#038;iv_load_policy=1&#038;fs=1&#038;hl=it-IT&#038;autohide=2&#038;wmode=transparent\" allowfullscreen=\"true\" style=\"border:0;\" sandbox=\"allow-scripts allow-same-origin allow-popups allow-presentation\"><\/iframe><\/span><\/div>\n<p>Non ve l&#8217;aspettavate, vero, che Rihanna rientrasse nei miei gusti musicali? Infatti non \u00e8 un&#8217;interprete che io segua con attenzione, ma quando ho fatto la puntata di <em>Oggi parliamo di libri<\/em>&nbsp;su&nbsp;<em>L&#8217;estate dei segreti perduti<\/em> di E. Lockhart (ho caricato oggi il&nbsp;<em>podcast<\/em> su&nbsp;<em>YouTube<\/em>) volevo avere per la pausa musicale&nbsp;qualcosa che avesse un sapore un po&#8217; diverso dal solito e la scelta di&nbsp;<em>Fading<\/em> mi \u00e8 sembrata adatta, per pi\u00f9 di un motivo.<\/p>\n<p>Come <a href=\"http:\/\/www.robertosedda.it\/?p=10138\">avevo scritto tempo fa<\/a>&nbsp;<em>L&#8217;estate dei segreti perduti<\/em> mi \u00e8 capitato fra le mani all&#8217;interno dell&#8217;iniziativa di&nbsp;<em>#ioleggoperch\u00e9<\/em>&nbsp;e rappresenta un po&#8217; un elemento di discontinuit\u00e0 all&#8217;interno di questa stagione di <em>Oggi parliamo di libri<\/em> perch\u00e9 a rigor di termini&nbsp;<em>non<\/em> si tratta di una vera e propria storia d&#8217;amore; d&#8217;altra parte questo non mi ha fermato in altre occasioni dal forzare le regole pur di presentare un libro e non mi sono lasciato condizionare pi\u00f9 di tanto nemmeno stavolta: del resto, se&nbsp;<em>L&#8217;estate dei segreti perduti<\/em> non \u00e8 propriamente una storia d&#8217;amore \u00e8 certamente un libro sentimentale, estremamente sentimentale, e si prestava molto bene a collegarsi ad altre puntate, da quella vecchia su <em><a href=\"http:\/\/www.robertosedda.it\/?p=8746\">Romeo e Giulietta<\/a><\/em>&nbsp;e la fascinazione per la morte degli adolescenti a quella esattamente successiva su&nbsp;<em>Jack Frusciante \u00e8 uscito dal gruppo<\/em>, un altro ritratto di adolescenti piuttosto lontano nel tempo e nello spazio ma molto vicino nelle tematiche affrontate&nbsp;(e invece all&#8217;opposto quanto all&#8217;esito della storia).<\/p>\n<div class=\"jetpack-video-wrapper\"><span class=\"embed-youtube\" style=\"text-align:center; display: block;\"><iframe class=\"youtube-player\" width=\"800\" height=\"450\" src=\"https:\/\/www.youtube.com\/embed\/_JFKc05124E?version=3&#038;rel=1&#038;showsearch=0&#038;showinfo=1&#038;iv_load_policy=1&#038;fs=1&#038;hl=it-IT&#038;autohide=2&#038;wmode=transparent\" allowfullscreen=\"true\" style=\"border:0;\" sandbox=\"allow-scripts allow-same-origin allow-popups allow-presentation\"><\/iframe><\/span><\/div>\n<p>\u00c8 molto difficile parlare de&nbsp;<em>L&#8217;estate dei segreti perduti<\/em> senza rovinare a chi non l&#8217;ha ancora letto il piacere della risoluzione del mistero, che riguarda i famosi &#8220;segreti&#8221; a cui allude il titolo (o, con pi\u00f9 precisione,&nbsp;le &#8220;bugie&#8221; del titolo inglese originale) e in generale tutto il percorso che fa Cady mentre con noi ripercorre avanti e indietro la sua storia, man mano svelando&nbsp;a noi e a se stessa verit\u00e0 sgradevoli e dolorose fino alla rivelazione finale.<\/p>\n<p>Siccome non voglio guastare il piacere della lettura a nessuno mi asterr\u00f2 quindi da quasi tutti i commenti, come fatto in trasmissione,&nbsp;se non per dire che tutto sommato sul romanzo ho due dubbi: uno stilistico e uno etico.<\/p>\n<p><a href=\"https:\/\/i0.wp.com\/www.robertosedda.it\/wp-content\/uploads\/2015\/06\/Emily-Lockhart.jpg\"><img data-attachment-id=\"10426\" data-permalink=\"http:\/\/www.robertosedda.it\/?attachment_id=10426\" data-orig-file=\"https:\/\/i0.wp.com\/www.robertosedda.it\/wp-content\/uploads\/2015\/06\/Emily-Lockhart.jpg?fit=460%2C276\" data-orig-size=\"460,276\" data-comments-opened=\"1\" data-image-meta=\"{&quot;aperture&quot;:&quot;0&quot;,&quot;credit&quot;:&quot;&quot;,&quot;camera&quot;:&quot;&quot;,&quot;caption&quot;:&quot;&quot;,&quot;created_timestamp&quot;:&quot;0&quot;,&quot;copyright&quot;:&quot;&quot;,&quot;focal_length&quot;:&quot;0&quot;,&quot;iso&quot;:&quot;0&quot;,&quot;shutter_speed&quot;:&quot;0&quot;,&quot;title&quot;:&quot;&quot;,&quot;orientation&quot;:&quot;0&quot;}\" data-image-title=\"Emily Lockhart\" data-image-description=\"\" data-image-caption=\"\" data-medium-file=\"https:\/\/i0.wp.com\/www.robertosedda.it\/wp-content\/uploads\/2015\/06\/Emily-Lockhart.jpg?fit=300%2C180\" data-large-file=\"https:\/\/i0.wp.com\/www.robertosedda.it\/wp-content\/uploads\/2015\/06\/Emily-Lockhart.jpg?fit=460%2C276\" decoding=\"async\" loading=\"lazy\" class=\"alignright size-medium wp-image-10426\" src=\"https:\/\/i0.wp.com\/www.robertosedda.it\/wp-content\/uploads\/2015\/06\/Emily-Lockhart.jpg?resize=300%2C180\" alt=\"Emily Lockhart\" width=\"300\" height=\"180\" srcset=\"https:\/\/i0.wp.com\/www.robertosedda.it\/wp-content\/uploads\/2015\/06\/Emily-Lockhart.jpg?resize=300%2C180 300w, https:\/\/i0.wp.com\/www.robertosedda.it\/wp-content\/uploads\/2015\/06\/Emily-Lockhart.jpg?resize=150%2C90 150w, https:\/\/i0.wp.com\/www.robertosedda.it\/wp-content\/uploads\/2015\/06\/Emily-Lockhart.jpg?resize=50%2C30 50w, https:\/\/i0.wp.com\/www.robertosedda.it\/wp-content\/uploads\/2015\/06\/Emily-Lockhart.jpg?w=460 460w\" sizes=\"(max-width: 300px) 100vw, 300px\" data-recalc-dims=\"1\" \/><\/a>Quali sono? Il fatto \u00e8 che la Lockhart usa come arma una quantit\u00e0 di sentimentalit\u00e0 esasperata, sovraeccitata, che \u00e8 molto tipica di certa&nbsp;letteratura per adolescenti e giovani:&nbsp;penso a un classico della mia generazione come&nbsp;<em>Amore senza fine <\/em>&#8211; quello del film di Zeffirelli con Brooke Shields &#8211;&nbsp;o a un altro classico precedente come&nbsp;<em>Love story<\/em>.&nbsp;<em>L&#8217;estate dei segreti perduti<\/em> me li ha ricordati moltissimo, soprattutto il romanzo di Scott Spencer, ma questo&nbsp;in realt\u00e0 \u00e8 un elemento di debolezza: perch\u00e9 a distanza di tempo sappiamo che quei romanzi, che pure hanno acchiappato sul momento un pubblico affezionato, sono stati ben presto ridimensionati: la mia impressione \u00e8 che lo stesso destino transitorio attenda il romanzo della Lockhart, un po&#8217; come quelle frasi piene di significato che si scrivono sul diario di scuola (io, come sapete, ne avevo&nbsp;<a href=\"http:\/\/www.robertosedda.it\/?p=5307\">tre&nbsp;quaderni pieni<\/a>) quando si hanno diciassette anni: a venti sembra gi\u00e0 un&#8217;abitudine un po&#8217; strana, a meno che non si scrivano <em>meme <\/em>su&nbsp;<em>Facebook<\/em>&nbsp;per mestiere. Allo stesso modo vedo la rete piena di frasi di profondo significato (oddio&#8230;) tratte dal libro: non metto in dubbio che alla sensibilit\u00e0 esasperata che \u00e8 tipica degli adolescenti appaiano fondamentali, ma non so se rimarranno tali fra un paio d&#8217;anni.<\/p>\n<p><a href=\"https:\/\/i0.wp.com\/www.robertosedda.it\/wp-content\/uploads\/2015\/06\/We-were-liars-quote.jpg\"><img data-attachment-id=\"10429\" data-permalink=\"http:\/\/www.robertosedda.it\/?attachment_id=10429\" data-orig-file=\"https:\/\/i0.wp.com\/www.robertosedda.it\/wp-content\/uploads\/2015\/06\/We-were-liars-quote.jpg?fit=600%2C300\" data-orig-size=\"600,300\" data-comments-opened=\"1\" data-image-meta=\"{&quot;aperture&quot;:&quot;0&quot;,&quot;credit&quot;:&quot;&quot;,&quot;camera&quot;:&quot;&quot;,&quot;caption&quot;:&quot;&quot;,&quot;created_timestamp&quot;:&quot;0&quot;,&quot;copyright&quot;:&quot;&quot;,&quot;focal_length&quot;:&quot;0&quot;,&quot;iso&quot;:&quot;0&quot;,&quot;shutter_speed&quot;:&quot;0&quot;,&quot;title&quot;:&quot;&quot;,&quot;orientation&quot;:&quot;1&quot;}\" data-image-title=\"We were liars quote\" data-image-description=\"\" data-image-caption=\"\" data-medium-file=\"https:\/\/i0.wp.com\/www.robertosedda.it\/wp-content\/uploads\/2015\/06\/We-were-liars-quote.jpg?fit=300%2C150\" data-large-file=\"https:\/\/i0.wp.com\/www.robertosedda.it\/wp-content\/uploads\/2015\/06\/We-were-liars-quote.jpg?fit=510%2C255\" decoding=\"async\" loading=\"lazy\" class=\"aligncenter wp-image-10429 size-full\" src=\"https:\/\/i0.wp.com\/www.robertosedda.it\/wp-content\/uploads\/2015\/06\/We-were-liars-quote.jpg?resize=600%2C300\" alt=\"We were liars quote\" width=\"600\" height=\"300\" srcset=\"https:\/\/i0.wp.com\/www.robertosedda.it\/wp-content\/uploads\/2015\/06\/We-were-liars-quote.jpg?w=600 600w, https:\/\/i0.wp.com\/www.robertosedda.it\/wp-content\/uploads\/2015\/06\/We-were-liars-quote.jpg?resize=150%2C75 150w, https:\/\/i0.wp.com\/www.robertosedda.it\/wp-content\/uploads\/2015\/06\/We-were-liars-quote.jpg?resize=300%2C150 300w, https:\/\/i0.wp.com\/www.robertosedda.it\/wp-content\/uploads\/2015\/06\/We-were-liars-quote.jpg?resize=510%2C255 510w, https:\/\/i0.wp.com\/www.robertosedda.it\/wp-content\/uploads\/2015\/06\/We-were-liars-quote.jpg?resize=50%2C25 50w\" sizes=\"(max-width: 600px) 100vw, 600px\" data-recalc-dims=\"1\" \/><\/a>Vorrei essere chiaro: non sto dicendo, snobisticamente, che <em>siccome<\/em> il libro fa presa su una certa sentimentalit\u00e0 allora per forza <em>deve<\/em> essere destinato a cadere prima o poi nel dimenticatoio: ci sono romanzi che hanno molto successo perch\u00e9 si accordano con lo spirito del tempo ma che poi, col passare del tempo, si apprezzano per molte altre caratteristiche. Si chiamano &#8220;classici&#8221;.<\/p>\n<p>Quello che sto dicendo, e questo \u00e8 il secondo dubbio, che temo che&nbsp;<em>L&#8217;estate dei segreti perduti<\/em> non possa arrivare alla augusta condizione di classico della letteratura perch\u00e9 sotto la sentimentalit\u00e0 c&#8217;\u00e8 un po&#8217; poco: soprattutto c&#8217;\u00e8 un personaggio &#8211; cio\u00e8 Cady &#8211; che, osservato a distanza, suscita pi\u00f9 di una riserva.<\/p>\n<p>Ohi, come spiegarmi senza svelare troppo le cose? Proviamo cos\u00ec. I protagonisti pi\u00f9 facili, per l&#8217;immedesimazione, sono gli eroi. Cady per\u00f2 non entra in questa categoria perch\u00e9 la sua &#8220;impresa&#8221; non \u00e8 eroica: \u00e8, al fondo, folle. Ma anche per essere anti-eroi occorrono certe caratteristiche e certe imprese, e Cady non ha nemmeno quelle. E certamente Cady non \u00e8 neanche un&#8217;eroina negativa, o una&nbsp;<em>dark lady<\/em>. La Lockhart sembra, al fondo, esitare o confondersi circa il modo con il quale vuole costruire il suo personaggio principale, e quindi alla fine&nbsp;del romanzo, chiusa l&#8217;ultima pagina, il grido di liberazione di Cady non sembra suscitare condivisione quanto perplessit\u00e0: \u00abTroppo comodo, bella mia\u00bb.<\/p>\n<p><a href=\"https:\/\/i0.wp.com\/www.robertosedda.it\/wp-content\/uploads\/2015\/06\/We-were-liars-21.jpg\"><img data-attachment-id=\"10430\" data-permalink=\"http:\/\/www.robertosedda.it\/?attachment_id=10430\" data-orig-file=\"https:\/\/i0.wp.com\/www.robertosedda.it\/wp-content\/uploads\/2015\/06\/We-were-liars-21.jpg?fit=500%2C500\" data-orig-size=\"500,500\" data-comments-opened=\"1\" data-image-meta=\"{&quot;aperture&quot;:&quot;0&quot;,&quot;credit&quot;:&quot;&quot;,&quot;camera&quot;:&quot;&quot;,&quot;caption&quot;:&quot;&quot;,&quot;created_timestamp&quot;:&quot;0&quot;,&quot;copyright&quot;:&quot;&quot;,&quot;focal_length&quot;:&quot;0&quot;,&quot;iso&quot;:&quot;0&quot;,&quot;shutter_speed&quot;:&quot;0&quot;,&quot;title&quot;:&quot;&quot;,&quot;orientation&quot;:&quot;0&quot;}\" data-image-title=\"We were liars 2\" data-image-description=\"\" data-image-caption=\"\" data-medium-file=\"https:\/\/i0.wp.com\/www.robertosedda.it\/wp-content\/uploads\/2015\/06\/We-were-liars-21.jpg?fit=300%2C300\" data-large-file=\"https:\/\/i0.wp.com\/www.robertosedda.it\/wp-content\/uploads\/2015\/06\/We-were-liars-21.jpg?fit=500%2C500\" decoding=\"async\" loading=\"lazy\" class=\"alignright size-medium wp-image-10430\" src=\"https:\/\/i0.wp.com\/www.robertosedda.it\/wp-content\/uploads\/2015\/06\/We-were-liars-21.jpg?resize=300%2C300\" alt=\"We were liars 2\" width=\"300\" height=\"300\" srcset=\"https:\/\/i0.wp.com\/www.robertosedda.it\/wp-content\/uploads\/2015\/06\/We-were-liars-21.jpg?resize=300%2C300 300w, https:\/\/i0.wp.com\/www.robertosedda.it\/wp-content\/uploads\/2015\/06\/We-were-liars-21.jpg?resize=150%2C150 150w, https:\/\/i0.wp.com\/www.robertosedda.it\/wp-content\/uploads\/2015\/06\/We-were-liars-21.jpg?resize=100%2C100 100w, https:\/\/i0.wp.com\/www.robertosedda.it\/wp-content\/uploads\/2015\/06\/We-were-liars-21.jpg?resize=50%2C50 50w, https:\/\/i0.wp.com\/www.robertosedda.it\/wp-content\/uploads\/2015\/06\/We-were-liars-21.jpg?w=500 500w\" sizes=\"(max-width: 300px) 100vw, 300px\" data-recalc-dims=\"1\" \/><\/a>Ho detto che \u00e8 un dubbio etico? Si. Perch\u00e9 il problema al fondo non \u00e8 stilistico, cio\u00e8 non \u00e8 un problema di scrittura o di costruzione dei personaggi da parte della Lockhart, ma sembra un problema di non avere chiari i valori e i parametri, come se si potesse fare la giustizia con l&#8217;ingiustizia o il bene con il male o amare sfruttando l&#8217;amato e,&nbsp;accorgendosi che alla fine cos\u00ec non funziona,&nbsp;mettere da parte &nbsp;la tragedia dicendosi: \u00abBeh, ma io sono la protagonista, tutto mi \u00e8 permesso\u00bb.<\/p>\n<p>Certo, ditelo a Madame Bovary, poveretta, o al dottor Faust o a Beowulf o a Sigfrido o a don Giovanni. Cos&#8217;\u00e8: a loro si e a Cady no?<\/p>\n<p>Troppo comodo. Purtroppo per Cady (e la Lockhart) la letteratura non funziona come le proteste con la&nbsp;mamma, che deve dare una caramella a ciascuno: ci sono eroi che meritano e altri che non funzionano: e qui siamo nel secondo caso.<\/p>\n","protected":false},"excerpt":{"rendered":"<p>Non ve l&#8217;aspettavate, vero, che Rihanna rientrasse nei miei gusti musicali? Infatti non \u00e8 un&#8217;interprete che io segua con attenzione,<\/p>\n","protected":false},"author":1,"featured_media":10429,"comment_status":"open","ping_status":"open","sticky":false,"template":"","format":"video","meta":{"_mi_skip_tracking":false,"_monsterinsights_sitenote_active":false,"_monsterinsights_sitenote_note":"","_monsterinsights_sitenote_category":0,"jetpack_post_was_ever_published":false,"_jetpack_newsletter_access":"","jetpack_publicize_message":"","jetpack_is_tweetstorm":false,"jetpack_publicize_feature_enabled":true,"jetpack_social_post_already_shared":true,"jetpack_social_options":{"image_generator_settings":{"template":"highway","enabled":false}}},"categories":[52,56,13,82,12],"tags":[],"jetpack_publicize_connections":[],"jetpack_featured_media_url":"https:\/\/i0.wp.com\/www.robertosedda.it\/wp-content\/uploads\/2015\/06\/We-were-liars-quote.jpg?fit=600%2C300","jetpack_sharing_enabled":true,"jetpack_shortlink":"https:\/\/wp.me\/p4jV2T-2I7","jetpack_likes_enabled":true,"jetpack-related-posts":[{"id":10138,"url":"http:\/\/www.robertosedda.it\/?p=10138","url_meta":{"origin":10423,"position":0},"title":"#ioleggoperch\u00e9 e la caccia al tesoro","author":"Rufus","date":"28\/04\/2015","format":false,"excerpt":"Come altri sono diventato un \"messaggero\" di #ioleggoperch\u00e9, l'iniziativa di promozione della lettura indetta dall'Associazione Italiana Editori. Ciascun messaggero ha ricevuto uno stock di libri da distribuire gratuitamente, per promuovere la lettura. L'iniziativa comprendeva anche altre attivit\u00e0, come potete vedere dal sito, ma questo era il cuore di tutto. Ho\u2026","rel":"","context":"In &quot;Coordinate&quot;","block_context":{"text":"Coordinate","link":"http:\/\/www.robertosedda.it\/?cat=52"},"img":{"alt_text":"","src":"https:\/\/i0.wp.com\/www.robertosedda.it\/wp-content\/uploads\/2015\/04\/Logo-ioleggoperch\u00e9.jpg?fit=1000%2C550&resize=350%2C200","width":350,"height":200,"srcset":"https:\/\/i0.wp.com\/www.robertosedda.it\/wp-content\/uploads\/2015\/04\/Logo-ioleggoperch\u00e9.jpg?fit=1000%2C550&resize=350%2C200 1x, https:\/\/i0.wp.com\/www.robertosedda.it\/wp-content\/uploads\/2015\/04\/Logo-ioleggoperch\u00e9.jpg?fit=1000%2C550&resize=700%2C400 2x"},"classes":[]},{"id":10162,"url":"http:\/\/www.robertosedda.it\/?p=10162","url_meta":{"origin":10423,"position":1},"title":"#ioleggoperch\u00e9 ultimo posto dove ritirare le copie","author":"Rufus","date":"02\/05\/2015","format":false,"excerpt":"Sapete che ho sparso copie gratuite di due romanzi in vari posti della citt\u00e0 e ogni giorno sto pubblicando degli indizi su dove trovarle? Se non lo sapete leggete qui. Oggi segnalo dove trovare le ultime copie di Warrior Cats. Potremmo dire cos\u00ec: Ci sono molte gelaterie a Cagliari. Ma\u2026","rel":"","context":"In &quot;Coordinate&quot;","block_context":{"text":"Coordinate","link":"http:\/\/www.robertosedda.it\/?cat=52"},"img":{"alt_text":"","src":"https:\/\/i0.wp.com\/www.robertosedda.it\/wp-content\/uploads\/2015\/04\/Warrior-Cats.jpg?fit=259%2C390&resize=350%2C200","width":350,"height":200},"classes":[]},{"id":11590,"url":"http:\/\/www.robertosedda.it\/?p=11590","url_meta":{"origin":10423,"position":2},"title":"La commedia dell&#8217;arte a Oggi parliamo di libri","author":"Rufus","date":"23\/02\/2016","format":false,"excerpt":"http:\/\/www.radiokalaritana.it\/audio\/LIB-S04E16-La_commedia_de_arte-20160114.mp3 La commedia dell'arte \u00c8 un po' che non riepilogo qui sul\u00a0blog le varie puntate di Oggi parliamo di libri. Dopo il ciclo dedicato a Shakespeare\u00a0avevo previsto di presentare Gozzi e Goldoni, ma nel preparare le puntate mi sono reso conto che affrontare direttamente questi due non si poteva: mi\u2026","rel":"","context":"In &quot;Coordinate&quot;","block_context":{"text":"Coordinate","link":"http:\/\/www.robertosedda.it\/?cat=52"},"img":{"alt_text":"","src":"https:\/\/i0.wp.com\/www.robertosedda.it\/wp-content\/uploads\/2016\/02\/Enrico-Bonavera.jpg?fit=848%2C1200&resize=350%2C200","width":350,"height":200,"srcset":"https:\/\/i0.wp.com\/www.robertosedda.it\/wp-content\/uploads\/2016\/02\/Enrico-Bonavera.jpg?fit=848%2C1200&resize=350%2C200 1x, https:\/\/i0.wp.com\/www.robertosedda.it\/wp-content\/uploads\/2016\/02\/Enrico-Bonavera.jpg?fit=848%2C1200&resize=700%2C400 2x"},"classes":[]},{"id":10438,"url":"http:\/\/www.robertosedda.it\/?p=10438","url_meta":{"origin":10423,"position":3},"title":"Il vecchio Alex nella friendzone?","author":"Rufus","date":"23\/06\/2015","format":"video","excerpt":"Jack Frusciante \u00e8 uscito dal gruppo a Oggi parliamo di libri Disastri musicali Quando ascolterete la puntata che ho dedicato a Jack Frusciante\u00a0su Oggi parliamo di libri noterete che a un certo punto arriva il momento della pausa musicale. Allora. Si potevano scegliere tanti brani. Inizialmente avevo pensato a\u00a0Cara ti\u2026","rel":"","context":"In &quot;Coordinate&quot;","block_context":{"text":"Coordinate","link":"http:\/\/www.robertosedda.it\/?cat=52"},"img":{"alt_text":"","src":"https:\/\/i0.wp.com\/www.robertosedda.it\/wp-content\/uploads\/2015\/06\/Jack-Frusciante.png?fit=764%2C448&resize=350%2C200","width":350,"height":200,"srcset":"https:\/\/i0.wp.com\/www.robertosedda.it\/wp-content\/uploads\/2015\/06\/Jack-Frusciante.png?fit=764%2C448&resize=350%2C200 1x, https:\/\/i0.wp.com\/www.robertosedda.it\/wp-content\/uploads\/2015\/06\/Jack-Frusciante.png?fit=764%2C448&resize=700%2C400 2x"},"classes":[]},{"id":9808,"url":"http:\/\/www.robertosedda.it\/?p=9808","url_meta":{"origin":10423,"position":4},"title":"Playlist da ascoltare mentre si leggono libri","author":"Rufus","date":"19\/03\/2015","format":"video","excerpt":"Ho lavorato oggi un pochetto sul mio canale\u00a0Youtube\u00a0(cosa che faccio pi\u00f9 o meno ogni tre anni) e ho preparato delle\u00a0playlist che raccolgono la musica utilizzata nelle varie stagioni di\u00a0Oggi parliamo di libri. Le metto anche qui sul\u00a0blog, perch\u00e9 magari per qualcuno possono essere divertenti.\u00a0Potete anche chiedervi quale possa\u00a0mai essere il\u2026","rel":"","context":"In &quot;Coordinate&quot;","block_context":{"text":"Coordinate","link":"http:\/\/www.robertosedda.it\/?cat=52"},"img":{"alt_text":"","src":"https:\/\/i0.wp.com\/img.youtube.com\/vi\/PL_THzLxZBsppKtvbNprReZW9KSsstQxgT\/0.jpg?resize=350%2C200","width":350,"height":200},"classes":[]},{"id":10150,"url":"http:\/\/www.robertosedda.it\/?p=10150","url_meta":{"origin":10423,"position":5},"title":"#ioleggoperch\u00e9 seconda tappa della caccia ai libri","author":"Rufus","date":"29\/04\/2015","format":false,"excerpt":"Come ho raccontato ieri mi sono rimaste delle copie da distribuire gratuitamente fra i libri messi a disposizione nell'ambito dell'iniziativa #ioleggoperch\u00e9 e per giocare un po' ogni giorno pubblico un piccolo indovinello che indica dove si possono ritirare le copie dei libri. Il libro di oggi \u00e8 diverso da quello\u2026","rel":"","context":"In &quot;Coordinate&quot;","block_context":{"text":"Coordinate","link":"http:\/\/www.robertosedda.it\/?cat=52"},"img":{"alt_text":"Logo ioleggoperch\u00c3\u00a9","src":"https:\/\/i0.wp.com\/www.robertosedda.it\/wp-content\/uploads\/2015\/04\/Logo-ioleggoperch\u00c3\u00a9-510x281.jpg?resize=350%2C200","width":350,"height":200},"classes":[]}],"_links":{"self":[{"href":"http:\/\/www.robertosedda.it\/index.php?rest_route=\/wp\/v2\/posts\/10423"}],"collection":[{"href":"http:\/\/www.robertosedda.it\/index.php?rest_route=\/wp\/v2\/posts"}],"about":[{"href":"http:\/\/www.robertosedda.it\/index.php?rest_route=\/wp\/v2\/types\/post"}],"author":[{"embeddable":true,"href":"http:\/\/www.robertosedda.it\/index.php?rest_route=\/wp\/v2\/users\/1"}],"replies":[{"embeddable":true,"href":"http:\/\/www.robertosedda.it\/index.php?rest_route=%2Fwp%2Fv2%2Fcomments&post=10423"}],"version-history":[{"count":8,"href":"http:\/\/www.robertosedda.it\/index.php?rest_route=\/wp\/v2\/posts\/10423\/revisions"}],"predecessor-version":[{"id":18874,"href":"http:\/\/www.robertosedda.it\/index.php?rest_route=\/wp\/v2\/posts\/10423\/revisions\/18874"}],"wp:featuredmedia":[{"embeddable":true,"href":"http:\/\/www.robertosedda.it\/index.php?rest_route=\/wp\/v2\/media\/10429"}],"wp:attachment":[{"href":"http:\/\/www.robertosedda.it\/index.php?rest_route=%2Fwp%2Fv2%2Fmedia&parent=10423"}],"wp:term":[{"taxonomy":"category","embeddable":true,"href":"http:\/\/www.robertosedda.it\/index.php?rest_route=%2Fwp%2Fv2%2Fcategories&post=10423"},{"taxonomy":"post_tag","embeddable":true,"href":"http:\/\/www.robertosedda.it\/index.php?rest_route=%2Fwp%2Fv2%2Ftags&post=10423"}],"curies":[{"name":"wp","href":"https:\/\/api.w.org\/{rel}","templated":true}]}}