{"id":1033,"date":"2012-10-14T16:59:44","date_gmt":"2012-10-14T14:59:44","guid":{"rendered":"http:\/\/www.robertosedda.it\/?p=1033"},"modified":"2014-10-17T13:08:22","modified_gmt":"2014-10-17T11:08:22","slug":"la-leggenda-di-shangai-devil","status":"publish","type":"post","link":"http:\/\/www.robertosedda.it\/?p=1033","title":{"rendered":"La leggenda di Shangai Devil"},"content":{"rendered":"<p><a href=\"https:\/\/i0.wp.com\/www.robertosedda.it\/wp-content\/uploads\/2012\/10\/la-leggenda-dei-drenai.jpg\"><img data-attachment-id=\"1034\" data-permalink=\"http:\/\/www.robertosedda.it\/?attachment_id=1034\" data-orig-file=\"https:\/\/i0.wp.com\/www.robertosedda.it\/wp-content\/uploads\/2012\/10\/la-leggenda-dei-drenai.jpg?fit=222%2C332\" data-orig-size=\"222,332\" data-comments-opened=\"1\" data-image-meta=\"{&quot;aperture&quot;:&quot;0&quot;,&quot;credit&quot;:&quot;&quot;,&quot;camera&quot;:&quot;&quot;,&quot;caption&quot;:&quot;&quot;,&quot;created_timestamp&quot;:&quot;0&quot;,&quot;copyright&quot;:&quot;&quot;,&quot;focal_length&quot;:&quot;0&quot;,&quot;iso&quot;:&quot;0&quot;,&quot;shutter_speed&quot;:&quot;0&quot;,&quot;title&quot;:&quot;&quot;}\" data-image-title=\"la-leggenda-dei-drenai\" data-image-description=\"\" data-image-caption=\"\" data-medium-file=\"https:\/\/i0.wp.com\/www.robertosedda.it\/wp-content\/uploads\/2012\/10\/la-leggenda-dei-drenai.jpg?fit=200%2C300\" data-large-file=\"https:\/\/i0.wp.com\/www.robertosedda.it\/wp-content\/uploads\/2012\/10\/la-leggenda-dei-drenai.jpg?fit=222%2C332\" decoding=\"async\" loading=\"lazy\" class=\"alignright size-medium wp-image-1034\" title=\"la-leggenda-dei-drenai\" src=\"https:\/\/i0.wp.com\/www.robertosedda.it\/wp-content\/uploads\/2012\/10\/la-leggenda-dei-drenai.jpg?resize=200%2C300\" alt=\"\" width=\"200\" height=\"300\" srcset=\"https:\/\/i0.wp.com\/www.robertosedda.it\/wp-content\/uploads\/2012\/10\/la-leggenda-dei-drenai.jpg?resize=200%2C300 200w, https:\/\/i0.wp.com\/www.robertosedda.it\/wp-content\/uploads\/2012\/10\/la-leggenda-dei-drenai.jpg?w=222 222w\" sizes=\"(max-width: 200px) 100vw, 200px\" data-recalc-dims=\"1\" \/><\/a>Dopo aver finito il tredicesimo numero di <em>Shangai Devil<\/em>, <em>Sette diavoli<\/em>, riflettevo che questa serie sarebbe piaciuta al vecchio David Gemmell, i cui romanzi finivano tutti per arrivare ad un assedio disperato in cui pochi eroi affrontavano forze soverchianti. Dalle Termopili a Davy Crockett ad Alamo si tratta di un <em>topos<\/em> dell&#8217;avventura, ma il buon David ha sempre avuto il vezzo e la capacit\u00e0 di usare l&#8217;assedio (o, il che \u00e8 lo stesso, la battaglia che lascia presagire una sconfitta certa)\u00a0 come qualcosa di pi\u00f9, come il punto focale che d\u00e0 senso a tutta la storia.<\/p>\n<p>Come in una trama di Gemmell infatti la storia che <a href=\"http:\/\/it.wikipedia.org\/wiki\/Gianfranco_Manfredi\">Gianfranco Manfredi<\/a> ha costruito sembra precipitare con velocit\u00e0 sempre maggiore verso uno scioglimento ambientato in un assedio senza speranza, e il fatto che noi sappiamo che nella realt\u00e0 storica l&#8217;assedio del quartiere delle Legazioni Internazionali a Pechino da parte dei <em>boxer<\/em> e dell&#8217;esercito imperiale cinese si sia risolto con la vittoria delle truppe europee non toglie niente alla forza dell&#8217;intreccio, anche perch\u00e9 apparentemente Manfredi ha deciso di puntare su un episodio meno noto storicamente, l&#8217;assedio della Cattedrale cattolica di Beitang, di cui il lettore medio non conosce probabilmente l&#8217;esito finale e che permette quindi di mantenere la <em>suspence<\/em>.<\/p>\n<p>Facciamo per\u00f2 un passo indietro per quelli di voi che non sanno di cosa io stia parlando. Per <em>Bonelli<\/em> Manfredi ha prodotto, con <em>Magico Vento<\/em>, una visione del <em>western<\/em> ad un tempo rigorosa filologicamente (come si addice alla sensibilit\u00e0 contemporanea) e contemporaneamente vicina allo spirito eroico delle rivistine <em>dime press<\/em> dell&#8217;Ottocento: un compromesso interessante basato sulla capacit\u00e0 di reintrodurre nel <em>western <\/em>l&#8217;elemento orrorifico e misterioso. Il fatto che secondo molti lettori &#8211; me compreso &#8211; molti dei momenti migliori della serie fossero non quelli <em>horror<\/em> ma quelli ambientati fra i nativi americani o che si rifacevano al grande <em>western<\/em> classico non toglie niente alla capacit\u00e0 innovativa di Manfredi, e <em>Magico Vento<\/em> rimane una delle serie di gran lunga migliori e pi\u00f9 provocatorie dal punto di vista del pensiero degli ultimi quindici anni.<\/p>\n<p>Mentre gi\u00e0 <em>Magico Vento<\/em> si avviava alla fine (dopo oltre dieci anni) Manfredi ha potuto dare libero sfogo alla sua passione per il romanzo d&#8217;appendice e la letteratura popolare dell&#8217;Ottocento con una nuova serie a termine (cio\u00e8 la cui conclusione era prevista gi\u00e0 in fase di ideazione; <em>Magico Vento<\/em> si \u00e8 <a href=\"https:\/\/i0.wp.com\/www.robertosedda.it\/wp-content\/uploads\/2012\/10\/98_1318261248.jpg\"><img data-attachment-id=\"1035\" data-permalink=\"http:\/\/www.robertosedda.it\/?attachment_id=1035\" data-orig-file=\"https:\/\/i0.wp.com\/www.robertosedda.it\/wp-content\/uploads\/2012\/10\/98_1318261248.jpg?fit=447%2C379\" data-orig-size=\"447,379\" data-comments-opened=\"1\" data-image-meta=\"{&quot;aperture&quot;:&quot;0&quot;,&quot;credit&quot;:&quot;&quot;,&quot;camera&quot;:&quot;&quot;,&quot;caption&quot;:&quot;&quot;,&quot;created_timestamp&quot;:&quot;0&quot;,&quot;copyright&quot;:&quot;&quot;,&quot;focal_length&quot;:&quot;0&quot;,&quot;iso&quot;:&quot;0&quot;,&quot;shutter_speed&quot;:&quot;0&quot;,&quot;title&quot;:&quot;&quot;}\" data-image-title=\"98_1318261248\" data-image-description=\"\" data-image-caption=\"\" data-medium-file=\"https:\/\/i0.wp.com\/www.robertosedda.it\/wp-content\/uploads\/2012\/10\/98_1318261248.jpg?fit=300%2C254\" data-large-file=\"https:\/\/i0.wp.com\/www.robertosedda.it\/wp-content\/uploads\/2012\/10\/98_1318261248.jpg?fit=447%2C379\" decoding=\"async\" loading=\"lazy\" class=\"alignleft size-medium wp-image-1035\" title=\"98_1318261248\" src=\"https:\/\/i0.wp.com\/www.robertosedda.it\/wp-content\/uploads\/2012\/10\/98_1318261248.jpg?resize=300%2C254\" alt=\"\" width=\"300\" height=\"254\" srcset=\"https:\/\/i0.wp.com\/www.robertosedda.it\/wp-content\/uploads\/2012\/10\/98_1318261248.jpg?resize=300%2C254 300w, https:\/\/i0.wp.com\/www.robertosedda.it\/wp-content\/uploads\/2012\/10\/98_1318261248.jpg?w=447 447w\" sizes=\"(max-width: 300px) 100vw, 300px\" data-recalc-dims=\"1\" \/><\/a>concluso per motivi economici, ma dal punto di vista della storia sarebbe potuto eventualmente durare ancora). Questa serie<em>, <\/em>intitolata <em>Volto Nascosto<\/em>, si annunciava veramente interessante: un protagonista italiano, Ugo Pastore, una ambientazione &#8220;importante&#8221; ma poco frequentata dal fumetto, cio\u00e8 l&#8217;Etiopia\/Abissinia durante la guerra del 1895-96, e una trama che mischiava abilmente esotismo e <em>feuilleton<\/em> sentimentale. Il che non vuol dire che <em>Volto Nascosto<\/em>, che pure ho seguito con piacere fino alla fine, non abbia poi mostrato difetti: una costruzione talvolta un po&#8217; legnosa del carattere dei personaggi, in particolare dello stesso Ugo, una trama non sempre benissimo armonizzata\u00a0 e alcuni sorprendenti <em>anticlimax<\/em> (in\u00a0<em>Magico Vento<\/em> i cinque albi dedicati alla battaglia del <em>Little Big Horn<\/em> sono l&#8217;apice della serie, in\u00a0<em>Volto Nascosto<\/em> Adua \u00e8, se non ricordo male, abbastanza deludente) sembravano contraddire <em>esattamente<\/em> le premesse della serie, che per\u00f2 dava il meglio di s\u00e9, ancora una volta, nella <em>filologicit\u00e0<\/em> della ricostruzione storica: dopo l&#8217;episodio di Adua le storie ambientate fra i prigionieri italiani degli Abissini &#8211; un episodio storico del tutto sconosciuto &#8211; sono un momento molto buono della serie. E il finale per quanto molto <em>letterario<\/em> e degno di Salgari (lo dico in senso positivo) chiudeva la serie in modo soddisfacente.<\/p>\n<p>Insomma, ce n&#8217;era abbastanza per salutare con piacere il ritorno di Ugo Pastore in edicola per una seconda serie ambientata in una vicenda storica notissima ma poco frequentata dal fumetto (a parte Robin Wood, ma lui \u00e8 enciclopedico), cio\u00e8 la rivolta dei <em>boxer<\/em> in Cina (fra il 1899 e il 1901).<\/p>\n<p><a href=\"https:\/\/i0.wp.com\/www.robertosedda.it\/wp-content\/uploads\/2012\/10\/shdevil13.jpg\"><img data-attachment-id=\"1036\" data-permalink=\"http:\/\/www.robertosedda.it\/?attachment_id=1036\" data-orig-file=\"https:\/\/i0.wp.com\/www.robertosedda.it\/wp-content\/uploads\/2012\/10\/shdevil13.jpg?fit=381%2C510\" data-orig-size=\"381,510\" data-comments-opened=\"1\" data-image-meta=\"{&quot;aperture&quot;:&quot;0&quot;,&quot;credit&quot;:&quot;&quot;,&quot;camera&quot;:&quot;&quot;,&quot;caption&quot;:&quot;&quot;,&quot;created_timestamp&quot;:&quot;0&quot;,&quot;copyright&quot;:&quot;&quot;,&quot;focal_length&quot;:&quot;0&quot;,&quot;iso&quot;:&quot;0&quot;,&quot;shutter_speed&quot;:&quot;0&quot;,&quot;title&quot;:&quot;&quot;}\" data-image-title=\"shdevil13\" data-image-description=\"\" data-image-caption=\"\" data-medium-file=\"https:\/\/i0.wp.com\/www.robertosedda.it\/wp-content\/uploads\/2012\/10\/shdevil13.jpg?fit=224%2C300\" data-large-file=\"https:\/\/i0.wp.com\/www.robertosedda.it\/wp-content\/uploads\/2012\/10\/shdevil13.jpg?fit=381%2C510\" decoding=\"async\" loading=\"lazy\" class=\"alignleft size-medium wp-image-1036\" title=\"shdevil13\" src=\"https:\/\/i0.wp.com\/www.robertosedda.it\/wp-content\/uploads\/2012\/10\/shdevil13.jpg?resize=224%2C300\" alt=\"\" width=\"224\" height=\"300\" srcset=\"https:\/\/i0.wp.com\/www.robertosedda.it\/wp-content\/uploads\/2012\/10\/shdevil13.jpg?resize=224%2C300 224w, https:\/\/i0.wp.com\/www.robertosedda.it\/wp-content\/uploads\/2012\/10\/shdevil13.jpg?w=381 381w\" sizes=\"(max-width: 224px) 100vw, 224px\" data-recalc-dims=\"1\" \/><\/a>Dopo una serie di storie dedicate a impostare trama e personaggi mi sembrava che la serie si fosse un po&#8217; persa nella faticosa definizione dell&#8217;intrigo di fondo che fa da cornice delle singole vicende avventurose: e non mi pareva\u00a0che il tentativo di rendere il tema di base,\u00a0<em>Ugo non si pu\u00f2 fidare di nessuno, ognuno porta una maschera, non solo il protagonista<\/em>, fosse sempre efficace. Ed \u00e8 stato anche un po&#8217; spiazzante vedere apparentemente abbandonate figure e vicende principali in favore di deviazioni improvvise della trama:\u00a0<em>Shangai Devil<\/em> sembra costruito in blocchi narrativi di cinque-sei capitoli non troppo ben collegati fra loro. Allo stesso modo alcuni interessanti personaggi secondari, come il faccendiere Risto, risultavano\u00a0un po&#8217; artificiali.<\/p>\n<p>Negli ultimi due-tre album per\u00f2 la trama ha\u00a0ripreso slancio e in un certo senso l&#8217;urgenza degli eventi &#8211; la rivolta ormai \u00e8 scoppiata, la guerra dichiarata, lo scontro decisivo, cio\u00e8 l&#8217;assedio, si avvicina a grandi passi &#8211; definisce meglio i caratteri dei protagonisti, Risto, appunto, ma anche i comprimari cinesi se non proprio l&#8217;eternamente imbronciato Ugo e offre, grazie ancora una volta allo scrupolo della ricostruzione storica, una serie di figure secondarie finemente cesellate, soldati, missionari, funzionari cinesi, che catturano e mantengono avvinto l&#8217;interesse del lettore. E se questo vale adesso, alle prime battute dell&#8217;assedio, dovrebbe valere maggiormente per il prossimo paio di numeri, in cui lo scontro si dipaner\u00e0 in pieno.<\/p>\n<p>Come in Gemmell, appunto: i cui personaggi non sono forse i meglio definiti della storia del <em>fantasy <\/em>ma a cui i fuochi di battaglie impegnate contro ogni speranza conferivano, in chiaroscuro, molto pi\u00f9 dettaglio di quelli di altri autori pi\u00f9 abili a tratteggiare i particolari.<\/p>\n","protected":false},"excerpt":{"rendered":"<p>Dopo aver finito il tredicesimo numero di Shangai Devil, Sette diavoli, riflettevo che questa serie sarebbe piaciuta al vecchio David<\/p>\n","protected":false},"author":1,"featured_media":1035,"comment_status":"open","ping_status":"open","sticky":false,"template":"","format":"standard","meta":{"_mi_skip_tracking":false,"_monsterinsights_sitenote_active":false,"_monsterinsights_sitenote_note":"","_monsterinsights_sitenote_category":0,"jetpack_post_was_ever_published":false,"_jetpack_newsletter_access":"","jetpack_publicize_message":"","jetpack_is_tweetstorm":false,"jetpack_publicize_feature_enabled":true,"jetpack_social_post_already_shared":false,"jetpack_social_options":{"image_generator_settings":{"template":"highway","enabled":false}}},"categories":[70,52,20,56,12],"tags":[],"jetpack_publicize_connections":[],"jetpack_featured_media_url":"https:\/\/i0.wp.com\/www.robertosedda.it\/wp-content\/uploads\/2012\/10\/98_1318261248.jpg?fit=447%2C379","jetpack_sharing_enabled":true,"jetpack_shortlink":"https:\/\/wp.me\/p4jV2T-gF","jetpack_likes_enabled":true,"jetpack-related-posts":[{"id":2621,"url":"http:\/\/www.robertosedda.it\/?p=2621","url_meta":{"origin":1033,"position":0},"title":"Da un Manfredi all&#8217;altro","author":"Rufus","date":"20\/03\/2013","format":false,"excerpt":"Gianfranco Manfredi uno: finisce Shangai Devil \u00c8 terminata pochi giorni fa la serie di Shangai Devil, di cui ho parlato tempo fa. Ne ho approfittato per rileggere di un fiato tutti i diciotto numeri della miniserie: una esperienza piacevole che ha ingentilito un fine settimana con l'influenza. Con una rilettura\u2026","rel":"","context":"In &quot;Cappe e spade&quot;","block_context":{"text":"Cappe e spade","link":"http:\/\/www.robertosedda.it\/?cat=70"},"img":{"alt_text":"","src":"https:\/\/i0.wp.com\/www.robertosedda.it\/wp-content\/uploads\/2013\/03\/magico-vento2.jpg?fit=400%2C392&resize=350%2C200","width":350,"height":200},"classes":[]},{"id":8391,"url":"http:\/\/www.robertosedda.it\/?p=8391","url_meta":{"origin":1033,"position":1},"title":"La fantasy dopo George R.R. Martin","author":"Rufus","date":"11\/09\/2014","format":false,"excerpt":"The Red Knight (Miles Cameron,\u00a0Gollancz 2013) Sto leggendo diversi libri di\u00a0fantasy, in questo periodo, e tutti mi suggeriscono l'idea di essere parte di una evoluzione del genere \"post-martiniano\": come se il vecchio George fosse un riferimento imprescindibile, s\u00ec, ma anche un incidente di percorso che va messo da parte per\u2026","rel":"","context":"In &quot;Coordinate&quot;","block_context":{"text":"Coordinate","link":"http:\/\/www.robertosedda.it\/?cat=52"},"img":{"alt_text":"","src":"https:\/\/i0.wp.com\/www.robertosedda.it\/wp-content\/uploads\/2014\/09\/Red-Knight-sito.jpg.jpg?fit=1200%2C844&resize=350%2C200","width":350,"height":200,"srcset":"https:\/\/i0.wp.com\/www.robertosedda.it\/wp-content\/uploads\/2014\/09\/Red-Knight-sito.jpg.jpg?fit=1200%2C844&resize=350%2C200 1x, https:\/\/i0.wp.com\/www.robertosedda.it\/wp-content\/uploads\/2014\/09\/Red-Knight-sito.jpg.jpg?fit=1200%2C844&resize=700%2C400 2x, https:\/\/i0.wp.com\/www.robertosedda.it\/wp-content\/uploads\/2014\/09\/Red-Knight-sito.jpg.jpg?fit=1200%2C844&resize=1050%2C600 3x"},"classes":[]},{"id":2853,"url":"http:\/\/www.robertosedda.it\/?p=2853","url_meta":{"origin":1033,"position":2},"title":"Una puntata conclusiva","author":"Rufus","date":"12\/04\/2013","format":"video","excerpt":"Ho messo oggi on line la puntata di Oggi parliamo di libri che concludeva il ciclo dedicatato a fantasy e fantascienza. Durante\u00a0le trasmissioni\u00a0ho presentato, nell'ordine: Lo Hobbit, L'eternauta, Il gioco di Ender, il ciclo di Conan il Barbaro, il ciclo di Harry Potter, La mano sinistra delle tenebre, i libri\u2026","rel":"","context":"In &quot;Coordinate&quot;","block_context":{"text":"Coordinate","link":"http:\/\/www.robertosedda.it\/?cat=52"},"img":{"alt_text":"","src":"https:\/\/i0.wp.com\/www.robertosedda.it\/wp-content\/uploads\/2013\/04\/Fine-fantasy.jpg?fit=1009%2C691&resize=350%2C200","width":350,"height":200,"srcset":"https:\/\/i0.wp.com\/www.robertosedda.it\/wp-content\/uploads\/2013\/04\/Fine-fantasy.jpg?fit=1009%2C691&resize=350%2C200 1x, https:\/\/i0.wp.com\/www.robertosedda.it\/wp-content\/uploads\/2013\/04\/Fine-fantasy.jpg?fit=1009%2C691&resize=700%2C400 2x"},"classes":[]},{"id":1520,"url":"http:\/\/www.robertosedda.it\/?p=1520","url_meta":{"origin":1033,"position":3},"title":"Storie che non capisco","author":"Rufus","date":"27\/11\/2012","format":false,"excerpt":"Come molti appassionati di fumetti, ho aspettato con una certa trepidazione l'uscita della nuova collana Bonelli Le storie: alla gente della mia generazione fa effetto\u00a0una pubblicit\u00e0 che annuncia\u00a0che una nuova uscita si propone di raccogliere l'eredit\u00e0 di una serie ormai leggendaria come la collana\u00a0Un uomo, un'avventura. Territori gi\u00e0 battuti In\u2026","rel":"","context":"In &quot;Cappe e spade&quot;","block_context":{"text":"Cappe e spade","link":"http:\/\/www.robertosedda.it\/?cat=70"},"img":{"alt_text":"","src":"https:\/\/i0.wp.com\/www.robertosedda.it\/wp-content\/uploads\/2012\/11\/le_storie_1.jpeg?resize=350%2C200","width":350,"height":200},"classes":[]},{"id":3838,"url":"http:\/\/www.robertosedda.it\/?p=3838","url_meta":{"origin":1033,"position":4},"title":"A proposito di playlist","author":"Rufus","date":"04\/07\/2013","format":false,"excerpt":"Il post di stamattina sulla playlist alla radio mi ha ricordato che in un libro di una delle mie serie di gialli preferita (quella\u00a0Prey con protagonista Lucas Davenport, di John Sandford) c'\u00e8 cucito nel romanzo un tormentone sul fatto che al protagonista hanno regalato un iPod con un buono d'acquisto\u2026","rel":"","context":"In &quot;Coordinate&quot;","block_context":{"text":"Coordinate","link":"http:\/\/www.robertosedda.it\/?cat=52"},"img":{"alt_text":"","src":"https:\/\/i0.wp.com\/www.robertosedda.it\/wp-content\/uploads\/2013\/07\/john-sandford-c-david-burnett.jpg?fit=898%2C1200&resize=350%2C200","width":350,"height":200,"srcset":"https:\/\/i0.wp.com\/www.robertosedda.it\/wp-content\/uploads\/2013\/07\/john-sandford-c-david-burnett.jpg?fit=898%2C1200&resize=350%2C200 1x, https:\/\/i0.wp.com\/www.robertosedda.it\/wp-content\/uploads\/2013\/07\/john-sandford-c-david-burnett.jpg?fit=898%2C1200&resize=700%2C400 2x"},"classes":[]},{"id":14569,"url":"http:\/\/www.robertosedda.it\/?p=14569","url_meta":{"origin":1033,"position":5},"title":"Niente da scherzare","author":"Rufus","date":"16\/01\/2018","format":false,"excerpt":"Ricorderete forse un\u00a0post qui sul blog nel quale raccontavo, fra il serio e il faceto, la storia del professore di fisica che, credendo di avere conquistato il cuore della modella si era ritrovato in galera per traffico di droga. \u00c8 un articolo che, soprattutto per un periodo, ha avuto un\u2026","rel":"","context":"In &quot;Coordinate&quot;","block_context":{"text":"Coordinate","link":"http:\/\/www.robertosedda.it\/?cat=52"},"img":{"alt_text":"","src":"https:\/\/i0.wp.com\/www.robertosedda.it\/wp-content\/uploads\/2018\/01\/Exposto-Kuala-Lumpur.jpg?fit=560%2C681&resize=350%2C200","width":350,"height":200},"classes":[]}],"_links":{"self":[{"href":"http:\/\/www.robertosedda.it\/index.php?rest_route=\/wp\/v2\/posts\/1033"}],"collection":[{"href":"http:\/\/www.robertosedda.it\/index.php?rest_route=\/wp\/v2\/posts"}],"about":[{"href":"http:\/\/www.robertosedda.it\/index.php?rest_route=\/wp\/v2\/types\/post"}],"author":[{"embeddable":true,"href":"http:\/\/www.robertosedda.it\/index.php?rest_route=\/wp\/v2\/users\/1"}],"replies":[{"embeddable":true,"href":"http:\/\/www.robertosedda.it\/index.php?rest_route=%2Fwp%2Fv2%2Fcomments&post=1033"}],"version-history":[{"count":12,"href":"http:\/\/www.robertosedda.it\/index.php?rest_route=\/wp\/v2\/posts\/1033\/revisions"}],"predecessor-version":[{"id":8658,"href":"http:\/\/www.robertosedda.it\/index.php?rest_route=\/wp\/v2\/posts\/1033\/revisions\/8658"}],"wp:featuredmedia":[{"embeddable":true,"href":"http:\/\/www.robertosedda.it\/index.php?rest_route=\/wp\/v2\/media\/1035"}],"wp:attachment":[{"href":"http:\/\/www.robertosedda.it\/index.php?rest_route=%2Fwp%2Fv2%2Fmedia&parent=1033"}],"wp:term":[{"taxonomy":"category","embeddable":true,"href":"http:\/\/www.robertosedda.it\/index.php?rest_route=%2Fwp%2Fv2%2Fcategories&post=1033"},{"taxonomy":"post_tag","embeddable":true,"href":"http:\/\/www.robertosedda.it\/index.php?rest_route=%2Fwp%2Fv2%2Ftags&post=1033"}],"curies":[{"name":"wp","href":"https:\/\/api.w.org\/{rel}","templated":true}]}}