{"id":10319,"date":"2015-06-06T17:33:52","date_gmt":"2015-06-06T15:33:52","guid":{"rendered":"http:\/\/www.robertosedda.it\/?p=10319"},"modified":"2016-04-07T17:36:29","modified_gmt":"2016-04-07T15:36:29","slug":"don-sciortino-e-il-naso-di-cyrano","status":"publish","type":"post","link":"http:\/\/www.robertosedda.it\/?p=10319","title":{"rendered":"Don Sciortino e il naso di Cyrano"},"content":{"rendered":"<p><a href=\"https:\/\/i0.wp.com\/www.robertosedda.it\/wp-content\/uploads\/2015\/06\/Locandina-Sciortino-Cagliari.jpg\"><img data-attachment-id=\"10321\" data-permalink=\"http:\/\/www.robertosedda.it\/?attachment_id=10321\" data-orig-file=\"https:\/\/i0.wp.com\/www.robertosedda.it\/wp-content\/uploads\/2015\/06\/Locandina-Sciortino-Cagliari.jpg?fit=1754%2C2480\" data-orig-size=\"1754,2480\" data-comments-opened=\"1\" data-image-meta=\"{&quot;aperture&quot;:&quot;0&quot;,&quot;credit&quot;:&quot;&quot;,&quot;camera&quot;:&quot;&quot;,&quot;caption&quot;:&quot;&quot;,&quot;created_timestamp&quot;:&quot;0&quot;,&quot;copyright&quot;:&quot;&quot;,&quot;focal_length&quot;:&quot;0&quot;,&quot;iso&quot;:&quot;0&quot;,&quot;shutter_speed&quot;:&quot;0&quot;,&quot;title&quot;:&quot;Layout 1&quot;,&quot;orientation&quot;:&quot;1&quot;}\" data-image-title=\"Layout 1\" data-image-description=\"\" data-image-caption=\"\" data-medium-file=\"https:\/\/i0.wp.com\/www.robertosedda.it\/wp-content\/uploads\/2015\/06\/Locandina-Sciortino-Cagliari.jpg?fit=212%2C300\" data-large-file=\"https:\/\/i0.wp.com\/www.robertosedda.it\/wp-content\/uploads\/2015\/06\/Locandina-Sciortino-Cagliari.jpg?fit=510%2C721\" decoding=\"async\" loading=\"lazy\" class=\"alignright size-medium wp-image-10321\" src=\"https:\/\/i0.wp.com\/www.robertosedda.it\/wp-content\/uploads\/2015\/06\/Locandina-Sciortino-Cagliari.jpg?resize=212%2C300\" alt=\"Layout 1\" width=\"212\" height=\"300\" srcset=\"https:\/\/i0.wp.com\/www.robertosedda.it\/wp-content\/uploads\/2015\/06\/Locandina-Sciortino-Cagliari.jpg?resize=212%2C300 212w, https:\/\/i0.wp.com\/www.robertosedda.it\/wp-content\/uploads\/2015\/06\/Locandina-Sciortino-Cagliari.jpg?resize=106%2C150 106w, https:\/\/i0.wp.com\/www.robertosedda.it\/wp-content\/uploads\/2015\/06\/Locandina-Sciortino-Cagliari.jpg?resize=510%2C721 510w, https:\/\/i0.wp.com\/www.robertosedda.it\/wp-content\/uploads\/2015\/06\/Locandina-Sciortino-Cagliari.jpg?resize=700%2C990 700w, https:\/\/i0.wp.com\/www.robertosedda.it\/wp-content\/uploads\/2015\/06\/Locandina-Sciortino-Cagliari.jpg?resize=35%2C50 35w, https:\/\/i0.wp.com\/www.robertosedda.it\/wp-content\/uploads\/2015\/06\/Locandina-Sciortino-Cagliari.jpg?w=1754 1754w, https:\/\/i0.wp.com\/www.robertosedda.it\/wp-content\/uploads\/2015\/06\/Locandina-Sciortino-Cagliari.jpg?w=1600 1600w\" sizes=\"(max-width: 212px) 100vw, 212px\" data-recalc-dims=\"1\" \/><\/a>Sono stato ieri al Seminario Diocesano a sentire don Sciortino, direttore di <em>Famiglia Cristiana<\/em>, che presentava il messaggio del Papa per la <em>Giornata delle Comunicazioni Sociali<\/em>, dal titolo <em><a href=\"https:\/\/w2.vatican.va\/content\/francesco\/it\/messages\/communications\/documents\/papa-francesco_20150123_messaggio-comunicazioni-sociali.html\">Comunicare la famiglia: ambiente privilegiato dell\u2019incontro nella gratuit\u00e0 dell\u2019amore<\/a><\/em>.<\/p>\n<p>Devo confessare che, profondamente annoiato, sono scappato prima della conclusione della relazione e del dibattito, in omaggio in fondo a valori di tipo familiare: ho preferito uscire con Maria Bonaria a prendere una pizza con mia sorella e le mie nipoti. Tempo utilizzato in maniera pi\u00f9 utile, mi \u00e8 parso.<\/p>\n<p>Non essendo rimasto fino alla fine non posso commentare per esteso; devo dire, per\u00f2 che l&#8217;impasto di vittimismo, lode dei bei tempi andati, omiletica senza troppo impegno e ammiccamenti al senso comune di don Sciortino mi ha ricordato in maniera irresistibile un passo ben noto del <em>Cyrano<\/em><\/p>\n<blockquote><p><span style=\"text-decoration: underline;\">IL VISCONTE.<\/span>\u00a0Voi&#8230; voi&#8230; avete un naso&#8230; eh&#8230; molto grande!&#8230;<\/p>\n<p><span style=\"text-decoration: underline;\">CIRANO, grave.<\/span> Infatti!<\/p>\n<p><span style=\"text-decoration: underline;\">IL VISCONTE, ridendo.<\/span> Ah!<\/p>\n<p><span style=\"text-decoration: underline;\">CIRANO, imperturbabile.<\/span> Questo \u00e8 tutto?&#8230;.<\/p>\n<p><span style=\"text-decoration: underline;\">IL VISCONTE.<\/span> Ma&#8230;<\/p>\n<p><span style=\"text-decoration: underline;\">CIRANO.<\/span> \u00c8 assai ben poca cosa!<br \/>\nSe ne potevan dire&#8230;. ma ce n&#8217;erano a josa,<br \/>\n<span style=\"text-decoration: underline;\">variando di tono.<\/span> \u2014 Si potea, putacaso,<br \/>\ndirmi, in tono <strong>aggressivo:<\/strong> \u00abSe avessi un cotal naso,<br \/>\nimmediatamente me lo farei tagliare!\u00bb<br \/>\n<strong>Amichevole:<\/strong> \u00abQuando bevete, d\u00e9e pescare<br \/>\nnel bicchiere: fornitevi di un qualche vaso adatto!\u00bb<br \/>\n<strong>Descrittivo:<\/strong> \u00ab\u00c8 una rocca!&#8230; \u00c8 un picco!.. Un capo affatto!<br \/>\nMa che! l&#8217;\u00e8 una penisola, in parola d&#8217;onore!\u00bb<br \/>\n<strong>Curioso:<\/strong> \u00abA che serve quest&#8217;affare, o signore?<br \/>\nforse da scrivania, o da portagiojelli?\u00bb<br \/>\n<strong>Vezzoso:<\/strong> \u00abAmate dunque a tal punto gli uccelli,<br \/>\nche vi preoccupaste con amore paterno<br \/>\ndi offrire alle lor piccole zampe un s\u00ec degno perno?\u00bb<br \/>\n<strong>Truculento:<\/strong> \u00abEhi, messere, quando nello starnuto<br \/>\nil vapor del tabacco v&#8217;esce da un tale imbuto,<br \/>\nnon gridano i vicini al fuoco nella cappa?<br \/>\n<strong>Cortese:<\/strong> \u00abState attento, che di cotesta chiappa<br \/>\nil peso non vi mandi per terra, a capo chino!\u00bb<br \/>\n<strong>Tenero:<\/strong> \u00abProvvedetelo di un piccolo ombrellino,<br \/>\nperch\u00e9 il suo bel colore non se se vada al sole!\u00bb<br \/>\n<strong>Pedante:<\/strong> \u00abL&#8217;animale che Aristofane vuole<br \/>\nsi chiami ippocampelofantocamaleonte<br \/>\ntante ossa e tanta carne ebbe sotto la fronte!\u00bb<br \/>\n<strong>Arrogante:<\/strong> \u00abOhi, compare, \u00e8 in moda quel puntello?<br \/>\nSi pu\u00f2 infatti benissimo sospendervi il cappello!\u00bb<br \/>\n<strong>Enfatico:<\/strong> \u00abAlcun vento, o naso magistrale,<br \/>\nnon pu\u00f2 tutto infreddarti, eccetto il Maestrale!\u00bb<br \/>\n<strong>Drammatico:<\/strong> \u00ab\u00c8 il Mar Rosso, quando ha l&#8217;emorragia!\u00bb<br \/>\n<strong>Ammirativo:<\/strong> \u00abOh, insegna da gran profumeria!\u00bb<br \/>\n<strong>Lirico:<\/strong> \u00ab\u00c8 una conca? Siete un genio del mare?\u00bb<br \/>\n<strong>Semplice:<\/strong> \u00abIl monumento si potr\u00e0 visitare?\u00bb<br \/>\n<strong>Rispettoso:<\/strong> \u00abSoffrite vi si ossequii, messere:<br \/>\nquesto s\u00ec che vuol dire qualcosa al sole avere!\u00bb<br \/>\n<strong>Rustico:<\/strong> \u00abOh\u00e8, corbezzole! D\u00e0gli, d\u00e0gli al nasino!<br \/>\n\u00c8 un cavolo gigante o un popon piccolino?\u00bb<br \/>\n<strong>Militare:<\/strong> \u2014 \u00abPuntate contro cavalleria!\u00bb<br \/>\n<strong>Pratico:<\/strong> \u00abLo vorreste mettere in lotteria?<br \/>\nSarebbe il primo lotto!\u00bb O in fin, parodiando<br \/>\nPiramo, tra i singhiozzi: \u00abEccolo, l&#8217;esecrando<br \/>\nnaso che la bellezza del suo gentil signore<br \/>\ndistrusse! Or ne arrossisce, guardate, il traditore!\u00bb.<\/p><\/blockquote>\n<p>In difesa della visione cristiana della famiglia (che naturalmente \u00e8 una cosa piuttosto diversa della visione <em>tradizionale<\/em> della famiglia) ci sono molte cose da dire, di taglio potenzialmente altrettanto diverso quante sono le caratterizzazioni del suo naso che Cyrano offre: ma Sciortino ha fatto, appunto, la figura del Visconte, che non sa pi\u00f9 che balbettare qualche parola generica. Fortuna sua che non c&#8217;era contraddittorio, altrimenti come il Visconte sarebbe finito infilzato ben bene, anche di fronte a qualcuno con meno eloquio di Cyrano.<\/p>\n<p>Invece si era fra noi, e quindi ha scelto un tono e un argomentare adatto al rassicurare le truppe: \u00e8 colpa della stampa e della TV cattiva, tranquilli. Ed \u00e8 proprio il pubblico presente, composto tutto di componenti della comunit\u00e0 cristiana, a suscitare il rimpianto pi\u00f9 grande: potr\u00e0 anche essere stato rassicurato, quel pubblico (anche se vedo su <em>Facebook <\/em> qualche altro commento critico) ma mi sembra difficile che sia stato <em>formato<\/em>: e se a noi cristiani ci tolgono la formazione, cosa ci resta?<\/p>\n","protected":false},"excerpt":{"rendered":"<p>Sono stato ieri al Seminario Diocesano a sentire don Sciortino, direttore di Famiglia Cristiana, che presentava il messaggio del Papa<\/p>\n","protected":false},"author":1,"featured_media":10321,"comment_status":"open","ping_status":"open","sticky":false,"template":"","format":"standard","meta":{"_mi_skip_tracking":false,"_monsterinsights_sitenote_active":false,"_monsterinsights_sitenote_note":"","_monsterinsights_sitenote_category":0,"jetpack_post_was_ever_published":false,"_jetpack_newsletter_access":"","jetpack_publicize_message":"","jetpack_is_tweetstorm":false,"jetpack_publicize_feature_enabled":true,"jetpack_social_post_already_shared":true,"jetpack_social_options":{"image_generator_settings":{"template":"highway","enabled":false}}},"categories":[52,49,54,62,12],"tags":[],"jetpack_publicize_connections":[],"jetpack_featured_media_url":"https:\/\/i0.wp.com\/www.robertosedda.it\/wp-content\/uploads\/2015\/06\/Locandina-Sciortino-Cagliari.jpg?fit=1754%2C2480","jetpack_sharing_enabled":true,"jetpack_shortlink":"https:\/\/wp.me\/p4jV2T-2Gr","jetpack_likes_enabled":true,"jetpack-related-posts":[{"id":10215,"url":"http:\/\/www.robertosedda.it\/?p=10215","url_meta":{"origin":10319,"position":0},"title":"Poche parole di benvenuto","author":"Rufus","date":"14\/05\/2015","format":false,"excerpt":"Per la comodit\u00e0 dei parenti e la curiosit\u00e0 degli amici pubblico il saluto dello zio Alberto, il decano della nostra famiglia, al raduno dei Delitala, prima di pranzo. Alberto (con la famiglia) \u00e8 giunto appositamente dal Canada per partecipare. Poche parole di \u201cbenvenuto\u201d dette da Alberto Delitala Come decano della\u2026","rel":"","context":"In &quot;Coordinate&quot;","block_context":{"text":"Coordinate","link":"http:\/\/www.robertosedda.it\/?cat=52"},"img":{"alt_text":"","src":"https:\/\/i0.wp.com\/www.robertosedda.it\/wp-content\/uploads\/2015\/04\/ALIM4024.jpg?fit=1024%2C768&resize=350%2C200","width":350,"height":200,"srcset":"https:\/\/i0.wp.com\/www.robertosedda.it\/wp-content\/uploads\/2015\/04\/ALIM4024.jpg?fit=1024%2C768&resize=350%2C200 1x, https:\/\/i0.wp.com\/www.robertosedda.it\/wp-content\/uploads\/2015\/04\/ALIM4024.jpg?fit=1024%2C768&resize=700%2C400 2x"},"classes":[]},{"id":13874,"url":"http:\/\/www.robertosedda.it\/?p=13874","url_meta":{"origin":10319,"position":1},"title":"Don Milani, scappa veloce","author":"Rufus","date":"21\/06\/2017","format":false,"excerpt":"Sono andato ieri al convegno che una serie di realt\u00e0 della diocesi di Cagliari hanno dedicato alla figura di don Milani, intitolato La sfida di don Milani. Ora, la mia opinione su un convegno del genere \u00e8 riassunta in una battuta fulminante di Silvio Orlando in\u00a0Sud di Salvatores. https:\/\/www.youtube.com\/watch?v=0ltlncYqWwo Ciro\u2026","rel":"","context":"In &quot;Coordinate&quot;","block_context":{"text":"Coordinate","link":"http:\/\/www.robertosedda.it\/?cat=52"},"img":{"alt_text":"","src":"https:\/\/i0.wp.com\/www.robertosedda.it\/wp-content\/uploads\/2017\/06\/Don-Milani.jpg?fit=849%2C1200&resize=350%2C200","width":350,"height":200,"srcset":"https:\/\/i0.wp.com\/www.robertosedda.it\/wp-content\/uploads\/2017\/06\/Don-Milani.jpg?fit=849%2C1200&resize=350%2C200 1x, https:\/\/i0.wp.com\/www.robertosedda.it\/wp-content\/uploads\/2017\/06\/Don-Milani.jpg?fit=849%2C1200&resize=700%2C400 2x"},"classes":[]},{"id":11084,"url":"http:\/\/www.robertosedda.it\/?p=11084","url_meta":{"origin":10319,"position":2},"title":"Imprevisti","author":"Rufus","date":"27\/10\/2015","format":false,"excerpt":"Questo articolo potrebbe iniziare Caro diario, cose da ricordare se ci si deve sposare... Che poi a me la cosa non mi riguarda, ma insomma, ci sono cose che \u00e8 sempre bene ricordarsi. Tipo che ci sono Alberto e Cristiana, che Alberto \u00e8\u00a0mio testimone di nozze e Cristiana \u00e8\u00a0mia cugina,\u2026","rel":"","context":"In &quot;Coordinate&quot;","block_context":{"text":"Coordinate","link":"http:\/\/www.robertosedda.it\/?cat=52"},"img":{"alt_text":"","src":"https:\/\/i0.wp.com\/www.robertosedda.it\/wp-content\/uploads\/2015\/10\/Alberto-e-Cristiana.jpg?fit=1154%2C575&resize=350%2C200","width":350,"height":200,"srcset":"https:\/\/i0.wp.com\/www.robertosedda.it\/wp-content\/uploads\/2015\/10\/Alberto-e-Cristiana.jpg?fit=1154%2C575&resize=350%2C200 1x, https:\/\/i0.wp.com\/www.robertosedda.it\/wp-content\/uploads\/2015\/10\/Alberto-e-Cristiana.jpg?fit=1154%2C575&resize=700%2C400 2x, https:\/\/i0.wp.com\/www.robertosedda.it\/wp-content\/uploads\/2015\/10\/Alberto-e-Cristiana.jpg?fit=1154%2C575&resize=1050%2C600 3x"},"classes":[]},{"id":1835,"url":"http:\/\/www.robertosedda.it\/?p=1835","url_meta":{"origin":10319,"position":3},"title":"Libri che ho letto nel 2012","author":"Rufus","date":"04\/01\/2013","format":false,"excerpt":"Rigorosamente nell'ordine in cui li ho conclusi. Non metto pareri: se qualcuno \u00e8 curioso, si faccia vivo nei commenti qui sotto! Omelie di Natale, del solito gruppo di autori del Centro Aletti (Rupnik, Spidl\u00eck e altri), Lipa Lyonesse, Jack Vance, ? (e-book) The Green Pearl, Jack Vance, ? (e-book) Madouc,\u2026","rel":"","context":"In &quot;Coordinate&quot;","block_context":{"text":"Coordinate","link":"http:\/\/www.robertosedda.it\/?cat=52"},"img":{"alt_text":"","src":"","width":0,"height":0},"classes":[]},{"id":5008,"url":"http:\/\/www.robertosedda.it\/?p=5008","url_meta":{"origin":10319,"position":4},"title":"Con la stessa passione dei bambini","author":"Rufus","date":"13\/11\/2013","format":false,"excerpt":"Ieri sono andato alla Messa in occasione del diciannovesimo anniversario dell'ordinazione di don Giulio Madeddu. Al momento della colletta (la preghiera che il sacerdote pronuncia fra i riti di ingresso e la liturgia della Parola, per predisporre l'assemblea ormai costituita all'ascolto), Giulio ha letto ad alta voce il testo, rubricato\u2026","rel":"","context":"In &quot;Coordinate&quot;","block_context":{"text":"Coordinate","link":"http:\/\/www.robertosedda.it\/?cat=52"},"img":{"alt_text":"","src":"","width":0,"height":0},"classes":[]},{"id":14208,"url":"http:\/\/www.robertosedda.it\/?p=14208","url_meta":{"origin":10319,"position":5},"title":"Piccola storia letteraria","author":"Rufus","date":"05\/10\/2017","format":false,"excerpt":"Ho da poco finito di leggere il\u00a0Conte di\u00a0 Montecristo, in francese. Volevo vedere se ero capace. Gi\u00e0 che c'ero ho fatto un sacco di scoperte e presto ve le racconter\u00f2, ma questo articolo in realt\u00e0 ha a che fare di pi\u00f9 con le mie esplorazioni linguistiche. Quindi la storia \u00e8\u2026","rel":"","context":"In &quot;Coordinate&quot;","block_context":{"text":"Coordinate","link":"http:\/\/www.robertosedda.it\/?cat=52"},"img":{"alt_text":"","src":"https:\/\/i0.wp.com\/www.robertosedda.it\/wp-content\/uploads\/2017\/10\/Einaudi-Chisciotte.jpg?fit=763%2C1200&resize=350%2C200","width":350,"height":200,"srcset":"https:\/\/i0.wp.com\/www.robertosedda.it\/wp-content\/uploads\/2017\/10\/Einaudi-Chisciotte.jpg?fit=763%2C1200&resize=350%2C200 1x, https:\/\/i0.wp.com\/www.robertosedda.it\/wp-content\/uploads\/2017\/10\/Einaudi-Chisciotte.jpg?fit=763%2C1200&resize=700%2C400 2x"},"classes":[]}],"_links":{"self":[{"href":"http:\/\/www.robertosedda.it\/index.php?rest_route=\/wp\/v2\/posts\/10319"}],"collection":[{"href":"http:\/\/www.robertosedda.it\/index.php?rest_route=\/wp\/v2\/posts"}],"about":[{"href":"http:\/\/www.robertosedda.it\/index.php?rest_route=\/wp\/v2\/types\/post"}],"author":[{"embeddable":true,"href":"http:\/\/www.robertosedda.it\/index.php?rest_route=\/wp\/v2\/users\/1"}],"replies":[{"embeddable":true,"href":"http:\/\/www.robertosedda.it\/index.php?rest_route=%2Fwp%2Fv2%2Fcomments&post=10319"}],"version-history":[{"count":3,"href":"http:\/\/www.robertosedda.it\/index.php?rest_route=\/wp\/v2\/posts\/10319\/revisions"}],"predecessor-version":[{"id":11790,"href":"http:\/\/www.robertosedda.it\/index.php?rest_route=\/wp\/v2\/posts\/10319\/revisions\/11790"}],"wp:featuredmedia":[{"embeddable":true,"href":"http:\/\/www.robertosedda.it\/index.php?rest_route=\/wp\/v2\/media\/10321"}],"wp:attachment":[{"href":"http:\/\/www.robertosedda.it\/index.php?rest_route=%2Fwp%2Fv2%2Fmedia&parent=10319"}],"wp:term":[{"taxonomy":"category","embeddable":true,"href":"http:\/\/www.robertosedda.it\/index.php?rest_route=%2Fwp%2Fv2%2Fcategories&post=10319"},{"taxonomy":"post_tag","embeddable":true,"href":"http:\/\/www.robertosedda.it\/index.php?rest_route=%2Fwp%2Fv2%2Ftags&post=10319"}],"curies":[{"name":"wp","href":"https:\/\/api.w.org\/{rel}","templated":true}]}}