{"id":10290,"date":"2015-05-29T13:29:45","date_gmt":"2015-05-29T11:29:45","guid":{"rendered":"http:\/\/www.robertosedda.it\/?p=10290"},"modified":"2015-08-14T14:48:15","modified_gmt":"2015-08-14T12:48:15","slug":"lagnata-sarebbe-un-magnifico-protagonista","status":"publish","type":"post","link":"http:\/\/www.robertosedda.it\/?p=10290","title":{"rendered":"L&#8217;Agnata sarebbe un magnifico protagonista"},"content":{"rendered":"<p>Sono andato ieri a vedere il documentario di Gianfranco Cabiddu\u00a0<em>Faber\u00a0in Sardegna<\/em>, a cui era associato un lunghissimo spezzone del concerto al Teatro Brancaccio di Roma,\u00a0<em>L&#8217;ultimo concerto di Fabrizio De Andr\u00e9\u00a0<\/em>(la scheda dei\u00a0<em>film<\/em> la trovate <a href=\"http:\/\/www.microcinema.eu\/it\/concerti-eventi\/catalogo\/faber-in-sardegna.htm\">qui<\/a>).<\/p>\n<div class=\"jetpack-video-wrapper\"><span class=\"embed-youtube\" style=\"text-align:center; display: block;\"><iframe class=\"youtube-player\" width=\"800\" height=\"450\" src=\"https:\/\/www.youtube.com\/embed\/v4k379zPWGc?version=3&#038;rel=1&#038;showsearch=0&#038;showinfo=1&#038;iv_load_policy=1&#038;fs=1&#038;hl=it-IT&#038;autohide=2&#038;wmode=transparent\" allowfullscreen=\"true\" style=\"border:0;\" sandbox=\"allow-scripts allow-same-origin allow-popups allow-presentation\"><\/iframe><\/span><\/div>\n<p>L&#8217;unione dei due spezzoni \u00e8 in realt\u00e0 un po&#8217; strana: vedo da qualche parte che si dice che il\u00a0<em>film<\/em> avrebbe cos\u00ec una doppia anima: da una parte la persona nei suoi affetti\u00a0e\u00a0nell&#8217;avventura dell&#8217;azienda agricola dell&#8217;Agnata, e dall&#8217;altra l&#8217;artista con le sue canzoni. Se questa era l&#8217;intenzione il risultato \u00e8 un po&#8217; inferiore: perch\u00e9 dopo il documentario il concerto, pur bellissimo, sembra un po&#8217; messo l\u00ec per fare gionta e raggiungere una lunghezza che renda\u00a0possibile la proiezione nelle sale, e oltretutto non ha nessun lavoro di &#8220;interpretazione&#8221;: \u00e8\u00a0proprio la sintesi delle riprese nude e crude\u00a0del concerto, senza un&#8217;intervista, un commento, un&#8217;interpretazione del regista. \u00c8\u00a0tutto rimasterizzato e si gode della resa sul grande schermo, questo s\u00ec, ma comunque un po&#8217; rimane l&#8217;effetto \u00abproiettiamo un DVD\u00bb, tanto pi\u00f9 che per esempio su\u00a0<em>YouTube<\/em> il concerto nella sua interezza \u00e8 facilmente reperibile (esiste anche come speciale della\u00a0<em>RAI<\/em>).<\/p>\n<div class=\"jetpack-video-wrapper\"><span class=\"embed-youtube\" style=\"text-align:center; display: block;\"><iframe class=\"youtube-player\" width=\"800\" height=\"450\" src=\"https:\/\/www.youtube.com\/embed\/hUrb_3r-lf8?version=3&#038;rel=1&#038;showsearch=0&#038;showinfo=1&#038;iv_load_policy=1&#038;fs=1&#038;hl=it-IT&#038;autohide=2&#038;wmode=transparent&#038;listType=playlist&#038;list=PL79221C968174D608\" allowfullscreen=\"true\" style=\"border:0;\" sandbox=\"allow-scripts allow-same-origin allow-popups allow-presentation\"><\/iframe><\/span><\/div>\n<p>Comunque la proiezione appaiata era parte di un evento che si teneva contemporaneamente in molti cinema d&#8217;Italia\u00a0solo nei giorni del\u00a027 e 28 maggio e poi basta: non so se in futuro i due filmati saranno di nuovo\u00a0presentati insieme come in questa occasione e quanto il documentario di Cabiddu potr\u00e0 circolare autonomamente; quindi se nelle vostre citt\u00e0\u00a0capita che ci sia un prolungamento dell&#8217;evento credo sia il caso di cogliere al volo l&#8217;occasione: il concerto, nel suo estremo rigore formale e nella grande cura musicale \u00e8 molto bello,\u00a0ma\u00a0soprattutto Cabiddu sa come si tiene in mano la macchina da presa, sa rendere protagonista il territorio in cui visse De Andr\u00e9 e ci fa ascoltare\u00a0le testimonianze degli amici locali e dell&#8217;<em>entourage<\/em> dell&#8217;azienda agricola\u00a0di De Andr\u00e9 e Dori Ghezzi, testimonianze che non mi sembra si siano sentite con facilit\u00e0 in molte altre occasioni.<\/p>\n<p>Proprio l&#8217;Agnata, la grande casa-azienda agricola gallurese, riempie di s\u00e9 il documentario. Lo fa visivamente, con la bellezza della grande facciata che si offre anche come fondale perfetto per concerti ed eventi; lo fa emotivamente, presentata com&#8217;\u00e8 come il sogno di vita\u00a0in Sardegna di De Andr\u00e9 e Dori Ghezzi; lo fa infine come filo conduttore e palcoscenico di tutti gli eventi che vengono raccontati, tanto che forse invece che\u00a0<em>De Andr\u00e9 in Sardegna<\/em> il titolo avrebbe potuto essere\u00a0<em>De Andr\u00e9 all&#8217;Agnata.<\/em><\/p>\n<p>E stamattina, ripensando al film, mi dicevo che in realt\u00e0 si potrebbe scrivere, con protagonista l&#8217;Agnata, una bellissima serie\u00a0a fumetti (o un <em>serial<\/em> televisivo), sul genere un po&#8217; dei\u00a0<em>Ma\u00eetres de l&#8217;orge<\/em>, variando magari i protagonisti ma tenendo al centro di tutte le storie la vecchia casa, magari come voce narrante: una puntata sui giorni dell&#8217;abbandono, una sulla giovane coppia che viene a stabilirsi quando ancora mancano gli infissi, e poi man mano l&#8217;arrivo delle vacche, i bambini piccoli, le traversie dell&#8217;azienda agricola, la casa come luogo di incontri e come laboratorio creativo, la scoperta della cultura locale, l&#8217;abbattersi della tragedia, la ripresa, i cambi di generazione, il trasformarsi in simbolo: funzionerebbe anche se nella finzione l&#8217;Agnata venisse trasferita da un capo all&#8217;altro della Sardegna e la storia venisse raccontata prescindendo da De Andr\u00e9 come personaggio effettivamente esistito.<\/p>\n<p>Naturalmente funzionerebbe cos\u00ec bene perch\u00e9 la narrazione dell&#8217;avventura di De Andr\u00e9 e Dori Ghezzi all&#8217;Agnata \u00e8 cos\u00ec forte che anche depurata di tutta la dimensione artistica di De Andr\u00e9 e di quel che ha voluto dire per la musica italiana rimane una narrazione interessantissima, e far capire questo \u00e8 senz&#8217;altro il merito del film di Cabiddu, molto pi\u00f9 importante in questo del farci vedere Teresa De Sio che interpreta magistralmente <em>Don Raffae&#8217;<\/em>\u00a0davanti al portico dell&#8217;Agnata (o un Morgan molto meno magistrale&#8230;).<\/p>\n","protected":false},"excerpt":{"rendered":"<p>Sono andato ieri a vedere il documentario di Gianfranco Cabiddu\u00a0Faber\u00a0in Sardegna, a cui era associato un lunghissimo spezzone del concerto<\/p>\n","protected":false},"author":1,"featured_media":0,"comment_status":"open","ping_status":"open","sticky":false,"template":"","format":"video","meta":{"_mi_skip_tracking":false,"_monsterinsights_sitenote_active":false,"_monsterinsights_sitenote_note":"","_monsterinsights_sitenote_category":0,"jetpack_post_was_ever_published":false,"_jetpack_newsletter_access":"","jetpack_publicize_message":"","jetpack_is_tweetstorm":false,"jetpack_publicize_feature_enabled":true,"jetpack_social_post_already_shared":true,"jetpack_social_options":{"image_generator_settings":{"template":"highway","enabled":false}}},"categories":[83,52,14,56,12],"tags":[],"jetpack_publicize_connections":[],"jetpack_featured_media_url":"","jetpack_sharing_enabled":true,"jetpack_shortlink":"https:\/\/wp.me\/p4jV2T-2FY","jetpack_likes_enabled":true,"jetpack-related-posts":[{"id":12556,"url":"http:\/\/www.robertosedda.it\/?p=12556","url_meta":{"origin":10290,"position":0},"title":"Lo straordinario fenomeno","author":"Rufus","date":"20\/09\/2016","format":"video","excerpt":"The Beatles - Eight days a week\u00a0(Ron Howard, USA 2016) Ho visto l'altro giorno\u00a0The Beatles - Eight days a week, il documentario dedicato da Ron Howard ai primi\u00a0anni di vita del gruppo, anni in cui il successo montava in maniera enormemente crescente e in cui\u00a0il grosso della vita dei\u00a0Beatles\u00a0si svolgeva\u2026","rel":"","context":"In &quot;Biografie&quot;","block_context":{"text":"Biografie","link":"http:\/\/www.robertosedda.it\/?cat=83"},"img":{"alt_text":"","src":"https:\/\/i0.wp.com\/img.youtube.com\/vi\/GgDpiXiUuHg\/0.jpg?resize=350%2C200","width":350,"height":200},"classes":[]},{"id":18939,"url":"http:\/\/www.robertosedda.it\/?p=18939","url_meta":{"origin":10290,"position":1},"title":"Musica nella notte","author":"Rufus","date":"26\/08\/2021","format":false,"excerpt":"Marted\u00ec scorso con Maria Bonaria siamo andati all'Orto Botanico per ascoltare un concerto d'arpa del musicista Raoul Moretti (qui sotto vedete l'immagine dell'evento su Facebook, che si ripete per un altro paio di marted\u00ec). Devo dire che la piazzetta della fontana dell'Orto Botanico al tramonto \u00e8 uno scenario fantastico per\u2026","rel":"","context":"In &quot;Coordinate&quot;","block_context":{"text":"Coordinate","link":"http:\/\/www.robertosedda.it\/?cat=52"},"img":{"alt_text":"","src":"https:\/\/i0.wp.com\/www.robertosedda.it\/wp-content\/uploads\/2021\/08\/Raoul-Moretti-750x375-1.jpg?fit=750%2C375&resize=350%2C200","width":350,"height":200,"srcset":"https:\/\/i0.wp.com\/www.robertosedda.it\/wp-content\/uploads\/2021\/08\/Raoul-Moretti-750x375-1.jpg?fit=750%2C375&resize=350%2C200 1x, https:\/\/i0.wp.com\/www.robertosedda.it\/wp-content\/uploads\/2021\/08\/Raoul-Moretti-750x375-1.jpg?fit=750%2C375&resize=700%2C400 2x"},"classes":[]},{"id":9929,"url":"http:\/\/www.robertosedda.it\/?p=9929","url_meta":{"origin":10290,"position":2},"title":"Chi fermer\u00e0 la musica?","author":"Rufus","date":"09\/04\/2015","format":"video","excerpt":"La famiglia Belier (\u00c9ric Lartigau, Francia 2014) Ho visto subito dopo\u00a0Pasqua questa divertente commedia francese, piena di invenzioni e di buoni sentimenti. Forse troppo piena: perch\u00e9 la storia di Paula, unica dotata della voce - e che voce! - in una famiglia di sordi (pap\u00e0, mamma e fratellino) \u00e8 certamente\u2026","rel":"","context":"In &quot;Coordinate&quot;","block_context":{"text":"Coordinate","link":"http:\/\/www.robertosedda.it\/?cat=52"},"img":{"alt_text":"","src":"https:\/\/i0.wp.com\/img.youtube.com\/vi\/UOHtcFR4nfw\/0.jpg?resize=350%2C200","width":350,"height":200},"classes":[]},{"id":17969,"url":"http:\/\/www.robertosedda.it\/?p=17969","url_meta":{"origin":10290,"position":3},"title":"Cosa scrivere, questo \u00e8 il problema","author":"Rufus","date":"16\/03\/2020","format":false,"excerpt":"Quando ho iniziato a scrivere questo blog, mi sono dato alcune regole, la pi\u00f9 importante delle quali era che avrei scritto principalmente per me. La regola ha una serie di corollari di cui ho gi\u00e0 parlato intorno all'epoca dell'attentato a Charlie Hebdo: fondamentalmente che se non mi sembra di avere\u2026","rel":"","context":"In &quot;Coordinate&quot;","block_context":{"text":"Coordinate","link":"http:\/\/www.robertosedda.it\/?cat=52"},"img":{"alt_text":"","src":"https:\/\/i0.wp.com\/www.robertosedda.it\/wp-content\/uploads\/2016\/12\/Rufus-Facebook.jpg?fit=856%2C357&resize=350%2C200","width":350,"height":200,"srcset":"https:\/\/i0.wp.com\/www.robertosedda.it\/wp-content\/uploads\/2016\/12\/Rufus-Facebook.jpg?fit=856%2C357&resize=350%2C200 1x, https:\/\/i0.wp.com\/www.robertosedda.it\/wp-content\/uploads\/2016\/12\/Rufus-Facebook.jpg?fit=856%2C357&resize=700%2C400 2x"},"classes":[]},{"id":752,"url":"http:\/\/www.robertosedda.it\/?p=752","url_meta":{"origin":10290,"position":4},"title":"Destinazione Sardegna","author":"Rufus","date":"24\/08\/2012","format":false,"excerpt":"La destinazione \u00e8 uno strano film. Superficialmente, la trama non \u00e8 particolarmente originale: Emilio Todeschini, riminese (interpretato da Roberto Magnani, un ragazzo che pare il clone di Valentino Rossi), dovendo fare il servizio di leva, sceglie di fare il carabiniere, per avere una paga un po' pi\u00f9 alta e vedere\/fare\u2026","rel":"","context":"In &quot;Coordinate&quot;","block_context":{"text":"Coordinate","link":"http:\/\/www.robertosedda.it\/?cat=52"},"img":{"alt_text":"","src":"https:\/\/i0.wp.com\/www.robertosedda.it\/wp-content\/uploads\/2012\/08\/ballorecc-206x300.jpg?resize=350%2C200","width":350,"height":200},"classes":[]},{"id":8300,"url":"http:\/\/www.robertosedda.it\/?p=8300","url_meta":{"origin":10290,"position":5},"title":"Magari ci si becca al Caf\u00e8 Noir","author":"Rufus","date":"02\/09\/2014","format":false,"excerpt":"Vedo che \u00e8 uscito il programma del festival\u00a0letterario di\u00a0Marina Caf\u00e8 Noir, che pi\u00f9 o meno chiude la stagione degli eventi culturali di piazza dell'estate 2014. Il titolo \u00e8\u00a0Non tutto \u00e8 in vendita: dal programma fatico a capire perch\u00e9, ma non posso che essere d'accordo. Riporto comunque il programma, che trovate\u2026","rel":"","context":"In &quot;Coordinate&quot;","block_context":{"text":"Coordinate","link":"http:\/\/www.robertosedda.it\/?cat=52"},"img":{"alt_text":"","src":"https:\/\/i0.wp.com\/www.robertosedda.it\/wp-content\/uploads\/2014\/09\/Marina-cafe-noir.jpg?fit=225%2C225&resize=350%2C200","width":350,"height":200},"classes":[]}],"_links":{"self":[{"href":"http:\/\/www.robertosedda.it\/index.php?rest_route=\/wp\/v2\/posts\/10290"}],"collection":[{"href":"http:\/\/www.robertosedda.it\/index.php?rest_route=\/wp\/v2\/posts"}],"about":[{"href":"http:\/\/www.robertosedda.it\/index.php?rest_route=\/wp\/v2\/types\/post"}],"author":[{"embeddable":true,"href":"http:\/\/www.robertosedda.it\/index.php?rest_route=\/wp\/v2\/users\/1"}],"replies":[{"embeddable":true,"href":"http:\/\/www.robertosedda.it\/index.php?rest_route=%2Fwp%2Fv2%2Fcomments&post=10290"}],"version-history":[{"count":9,"href":"http:\/\/www.robertosedda.it\/index.php?rest_route=\/wp\/v2\/posts\/10290\/revisions"}],"predecessor-version":[{"id":10634,"href":"http:\/\/www.robertosedda.it\/index.php?rest_route=\/wp\/v2\/posts\/10290\/revisions\/10634"}],"wp:attachment":[{"href":"http:\/\/www.robertosedda.it\/index.php?rest_route=%2Fwp%2Fv2%2Fmedia&parent=10290"}],"wp:term":[{"taxonomy":"category","embeddable":true,"href":"http:\/\/www.robertosedda.it\/index.php?rest_route=%2Fwp%2Fv2%2Fcategories&post=10290"},{"taxonomy":"post_tag","embeddable":true,"href":"http:\/\/www.robertosedda.it\/index.php?rest_route=%2Fwp%2Fv2%2Ftags&post=10290"}],"curies":[{"name":"wp","href":"https:\/\/api.w.org\/{rel}","templated":true}]}}