{"id":10243,"date":"2015-05-22T13:57:44","date_gmt":"2015-05-22T11:57:44","guid":{"rendered":"http:\/\/www.robertosedda.it\/?p=10243"},"modified":"2019-07-06T12:25:33","modified_gmt":"2019-07-06T10:25:33","slug":"giustizia-per-gino-dachille","status":"publish","type":"post","link":"http:\/\/www.robertosedda.it\/?p=10243","title":{"rendered":"Giustizia per Gino D&#8217;Achille"},"content":{"rendered":"<p>Ok, ditemi il nome di un illustratore&nbsp;<em>fantasy<\/em> dell&#8217;epoca eroica.<\/p>\n<p>Mmmm, Frazetta? L&#8217;illustratore principe delle copertine dei libri di Conan?<\/p>\n<p>Una buona scelta, naturalmente.<\/p>\n<figure id=\"attachment_10245\" aria-describedby=\"caption-attachment-10245\" style=\"width: 497px\" class=\"wp-caption aligncenter\"><a href=\"https:\/\/i0.wp.com\/www.robertosedda.it\/wp-content\/uploads\/2015\/05\/Death-Dealer-Frazetta.jpg\"><img data-attachment-id=\"10245\" data-permalink=\"http:\/\/www.robertosedda.it\/?attachment_id=10245\" data-orig-file=\"https:\/\/i0.wp.com\/www.robertosedda.it\/wp-content\/uploads\/2015\/05\/Death-Dealer-Frazetta.jpg?fit=497%2C749\" data-orig-size=\"497,749\" data-comments-opened=\"1\" data-image-meta=\"{&quot;aperture&quot;:&quot;0&quot;,&quot;credit&quot;:&quot;&quot;,&quot;camera&quot;:&quot;&quot;,&quot;caption&quot;:&quot;&quot;,&quot;created_timestamp&quot;:&quot;0&quot;,&quot;copyright&quot;:&quot;&quot;,&quot;focal_length&quot;:&quot;0&quot;,&quot;iso&quot;:&quot;0&quot;,&quot;shutter_speed&quot;:&quot;0&quot;,&quot;title&quot;:&quot;&quot;,&quot;orientation&quot;:&quot;0&quot;}\" data-image-title=\"Death Dealer Frazetta\" data-image-description=\"\" data-image-caption=\"&lt;p&gt;&#8220;DeathDealer&#8221; by Source (WP:NFCC#4). Licensed under Fair use via Wikipedia &#8211; http:\/\/en.wikipedia.org\/wiki\/File:DeathDealer.jpg#\/media\/File:DeathDealer.jpg&lt;\/p&gt;\n\" data-medium-file=\"https:\/\/i0.wp.com\/www.robertosedda.it\/wp-content\/uploads\/2015\/05\/Death-Dealer-Frazetta.jpg?fit=199%2C300\" data-large-file=\"https:\/\/i0.wp.com\/www.robertosedda.it\/wp-content\/uploads\/2015\/05\/Death-Dealer-Frazetta.jpg?fit=497%2C749\" decoding=\"async\" loading=\"lazy\" class=\"wp-image-10245 size-full\" src=\"https:\/\/i0.wp.com\/www.robertosedda.it\/wp-content\/uploads\/2015\/05\/Death-Dealer-Frazetta.jpg?resize=497%2C749\" alt=\"&quot;DeathDealer&quot; by Source (WP:NFCC#4). Licensed under Fair use via Wikipedia - http:\/\/en.wikipedia.org\/wiki\/File:DeathDealer.jpg#\/media\/File:DeathDealer.jpg\" width=\"497\" height=\"749\" srcset=\"https:\/\/i0.wp.com\/www.robertosedda.it\/wp-content\/uploads\/2015\/05\/Death-Dealer-Frazetta.jpg?w=497 497w, https:\/\/i0.wp.com\/www.robertosedda.it\/wp-content\/uploads\/2015\/05\/Death-Dealer-Frazetta.jpg?resize=100%2C150 100w, https:\/\/i0.wp.com\/www.robertosedda.it\/wp-content\/uploads\/2015\/05\/Death-Dealer-Frazetta.jpg?resize=199%2C300 199w, https:\/\/i0.wp.com\/www.robertosedda.it\/wp-content\/uploads\/2015\/05\/Death-Dealer-Frazetta.jpg?resize=33%2C50 33w\" sizes=\"(max-width: 497px) 100vw, 497px\" data-recalc-dims=\"1\" \/><\/a><figcaption id=\"caption-attachment-10245\" class=\"wp-caption-text\">&#8220;DeathDealer&#8221; by Source (<a href=\"http:\/\/en.wikipedia.org\/wiki\/Wikipedia:NFCC#4\">WP:NFCC#4<\/a>). Licensed under Fair use via Wikipedia &#8211; http:\/\/en.wikipedia.org\/wiki\/File:DeathDealer.jpg#\/media\/File:DeathDealer.jpg<\/figcaption><\/figure>\n<p><a href=\"http:\/\/www.robertosedda.it\/wp-content\/uploads\/2015\/05\/Frazetta-Conan.jpg\">A<\/a>pprezzerete, fra l&#8217;altro, che non vi ho messo una donnina delle solite.<\/p>\n<p>Oppure Boris Vallejo, un altro che \u00e8 comparso sulle copertine di met\u00e0 dei libri&nbsp;<em>fantasy&nbsp;<\/em>del mondo.<a href=\"https:\/\/i0.wp.com\/www.robertosedda.it\/wp-content\/uploads\/2015\/05\/Uleena-Boris-Vallejo.jpg\"><img data-attachment-id=\"10246\" data-permalink=\"http:\/\/www.robertosedda.it\/?attachment_id=10246\" data-orig-file=\"https:\/\/i0.wp.com\/www.robertosedda.it\/wp-content\/uploads\/2015\/05\/Uleena-Boris-Vallejo.jpg?fit=1800%2C1800\" data-orig-size=\"1800,1800\" data-comments-opened=\"1\" data-image-meta=\"{&quot;aperture&quot;:&quot;0&quot;,&quot;credit&quot;:&quot;&quot;,&quot;camera&quot;:&quot;&quot;,&quot;caption&quot;:&quot;&quot;,&quot;created_timestamp&quot;:&quot;0&quot;,&quot;copyright&quot;:&quot;&quot;,&quot;focal_length&quot;:&quot;0&quot;,&quot;iso&quot;:&quot;0&quot;,&quot;shutter_speed&quot;:&quot;0&quot;,&quot;title&quot;:&quot;&quot;,&quot;orientation&quot;:&quot;1&quot;}\" data-image-title=\"Uleena Boris Vallejo\" data-image-description=\"\" data-image-caption=\"\" data-medium-file=\"https:\/\/i0.wp.com\/www.robertosedda.it\/wp-content\/uploads\/2015\/05\/Uleena-Boris-Vallejo.jpg?fit=300%2C300\" data-large-file=\"https:\/\/i0.wp.com\/www.robertosedda.it\/wp-content\/uploads\/2015\/05\/Uleena-Boris-Vallejo.jpg?fit=510%2C510\" decoding=\"async\" loading=\"lazy\" class=\"aligncenter size-large wp-image-10246\" src=\"https:\/\/i0.wp.com\/www.robertosedda.it\/wp-content\/uploads\/2015\/05\/Uleena-Boris-Vallejo.jpg?resize=510%2C510\" alt=\"Uleena Boris Vallejo\" width=\"510\" height=\"510\" srcset=\"https:\/\/i0.wp.com\/www.robertosedda.it\/wp-content\/uploads\/2015\/05\/Uleena-Boris-Vallejo.jpg?resize=510%2C510 510w, https:\/\/i0.wp.com\/www.robertosedda.it\/wp-content\/uploads\/2015\/05\/Uleena-Boris-Vallejo.jpg?resize=150%2C150 150w, https:\/\/i0.wp.com\/www.robertosedda.it\/wp-content\/uploads\/2015\/05\/Uleena-Boris-Vallejo.jpg?resize=300%2C300 300w, https:\/\/i0.wp.com\/www.robertosedda.it\/wp-content\/uploads\/2015\/05\/Uleena-Boris-Vallejo.jpg?resize=100%2C100 100w, https:\/\/i0.wp.com\/www.robertosedda.it\/wp-content\/uploads\/2015\/05\/Uleena-Boris-Vallejo.jpg?resize=700%2C700 700w, https:\/\/i0.wp.com\/www.robertosedda.it\/wp-content\/uploads\/2015\/05\/Uleena-Boris-Vallejo.jpg?resize=50%2C50 50w, https:\/\/i0.wp.com\/www.robertosedda.it\/wp-content\/uploads\/2015\/05\/Uleena-Boris-Vallejo.jpg?w=1800 1800w, https:\/\/i0.wp.com\/www.robertosedda.it\/wp-content\/uploads\/2015\/05\/Uleena-Boris-Vallejo.jpg?w=1600 1600w\" sizes=\"(max-width: 510px) 100vw, 510px\" data-recalc-dims=\"1\" \/><\/a><\/p>\n<p>Ok, nel caso di Vallejo trovare un esempio senza donnina era impossibile.<\/p>\n<p>Oggi mi \u00e8 capitato di consigliare al mio amico Gianmichele Deiana, che fa il birraio, di leggere&nbsp;<em>Il re pescatore<\/em> di Tim Powers, un bel libro&nbsp;<em>fantasy<\/em> degli anni &#8217;80 (del quale magari vi parler\u00f2 un&#8217;altra volta) che mette insieme l&#8217;assedio di Vienna da parte dei Turchi, Merlino, Art\u00f9, la birreria Herzwesten &#8220;cuore dell&#8217;Occidente&#8221; e una magica birra, la Herzwesten Scura, perch\u00e9 come dice la fittizia citazione iniziale: \u00abse noi Cristiani abbiamo la nostra birra, cosa dobbiamo temere?\u00bb.<\/p>\n<p>Sull&#8217;onda del consiglio sono capitato su un sito di curiosit\u00e0 bibliografiche dedicate a Powers sul quale&nbsp;ho trovato l&#8217;elenco di <a href=\"http:\/\/www.theworksoftimpowers.com\/novels\/the-drawing-of-the-dark\/\">tutte le edizioni de&nbsp;<em>Il re pescatore<\/em> (in originale&nbsp;<em>The drawing of the dark<\/em>)<\/a>.<\/p>\n<p>E l\u00ec ho letto che le copertine dell&#8217;edizione inglese erano di Gino D&#8217;Achille.<\/p>\n<p>Gino D&#8217;Achille. Chi sar\u00e0 mai costui?<\/p>\n<p>Incuriosito dal nome italiano ho fatto un po&#8217; di ricerche e ho scoperto un autore fondamentale: a quanto capisco ha illustrato la copertina della met\u00e0 dei libri&nbsp;<em>fantasy<\/em> che Vallejo ha lasciato disponibile. Pi\u00f9 le copertine di innumerevoli altri romanzi.<\/p>\n<p>Ed \u00e8 italiano, di Roma, anche se ha vissuto buona parte della carriera in Inghilterra e adesso vive in Corsica. Del tutto ignoto in Italia, mi pare.<a href=\"https:\/\/i0.wp.com\/www.robertosedda.it\/wp-content\/uploads\/2015\/05\/DAprile-John-Carter-di-Marte.jpg\"><img data-attachment-id=\"10247\" data-permalink=\"http:\/\/www.robertosedda.it\/?attachment_id=10247\" data-orig-file=\"https:\/\/i0.wp.com\/www.robertosedda.it\/wp-content\/uploads\/2015\/05\/DAprile-John-Carter-di-Marte.jpg?fit=800%2C535\" data-orig-size=\"800,535\" data-comments-opened=\"1\" data-image-meta=\"{&quot;aperture&quot;:&quot;0&quot;,&quot;credit&quot;:&quot;&quot;,&quot;camera&quot;:&quot;&quot;,&quot;caption&quot;:&quot;&quot;,&quot;created_timestamp&quot;:&quot;0&quot;,&quot;copyright&quot;:&quot;&quot;,&quot;focal_length&quot;:&quot;0&quot;,&quot;iso&quot;:&quot;0&quot;,&quot;shutter_speed&quot;:&quot;0&quot;,&quot;title&quot;:&quot;&quot;,&quot;orientation&quot;:&quot;0&quot;}\" data-image-title=\"D&#8217;Achille John Carter di Marte\" data-image-description=\"\" data-image-caption=\"\" data-medium-file=\"https:\/\/i0.wp.com\/www.robertosedda.it\/wp-content\/uploads\/2015\/05\/DAprile-John-Carter-di-Marte.jpg?fit=300%2C201\" data-large-file=\"https:\/\/i0.wp.com\/www.robertosedda.it\/wp-content\/uploads\/2015\/05\/DAprile-John-Carter-di-Marte.jpg?fit=510%2C341\" decoding=\"async\" loading=\"lazy\" class=\"aligncenter wp-image-10247 size-full\" src=\"https:\/\/i0.wp.com\/www.robertosedda.it\/wp-content\/uploads\/2015\/05\/DAprile-John-Carter-di-Marte.jpg?resize=800%2C535\" alt=\"D'Achille John Carter di Marte\" width=\"800\" height=\"535\" srcset=\"https:\/\/i0.wp.com\/www.robertosedda.it\/wp-content\/uploads\/2015\/05\/DAprile-John-Carter-di-Marte.jpg?w=800 800w, https:\/\/i0.wp.com\/www.robertosedda.it\/wp-content\/uploads\/2015\/05\/DAprile-John-Carter-di-Marte.jpg?resize=150%2C100 150w, https:\/\/i0.wp.com\/www.robertosedda.it\/wp-content\/uploads\/2015\/05\/DAprile-John-Carter-di-Marte.jpg?resize=300%2C201 300w, https:\/\/i0.wp.com\/www.robertosedda.it\/wp-content\/uploads\/2015\/05\/DAprile-John-Carter-di-Marte.jpg?resize=510%2C341 510w, https:\/\/i0.wp.com\/www.robertosedda.it\/wp-content\/uploads\/2015\/05\/DAprile-John-Carter-di-Marte.jpg?resize=700%2C468 700w, https:\/\/i0.wp.com\/www.robertosedda.it\/wp-content\/uploads\/2015\/05\/DAprile-John-Carter-di-Marte.jpg?resize=50%2C33 50w\" sizes=\"(max-width: 800px) 100vw, 800px\" data-recalc-dims=\"1\" \/><\/a><\/p>\n<p>Per esempio mi ricordo benissimo la copertina qui sopra, piuttosto inquietante, sull&#8217;edizione della&nbsp;<em>Nord<\/em> di uno dei romanzi di John Carter di Marte di E.R. Burroughs. Ma frugando sul suo sito o su&nbsp;<em>Google<\/em> ho trovato mille illustrazioni famosissime.<a href=\"https:\/\/i0.wp.com\/www.robertosedda.it\/wp-content\/uploads\/2015\/05\/Gino-DAchille.jpg\"><img data-attachment-id=\"10248\" data-permalink=\"http:\/\/www.robertosedda.it\/?attachment_id=10248\" data-orig-file=\"https:\/\/i0.wp.com\/www.robertosedda.it\/wp-content\/uploads\/2015\/05\/Gino-DAchille.jpg?fit=591%2C411\" data-orig-size=\"591,411\" data-comments-opened=\"1\" data-image-meta=\"{&quot;aperture&quot;:&quot;0&quot;,&quot;credit&quot;:&quot;&quot;,&quot;camera&quot;:&quot;&quot;,&quot;caption&quot;:&quot;&quot;,&quot;created_timestamp&quot;:&quot;0&quot;,&quot;copyright&quot;:&quot;&quot;,&quot;focal_length&quot;:&quot;0&quot;,&quot;iso&quot;:&quot;0&quot;,&quot;shutter_speed&quot;:&quot;0&quot;,&quot;title&quot;:&quot;&quot;,&quot;orientation&quot;:&quot;0&quot;}\" data-image-title=\"Gino D&#8217;Achille\" data-image-description=\"\" data-image-caption=\"\" data-medium-file=\"https:\/\/i0.wp.com\/www.robertosedda.it\/wp-content\/uploads\/2015\/05\/Gino-DAchille.jpg?fit=300%2C209\" data-large-file=\"https:\/\/i0.wp.com\/www.robertosedda.it\/wp-content\/uploads\/2015\/05\/Gino-DAchille.jpg?fit=510%2C355\" decoding=\"async\" loading=\"lazy\" class=\"aligncenter size-full wp-image-10248\" src=\"https:\/\/i0.wp.com\/www.robertosedda.it\/wp-content\/uploads\/2015\/05\/Gino-DAchille.jpg?resize=591%2C411\" alt=\"Gino D'Achille\" width=\"591\" height=\"411\" srcset=\"https:\/\/i0.wp.com\/www.robertosedda.it\/wp-content\/uploads\/2015\/05\/Gino-DAchille.jpg?w=591 591w, https:\/\/i0.wp.com\/www.robertosedda.it\/wp-content\/uploads\/2015\/05\/Gino-DAchille.jpg?resize=150%2C104 150w, https:\/\/i0.wp.com\/www.robertosedda.it\/wp-content\/uploads\/2015\/05\/Gino-DAchille.jpg?resize=300%2C209 300w, https:\/\/i0.wp.com\/www.robertosedda.it\/wp-content\/uploads\/2015\/05\/Gino-DAchille.jpg?resize=510%2C355 510w, https:\/\/i0.wp.com\/www.robertosedda.it\/wp-content\/uploads\/2015\/05\/Gino-DAchille.jpg?resize=50%2C35 50w\" sizes=\"(max-width: 591px) 100vw, 591px\" data-recalc-dims=\"1\" \/><\/a><\/p>\n<p>E non c&#8217;ha nemmeno una pagina&nbsp;<em>Wiki<\/em> dedicata, vergogna.<\/p>\n<p>Giustizia per Gino D&#8217;Achille!!<\/p>\n","protected":false},"excerpt":{"rendered":"<p>Ok, ditemi il nome di un illustratore&nbsp;fantasy dell&#8217;epoca eroica. Mmmm, Frazetta? L&#8217;illustratore principe delle copertine dei libri di Conan? Una<\/p>\n","protected":false},"author":1,"featured_media":10248,"comment_status":"open","ping_status":"open","sticky":false,"template":"","format":"standard","meta":{"_mi_skip_tracking":false,"_monsterinsights_sitenote_active":false,"_monsterinsights_sitenote_note":"","_monsterinsights_sitenote_category":0,"jetpack_post_was_ever_published":false,"_jetpack_newsletter_access":"","jetpack_publicize_message":"","jetpack_is_tweetstorm":false,"jetpack_publicize_feature_enabled":true,"jetpack_social_post_already_shared":true,"jetpack_social_options":{"image_generator_settings":{"template":"highway","enabled":false}}},"categories":[52,63,56,17,16],"tags":[],"jetpack_publicize_connections":[],"jetpack_featured_media_url":"https:\/\/i0.wp.com\/www.robertosedda.it\/wp-content\/uploads\/2015\/05\/Gino-DAchille.jpg?fit=591%2C411","jetpack_sharing_enabled":true,"jetpack_shortlink":"https:\/\/wp.me\/p4jV2T-2Fd","jetpack_likes_enabled":true,"jetpack-related-posts":[{"id":19883,"url":"http:\/\/www.robertosedda.it\/?p=19883","url_meta":{"origin":10243,"position":0},"title":"Storie infinite","author":"Rufus","date":"02\/08\/2022","format":false,"excerpt":"Siccome credo che abbiamo tutti bisogno di bellezza e poesia (io certamente in questa settimana non so dove sbattere la testa), segnalo il lavoro di un illustratore francese che si firma Vaskange (qui sotto lo vedete di persona a una fiera). L'artista stava esplorando una applicazione che si chiama Endless\u2026","rel":"","context":"In &quot;Coordinate&quot;","block_context":{"text":"Coordinate","link":"http:\/\/www.robertosedda.it\/?cat=52"},"img":{"alt_text":"","src":"https:\/\/i0.wp.com\/www.robertosedda.it\/wp-content\/uploads\/2022\/08\/Vaskange-2.jpg?fit=400%2C400&resize=350%2C200","width":350,"height":200},"classes":[]},{"id":11919,"url":"http:\/\/www.robertosedda.it\/?p=11919","url_meta":{"origin":10243,"position":1},"title":"Agnese e la bellissima maga Crystal","author":"Rufus","date":"09\/05\/2016","format":false,"excerpt":"(avviso: un po' di miele nel seguito; e un po' d'introduzione all'arte dell'illustrazione fantasy) L'altro giorno per questioni di giochi di ruolo cercavo\u00a0un disegno dell'episodio del\u00a0Silmarillion nel quale Finrod Felagund affronta Sauron nella sua torre e trovavo solo roba tutto sommato insoddisfacente, per non parlare del fatto che spesso l'episodio\u2026","rel":"","context":"In &quot;Coordinate&quot;","block_context":{"text":"Coordinate","link":"http:\/\/www.robertosedda.it\/?cat=52"},"img":{"alt_text":"","src":"https:\/\/i0.wp.com\/www.robertosedda.it\/wp-content\/uploads\/2016\/05\/Ladra-maga.jpg?fit=640%2C620&resize=350%2C200","width":350,"height":200},"classes":[]},{"id":6359,"url":"http:\/\/www.robertosedda.it\/?p=6359","url_meta":{"origin":10243,"position":2},"title":"Segni notevoli: seno naturale","author":"Rufus","date":"12\/02\/2014","format":false,"excerpt":"Ieri ho visto su Facebook lo status di un amico che segnalava, pi\u00f9 o meno: la ragazza davanti a me sul treno assomiglia irresistibilmente a Raphaella Anderson; sono turbato. Siccome sono curioso come una scimmia ma non sapevo chi fosse Raphaella Anderson ho cercato su Wiki e ho avuto la\u2026","rel":"","context":"In &quot;Coordinate&quot;","block_context":{"text":"Coordinate","link":"http:\/\/www.robertosedda.it\/?cat=52"},"img":{"alt_text":"","src":"https:\/\/i0.wp.com\/www.robertosedda.it\/wp-content\/uploads\/2014\/02\/Ilona-Staller-parlamento.png?resize=350%2C200","width":350,"height":200},"classes":[]},{"id":18520,"url":"http:\/\/www.robertosedda.it\/?p=18520","url_meta":{"origin":10243,"position":3},"title":"L&#8217;intelligenza artificiale e le copertine","author":"Rufus","date":"30\/04\/2021","format":false,"excerpt":"In questo periodo in cui non ho quasi mai scritto sul blog ho messo da parte delle chicche per quando avessi avuto voglia di ricominciare. Per esempio \u00e8 capitato che uno dei vari autori di fantascienza o fantasy che seguo mi abbia indirizzato, via Twitter, alle curiose copertine dell'editore Sheba\u2026","rel":"","context":"In &quot;Coordinate&quot;","block_context":{"text":"Coordinate","link":"http:\/\/www.robertosedda.it\/?cat=52"},"img":{"alt_text":"","src":"https:\/\/i0.wp.com\/www.robertosedda.it\/wp-content\/uploads\/2021\/04\/Macbeth.jpg?fit=350%2C525&resize=350%2C200","width":350,"height":200},"classes":[]},{"id":2398,"url":"http:\/\/www.robertosedda.it\/?p=2398","url_meta":{"origin":10243,"position":4},"title":"La mano sinistra delle tenebre","author":"Rufus","date":"01\/03\/2013","format":"video","excerpt":"Ho messo in linea una nuova puntata di Oggi parliamo di libri, quella dedicata a La mano sinistra delle tenebre di Ursula K. LeGuin. Riascoltando la puntata mi accorgo, come gi\u00e0 subito dopo la trasmissione, che ho fatto un bel po' di pasticci terminologici, in una occasione in cui scegliere\u2026","rel":"","context":"In &quot;Coordinate&quot;","block_context":{"text":"Coordinate","link":"http:\/\/www.robertosedda.it\/?cat=52"},"img":{"alt_text":"","src":"https:\/\/i0.wp.com\/www.robertosedda.it\/wp-content\/uploads\/2013\/03\/WeirdTales-Feb36-205x300.jpg?resize=350%2C200","width":350,"height":200},"classes":[]},{"id":4751,"url":"http:\/\/www.robertosedda.it\/?p=4751","url_meta":{"origin":10243,"position":5},"title":"Fumetti da non perdere (e no)","author":"Rufus","date":"22\/10\/2013","format":false,"excerpt":"Una segnalazione su un'uscita in edicola imperdibile per tutti gli appassionati di fumetti e un paio di altri aggiornamenti. Ma andiamo con ordine: Almanacco dell'Avventura Bonelli 2014 L'Almanacco \u00e8 dedicato a due artisti scomparsi relativamente di recente: Sergio Toppi, uno dei pi\u00f9 grandi illustratori, disegnatori e sceneggiatori italiani, e Decio\u2026","rel":"","context":"In &quot;Cappe e spade&quot;","block_context":{"text":"Cappe e spade","link":"http:\/\/www.robertosedda.it\/?cat=70"},"img":{"alt_text":"","src":"https:\/\/i0.wp.com\/www.robertosedda.it\/wp-content\/uploads\/2013\/10\/Almanacco-avventura-Bonelli-2014.jpg?fit=381%2C502&resize=350%2C200","width":350,"height":200},"classes":[]}],"_links":{"self":[{"href":"http:\/\/www.robertosedda.it\/index.php?rest_route=\/wp\/v2\/posts\/10243"}],"collection":[{"href":"http:\/\/www.robertosedda.it\/index.php?rest_route=\/wp\/v2\/posts"}],"about":[{"href":"http:\/\/www.robertosedda.it\/index.php?rest_route=\/wp\/v2\/types\/post"}],"author":[{"embeddable":true,"href":"http:\/\/www.robertosedda.it\/index.php?rest_route=\/wp\/v2\/users\/1"}],"replies":[{"embeddable":true,"href":"http:\/\/www.robertosedda.it\/index.php?rest_route=%2Fwp%2Fv2%2Fcomments&post=10243"}],"version-history":[{"count":2,"href":"http:\/\/www.robertosedda.it\/index.php?rest_route=\/wp\/v2\/posts\/10243\/revisions"}],"predecessor-version":[{"id":16901,"href":"http:\/\/www.robertosedda.it\/index.php?rest_route=\/wp\/v2\/posts\/10243\/revisions\/16901"}],"wp:featuredmedia":[{"embeddable":true,"href":"http:\/\/www.robertosedda.it\/index.php?rest_route=\/wp\/v2\/media\/10248"}],"wp:attachment":[{"href":"http:\/\/www.robertosedda.it\/index.php?rest_route=%2Fwp%2Fv2%2Fmedia&parent=10243"}],"wp:term":[{"taxonomy":"category","embeddable":true,"href":"http:\/\/www.robertosedda.it\/index.php?rest_route=%2Fwp%2Fv2%2Fcategories&post=10243"},{"taxonomy":"post_tag","embeddable":true,"href":"http:\/\/www.robertosedda.it\/index.php?rest_route=%2Fwp%2Fv2%2Ftags&post=10243"}],"curies":[{"name":"wp","href":"https:\/\/api.w.org\/{rel}","templated":true}]}}