{"id":10217,"date":"2015-05-18T13:40:34","date_gmt":"2015-05-18T11:40:34","guid":{"rendered":"http:\/\/www.robertosedda.it\/?p=10217"},"modified":"2022-05-24T12:13:54","modified_gmt":"2022-05-24T10:13:54","slug":"lo-zelo-per-la-tua-casa-mi-divora","status":"publish","type":"post","link":"http:\/\/www.robertosedda.it\/?p=10217","title":{"rendered":"Lo zelo per la <em>tua<\/em> casa mi divora"},"content":{"rendered":"<p>Credo di avere <a href=\"http:\/\/www.robertosedda.it\/?p=4441\">raccontato altre volte<\/a> di <em>tzia<\/em> Caterina, la nostra vicina di casa di Orani. Tra le tante cose che ricordo di lei, ho ben presente che ogni mattina puliva l&#8217;uscio di casa e tutto il tratto di piazzetta antistante: spazzava la polvere e le foglie portate dal vento e lavava.<\/p>\n<p>In paese \u00e8 un fatto comune, che si mantiene attraverso le generazioni: vedo che lo fanno anche ragazze giovani. Un po&#8217; nasce da un desiderio di decoro per la propria abitazione, un po&#8217; \u00e8 la disponibilit\u00e0 alla cura degli spazi comuni, quello che in paese \u00e8\u00a0<em>su bichinadu<\/em>, che si tiene in ordine perch\u00e9 possa essere fruito da tutti,\u00a0che esista o meno la pulizia comunale o che ci siano o no i cestini dei rifiuti.<\/p>\n<p>\u00c8 un segno\u00a0che il senso di comunit\u00e0 \u00e8 in buona salute, e quindi senz&#8217;altro un fatto positivo. Ma \u00e8 un segno agito dentro precisi limiti: davanti a casa tua, sostanzialmente. Nessuna di quelle signore si metterebbe a spazzare non richiesta davanti a una casa altrui.<\/p>\n<p>Mi sono ricordato di\u00a0<em>tzia<\/em> Caterina e delle signore stamattina mentre andavo al lavoro e ascoltavo la radio, sentendo notizie di volontari che qui e l\u00e0 per l&#8217;Italia si reimpadroniscono delle loro citt\u00e0, soprattutto cancellando scritte e altra roba dai muri.<\/p>\n<p>Viva la pulizia.<\/p>\n<p>E ho pensato&#8230;<\/p>\n<p>&#8230; la sparo grossa?<\/p>\n<p>La sparo grossa.<\/p>\n<p>Ho pensato che questi movimenti sono l&#8217;equivalente di sinistra, e quindi pulitino, ecologico, politicamente corretto, sostenibile, delle vecchie ronde leghiste.<\/p>\n<p>Perch\u00e9 seguono la stessa logica securitaria: cosa preoccupava le ronde? Che per strada c&#8217;era gente strana,\u00a0<em>ggiovane<\/em>, senza arte n\u00e9 parte, che puzza, disturba, magari \u00e8 straniera e parla un altro linguaggio e sostanzialmente farebbe bene ad andare a lavorare o comunque ad andare a fare quel che gli pare ma da un&#8217;altra parte.<\/p>\n<figure id=\"attachment_10220\" aria-describedby=\"caption-attachment-10220\" style=\"width: 593px\" class=\"wp-caption aligncenter\"><a href=\"https:\/\/i0.wp.com\/www.robertosedda.it\/wp-content\/uploads\/2015\/05\/pao-593x443.jpg\"><img data-attachment-id=\"10220\" data-permalink=\"http:\/\/www.robertosedda.it\/?attachment_id=10220\" data-orig-file=\"https:\/\/i0.wp.com\/www.robertosedda.it\/wp-content\/uploads\/2015\/05\/pao-593x443.jpg?fit=593%2C443\" data-orig-size=\"593,443\" data-comments-opened=\"1\" data-image-meta=\"{&quot;aperture&quot;:&quot;0&quot;,&quot;credit&quot;:&quot;&quot;,&quot;camera&quot;:&quot;&quot;,&quot;caption&quot;:&quot;&quot;,&quot;created_timestamp&quot;:&quot;0&quot;,&quot;copyright&quot;:&quot;&quot;,&quot;focal_length&quot;:&quot;0&quot;,&quot;iso&quot;:&quot;0&quot;,&quot;shutter_speed&quot;:&quot;0&quot;,&quot;title&quot;:&quot;&quot;,&quot;orientation&quot;:&quot;0&quot;}\" data-image-title=\"pao-593&#215;443\" data-image-description=\"\" data-image-caption=\"&lt;p&gt;Dalla pagina Facebook di Pao, l&#8217;autore del graffito&lt;\/p&gt;\n\" data-medium-file=\"https:\/\/i0.wp.com\/www.robertosedda.it\/wp-content\/uploads\/2015\/05\/pao-593x443.jpg?fit=300%2C224\" data-large-file=\"https:\/\/i0.wp.com\/www.robertosedda.it\/wp-content\/uploads\/2015\/05\/pao-593x443.jpg?fit=510%2C381\" decoding=\"async\" loading=\"lazy\" class=\"size-full wp-image-10220\" src=\"https:\/\/i0.wp.com\/www.robertosedda.it\/wp-content\/uploads\/2015\/05\/pao-593x443.jpg?resize=593%2C443\" alt=\"Dalla pagina Facebook di Pao, l'autore del graffito\" width=\"593\" height=\"443\" srcset=\"https:\/\/i0.wp.com\/www.robertosedda.it\/wp-content\/uploads\/2015\/05\/pao-593x443.jpg?resize=593%2C443 593w, https:\/\/i0.wp.com\/www.robertosedda.it\/wp-content\/uploads\/2015\/05\/pao-593x443.jpg?resize=150%2C112 150w, https:\/\/i0.wp.com\/www.robertosedda.it\/wp-content\/uploads\/2015\/05\/pao-593x443.jpg?resize=300%2C224 300w, https:\/\/i0.wp.com\/www.robertosedda.it\/wp-content\/uploads\/2015\/05\/pao-593x443.jpg?resize=510%2C381 510w, https:\/\/i0.wp.com\/www.robertosedda.it\/wp-content\/uploads\/2015\/05\/pao-593x443.jpg?resize=268%2C200 268w, https:\/\/i0.wp.com\/www.robertosedda.it\/wp-content\/uploads\/2015\/05\/pao-593x443.jpg?resize=50%2C37 50w\" sizes=\"(max-width: 593px) 100vw, 593px\" data-recalc-dims=\"1\" \/><\/a><figcaption id=\"caption-attachment-10220\" class=\"wp-caption-text\">Dalla pagina Facebook di Pao, l&#8217;autore del graffito<\/figcaption><\/figure>\n<p>E le scritte? Sono\u00a0<em>ggiovani<\/em>, disordinate, non si capisce bene a cosa servano, sporcano, disturbano, sono fatte in un modo che non c&#8217;entra niente con l&#8217;arte e il bello e sarebbe il caso che chi le ha fatte piuttosto andasse a lavorare e in ogni caso andasse a fare quel che gli pare ma da un&#8217;altra parte.<\/p>\n<p>Le operazioni di &#8220;pulizia&#8221; sono sempre operazioni &#8220;d&#8217;ordine&#8221;, e quindi tendenzialmente repressive: di questa poi, che nasce dopo gli scontri di Milano, \u00e8 impossibile non notare la funzione di costruzione di consenso per una parte e di isolamento \u00a0politico per la controparte; e infatti Fedez &#8211; che Dio ci conservi a lungo Gianni Morandi\u00a0&#8211; che ha provato ad abbozzare un ragionamento un filo pi\u00f9 complesso ha subito ricevuto il perentorio invito a <em>mettersi a pulire<\/em><i>.<\/i><\/p>\n<p>Qui si lavora, non si fa politica.<\/p>\n<p>Le operazioni securitarie di sinistra sono sempre morbide, partecipative, coinvolgono i cittadini, fanno appello al senso civico e ai buoni sentimenti. Poi per\u00f2 sono pessime lo stesso:\u00a0viene in mente la famosa\u00a0<em>Operazione Arcobaleno\u00a0<\/em>e la costruzione del consenso alla guerra. In Italia siamo meno abituati a riconoscerle, magari, perch\u00e9 la sinistra vince meno e quindi ha meno necessit\u00e0 di gestire consenso nelle crisi. Cos\u00ec riconosciamo di pi\u00f9 le operazioni di destra: ma la radice \u00e8 la stessa, ecco.<\/p>\n<p>E sul\u00a0filo\u00a0di questo ragionamento esprimerei magari anche un filo di scetticismo su quei cittadini di Iglesias che domenica si sono messi a <a href=\"http:\/\/www.unionesarda.it\/articolo\/cronaca\/2015\/05\/18\/scritte_blasfeme_in_biblioteca_la_rivolta_dei_cittadini_civili-68-419311.html\">cancellare le scritte anti islamiche davanti alla biblioteca comunale<\/a>: per carit\u00e0, giustissimo, ma l&#8217;impressione \u00e8 che non sia casuale che il decoro urbano che hanno voluto ristabilire sia legato a un tema politico &#8220;sensibile&#8221; e di attualit\u00e0. Senza voler arrivare al &#8220;ma anche&#8221; veltroniano sarei pronto a scommettere che qualche bestemmione anti cattolico sui muri di Iglesias ci sia sempre stato e che non si siano mai costituiti comitati di cittadini per cancellarlo: magari perch\u00e9 il sapore sarebbe\u00a0stato meno\u00a0<em>liberal<\/em>.<\/p>\n<p>Mi direte: ma allora sei per lo schifo? Per i cassonetti bruciati, i muri deturpati, quelli che fanno la pip\u00ec negli angoli dei muri, le cabine telefoniche divelte?<\/p>\n<p>Ma quando mai.<\/p>\n<p>Dico che le citt\u00e0 hanno una loro complessit\u00e0 molto maggiore della piazzetta di\u00a0<em>su postu<\/em> davanti a casa mia a Orani, che per tenerla in ordine basta che ognuno si pulisce l&#8217;uscio e se i ragazzini spezzano le viti delle pergole vado a parlare dai loro genitori, che magari sono miei figliocci, e gli faccio ristabilire l&#8217;ordine. Dico che non \u00e8 un caso se le forme di governo avanzate nascono nelle\u00a0<em>citt\u00e0<\/em>, perch\u00e9 questa complessit\u00e0 tipicamente urbana va regolata in maniera sofisticata. Banalmente, le citt\u00e0 hanno polizia, operai comunali, nettezza urbana, regolamenti urbanistici e un po&#8217; di altri strumenti ai quali \u00e8 demandata la tutela del decoro collettivo, perch\u00e9 almeno un paio di millenni fa gli esseri umani hanno capito che alle citt\u00e0 non possono bastare\u00a0buone massaie (o squadre di cittadini) con la ramazza. Fingere altrimenti \u00e8 mistificazione (e cattiva politica).<\/p>\n<p>E dico che nelle citt\u00e0 le comunit\u00e0 che la compongono &#8211; che sono le realt\u00e0 che davvero vivono quel territorio &#8211; dovrebbero avere il diritto di gestire il loro ambiente come credono. Detto in altri termini: se gli abitanti di via San Giovanni a Villanova a Cagliari o\u00a0della Barona a Milano o di qualunque altro quartiere si mettono a pulire le\u00a0<em>loro<\/em>\u00a0strade\u00a0sanno cosa \u00e8 il meglio per loro, sono una comunit\u00e0 che si autorganizza, va benissimo e vanno casomai aiutati e dotati di strumenti e risorse.<\/p>\n<p>Se invece in un quartiere calassero squadre da altre zone della citt\u00e0, o se un paio di abitanti per conto loro si mettessero a decidere cosa pu\u00f2 stare sui muri o per strada e cosa no &#8211; o cosa si pu\u00f2 <em>fare<\/em> per strada &#8211;\u00a0quello \u00e8 decidere in maniera autoritaria e non va bene. Come le ronde, appunto, anche se si facesse con <em>slogan<\/em> tipo\u00a0<em>I love Canicatt\u00ec<\/em>.<\/p>\n<p>Viene a fagiolo per illustrare il punto <a href=\"http:\/\/milano.corriere.it\/notizie\/cronaca\/15_maggio_17\/cancellato-murale-pao-l-artista-facebook-graffiti-street-art-non-sono-male-cfcdb500-fc79-11e4-9e3e-6f5f0dae9d63.shtml\">un episodio recente di Milano<\/a>, dove \u00a0leggo che un gruppo di volontari ha cancellato un murale da un parco pubblico (era quello dell&#8217;immagine che vedete sopra). Gli abitanti del quartiere, che l&#8217;avevano commissionato per abbellire\u00a0un brutto muro, si sono arrabbiati: chi vi ha autorizzato? Venite a casa <em>nostra<\/em> a fare i comodi <em>vostri<\/em>?<\/p>\n<p>Secondo me, ecco, c&#8217;hanno ragione loro.<\/p>\n","protected":false},"excerpt":{"rendered":"<p>Credo di avere raccontato altre volte di tzia Caterina, la nostra vicina di casa di Orani. Tra le tante cose<\/p>\n","protected":false},"author":1,"featured_media":10220,"comment_status":"open","ping_status":"open","sticky":false,"template":"","format":"standard","meta":{"_mi_skip_tracking":false,"_monsterinsights_sitenote_active":false,"_monsterinsights_sitenote_note":"","_monsterinsights_sitenote_category":0,"jetpack_post_was_ever_published":false,"_jetpack_newsletter_access":"","jetpack_publicize_message":"","jetpack_is_tweetstorm":false,"jetpack_publicize_feature_enabled":true,"jetpack_social_post_already_shared":true,"jetpack_social_options":{"image_generator_settings":{"template":"highway","enabled":false}}},"categories":[52,55,77,17,16],"tags":[],"jetpack_publicize_connections":[],"jetpack_featured_media_url":"https:\/\/i0.wp.com\/www.robertosedda.it\/wp-content\/uploads\/2015\/05\/pao-593x443.jpg?fit=593%2C443","jetpack_sharing_enabled":true,"jetpack_shortlink":"https:\/\/wp.me\/p4jV2T-2EN","jetpack_likes_enabled":true,"jetpack-related-posts":[{"id":19945,"url":"http:\/\/www.robertosedda.it\/?p=19945","url_meta":{"origin":10217,"position":0},"title":"Videogame d&#8217;impatto (sociale)","author":"Rufus","date":"13\/12\/2022","format":false,"excerpt":"Adesso che, per la prima volta dopo molti anni, non ho pi\u00f9 incarichi formali in Banca Etica ho deciso di dedicarmi un po' di pi\u00f9 ai giochi (e magari a finire il libro di giochi sui conflitti ambientali, che da aprile ha fatto ben pochi progressi). Fra le tante cose\u2026","rel":"","context":"In &quot;Banche e finanza&quot;","block_context":{"text":"Banche e finanza","link":"http:\/\/www.robertosedda.it\/?cat=72"},"img":{"alt_text":"","src":"https:\/\/i0.wp.com\/www.robertosedda.it\/wp-content\/uploads\/2022\/12\/Riot2.jpg?resize=350%2C200","width":350,"height":200},"classes":[]},{"id":11737,"url":"http:\/\/www.robertosedda.it\/?p=11737","url_meta":{"origin":10217,"position":1},"title":"Il mio favoloso viaggio di nozze e uno degli uomini pi\u00f9 influenti del mondo","author":"Rufus","date":"31\/03\/2016","format":false,"excerpt":"Leggere che Domenico Mimmo\u00a0Lucano \u00e8 stato inserito nella lista che Fortune compila per elencare le sue cinquanta personalit\u00e0 dell'anno (letteralmente sono i\u00a0World's 50 Greatest Leaders,\u00a0i cinquanta\u00a0maggiori leader del mondo) mi ha fatto ripensare al mio matrimonio. Ho conosciuto Mimmo a Riace, il paese di cui oggi \u00e8 sindaco. Era il\u2026","rel":"","context":"In &quot;Coordinate&quot;","block_context":{"text":"Coordinate","link":"http:\/\/www.robertosedda.it\/?cat=52"},"img":{"alt_text":"","src":"https:\/\/i0.wp.com\/www.robertosedda.it\/wp-content\/uploads\/2016\/03\/Mimmo-Lucano.jpg?fit=635%2C324&resize=350%2C200","width":350,"height":200},"classes":[]},{"id":9324,"url":"http:\/\/www.robertosedda.it\/?p=9324","url_meta":{"origin":10217,"position":2},"title":"Carabinieri batte Finanza un Thun a zero","author":"Rufus","date":"07\/01\/2015","format":false,"excerpt":"Ieri, a cena da amici, la padrona di casa a un certo punto esibisce delle statuette di Thun. Non so se le avete presenti: quegli oggettini d'arredamento dall'aria altoatesina, teneri e pucciosi (fatti in Oriente, peraltro, ma questo \u00e8 un altro discorso). Una decorazione per albero di Natale a forma\u2026","rel":"","context":"In &quot;Coordinate&quot;","block_context":{"text":"Coordinate","link":"http:\/\/www.robertosedda.it\/?cat=52"},"img":{"alt_text":"","src":"https:\/\/i0.wp.com\/www.robertosedda.it\/wp-content\/uploads\/2015\/01\/Thun-Finanza.jpg?resize=350%2C200","width":350,"height":200},"classes":[]},{"id":7471,"url":"http:\/\/www.robertosedda.it\/?p=7471","url_meta":{"origin":10217,"position":3},"title":"Sexy e drammatico","author":"Rufus","date":"19\/05\/2014","format":"video","excerpt":"\u00c8\u00a0da un po' che seguo i video pi\u00f9 o meno virali, pi\u00f9 o meno ricchi di\u00a0testimonial famosi che vengono prodotti dalle varie ONG per sostenere la loro raccolta fondi. Spesso sono molto belli, spesso molto appropriati, per\u00f2 c'\u00e8 spesso anche un sottofondo ambiguo, che \u00e8 evidenziato, per esempio, dalla controversia\u2026","rel":"","context":"In &quot;Coordinate&quot;","block_context":{"text":"Coordinate","link":"http:\/\/www.robertosedda.it\/?cat=52"},"img":{"alt_text":"","src":"https:\/\/i0.wp.com\/www.robertosedda.it\/wp-content\/uploads\/2014\/05\/Sexy-model-Save.png?fit=958%2C531&resize=350%2C200","width":350,"height":200,"srcset":"https:\/\/i0.wp.com\/www.robertosedda.it\/wp-content\/uploads\/2014\/05\/Sexy-model-Save.png?fit=958%2C531&resize=350%2C200 1x, https:\/\/i0.wp.com\/www.robertosedda.it\/wp-content\/uploads\/2014\/05\/Sexy-model-Save.png?fit=958%2C531&resize=700%2C400 2x"},"classes":[]},{"id":4325,"url":"http:\/\/www.robertosedda.it\/?p=4325","url_meta":{"origin":10217,"position":4},"title":"Gita ad Atzara","author":"Rufus","date":"22\/08\/2013","format":false,"excerpt":"Vigne sulla strada per Atzara L'altro giorno da Tonara siamo scesi in gita verso Atzara. Ognuno nella compagnia aveva i suoi interessi. Maria Bonaria voleva vedere il laboratorio de La Robbia di Maurizio Savoldo, che tinge la lana con colori naturali e fa delle cose davvero belle. Mio suocero Pino,\u2026","rel":"","context":"In &quot;Coordinate&quot;","block_context":{"text":"Coordinate","link":"http:\/\/www.robertosedda.it\/?cat=52"},"img":{"alt_text":"","src":"https:\/\/i0.wp.com\/www.robertosedda.it\/wp-content\/uploads\/2013\/08\/ALIM3003.jpg?fit=1200%2C900&resize=350%2C200","width":350,"height":200,"srcset":"https:\/\/i0.wp.com\/www.robertosedda.it\/wp-content\/uploads\/2013\/08\/ALIM3003.jpg?fit=1200%2C900&resize=350%2C200 1x, https:\/\/i0.wp.com\/www.robertosedda.it\/wp-content\/uploads\/2013\/08\/ALIM3003.jpg?fit=1200%2C900&resize=700%2C400 2x, https:\/\/i0.wp.com\/www.robertosedda.it\/wp-content\/uploads\/2013\/08\/ALIM3003.jpg?fit=1200%2C900&resize=1050%2C600 3x"},"classes":[]},{"id":10631,"url":"http:\/\/www.robertosedda.it\/?p=10631","url_meta":{"origin":10217,"position":5},"title":"Di sequestri di persona e continentali","author":"Rufus","date":"14\/08\/2015","format":false,"excerpt":"Durante la mia recente permanenza a Stintino mi \u00e8 stato donato Beppe Anfossi - Di Acqua e di Tonnara, un lavoro dedicato alla vita di un importante imprenditore genovese che in Sardegna ha legato il suo nome in particolare a Stintino e alla sua Tonnara Saline. Anfossi \u00e8 un personaggio\u2026","rel":"","context":"In &quot;Coordinate&quot;","block_context":{"text":"Coordinate","link":"http:\/\/www.robertosedda.it\/?cat=52"},"img":{"alt_text":"","src":"https:\/\/i0.wp.com\/www.robertosedda.it\/wp-content\/uploads\/2015\/08\/Anfossi.jpg?fit=671%2C633&resize=350%2C200","width":350,"height":200},"classes":[]}],"_links":{"self":[{"href":"http:\/\/www.robertosedda.it\/index.php?rest_route=\/wp\/v2\/posts\/10217"}],"collection":[{"href":"http:\/\/www.robertosedda.it\/index.php?rest_route=\/wp\/v2\/posts"}],"about":[{"href":"http:\/\/www.robertosedda.it\/index.php?rest_route=\/wp\/v2\/types\/post"}],"author":[{"embeddable":true,"href":"http:\/\/www.robertosedda.it\/index.php?rest_route=\/wp\/v2\/users\/1"}],"replies":[{"embeddable":true,"href":"http:\/\/www.robertosedda.it\/index.php?rest_route=%2Fwp%2Fv2%2Fcomments&post=10217"}],"version-history":[{"count":5,"href":"http:\/\/www.robertosedda.it\/index.php?rest_route=\/wp\/v2\/posts\/10217\/revisions"}],"predecessor-version":[{"id":12026,"href":"http:\/\/www.robertosedda.it\/index.php?rest_route=\/wp\/v2\/posts\/10217\/revisions\/12026"}],"wp:featuredmedia":[{"embeddable":true,"href":"http:\/\/www.robertosedda.it\/index.php?rest_route=\/wp\/v2\/media\/10220"}],"wp:attachment":[{"href":"http:\/\/www.robertosedda.it\/index.php?rest_route=%2Fwp%2Fv2%2Fmedia&parent=10217"}],"wp:term":[{"taxonomy":"category","embeddable":true,"href":"http:\/\/www.robertosedda.it\/index.php?rest_route=%2Fwp%2Fv2%2Fcategories&post=10217"},{"taxonomy":"post_tag","embeddable":true,"href":"http:\/\/www.robertosedda.it\/index.php?rest_route=%2Fwp%2Fv2%2Ftags&post=10217"}],"curies":[{"name":"wp","href":"https:\/\/api.w.org\/{rel}","templated":true}]}}