{"id":10205,"date":"2015-05-08T09:19:24","date_gmt":"2015-05-08T07:19:24","guid":{"rendered":"http:\/\/www.robertosedda.it\/?p=10205"},"modified":"2025-05-08T16:51:42","modified_gmt":"2025-05-08T14:51:42","slug":"articoli-dimenticati","status":"publish","type":"post","link":"http:\/\/www.robertosedda.it\/?p=10205","title":{"rendered":"Articoli dimenticati"},"content":{"rendered":"<p>Mi sono accorto oggi che non avevo riportato sul&nbsp;<em>blog<\/em> l&#8217;articolo che ho pubblicato sul supplemento diocesano di&nbsp;<em>Avvenire<\/em>&nbsp;del 19 aprile 2015, dedicato a <a href=\"http:\/\/www.bancaetica.com\">Banca Etica<\/a>.<\/p>\n<p>Lo riposto qui: \u00e8 un articolo brevissimo e anche piuttosto anonimo (me lo dico da solo&#8230;), nel senso che occorreva prima di tutto presentare la Banca a chi poteva non conoscerla e non c&#8217;era grande spazio per le opinioni, quindi ammetto che io per primo non lo trovo molto interessante; d&#8217;altra parte come sapete ci tengo a tenere sul&nbsp;<em>blog<\/em>&nbsp;le cose che faccio per non perderle, quindi lo pubblico (e poi magari qui e l\u00e0 gli addetti ai lavori un tocco personale lo notano!).<\/p>\n<p>Il titolo e sottotitolo non sono miei, ma redazionali (e migliori di quelli che avevo messo io, peraltro).<\/p>\n<h2><a href=\"https:\/\/i0.wp.com\/www.robertosedda.it\/wp-content\/uploads\/2015\/05\/Avvenire-Cagliari-testata.jpg\"><img data-attachment-id=\"10206\" data-permalink=\"http:\/\/www.robertosedda.it\/?attachment_id=10206\" data-orig-file=\"https:\/\/i0.wp.com\/www.robertosedda.it\/wp-content\/uploads\/2015\/05\/Avvenire-Cagliari-testata.jpg?fit=648%2C218\" data-orig-size=\"648,218\" data-comments-opened=\"1\" data-image-meta=\"{&quot;aperture&quot;:&quot;0&quot;,&quot;credit&quot;:&quot;&quot;,&quot;camera&quot;:&quot;&quot;,&quot;caption&quot;:&quot;&quot;,&quot;created_timestamp&quot;:&quot;0&quot;,&quot;copyright&quot;:&quot;&quot;,&quot;focal_length&quot;:&quot;0&quot;,&quot;iso&quot;:&quot;0&quot;,&quot;shutter_speed&quot;:&quot;0&quot;,&quot;title&quot;:&quot;&quot;,&quot;orientation&quot;:&quot;0&quot;}\" data-image-title=\"Avvenire Cagliari testata\" data-image-description=\"\" data-image-caption=\"\" data-medium-file=\"https:\/\/i0.wp.com\/www.robertosedda.it\/wp-content\/uploads\/2015\/05\/Avvenire-Cagliari-testata.jpg?fit=300%2C101\" data-large-file=\"https:\/\/i0.wp.com\/www.robertosedda.it\/wp-content\/uploads\/2015\/05\/Avvenire-Cagliari-testata.jpg?fit=510%2C172\" decoding=\"async\" loading=\"lazy\" class=\"aligncenter size-full wp-image-10206\" src=\"https:\/\/i0.wp.com\/www.robertosedda.it\/wp-content\/uploads\/2015\/05\/Avvenire-Cagliari-testata.jpg?resize=648%2C218\" alt=\"Avvenire Cagliari testata\" width=\"648\" height=\"218\" srcset=\"https:\/\/i0.wp.com\/www.robertosedda.it\/wp-content\/uploads\/2015\/05\/Avvenire-Cagliari-testata.jpg?w=648 648w, https:\/\/i0.wp.com\/www.robertosedda.it\/wp-content\/uploads\/2015\/05\/Avvenire-Cagliari-testata.jpg?resize=150%2C50 150w, https:\/\/i0.wp.com\/www.robertosedda.it\/wp-content\/uploads\/2015\/05\/Avvenire-Cagliari-testata.jpg?resize=300%2C101 300w, https:\/\/i0.wp.com\/www.robertosedda.it\/wp-content\/uploads\/2015\/05\/Avvenire-Cagliari-testata.jpg?resize=510%2C172 510w, https:\/\/i0.wp.com\/www.robertosedda.it\/wp-content\/uploads\/2015\/05\/Avvenire-Cagliari-testata.jpg?resize=50%2C17 50w\" sizes=\"(max-width: 648px) 100vw, 648px\" data-recalc-dims=\"1\" \/><\/a>La sfida di Banca Etica per un mondo pi\u00f9 giusto<\/h2>\n<h3>di Roberto Sedda<\/h3>\n<h4>Attiva da quindici anni, considera il credito come un diritto che appartiene a ogni persona<\/h4>\n<p>Fondata nel 1999 a Padova, per impulso delle principali organizzazioni del terzo settore, del commercio equo, dell\u2019associazionismo e della cooperazione sociale e internazionale e con l\u2019apporto decisivo di migliaia di cittadini e piccoli risparmiatori, Banca Popolare Etica \u00e8 la prima e per ora unica banca italiana che aderisca ai principi della finanza etica.<\/p>\n<p>Questi possono essere ricondotti sinteticamente a due idee forza: quella che il credito sia da considerare come un diritto delle persone, al pari del diritto alla salute o alla casa, e il fatto che si debba sempre tenere conto delle conseguenze non economiche delle azioni economiche. Nella storia di Banca Etica queste idee forza sono state via via tradotte in ulteriori principi ispiratori: trasparenza, partecipazione, equit\u00e0, efficienza, sobriet\u00e0, sostegno alla lotta per la legalit\u00e0 in tutti campi. I settori finanziati sono poi la cooperazione sociale (in particolare quella legata ai servizi socio assistenziali), la cooperazione internazionale, la tutela dell\u2019ambiente, la promozione della cultura, le energie rinnovabili e l\u2019agricoltura biologica.<\/p>\n<p>I primi quindici anni di vita della Banca, festeggiati nel 2014 con iniziative organizzate in tutta Italia e anche in Sardegna dai numerosi gruppi in cui sono divisi i soci sul territorio, hanno visto la Banca crescere e rafforzarsi: dalla originaria unica sede di Padova si \u00e8 passati a tredici filiali sparse per il territorio nazionale, il capitale sociale ha raggiunto i cinquanta milioni di euro (erano sei e mezzo alla fondazione) e i soci sono oggi pi\u00f9 di trentaseimila. Il 2015 si apre con l\u2019inaugurazione della filiale di Bilbao e con l\u2019ingresso di una intera nuova area di soci spagnoli, precedentemente riuniti attorno alla Fondazione FIARE.<\/p>\n<p>Banca Etica si presenta oggi come una banca a tutti gli effetti, in grado di erogare i servizi di un istituto bancario tradizionale ma forte della specificit\u00e0 di un uso responsabile del denaro, pronta a fronteggiare le complessit\u00e0 crescenti della situazione sociale ed economica: per esempio l\u2019esigenza di servire nuove categorie di consumatori responsabili e nuovi stili di vita consapevoli, aprendosi anche a campi di intervento sinora non previsti e a referenti sociali meno facilmente individuabili e pi\u00f9 parcellizzati rispetto alle grandi organizzazioni popolari e di massa che hanno contribuito alla sua fondazione. Mentre nuovi laboratori di organizzazione sociale dal basso faticano ancora a giungere a maturazione notiamo tutti lo strapotere della finanza casin\u00f2 e della speculazione, verso le quali le istituzioni nazionali e internazionali sembrano spesso fin troppo acquiescenti. Se non si vuole che l\u2019opera di Banca Etica e di altre istituzioni di finanza etica si limiti a un mero ruolo di testimonianza \u00e8 importante da una parte che ciascuno adotti comportamenti responsabili e conseguenti nell&#8217;uso personale del denaro e d\u2019altra parte che ci si impegni nella costruzione di nuove alleanze sociali per un mondo pi\u00f9 giusto al cui servizio la finanza etica possa porsi.<\/p>\n","protected":false},"excerpt":{"rendered":"<p>Mi sono accorto oggi che non avevo riportato sul&nbsp;blog l&#8217;articolo che ho pubblicato sul supplemento diocesano di&nbsp;Avvenire&nbsp;del 19 aprile 2015,<\/p>\n","protected":false},"author":1,"featured_media":10206,"comment_status":"open","ping_status":"open","sticky":false,"template":"","format":"standard","meta":{"_mi_skip_tracking":false,"_monsterinsights_sitenote_active":false,"_monsterinsights_sitenote_note":"","_monsterinsights_sitenote_category":0,"jetpack_post_was_ever_published":false,"_jetpack_newsletter_access":"","jetpack_publicize_message":"","jetpack_is_tweetstorm":false,"jetpack_publicize_feature_enabled":true,"jetpack_social_post_already_shared":true,"jetpack_social_options":{"image_generator_settings":{"template":"highway","enabled":false}}},"categories":[72,52,55,17,16],"tags":[],"jetpack_publicize_connections":[],"jetpack_featured_media_url":"https:\/\/i0.wp.com\/www.robertosedda.it\/wp-content\/uploads\/2015\/05\/Avvenire-Cagliari-testata.jpg?fit=648%2C218","jetpack_sharing_enabled":true,"jetpack_shortlink":"https:\/\/wp.me\/p4jV2T-2EB","jetpack_likes_enabled":true,"jetpack-related-posts":[{"id":10587,"url":"http:\/\/www.robertosedda.it\/?p=10587","url_meta":{"origin":10205,"position":0},"title":"Seguire il tempo","author":"Rufus","date":"28\/07\/2015","format":false,"excerpt":"\u00c8 da almeno una settimana che ho un sacco di cose da scrivere sul\u00a0blog e non trovo il tempo per farlo. In parte dipende dal fatto che sono in vacanza: e uno si potrebbe dire che in realt\u00e0 \u00e8\u00a0normale che in vacanza si dedichi il tempo libero a fare altre\u2026","rel":"","context":"In &quot;Coordinate&quot;","block_context":{"text":"Coordinate","link":"http:\/\/www.robertosedda.it\/?cat=52"},"img":{"alt_text":"","src":"https:\/\/i0.wp.com\/www.robertosedda.it\/wp-content\/uploads\/2015\/07\/Stintino.jpg?fit=720%2C960&resize=350%2C200","width":350,"height":200,"srcset":"https:\/\/i0.wp.com\/www.robertosedda.it\/wp-content\/uploads\/2015\/07\/Stintino.jpg?fit=720%2C960&resize=350%2C200 1x, https:\/\/i0.wp.com\/www.robertosedda.it\/wp-content\/uploads\/2015\/07\/Stintino.jpg?fit=720%2C960&resize=700%2C400 2x"},"classes":[]},{"id":1339,"url":"http:\/\/www.robertosedda.it\/?p=1339","url_meta":{"origin":10205,"position":1},"title":"Ci vediamo nel week end","author":"Rufus","date":"15\/11\/2012","format":false,"excerpt":"Come vedete dalla locandina qui sotto il prossimo fine settimana c'\u00e8 il festival di Scirarindi. Sar\u00f2 l\u00ec, con i soci di Banca Etica della Sardegna, nel nostro stand (cercateci vicino alle foto della mostra di Letizia Battaglia) credo per tutto il fine settimana, tranne brevi pause per la Messa, andare\u2026","rel":"","context":"In &quot;Banche e finanza&quot;","block_context":{"text":"Banche e finanza","link":"http:\/\/www.robertosedda.it\/?cat=72"},"img":{"alt_text":"","src":"https:\/\/i0.wp.com\/www.robertosedda.it\/wp-content\/uploads\/2012\/11\/persito_preview.jpg?fit=320%2C454&resize=350%2C200","width":350,"height":200},"classes":[]},{"id":12835,"url":"http:\/\/www.robertosedda.it\/?p=12835","url_meta":{"origin":10205,"position":2},"title":"Habemus paginam! (ma non sono sicuro)","author":"Rufus","date":"18\/11\/2016","format":false,"excerpt":"Una delle cose seccanti del tenere questo\u00a0blog \u00e8 che capita che quando condivido gli articoli si\u00a0Facebook le persone commentano l\u00ec e non qua e una serie di cose interessanti o spiritose o semplicemente amichevoli si perdono via in Zuckerlandia, come lacrime nella pioggia. La cosa non mi ha mai disturbato\u2026","rel":"","context":"In &quot;Coordinate&quot;","block_context":{"text":"Coordinate","link":"http:\/\/www.robertosedda.it\/?cat=52"},"img":{"alt_text":"","src":"https:\/\/i0.wp.com\/www.robertosedda.it\/wp-content\/uploads\/2016\/11\/La-casa-di-Roberto.jpg?fit=1120%2C455&resize=350%2C200","width":350,"height":200,"srcset":"https:\/\/i0.wp.com\/www.robertosedda.it\/wp-content\/uploads\/2016\/11\/La-casa-di-Roberto.jpg?fit=1120%2C455&resize=350%2C200 1x, https:\/\/i0.wp.com\/www.robertosedda.it\/wp-content\/uploads\/2016\/11\/La-casa-di-Roberto.jpg?fit=1120%2C455&resize=700%2C400 2x, https:\/\/i0.wp.com\/www.robertosedda.it\/wp-content\/uploads\/2016\/11\/La-casa-di-Roberto.jpg?fit=1120%2C455&resize=1050%2C600 3x"},"classes":[]},{"id":17017,"url":"http:\/\/www.robertosedda.it\/?p=17017","url_meta":{"origin":10205,"position":3},"title":"Conferme","author":"Rufus","date":"19\/08\/2019","format":false,"excerpt":"Tutto sommato mi pare che il meccanismo delle segnalazioni automatiche (inviti alla lettura, notiziole, collegamenti rapidi a notizie o articoli che non ho il tempo di commentare o tradurre) del periodo agostano non sia andato male, e quindi ho deciso di confermarlo. Ho gi\u00e0 programmato le segnalazioni da qui a\u2026","rel":"","context":"In &quot;Coordinate&quot;","block_context":{"text":"Coordinate","link":"http:\/\/www.robertosedda.it\/?cat=52"},"img":{"alt_text":"","src":"https:\/\/i0.wp.com\/www.robertosedda.it\/wp-content\/uploads\/2019\/08\/Rufus-1.png?fit=834%2C720&resize=350%2C200","width":350,"height":200,"srcset":"https:\/\/i0.wp.com\/www.robertosedda.it\/wp-content\/uploads\/2019\/08\/Rufus-1.png?fit=834%2C720&resize=350%2C200 1x, https:\/\/i0.wp.com\/www.robertosedda.it\/wp-content\/uploads\/2019\/08\/Rufus-1.png?fit=834%2C720&resize=700%2C400 2x"},"classes":[]},{"id":5116,"url":"http:\/\/www.robertosedda.it\/?p=5116","url_meta":{"origin":10205,"position":4},"title":"Abruzzo 2009 e Emilia 2012: un confronto","author":"Rufus","date":"26\/11\/2013","format":false,"excerpt":"Proprio nei giorni dell'alluvione \u00e8 capitato casualmente che il mio amico Roberto Museo, che \u00e8 stato anche componente del Consiglio di amministrazione di Banca Etica, mi ha mandato da leggere un articolo interessante pubblicato su Aggiornamenti sociali, tutto pieno di frasi evidenziate (evidentemente Roberto, che viveva a L'Aquila al tempo\u2026","rel":"","context":"In &quot;Coordinate&quot;","block_context":{"text":"Coordinate","link":"http:\/\/www.robertosedda.it\/?cat=52"},"img":{"alt_text":"","src":"","width":0,"height":0},"classes":[]},{"id":10839,"url":"http:\/\/www.robertosedda.it\/?p=10839","url_meta":{"origin":10205,"position":5},"title":"Stretti crinali","author":"Rufus","date":"16\/09\/2015","format":false,"excerpt":"Ho scritto oggi per varie questioni ai coordinatori dei gruppi dei soci di Banca Etica del centro Italia e nella mail ho incluso una poesia, che in realt\u00e0 ho gi\u00e0 postato a suo tempo qui sul\u00a0blog I GIACIGLI PER LA NOTTE Ho sentito dire che a New York all'angolo della\u2026","rel":"","context":"In &quot;Coordinate&quot;","block_context":{"text":"Coordinate","link":"http:\/\/www.robertosedda.it\/?cat=52"},"img":{"alt_text":"","src":"https:\/\/i0.wp.com\/www.robertosedda.it\/wp-content\/uploads\/2015\/09\/Brecht.jpg?fit=405%2C350&resize=350%2C200","width":350,"height":200},"classes":[]}],"_links":{"self":[{"href":"http:\/\/www.robertosedda.it\/index.php?rest_route=\/wp\/v2\/posts\/10205"}],"collection":[{"href":"http:\/\/www.robertosedda.it\/index.php?rest_route=\/wp\/v2\/posts"}],"about":[{"href":"http:\/\/www.robertosedda.it\/index.php?rest_route=\/wp\/v2\/types\/post"}],"author":[{"embeddable":true,"href":"http:\/\/www.robertosedda.it\/index.php?rest_route=\/wp\/v2\/users\/1"}],"replies":[{"embeddable":true,"href":"http:\/\/www.robertosedda.it\/index.php?rest_route=%2Fwp%2Fv2%2Fcomments&post=10205"}],"version-history":[{"count":2,"href":"http:\/\/www.robertosedda.it\/index.php?rest_route=\/wp\/v2\/posts\/10205\/revisions"}],"predecessor-version":[{"id":18677,"href":"http:\/\/www.robertosedda.it\/index.php?rest_route=\/wp\/v2\/posts\/10205\/revisions\/18677"}],"wp:featuredmedia":[{"embeddable":true,"href":"http:\/\/www.robertosedda.it\/index.php?rest_route=\/wp\/v2\/media\/10206"}],"wp:attachment":[{"href":"http:\/\/www.robertosedda.it\/index.php?rest_route=%2Fwp%2Fv2%2Fmedia&parent=10205"}],"wp:term":[{"taxonomy":"category","embeddable":true,"href":"http:\/\/www.robertosedda.it\/index.php?rest_route=%2Fwp%2Fv2%2Fcategories&post=10205"},{"taxonomy":"post_tag","embeddable":true,"href":"http:\/\/www.robertosedda.it\/index.php?rest_route=%2Fwp%2Fv2%2Ftags&post=10205"}],"curies":[{"name":"wp","href":"https:\/\/api.w.org\/{rel}","templated":true}]}}