{"id":10186,"date":"2015-05-06T11:31:38","date_gmt":"2015-05-06T09:31:38","guid":{"rendered":"http:\/\/www.robertosedda.it\/?p=10186"},"modified":"2022-05-09T09:44:19","modified_gmt":"2022-05-09T07:44:19","slug":"il-tiepido-e-il-vomito","status":"publish","type":"post","link":"http:\/\/www.robertosedda.it\/?p=10186","title":{"rendered":"Il tiepido e il vomito"},"content":{"rendered":"\n<p>Mentre oggi di buon mattino seguivo una discussione su&nbsp;<em>Facebook<\/em>&nbsp;fra un noto scrittore, un deputato del <em>PD<\/em> e un segretario territoriale dello stesso partito, discussione che brillava per inconcludenza, per usare un eufemismo, riflettevo su tutta quella vasta area di opposizione interna al <em>PD <\/em>(&#8220;interna&#8221;, e quindi salviamo lo scrittore) che non sa, non vuole o non osa agire in maniera conseguente con le idee che dice di professare, e&nbsp;mi \u00e8 tornato in mente un famoso brano dell&#8217;Apocalisse (Ap 3,14-16):<\/p>\n\n\n\n<blockquote class=\"wp-block-quote\"><p>All&#8217;angelo della Chiesa che \u00e8 a Laodic\u00e8a scrivi:<\/p><p>\u00abCos\u00ec parla l&#8217;Amen, il Testimone degno di fede e veritiero, il Principio della creazione di Dio.<span style=\"font-size: 10px; line-height: 10px;\">&nbsp;<\/span>Conosco le tue opere: tu non sei n\u00e9 freddo n\u00e9 caldo. Magari tu fossi freddo o caldo! Ma poich\u00e9 sei tiepido, non sei cio\u00e8 n\u00e9 freddo n\u00e9 caldo, sto per vomitarti dalla mia bocca\u00bb.<\/p><\/blockquote>\n\n\n\n<figure class=\"wp-block-image alignwide size-full\"><a href=\"https:\/\/i0.wp.com\/www.robertosedda.it\/wp-content\/uploads\/2015\/05\/Laodicea.jpg\"><img data-attachment-id=\"10188\" data-permalink=\"http:\/\/www.robertosedda.it\/?attachment_id=10188\" data-orig-file=\"https:\/\/i0.wp.com\/www.robertosedda.it\/wp-content\/uploads\/2015\/05\/Laodicea.jpg?fit=640%2C360\" data-orig-size=\"640,360\" data-comments-opened=\"1\" data-image-meta=\"{&quot;aperture&quot;:&quot;8&quot;,&quot;credit&quot;:&quot;&quot;,&quot;camera&quot;:&quot;DMC-FZ50&quot;,&quot;caption&quot;:&quot;&quot;,&quot;created_timestamp&quot;:&quot;1298467597&quot;,&quot;copyright&quot;:&quot;&quot;,&quot;focal_length&quot;:&quot;7.4&quot;,&quot;iso&quot;:&quot;200&quot;,&quot;shutter_speed&quot;:&quot;0.00125&quot;,&quot;title&quot;:&quot;&quot;,&quot;orientation&quot;:&quot;0&quot;}\" data-image-title=\"Laodicea\" data-image-description=\"\" data-image-caption=\"&lt;p&gt;Fonte: Wikipedia&lt;\/p&gt;\n\" data-medium-file=\"https:\/\/i0.wp.com\/www.robertosedda.it\/wp-content\/uploads\/2015\/05\/Laodicea.jpg?fit=300%2C169\" data-large-file=\"https:\/\/i0.wp.com\/www.robertosedda.it\/wp-content\/uploads\/2015\/05\/Laodicea.jpg?fit=510%2C287\" decoding=\"async\" loading=\"lazy\" width=\"640\" height=\"360\" src=\"https:\/\/i0.wp.com\/www.robertosedda.it\/wp-content\/uploads\/2015\/05\/Laodicea.jpg?resize=640%2C360\" alt=\"Fonte: Wikipedia\" class=\"wp-image-10188\" srcset=\"https:\/\/i0.wp.com\/www.robertosedda.it\/wp-content\/uploads\/2015\/05\/Laodicea.jpg?w=640 640w, https:\/\/i0.wp.com\/www.robertosedda.it\/wp-content\/uploads\/2015\/05\/Laodicea.jpg?resize=150%2C84 150w, https:\/\/i0.wp.com\/www.robertosedda.it\/wp-content\/uploads\/2015\/05\/Laodicea.jpg?resize=300%2C169 300w, https:\/\/i0.wp.com\/www.robertosedda.it\/wp-content\/uploads\/2015\/05\/Laodicea.jpg?resize=510%2C287 510w, https:\/\/i0.wp.com\/www.robertosedda.it\/wp-content\/uploads\/2015\/05\/Laodicea.jpg?resize=50%2C28 50w\" sizes=\"(max-width: 640px) 100vw, 640px\" data-recalc-dims=\"1\" \/><\/a><figcaption>Fonte: Wikipedia<\/figcaption><\/figure>\n","protected":false},"excerpt":{"rendered":"<p>Mentre oggi di buon mattino seguivo una discussione su&nbsp;Facebook&nbsp;fra un noto scrittore, un deputato del PD e un segretario territoriale<\/p>\n","protected":false},"author":1,"featured_media":10188,"comment_status":"open","ping_status":"open","sticky":false,"template":"","format":"standard","meta":{"_mi_skip_tracking":false,"_monsterinsights_sitenote_active":false,"_monsterinsights_sitenote_note":"","_monsterinsights_sitenote_category":0,"jetpack_post_was_ever_published":false,"_jetpack_newsletter_access":"","jetpack_publicize_message":"","jetpack_is_tweetstorm":false,"jetpack_publicize_feature_enabled":true,"jetpack_social_post_already_shared":true,"jetpack_social_options":{"image_generator_settings":{"template":"highway","enabled":false}}},"categories":[57,17,59,16],"tags":[],"jetpack_publicize_connections":[],"jetpack_featured_media_url":"https:\/\/i0.wp.com\/www.robertosedda.it\/wp-content\/uploads\/2015\/05\/Laodicea.jpg?fit=640%2C360","jetpack_sharing_enabled":true,"jetpack_shortlink":"https:\/\/wp.me\/p4jV2T-2Ei","jetpack_likes_enabled":true,"jetpack-related-posts":[{"id":5803,"url":"http:\/\/www.robertosedda.it\/?p=5803","url_meta":{"origin":10186,"position":0},"title":"Una bella storia d&#8217;inverno (con Patrick Rothfuss e Neil Gaiman)","author":"Rufus","date":"08\/01\/2014","format":false,"excerpt":"Ho gi\u00e0 detto altre volte che seguo con piacere lo scrittore fantasy americano Patrick Rothfuss e le sue avventure familiari\u00a0e ho anche raccontato del lavoro benefico suo e di altri scrittori e lettori di fantasy e fantascienza. Sul blog di Rothfuss \u00e8 uscita l'altro giorno una bella storia, molto bella,\u2026","rel":"","context":"In &quot;Coordinate&quot;","block_context":{"text":"Coordinate","link":"http:\/\/www.robertosedda.it\/?cat=52"},"img":{"alt_text":"","src":"https:\/\/i0.wp.com\/www.robertosedda.it\/wp-content\/uploads\/2014\/01\/Rothfuss-Gaiman-1.jpg?fit=300%2C225&resize=350%2C200","width":350,"height":200},"classes":[]},{"id":6491,"url":"http:\/\/www.robertosedda.it\/?p=6491","url_meta":{"origin":10186,"position":1},"title":"Mi espongo alla berlina: elezioni regionali","author":"Rufus","date":"18\/02\/2014","format":false,"excerpt":"Ai bei vecchi tempi di it.arti.cinema si usava il tag \"miespongoallaberlina\" per introdurre post in cui si lodavano film universalmente considerati brutti o si facevano altre cose estremamente imprudenti. Lo metto come titolo a questo articolo perch\u00e9 sto per fare una cosa che davvero non si dovrebbe fare: commentare i\u2026","rel":"","context":"In &quot;Coordinate&quot;","block_context":{"text":"Coordinate","link":"http:\/\/www.robertosedda.it\/?cat=52"},"img":{"alt_text":"","src":"https:\/\/i0.wp.com\/www.robertosedda.it\/wp-content\/uploads\/2014\/02\/Vittoria-Pigliaru.jpg?fit=960%2C637&resize=350%2C200","width":350,"height":200,"srcset":"https:\/\/i0.wp.com\/www.robertosedda.it\/wp-content\/uploads\/2014\/02\/Vittoria-Pigliaru.jpg?fit=960%2C637&resize=350%2C200 1x, https:\/\/i0.wp.com\/www.robertosedda.it\/wp-content\/uploads\/2014\/02\/Vittoria-Pigliaru.jpg?fit=960%2C637&resize=700%2C400 2x"},"classes":[]},{"id":10479,"url":"http:\/\/www.robertosedda.it\/?p=10479","url_meta":{"origin":10186,"position":2},"title":"Io non la compro","author":"Rufus","date":"01\/07\/2015","format":false,"excerpt":"Ricorderete che al momento dell'ultima chiusura ho raccontato del rapporto di affetto che mi ha legato per tanto tempo a\u00a0L'Unit\u00e0. Il giornale \u00e8 rientrato in edicola in questi giorni. Leggo che Renzi ha dichiarato: \u00abHo chiesto che l'Unit\u00e0 sia uno spazio di libert\u00e0, di confronto, di discussione\u00bb (l'enfasi \u00e8 mia).\u2026","rel":"","context":"In &quot;Coordinate&quot;","block_context":{"text":"Coordinate","link":"http:\/\/www.robertosedda.it\/?cat=52"},"img":{"alt_text":"","src":"https:\/\/i0.wp.com\/www.robertosedda.it\/wp-content\/uploads\/2015\/07\/Renzi-a-Berlino.jpg?fit=679%2C464&resize=350%2C200","width":350,"height":200},"classes":[]},{"id":19393,"url":"http:\/\/www.robertosedda.it\/?p=19393","url_meta":{"origin":10186,"position":3},"title":"Il frullato di Jane Austen","author":"Rufus","date":"31\/03\/2022","format":false,"excerpt":"Ho visto l'altro giorno, con Maria Bonaria, I misteri di Pemberley, tratto da Death comes to Pemberley della giallista PD James. https:\/\/www.youtube.com\/watch?v=fxg3lTri0NY Non ho letto il romanzo originale: James \u00e8 un'autrice rispettabile e un paio di recensioni che ho visto in giro riferiscono di un omaggio affettuoso alla Austen. Pu\u00f2\u2026","rel":"","context":"In &quot;Coordinate&quot;","block_context":{"text":"Coordinate","link":"http:\/\/www.robertosedda.it\/?cat=52"},"img":{"alt_text":"","src":"https:\/\/i0.wp.com\/www.robertosedda.it\/wp-content\/uploads\/2022\/03\/Pemberley.jpg?fit=960%2C485&resize=350%2C200","width":350,"height":200,"srcset":"https:\/\/i0.wp.com\/www.robertosedda.it\/wp-content\/uploads\/2022\/03\/Pemberley.jpg?fit=960%2C485&resize=350%2C200 1x, https:\/\/i0.wp.com\/www.robertosedda.it\/wp-content\/uploads\/2022\/03\/Pemberley.jpg?fit=960%2C485&resize=700%2C400 2x"},"classes":[]},{"id":2986,"url":"http:\/\/www.robertosedda.it\/?p=2986","url_meta":{"origin":10186,"position":4},"title":"Il mio 25 aprile","author":"Rufus","date":"25\/04\/2013","format":"gallery","excerpt":"Oggi sono andato alla manifestazione: c'era un po' di gente, ma non tantissima, e oltretutto il corteo era diviso nettamente in due parti, una quella regular fit (cio\u00e8 il comitato organizzatore storico e gli enti pubblici) e l'altra quella straight line (cio\u00e8 il Coordinamento Antifascista) che a un certo punto\u2026","rel":"","context":"In &quot;Coordinate&quot;","block_context":{"text":"Coordinate","link":"http:\/\/www.robertosedda.it\/?cat=52"},"img":{"alt_text":"","src":"https:\/\/i0.wp.com\/www.robertosedda.it\/wp-content\/uploads\/2013\/04\/2013-04-25-10.05.31.jpg?resize=350%2C200","width":350,"height":200},"classes":[]},{"id":13316,"url":"http:\/\/www.robertosedda.it\/?p=13316","url_meta":{"origin":10186,"position":5},"title":"Quattro lezioni dalla scissione del PD per le organizzazioni a movente ideale","author":"Rufus","date":"01\/03\/2017","format":false,"excerpt":"Tessera si, tessera no Leggevo ieri su Facebook l'ennesima dichiarazione di un conoscente, una persona per quanto ne so buona e onesta, che dichiarava che non avrebbe rinnovato la tessera del PD. Lo so: in parte \u00e8 un tormentone, compreso tutto il codazzo di commenti sul genere:\u00a0no dai, proviamoci ancora\u2026","rel":"","context":"In &quot;Coordinate&quot;","block_context":{"text":"Coordinate","link":"http:\/\/www.robertosedda.it\/?cat=52"},"img":{"alt_text":"","src":"https:\/\/i0.wp.com\/www.robertosedda.it\/wp-content\/uploads\/2017\/02\/So-di-non-sapere-Biani.png?fit=600%2C763&resize=350%2C200","width":350,"height":200},"classes":[]}],"_links":{"self":[{"href":"http:\/\/www.robertosedda.it\/index.php?rest_route=\/wp\/v2\/posts\/10186"}],"collection":[{"href":"http:\/\/www.robertosedda.it\/index.php?rest_route=\/wp\/v2\/posts"}],"about":[{"href":"http:\/\/www.robertosedda.it\/index.php?rest_route=\/wp\/v2\/types\/post"}],"author":[{"embeddable":true,"href":"http:\/\/www.robertosedda.it\/index.php?rest_route=\/wp\/v2\/users\/1"}],"replies":[{"embeddable":true,"href":"http:\/\/www.robertosedda.it\/index.php?rest_route=%2Fwp%2Fv2%2Fcomments&post=10186"}],"version-history":[{"count":3,"href":"http:\/\/www.robertosedda.it\/index.php?rest_route=\/wp\/v2\/posts\/10186\/revisions"}],"predecessor-version":[{"id":19593,"href":"http:\/\/www.robertosedda.it\/index.php?rest_route=\/wp\/v2\/posts\/10186\/revisions\/19593"}],"wp:featuredmedia":[{"embeddable":true,"href":"http:\/\/www.robertosedda.it\/index.php?rest_route=\/wp\/v2\/media\/10188"}],"wp:attachment":[{"href":"http:\/\/www.robertosedda.it\/index.php?rest_route=%2Fwp%2Fv2%2Fmedia&parent=10186"}],"wp:term":[{"taxonomy":"category","embeddable":true,"href":"http:\/\/www.robertosedda.it\/index.php?rest_route=%2Fwp%2Fv2%2Fcategories&post=10186"},{"taxonomy":"post_tag","embeddable":true,"href":"http:\/\/www.robertosedda.it\/index.php?rest_route=%2Fwp%2Fv2%2Ftags&post=10186"}],"curies":[{"name":"wp","href":"https:\/\/api.w.org\/{rel}","templated":true}]}}