{"id":10009,"date":"2015-04-21T17:56:59","date_gmt":"2015-04-21T15:56:59","guid":{"rendered":"http:\/\/www.robertosedda.it\/?p=10009"},"modified":"2017-03-08T13:14:48","modified_gmt":"2017-03-08T12:14:48","slug":"di-nuovo-sulla-gerusalemme-liberata","status":"publish","type":"post","link":"http:\/\/www.robertosedda.it\/?p=10009","title":{"rendered":"Di nuovo sulla &#8220;Gerusalemme liberata&#8221;"},"content":{"rendered":"<p>Della\u00a0<em>Gerusalemme liberata<\/em> ho gi\u00e0 parlato <a title=\"Io e la Gerusalemme liberata\" href=\"http:\/\/www.robertosedda.it\/?p=4664\">pi\u00f9 o meno un anno e mezzo fa<\/a>, quindi oggi mi limito a segnalare che ho messo in linea la puntata che ho dedicato al poema su\u00a0<em>Oggi parliamo di<\/em> libri e a invitarvi all&#8217;ascolto, oltre che della puntata, della pausa musicale con la strepitosa Mahalia Jackson.<\/p>\n<div class=\"jetpack-video-wrapper\"><span class=\"embed-youtube\" style=\"text-align:center; display: block;\"><iframe class=\"youtube-player\" width=\"800\" height=\"450\" src=\"https:\/\/www.youtube.com\/embed\/gPZuWzZvoYQ?version=3&#038;rel=1&#038;showsearch=0&#038;showinfo=1&#038;iv_load_policy=1&#038;fs=1&#038;hl=it-IT&#038;autohide=2&#038;wmode=transparent\" allowfullscreen=\"true\" style=\"border:0;\" sandbox=\"allow-scripts allow-same-origin allow-popups allow-presentation\"><\/iframe><\/span><\/div>\n<p>La vecchia recensione \u00e8 probabilmente pi\u00f9 esaustiva della puntata, che d&#8217;altra parte ha sicuramente dalla sua la vivacit\u00e0 del parlato. \u00c8 anche una delle\u00a0prime puntate in cui ho provato a ritornare a dare pi\u00f9 spazio alla trama e meno al contesto e alla presentazione del libro in generale,\u00a0una tendenza che mi sembra abbia preso fin troppo piede in trasmissione ultimamente e che vorrei correggere.<\/p>\n<div class=\"jetpack-video-wrapper\"><span class=\"embed-youtube\" style=\"text-align:center; display: block;\"><iframe class=\"youtube-player\" width=\"800\" height=\"450\" src=\"https:\/\/www.youtube.com\/embed\/bgXKMC8lCks?version=3&#038;rel=1&#038;showsearch=0&#038;showinfo=1&#038;iv_load_policy=1&#038;fs=1&#038;hl=it-IT&#038;autohide=2&#038;wmode=transparent\" allowfullscreen=\"true\" style=\"border:0;\" sandbox=\"allow-scripts allow-same-origin allow-popups allow-presentation\"><\/iframe><\/span><\/div>\n<p>L&#8217;unica cosa che avrei voluto approfondire \u00e8 il tema del patetico, cos\u00ec tipico del Tasso (e salutare, direi, dopo la mancanza di sentimentalit\u00e0 dell&#8217;Ariosto): avrei voluto anche ragionare sul perch\u00e9 il pubblico dell&#8217;epoca, evidentemente, non vedesse alcun male nel fatto che le storie d&#8217;amore finissero male, un elemento che davvero contrasta con ci\u00f2 a cui siamo abituati. Era un tema che periodicamente avrei voluto trattare a partire dalla puntata sulle fiabe, ma per il quale non ho mai avuto tempo, tanto che mi sono dovuto inventare una puntata apposta, usando come pretesto i libretti d&#8217;opera: la metter\u00f2 in linea prestissimo.<\/p>\n","protected":false},"excerpt":{"rendered":"<p>Della\u00a0Gerusalemme liberata ho gi\u00e0 parlato pi\u00f9 o meno un anno e mezzo fa, quindi oggi mi limito a segnalare che<\/p>\n","protected":false},"author":1,"featured_media":0,"comment_status":"open","ping_status":"open","sticky":false,"template":"","format":"video","meta":{"_mi_skip_tracking":false,"_monsterinsights_sitenote_active":false,"_monsterinsights_sitenote_note":"","_monsterinsights_sitenote_category":0,"jetpack_post_was_ever_published":false,"_jetpack_newsletter_access":"","jetpack_publicize_message":"","jetpack_is_tweetstorm":false,"jetpack_publicize_feature_enabled":true,"jetpack_social_post_already_shared":true,"jetpack_social_options":{"image_generator_settings":{"template":"highway","enabled":false}}},"categories":[52,63,56,13,12],"tags":[173,174,148,172],"jetpack_publicize_connections":[],"jetpack_featured_media_url":"","jetpack_sharing_enabled":true,"jetpack_shortlink":"https:\/\/wp.me\/p4jV2T-2Br","jetpack_likes_enabled":true,"jetpack-related-posts":[{"id":4664,"url":"http:\/\/www.robertosedda.it\/?p=4664","url_meta":{"origin":10009,"position":0},"title":"Io e la Gerusalemme liberata","author":"Rufus","date":"15\/10\/2013","format":false,"excerpt":"Sto leggendo la Gerusalemme liberata e (sorprendentemente?) mi sta piacendo moltissimo: l'ho iniziata in modo del tutto casuale in un momento di noia in cui cercavo qualcosa, qualsiasi cosa, che fosse disponibile sul palmare e ho scoperto che il programma di lettura ne aveva una copia in libera circolazione. Dopo\u2026","rel":"","context":"In &quot;Cappe e spade&quot;","block_context":{"text":"Cappe e spade","link":"http:\/\/www.robertosedda.it\/?cat=70"},"img":{"alt_text":"","src":"https:\/\/i0.wp.com\/www.robertosedda.it\/wp-content\/uploads\/2013\/10\/Gesrusalemme-liberata.jpg?fit=315%2C420&resize=350%2C200","width":350,"height":200},"classes":[]},{"id":10175,"url":"http:\/\/www.robertosedda.it\/?p=10175","url_meta":{"origin":10009,"position":1},"title":"Camera con vista &#8211; Il romanzo","author":"Rufus","date":"05\/05\/2015","format":"video","excerpt":"Camera con vista \u00e8 da sempre uno dei film preferiti mio e di Maria Bonaria, l'avremo visto insieme una quantit\u00e0 di volte. Sino alla puntata di Oggi parliamo di libri, invece,\u00a0al contrario di Bonaria avevo frequentato molto meno il romanzo di Forster, e quindi ho affrontato la rilettura che ne\u2026","rel":"","context":"In &quot;Coordinate&quot;","block_context":{"text":"Coordinate","link":"http:\/\/www.robertosedda.it\/?cat=52"},"img":{"alt_text":"","src":"https:\/\/i0.wp.com\/img.youtube.com\/vi\/wqs7sGPV2TU\/0.jpg?resize=350%2C200","width":350,"height":200},"classes":[]},{"id":2188,"url":"http:\/\/www.robertosedda.it\/?p=2188","url_meta":{"origin":10009,"position":2},"title":"Altre tre puntate di &#8220;Oggi parliamo di libri&#8221; in linea","author":"Rufus","date":"08\/02\/2013","format":"video","excerpt":"Ho aggiunto ieri su YouTube altre tre puntate di Oggi parliamo di libri. Con queste ho ultimato il gruppo delle puntate che avevo gi\u00e0 trascritto; prossimamente inizier\u00f2 a mettere quelle pi\u00f9 recenti. Seconda puntata, L'Eternauta Incursione nel mondo del fumetto, della puntata ho gi\u00e0 parlato qui. L'Eternauta mi ha dato\u2026","rel":"","context":"In &quot;Coordinate&quot;","block_context":{"text":"Coordinate","link":"http:\/\/www.robertosedda.it\/?cat=52"},"img":{"alt_text":"","src":"https:\/\/i0.wp.com\/img.youtube.com\/vi\/YEArVX5rwfw\/0.jpg?resize=350%2C200","width":350,"height":200},"classes":[]},{"id":7809,"url":"http:\/\/www.robertosedda.it\/?p=7809","url_meta":{"origin":10009,"position":3},"title":"Amore e avventura e &#8220;Il prigioniero di Zenda&#8221; a &#8220;Oggi parliamo di libri&#8221;","author":"Rufus","date":"18\/06\/2014","format":"video","excerpt":"In un vecchio articolo ho gi\u00e0 parlato de\u00a0Il prigioniero di Zenda\u00a0e quindi oggi non mi dilungo: la puntata di\u00a0Oggi parliamo di libri\u00a0 dedicata al\u00a0Prigioniero non dice, in realt\u00e0, le cose che avevo gi\u00e0 scritto, ma evidentemente il campo \u00e8 limitato e molti degli argomenti si richiamano a vicenda. Come avrete\u2026","rel":"","context":"In &quot;Cappe e spade&quot;","block_context":{"text":"Cappe e spade","link":"http:\/\/www.robertosedda.it\/?cat=70"},"img":{"alt_text":"","src":"https:\/\/i0.wp.com\/www.robertosedda.it\/wp-content\/uploads\/2014\/06\/Zenda.png?fit=766%2C446&resize=350%2C200","width":350,"height":200,"srcset":"https:\/\/i0.wp.com\/www.robertosedda.it\/wp-content\/uploads\/2014\/06\/Zenda.png?fit=766%2C446&resize=350%2C200 1x, https:\/\/i0.wp.com\/www.robertosedda.it\/wp-content\/uploads\/2014\/06\/Zenda.png?fit=766%2C446&resize=700%2C400 2x"},"classes":[]},{"id":8315,"url":"http:\/\/www.robertosedda.it\/?p=8315","url_meta":{"origin":10009,"position":4},"title":"Riparte &#8220;Oggi parliamo di libri&#8221;","author":"Rufus","date":"03\/09\/2014","format":false,"excerpt":"EDIT: scopro dalla redazione che ho fatto casino e che ripartiamo l'11 settembre. Ehm. Aggiorno. Domani gioved\u00ec 4 settembre\u00a0L'11 settembre torno in onda con Oggi parliamo di libri, la trasmissione di Radio Kalaritana nella quale, immagina un po'?, parlo di libri. Volete sapere: l'orario? Ogni gioved\u00ec alle 19.10 e in\u2026","rel":"","context":"In &quot;Coordinate&quot;","block_context":{"text":"Coordinate","link":"http:\/\/www.robertosedda.it\/?cat=52"},"img":{"alt_text":"","src":"https:\/\/i0.wp.com\/www.robertosedda.it\/wp-content\/uploads\/2014\/09\/Diapositiva10.jpg?fit=960%2C720&resize=350%2C200","width":350,"height":200,"srcset":"https:\/\/i0.wp.com\/www.robertosedda.it\/wp-content\/uploads\/2014\/09\/Diapositiva10.jpg?fit=960%2C720&resize=350%2C200 1x, https:\/\/i0.wp.com\/www.robertosedda.it\/wp-content\/uploads\/2014\/09\/Diapositiva10.jpg?fit=960%2C720&resize=700%2C400 2x"},"classes":[]},{"id":10947,"url":"http:\/\/www.robertosedda.it\/?p=10947","url_meta":{"origin":10009,"position":5},"title":"&#8216;na tragedia","author":"Rufus","date":"01\/10\/2015","format":"audio","excerpt":"Per fare pubblicit\u00e0 al fatto che stasera alle 19.10 va in onda la nuova puntata di\u00a0Oggi parliamo di libri (dedicata alla\u00a0Medea di Euripide, non perdetela!), vi invito all'ascolto della puntata precedente, in cui ho parlato della tragedia greca in generale. La tragedia greca (Oggi parliamo di libri, 29\/09\/2015) La puntata\u2026","rel":"","context":"In &quot;Coordinate&quot;","block_context":{"text":"Coordinate","link":"http:\/\/www.robertosedda.it\/?cat=52"},"img":{"alt_text":"","src":"","width":0,"height":0},"classes":[]}],"_links":{"self":[{"href":"http:\/\/www.robertosedda.it\/index.php?rest_route=\/wp\/v2\/posts\/10009"}],"collection":[{"href":"http:\/\/www.robertosedda.it\/index.php?rest_route=\/wp\/v2\/posts"}],"about":[{"href":"http:\/\/www.robertosedda.it\/index.php?rest_route=\/wp\/v2\/types\/post"}],"author":[{"embeddable":true,"href":"http:\/\/www.robertosedda.it\/index.php?rest_route=\/wp\/v2\/users\/1"}],"replies":[{"embeddable":true,"href":"http:\/\/www.robertosedda.it\/index.php?rest_route=%2Fwp%2Fv2%2Fcomments&post=10009"}],"version-history":[{"count":4,"href":"http:\/\/www.robertosedda.it\/index.php?rest_route=\/wp\/v2\/posts\/10009\/revisions"}],"predecessor-version":[{"id":13368,"href":"http:\/\/www.robertosedda.it\/index.php?rest_route=\/wp\/v2\/posts\/10009\/revisions\/13368"}],"wp:attachment":[{"href":"http:\/\/www.robertosedda.it\/index.php?rest_route=%2Fwp%2Fv2%2Fmedia&parent=10009"}],"wp:term":[{"taxonomy":"category","embeddable":true,"href":"http:\/\/www.robertosedda.it\/index.php?rest_route=%2Fwp%2Fv2%2Fcategories&post=10009"},{"taxonomy":"post_tag","embeddable":true,"href":"http:\/\/www.robertosedda.it\/index.php?rest_route=%2Fwp%2Fv2%2Ftags&post=10009"}],"curies":[{"name":"wp","href":"https:\/\/api.w.org\/{rel}","templated":true}]}}